{"id":12240,"date":"2016-05-10T11:39:08","date_gmt":"2016-05-10T08:39:08","guid":{"rendered":"http:\/\/btv.md\/?p=12240"},"modified":"2016-05-10T11:39:08","modified_gmt":"2016-05-10T08:39:08","slug":"romania-si-bulgaria-mai-implicate-in-probleme-globale","status":"publish","type":"post","link":"https:\/\/www.btv.md\/ro\/romania-si-bulgaria-mai-implicate-in-probleme-globale\/","title":{"rendered":"ROM\u00c2NIA  \u0218I  BULGARIA, MAI  IMPLICATE  \u00ceN  PROBLEME  GLOBALE"},"content":{"rendered":"<p><strong>Rom\u00e2nia \u0219i Bulgaria se vor confrunta \u0219i vor deveni din ce \u00een ce mai implicate \u00een criza refugia\u021bilor din Europa, dar \u0219i \u00een disputa cu Rusia pe tema Ucraina, se arat\u0103 \u00eentr-o analiz\u0103 intitulat\u0103 \u201eRom\u00e2nia \u0219i Bulgaria: Prinse \u00eentre crize\u201d, publicat\u0103 de site-ul de analize Stratfor. <\/strong><\/p>\n<p>\u00cen criza refugia\u021bilor, eforturile ambelor \u021b\u0103ri de a intra \u00een zona Schengen se vor lovi de m\u0103surile celorlalte state membre UE de a limita libertatea de mi\u0219care, dar \u0219i de un sentiment na\u021bionalist \u00een cre\u0219tere \u00een Europa. \u00cen Europa Occidental\u0103, imigran\u021bii bulgari \u0219i rom\u00e2ni ar putea fi percepu\u021bi ca reprezent\u00e2nd o amenin\u021bare la fel de mare ca cea a refugia\u021bilor, explic\u0103 agen\u021bia de analize.<\/p>\n<p>Iar pe m\u0103sur\u0103 ce disputa Rusia-Occident va evolua, Rom\u00e2nia \u0219i Bulgaria vor continua s\u0103 accepte consolidarea militar\u0103 a Occidentului, de\u0219i Sofia \u00ee\u0219i va men\u021bine leg\u0103turile cu Moscova, spun anali\u0219tii de la Stratfor. Rom\u00e2nia \u0219i Bulgaria par s\u0103 fie gata s\u0103 devin\u0103 actori mai importan\u021bi \u00een aceast\u0103 criz\u0103, ca \u0219i, posibil, \u00een criza refugia\u021bilor.<\/p>\n<p>Acum, ca \u0219i \u00een trecut, Rom\u00e2nia \u0219i Bulgaria vor fi atrase ca \u00eentr-un v\u00e2rtej \u00een evolu\u021biile politice \u0219i de securitate din Europa, Rusia \u0219i Turcia, iar rolul lor ar putea cre\u0219te, conchid anali\u0219tii de la Stratfor.<\/p>\n<p>\u00cen ceea ce prive\u0219te conflictul din Ucraina, at\u00e2t Rom\u00e2nia, c\u00e2t \u0219i Bulgaria sunt \u00eengrijorate de activit\u0103\u021bile Rusiei \u00een \u021bara vecin\u0103, dar \u0219i \u00een alte locuri din fostul spa\u021biu sovietic \u0219i se tem c\u0103 un poten\u021bial conflict ar putea ajunge la grani\u021bele lor. \u00cen aceste condi\u021bii, Rom\u00e2nia \u0219i Bulgaria au devenit o parte important\u0103 a activit\u0103\u021bilor NATO de pe flancul estic. Cu toate acestea,din cauza leg\u0103turilor culturale \u0219i istorice mai puternice, dar \u0219i a dependen\u021bei energetice, Sofia este mai deschis\u0103 c\u0103tre Moscova dec\u00e2t Bucure\u0219tiul. Pe de alt\u0103 parte, Rom\u00e2nia are un conflict politic direct cu Rusia \u00een Moldova, pentru influen\u021b\u0103, \u00een timp ce \u00een privin\u021ba importurilor de gaze depinde mai pu\u021bin de Moscova, arat\u0103 Stratfor. Iaroligarhii \u0219i anumi\u021bi politicieni bulgari au, \u00een general, leg\u0103turi mai str\u00e2nse cu Rusia dec\u00e2t omologii lor din Rom\u00e2nia.<\/p>\n<p>sursa <a href=\"http:\/\/www.digi24.ro\/\" target=\"_blank\">digi24.ro<\/a><\/p>\n","protected":false},"excerpt":{"rendered":"<p>Rom\u00e2nia \u0219i Bulgaria se vor confrunta \u0219i vor deveni din ce \u00een ce mai implicate \u00een criza refugia\u021bilor din Europa, dar \u0219i \u00een disputa cu Rusia pe tema Ucraina, se arat\u0103 \u00eentr-o analiz\u0103 intitulat\u0103 \u201eRom\u00e2nia \u0219i Bulgaria: Prinse \u00eentre crize\u201d, publicat\u0103 de site-ul de analize Stratfor. \u00cen criza refugia\u021bilor, eforturile ambelor \u021b\u0103ri de a intra [&hellip;]<\/p>\n","protected":false},"author":4,"featured_media":12241,"comment_status":"closed","ping_status":"closed","sticky":false,"template":"","format":"standard","meta":{"footnotes":""},"categories":[6354],"tags":[],"class_list":["post-12240","post","type-post","status-publish","format-standard","has-post-thumbnail","hentry","category-externe-ro"],"yoast_head":"<!-- This site is optimized with the Yoast SEO plugin v27.4 - https:\/\/yoast.com\/product\/yoast-seo-wordpress\/ -->\n<title>ROM\u00c2NIA \u0218I BULGARIA, MAI IMPLICATE \u00ceN PROBLEME GLOBALE - BTV<\/title>\n<meta name=\"robots\" content=\"index, follow, max-snippet:-1, max-image-preview:large, max-video-preview:-1\" \/>\n<link rel=\"canonical\" href=\"https:\/\/www.btv.md\/ro\/romania-si-bulgaria-mai-implicate-in-probleme-globale\/\" \/>\n<meta property=\"og:locale\" content=\"ro_RO\" \/>\n<meta property=\"og:type\" content=\"article\" \/>\n<meta property=\"og:title\" content=\"ROM\u00c2NIA \u0218I BULGARIA, MAI IMPLICATE \u00ceN PROBLEME GLOBALE - BTV\" \/>\n<meta property=\"og:description\" content=\"Rom\u00e2nia \u0219i Bulgaria se vor confrunta \u0219i vor deveni din ce \u00een ce mai implicate \u00een criza refugia\u021bilor din Europa, dar \u0219i \u00een disputa cu Rusia pe tema Ucraina, se arat\u0103 \u00eentr-o analiz\u0103 intitulat\u0103 \u201eRom\u00e2nia \u0219i Bulgaria: Prinse \u00eentre crize\u201d, publicat\u0103 de site-ul de analize Stratfor. \u00cen criza refugia\u021bilor, eforturile ambelor \u021b\u0103ri de a intra [&hellip;]\" \/>\n<meta property=\"og:url\" content=\"https:\/\/www.btv.md\/ro\/romania-si-bulgaria-mai-implicate-in-probleme-globale\/\" \/>\n<meta property=\"og:site_name\" content=\"BTV\" \/>\n<meta property=\"article:publisher\" content=\"https:\/\/www.facebook.com\/btvmoldova\/\" \/>\n<meta property=\"article:published_time\" content=\"2016-05-10T08:39:08+00:00\" \/>\n<meta property=\"og:image\" content=\"https:\/\/www.btv.md\/wp-content\/uploads\/2016\/05\/migrants-610x300.jpg\" \/>\n\t<meta property=\"og:image:width\" content=\"610\" \/>\n\t<meta property=\"og:image:height\" content=\"300\" \/>\n\t<meta property=\"og:image:type\" content=\"image\/jpeg\" \/>\n<meta name=\"author\" content=\"admin\" \/>\n<meta name=\"twitter:label1\" content=\"Scris de\" \/>\n\t<meta name=\"twitter:data1\" content=\"admin\" \/>\n\t<meta name=\"twitter:label2\" content=\"Timp estimat pentru citire\" \/>\n\t<meta name=\"twitter:data2\" content=\"2 minute\" \/>\n<script type=\"application\/ld+json\" class=\"yoast-schema-graph\">{\"@context\":\"https:\\\/\\\/schema.org\",\"@graph\":[{\"@type\":\"Article\",\"@id\":\"https:\\\/\\\/www.btv.md\\\/ro\\\/romania-si-bulgaria-mai-implicate-in-probleme-globale\\\/#article\",\"isPartOf\":{\"@id\":\"https:\\\/\\\/www.btv.md\\\/ro\\\/romania-si-bulgaria-mai-implicate-in-probleme-globale\\\/\"},\"author\":{\"name\":\"admin\",\"@id\":\"https:\\\/\\\/www.btv.md\\\/#\\\/schema\\\/person\\\/8fadce81561b3ce2c34c46dadc4ccbf2\"},\"headline\":\"ROM\u00c2NIA \u0218I BULGARIA, MAI IMPLICATE \u00ceN PROBLEME GLOBALE\",\"datePublished\":\"2016-05-10T08:39:08+00:00\",\"mainEntityOfPage\":{\"@id\":\"https:\\\/\\\/www.btv.md\\\/ro\\\/romania-si-bulgaria-mai-implicate-in-probleme-globale\\\/\"},\"wordCount\":397,\"image\":{\"@id\":\"https:\\\/\\\/www.btv.md\\\/ro\\\/romania-si-bulgaria-mai-implicate-in-probleme-globale\\\/#primaryimage\"},\"thumbnailUrl\":\"https:\\\/\\\/www.btv.md\\\/wp-content\\\/uploads\\\/2016\\\/05\\\/migrants-610x300.jpg\",\"articleSection\":[\"Externe\"],\"inLanguage\":\"ro-RO\"},{\"@type\":\"WebPage\",\"@id\":\"https:\\\/\\\/www.btv.md\\\/ro\\\/romania-si-bulgaria-mai-implicate-in-probleme-globale\\\/\",\"url\":\"https:\\\/\\\/www.btv.md\\\/ro\\\/romania-si-bulgaria-mai-implicate-in-probleme-globale\\\/\",\"name\":\"ROM\u00c2NIA \u0218I BULGARIA, MAI IMPLICATE \u00ceN PROBLEME GLOBALE - BTV\",\"isPartOf\":{\"@id\":\"https:\\\/\\\/www.btv.md\\\/#website\"},\"primaryImageOfPage\":{\"@id\":\"https:\\\/\\\/www.btv.md\\\/ro\\\/romania-si-bulgaria-mai-implicate-in-probleme-globale\\\/#primaryimage\"},\"image\":{\"@id\":\"https:\\\/\\\/www.btv.md\\\/ro\\\/romania-si-bulgaria-mai-implicate-in-probleme-globale\\\/#primaryimage\"},\"thumbnailUrl\":\"https:\\\/\\\/www.btv.md\\\/wp-content\\\/uploads\\\/2016\\\/05\\\/migrants-610x300.jpg\",\"datePublished\":\"2016-05-10T08:39:08+00:00\",\"author\":{\"@id\":\"https:\\\/\\\/www.btv.md\\\/#\\\/schema\\\/person\\\/8fadce81561b3ce2c34c46dadc4ccbf2\"},\"inLanguage\":\"ro-RO\",\"potentialAction\":[{\"@type\":\"ReadAction\",\"target\":[\"https:\\\/\\\/www.btv.md\\\/ro\\\/romania-si-bulgaria-mai-implicate-in-probleme-globale\\\/\"]}]},{\"@type\":\"ImageObject\",\"inLanguage\":\"ro-RO\",\"@id\":\"https:\\\/\\\/www.btv.md\\\/ro\\\/romania-si-bulgaria-mai-implicate-in-probleme-globale\\\/#primaryimage\",\"url\":\"https:\\\/\\\/www.btv.md\\\/wp-content\\\/uploads\\\/2016\\\/05\\\/migrants-610x300.jpg\",\"contentUrl\":\"https:\\\/\\\/www.btv.md\\\/wp-content\\\/uploads\\\/2016\\\/05\\\/migrants-610x300.jpg\",\"width\":610,\"height\":300,\"caption\":\"www.aktual24.ro\"},{\"@type\":\"WebSite\",\"@id\":\"https:\\\/\\\/www.btv.md\\\/#website\",\"url\":\"https:\\\/\\\/www.btv.md\\\/\",\"name\":\"BTV\",\"description\":\"\u0411\u0435\u043b\u044c\u0446\u043a\u043e\u0435 \u0442\u0435\u043b\u0435\u0432\u0438\u0434\u0435\u043d\u0438\u0435\",\"potentialAction\":[{\"@type\":\"SearchAction\",\"target\":{\"@type\":\"EntryPoint\",\"urlTemplate\":\"https:\\\/\\\/www.btv.md\\\/?s={search_term_string}\"},\"query-input\":{\"@type\":\"PropertyValueSpecification\",\"valueRequired\":true,\"valueName\":\"search_term_string\"}}],\"inLanguage\":\"ro-RO\"},{\"@type\":\"Person\",\"@id\":\"https:\\\/\\\/www.btv.md\\\/#\\\/schema\\\/person\\\/8fadce81561b3ce2c34c46dadc4ccbf2\",\"name\":\"admin\"}]}<\/script>\n<!-- \/ Yoast SEO plugin. -->","yoast_head_json":{"title":"ROM\u00c2NIA \u0218I BULGARIA, MAI IMPLICATE \u00ceN PROBLEME GLOBALE - BTV","robots":{"index":"index","follow":"follow","max-snippet":"max-snippet:-1","max-image-preview":"max-image-preview:large","max-video-preview":"max-video-preview:-1"},"canonical":"https:\/\/www.btv.md\/ro\/romania-si-bulgaria-mai-implicate-in-probleme-globale\/","og_locale":"ro_RO","og_type":"article","og_title":"ROM\u00c2NIA \u0218I BULGARIA, MAI IMPLICATE \u00ceN PROBLEME GLOBALE - BTV","og_description":"Rom\u00e2nia \u0219i Bulgaria se vor confrunta \u0219i vor deveni din ce \u00een ce mai implicate \u00een criza refugia\u021bilor din Europa, dar \u0219i \u00een disputa cu Rusia pe tema Ucraina, se arat\u0103 \u00eentr-o analiz\u0103 intitulat\u0103 \u201eRom\u00e2nia \u0219i Bulgaria: Prinse \u00eentre crize\u201d, publicat\u0103 de site-ul de analize Stratfor. \u00cen criza refugia\u021bilor, eforturile ambelor \u021b\u0103ri de a intra [&hellip;]","og_url":"https:\/\/www.btv.md\/ro\/romania-si-bulgaria-mai-implicate-in-probleme-globale\/","og_site_name":"BTV","article_publisher":"https:\/\/www.facebook.com\/btvmoldova\/","article_published_time":"2016-05-10T08:39:08+00:00","og_image":[{"width":610,"height":300,"url":"https:\/\/www.btv.md\/wp-content\/uploads\/2016\/05\/migrants-610x300.jpg","type":"image\/jpeg"}],"author":"admin","twitter_misc":{"Scris de":"admin","Timp estimat pentru citire":"2 minute"},"schema":{"@context":"https:\/\/schema.org","@graph":[{"@type":"Article","@id":"https:\/\/www.btv.md\/ro\/romania-si-bulgaria-mai-implicate-in-probleme-globale\/#article","isPartOf":{"@id":"https:\/\/www.btv.md\/ro\/romania-si-bulgaria-mai-implicate-in-probleme-globale\/"},"author":{"name":"admin","@id":"https:\/\/www.btv.md\/#\/schema\/person\/8fadce81561b3ce2c34c46dadc4ccbf2"},"headline":"ROM\u00c2NIA \u0218I BULGARIA, MAI IMPLICATE \u00ceN PROBLEME GLOBALE","datePublished":"2016-05-10T08:39:08+00:00","mainEntityOfPage":{"@id":"https:\/\/www.btv.md\/ro\/romania-si-bulgaria-mai-implicate-in-probleme-globale\/"},"wordCount":397,"image":{"@id":"https:\/\/www.btv.md\/ro\/romania-si-bulgaria-mai-implicate-in-probleme-globale\/#primaryimage"},"thumbnailUrl":"https:\/\/www.btv.md\/wp-content\/uploads\/2016\/05\/migrants-610x300.jpg","articleSection":["Externe"],"inLanguage":"ro-RO"},{"@type":"WebPage","@id":"https:\/\/www.btv.md\/ro\/romania-si-bulgaria-mai-implicate-in-probleme-globale\/","url":"https:\/\/www.btv.md\/ro\/romania-si-bulgaria-mai-implicate-in-probleme-globale\/","name":"ROM\u00c2NIA \u0218I BULGARIA, MAI IMPLICATE \u00ceN PROBLEME GLOBALE - BTV","isPartOf":{"@id":"https:\/\/www.btv.md\/#website"},"primaryImageOfPage":{"@id":"https:\/\/www.btv.md\/ro\/romania-si-bulgaria-mai-implicate-in-probleme-globale\/#primaryimage"},"image":{"@id":"https:\/\/www.btv.md\/ro\/romania-si-bulgaria-mai-implicate-in-probleme-globale\/#primaryimage"},"thumbnailUrl":"https:\/\/www.btv.md\/wp-content\/uploads\/2016\/05\/migrants-610x300.jpg","datePublished":"2016-05-10T08:39:08+00:00","author":{"@id":"https:\/\/www.btv.md\/#\/schema\/person\/8fadce81561b3ce2c34c46dadc4ccbf2"},"inLanguage":"ro-RO","potentialAction":[{"@type":"ReadAction","target":["https:\/\/www.btv.md\/ro\/romania-si-bulgaria-mai-implicate-in-probleme-globale\/"]}]},{"@type":"ImageObject","inLanguage":"ro-RO","@id":"https:\/\/www.btv.md\/ro\/romania-si-bulgaria-mai-implicate-in-probleme-globale\/#primaryimage","url":"https:\/\/www.btv.md\/wp-content\/uploads\/2016\/05\/migrants-610x300.jpg","contentUrl":"https:\/\/www.btv.md\/wp-content\/uploads\/2016\/05\/migrants-610x300.jpg","width":610,"height":300,"caption":"www.aktual24.ro"},{"@type":"WebSite","@id":"https:\/\/www.btv.md\/#website","url":"https:\/\/www.btv.md\/","name":"BTV","description":"\u0411\u0435\u043b\u044c\u0446\u043a\u043e\u0435 \u0442\u0435\u043b\u0435\u0432\u0438\u0434\u0435\u043d\u0438\u0435","potentialAction":[{"@type":"SearchAction","target":{"@type":"EntryPoint","urlTemplate":"https:\/\/www.btv.md\/?s={search_term_string}"},"query-input":{"@type":"PropertyValueSpecification","valueRequired":true,"valueName":"search_term_string"}}],"inLanguage":"ro-RO"},{"@type":"Person","@id":"https:\/\/www.btv.md\/#\/schema\/person\/8fadce81561b3ce2c34c46dadc4ccbf2","name":"admin"}]}},"_links":{"self":[{"href":"https:\/\/www.btv.md\/ro\/wp-json\/wp\/v2\/posts\/12240","targetHints":{"allow":["GET"]}}],"collection":[{"href":"https:\/\/www.btv.md\/ro\/wp-json\/wp\/v2\/posts"}],"about":[{"href":"https:\/\/www.btv.md\/ro\/wp-json\/wp\/v2\/types\/post"}],"author":[{"embeddable":true,"href":"https:\/\/www.btv.md\/ro\/wp-json\/wp\/v2\/users\/4"}],"replies":[{"embeddable":true,"href":"https:\/\/www.btv.md\/ro\/wp-json\/wp\/v2\/comments?post=12240"}],"version-history":[{"count":0,"href":"https:\/\/www.btv.md\/ro\/wp-json\/wp\/v2\/posts\/12240\/revisions"}],"wp:featuredmedia":[{"embeddable":true,"href":"https:\/\/www.btv.md\/ro\/wp-json\/wp\/v2\/media\/12241"}],"wp:attachment":[{"href":"https:\/\/www.btv.md\/ro\/wp-json\/wp\/v2\/media?parent=12240"}],"wp:term":[{"taxonomy":"category","embeddable":true,"href":"https:\/\/www.btv.md\/ro\/wp-json\/wp\/v2\/categories?post=12240"},{"taxonomy":"post_tag","embeddable":true,"href":"https:\/\/www.btv.md\/ro\/wp-json\/wp\/v2\/tags?post=12240"}],"curies":[{"name":"wp","href":"https:\/\/api.w.org\/{rel}","templated":true}]}}