{"id":12243,"date":"2016-05-10T11:41:51","date_gmt":"2016-05-10T08:41:51","guid":{"rendered":"http:\/\/btv.md\/?p=12243"},"modified":"2016-05-10T11:41:51","modified_gmt":"2016-05-10T08:41:51","slug":"grecii-incearca-sa-si-apere-pensiile","status":"publish","type":"post","link":"https:\/\/www.btv.md\/ro\/grecii-incearca-sa-si-apere-pensiile\/","title":{"rendered":"GRECII  \u00ceNCEARC\u0102  S\u0102-\u0218I  APERE  PENSIILE"},"content":{"rendered":"<p><strong>Peste 15 mii de greci au \u00eencercat s\u0103 \u00ee\u015fi apere \u00een strad\u0103 pensiile. Mai mul\u0163i protestatari au atacat for\u0163ele de ordine cu pietre \u015fi cu sticle incendiare. Acestea au fost nevoite s\u0103 foloseasc\u0103 gaze lacrimogene pentru a dispersa mul\u0163imea furioas\u0103. \u00cen acest timp, Parlamentul Greciei a aprobat m\u0103surile cerute de creditorii interna\u0163ionali, care, sus\u0163ine premierul Alexis Tsipras, vor scoate \u0163ara din criz\u0103.<\/strong><\/p>\n<p>\u00cen ciuda protestelor, reformele au trecut cu votul coali\u0163iei de st\u00e2nga de la guvernare, dar f\u0103r\u0103 sprijinul nici unui parlamentar din opozi\u0163ie, cum s-a \u00eent\u00e2mplat cu alte ocazii c\u00e2nd a fost vorba de schimb\u0103ri cerute de creditori.<\/p>\n<p>Alexis Tsipras, premierul Greciei: \u201e<em>Suntem hot\u0103r\u00e2\u0163i s\u0103 pl\u0103tim orice cost ca s\u0103 facem Grecia s\u0103 stea din nou pe propriile picioare \u015fi s\u0103 distrugem corup\u0163ia care a guvernat \u0163ara at\u00e2\u0163ia ani \u015fi ne-a b\u0103gat \u00een faliment. Vom reu\u015fi.<\/em>\u201d<\/p>\n<p>Premierul Alexis Tsipras sus\u0163ine c\u0103 dup\u0103 \u015fase ani \u00een care a fost propus\u0103 doar austeritate, Eurogrupul va discuta pentru prima oar\u0103 \u015fi despre t\u0103ierea unei p\u0103r\u0163i a datoriilor uria\u015fe ale Greciei, care se ridic\u0103 \u00een prezent la peste 340 de miliarde de euro. Ast\u0103zi, mini\u015ftrii de finan\u0163e ai statelor din Zona Euro se reunesc la Bruxelles, pentru a evalua reformele realizate de Grecia.  <\/p>\n<p>sursa <a href=\"http:\/\/www.digi24.ro\/\" target=\"_blank\">digi24.ro<\/a><\/p>\n","protected":false},"excerpt":{"rendered":"<p>Peste 15 mii de greci au \u00eencercat s\u0103 \u00ee\u015fi apere \u00een strad\u0103 pensiile. Mai mul\u0163i protestatari au atacat for\u0163ele de ordine cu pietre \u015fi cu sticle incendiare. Acestea au fost nevoite s\u0103 foloseasc\u0103 gaze lacrimogene pentru a dispersa mul\u0163imea furioas\u0103. \u00cen acest timp, Parlamentul Greciei a aprobat m\u0103surile cerute de creditorii interna\u0163ionali, care, sus\u0163ine premierul [&hellip;]<\/p>\n","protected":false},"author":4,"featured_media":12244,"comment_status":"closed","ping_status":"closed","sticky":false,"template":"","format":"standard","meta":{"footnotes":""},"categories":[6354],"tags":[],"class_list":["post-12243","post","type-post","status-publish","format-standard","has-post-thumbnail","hentry","category-externe-ro"],"yoast_head":"<!-- This site is optimized with the Yoast SEO plugin v27.4 - https:\/\/yoast.com\/product\/yoast-seo-wordpress\/ -->\n<title>GRECII \u00ceNCEARC\u0102 S\u0102-\u0218I APERE PENSIILE - BTV<\/title>\n<meta name=\"robots\" content=\"index, follow, max-snippet:-1, max-image-preview:large, max-video-preview:-1\" \/>\n<link rel=\"canonical\" href=\"https:\/\/www.btv.md\/ro\/grecii-incearca-sa-si-apere-pensiile\/\" \/>\n<meta property=\"og:locale\" content=\"ro_RO\" \/>\n<meta property=\"og:type\" content=\"article\" \/>\n<meta property=\"og:title\" content=\"GRECII \u00ceNCEARC\u0102 S\u0102-\u0218I APERE PENSIILE - BTV\" \/>\n<meta property=\"og:description\" content=\"Peste 15 mii de greci au \u00eencercat s\u0103 \u00ee\u015fi apere \u00een strad\u0103 pensiile. Mai mul\u0163i protestatari au atacat for\u0163ele de ordine cu pietre \u015fi cu sticle incendiare. Acestea au fost nevoite s\u0103 foloseasc\u0103 gaze lacrimogene pentru a dispersa mul\u0163imea furioas\u0103. \u00cen acest timp, Parlamentul Greciei a aprobat m\u0103surile cerute de creditorii interna\u0163ionali, care, sus\u0163ine premierul [&hellip;]\" \/>\n<meta property=\"og:url\" content=\"https:\/\/www.btv.md\/ro\/grecii-incearca-sa-si-apere-pensiile\/\" \/>\n<meta property=\"og:site_name\" content=\"BTV\" \/>\n<meta property=\"article:publisher\" content=\"https:\/\/www.facebook.com\/btvmoldova\/\" \/>\n<meta property=\"article:published_time\" content=\"2016-05-10T08:41:51+00:00\" \/>\n<meta property=\"og:image\" content=\"https:\/\/www.btv.md\/wp-content\/uploads\/2016\/05\/greek-protests.png\" \/>\n\t<meta property=\"og:image:width\" content=\"803\" \/>\n\t<meta property=\"og:image:height\" content=\"506\" \/>\n\t<meta property=\"og:image:type\" content=\"image\/png\" \/>\n<meta name=\"author\" content=\"admin\" \/>\n<meta name=\"twitter:label1\" content=\"Scris de\" \/>\n\t<meta name=\"twitter:data1\" content=\"admin\" \/>\n\t<meta name=\"twitter:label2\" content=\"Timp estimat pentru citire\" \/>\n\t<meta name=\"twitter:data2\" content=\"1 minut\" \/>\n<script type=\"application\/ld+json\" class=\"yoast-schema-graph\">{\"@context\":\"https:\\\/\\\/schema.org\",\"@graph\":[{\"@type\":\"Article\",\"@id\":\"https:\\\/\\\/www.btv.md\\\/ro\\\/grecii-incearca-sa-si-apere-pensiile\\\/#article\",\"isPartOf\":{\"@id\":\"https:\\\/\\\/www.btv.md\\\/ro\\\/grecii-incearca-sa-si-apere-pensiile\\\/\"},\"author\":{\"name\":\"admin\",\"@id\":\"https:\\\/\\\/www.btv.md\\\/#\\\/schema\\\/person\\\/8fadce81561b3ce2c34c46dadc4ccbf2\"},\"headline\":\"GRECII \u00ceNCEARC\u0102 S\u0102-\u0218I APERE PENSIILE\",\"datePublished\":\"2016-05-10T08:41:51+00:00\",\"mainEntityOfPage\":{\"@id\":\"https:\\\/\\\/www.btv.md\\\/ro\\\/grecii-incearca-sa-si-apere-pensiile\\\/\"},\"wordCount\":236,\"image\":{\"@id\":\"https:\\\/\\\/www.btv.md\\\/ro\\\/grecii-incearca-sa-si-apere-pensiile\\\/#primaryimage\"},\"thumbnailUrl\":\"https:\\\/\\\/www.btv.md\\\/wp-content\\\/uploads\\\/2016\\\/05\\\/greek-protests.png\",\"articleSection\":[\"Externe\"],\"inLanguage\":\"ro-RO\"},{\"@type\":\"WebPage\",\"@id\":\"https:\\\/\\\/www.btv.md\\\/ro\\\/grecii-incearca-sa-si-apere-pensiile\\\/\",\"url\":\"https:\\\/\\\/www.btv.md\\\/ro\\\/grecii-incearca-sa-si-apere-pensiile\\\/\",\"name\":\"GRECII \u00ceNCEARC\u0102 S\u0102-\u0218I APERE PENSIILE - BTV\",\"isPartOf\":{\"@id\":\"https:\\\/\\\/www.btv.md\\\/#website\"},\"primaryImageOfPage\":{\"@id\":\"https:\\\/\\\/www.btv.md\\\/ro\\\/grecii-incearca-sa-si-apere-pensiile\\\/#primaryimage\"},\"image\":{\"@id\":\"https:\\\/\\\/www.btv.md\\\/ro\\\/grecii-incearca-sa-si-apere-pensiile\\\/#primaryimage\"},\"thumbnailUrl\":\"https:\\\/\\\/www.btv.md\\\/wp-content\\\/uploads\\\/2016\\\/05\\\/greek-protests.png\",\"datePublished\":\"2016-05-10T08:41:51+00:00\",\"author\":{\"@id\":\"https:\\\/\\\/www.btv.md\\\/#\\\/schema\\\/person\\\/8fadce81561b3ce2c34c46dadc4ccbf2\"},\"inLanguage\":\"ro-RO\",\"potentialAction\":[{\"@type\":\"ReadAction\",\"target\":[\"https:\\\/\\\/www.btv.md\\\/ro\\\/grecii-incearca-sa-si-apere-pensiile\\\/\"]}]},{\"@type\":\"ImageObject\",\"inLanguage\":\"ro-RO\",\"@id\":\"https:\\\/\\\/www.btv.md\\\/ro\\\/grecii-incearca-sa-si-apere-pensiile\\\/#primaryimage\",\"url\":\"https:\\\/\\\/www.btv.md\\\/wp-content\\\/uploads\\\/2016\\\/05\\\/greek-protests.png\",\"contentUrl\":\"https:\\\/\\\/www.btv.md\\\/wp-content\\\/uploads\\\/2016\\\/05\\\/greek-protests.png\",\"width\":803,\"height\":506,\"caption\":\"www.fluierul.ro\"},{\"@type\":\"WebSite\",\"@id\":\"https:\\\/\\\/www.btv.md\\\/#website\",\"url\":\"https:\\\/\\\/www.btv.md\\\/\",\"name\":\"BTV\",\"description\":\"\u0411\u0435\u043b\u044c\u0446\u043a\u043e\u0435 \u0442\u0435\u043b\u0435\u0432\u0438\u0434\u0435\u043d\u0438\u0435\",\"potentialAction\":[{\"@type\":\"SearchAction\",\"target\":{\"@type\":\"EntryPoint\",\"urlTemplate\":\"https:\\\/\\\/www.btv.md\\\/?s={search_term_string}\"},\"query-input\":{\"@type\":\"PropertyValueSpecification\",\"valueRequired\":true,\"valueName\":\"search_term_string\"}}],\"inLanguage\":\"ro-RO\"},{\"@type\":\"Person\",\"@id\":\"https:\\\/\\\/www.btv.md\\\/#\\\/schema\\\/person\\\/8fadce81561b3ce2c34c46dadc4ccbf2\",\"name\":\"admin\"}]}<\/script>\n<!-- \/ Yoast SEO plugin. -->","yoast_head_json":{"title":"GRECII \u00ceNCEARC\u0102 S\u0102-\u0218I APERE PENSIILE - BTV","robots":{"index":"index","follow":"follow","max-snippet":"max-snippet:-1","max-image-preview":"max-image-preview:large","max-video-preview":"max-video-preview:-1"},"canonical":"https:\/\/www.btv.md\/ro\/grecii-incearca-sa-si-apere-pensiile\/","og_locale":"ro_RO","og_type":"article","og_title":"GRECII \u00ceNCEARC\u0102 S\u0102-\u0218I APERE PENSIILE - BTV","og_description":"Peste 15 mii de greci au \u00eencercat s\u0103 \u00ee\u015fi apere \u00een strad\u0103 pensiile. Mai mul\u0163i protestatari au atacat for\u0163ele de ordine cu pietre \u015fi cu sticle incendiare. Acestea au fost nevoite s\u0103 foloseasc\u0103 gaze lacrimogene pentru a dispersa mul\u0163imea furioas\u0103. \u00cen acest timp, Parlamentul Greciei a aprobat m\u0103surile cerute de creditorii interna\u0163ionali, care, sus\u0163ine premierul [&hellip;]","og_url":"https:\/\/www.btv.md\/ro\/grecii-incearca-sa-si-apere-pensiile\/","og_site_name":"BTV","article_publisher":"https:\/\/www.facebook.com\/btvmoldova\/","article_published_time":"2016-05-10T08:41:51+00:00","og_image":[{"width":803,"height":506,"url":"https:\/\/www.btv.md\/wp-content\/uploads\/2016\/05\/greek-protests.png","type":"image\/png"}],"author":"admin","twitter_misc":{"Scris de":"admin","Timp estimat pentru citire":"1 minut"},"schema":{"@context":"https:\/\/schema.org","@graph":[{"@type":"Article","@id":"https:\/\/www.btv.md\/ro\/grecii-incearca-sa-si-apere-pensiile\/#article","isPartOf":{"@id":"https:\/\/www.btv.md\/ro\/grecii-incearca-sa-si-apere-pensiile\/"},"author":{"name":"admin","@id":"https:\/\/www.btv.md\/#\/schema\/person\/8fadce81561b3ce2c34c46dadc4ccbf2"},"headline":"GRECII \u00ceNCEARC\u0102 S\u0102-\u0218I APERE PENSIILE","datePublished":"2016-05-10T08:41:51+00:00","mainEntityOfPage":{"@id":"https:\/\/www.btv.md\/ro\/grecii-incearca-sa-si-apere-pensiile\/"},"wordCount":236,"image":{"@id":"https:\/\/www.btv.md\/ro\/grecii-incearca-sa-si-apere-pensiile\/#primaryimage"},"thumbnailUrl":"https:\/\/www.btv.md\/wp-content\/uploads\/2016\/05\/greek-protests.png","articleSection":["Externe"],"inLanguage":"ro-RO"},{"@type":"WebPage","@id":"https:\/\/www.btv.md\/ro\/grecii-incearca-sa-si-apere-pensiile\/","url":"https:\/\/www.btv.md\/ro\/grecii-incearca-sa-si-apere-pensiile\/","name":"GRECII \u00ceNCEARC\u0102 S\u0102-\u0218I APERE PENSIILE - BTV","isPartOf":{"@id":"https:\/\/www.btv.md\/#website"},"primaryImageOfPage":{"@id":"https:\/\/www.btv.md\/ro\/grecii-incearca-sa-si-apere-pensiile\/#primaryimage"},"image":{"@id":"https:\/\/www.btv.md\/ro\/grecii-incearca-sa-si-apere-pensiile\/#primaryimage"},"thumbnailUrl":"https:\/\/www.btv.md\/wp-content\/uploads\/2016\/05\/greek-protests.png","datePublished":"2016-05-10T08:41:51+00:00","author":{"@id":"https:\/\/www.btv.md\/#\/schema\/person\/8fadce81561b3ce2c34c46dadc4ccbf2"},"inLanguage":"ro-RO","potentialAction":[{"@type":"ReadAction","target":["https:\/\/www.btv.md\/ro\/grecii-incearca-sa-si-apere-pensiile\/"]}]},{"@type":"ImageObject","inLanguage":"ro-RO","@id":"https:\/\/www.btv.md\/ro\/grecii-incearca-sa-si-apere-pensiile\/#primaryimage","url":"https:\/\/www.btv.md\/wp-content\/uploads\/2016\/05\/greek-protests.png","contentUrl":"https:\/\/www.btv.md\/wp-content\/uploads\/2016\/05\/greek-protests.png","width":803,"height":506,"caption":"www.fluierul.ro"},{"@type":"WebSite","@id":"https:\/\/www.btv.md\/#website","url":"https:\/\/www.btv.md\/","name":"BTV","description":"\u0411\u0435\u043b\u044c\u0446\u043a\u043e\u0435 \u0442\u0435\u043b\u0435\u0432\u0438\u0434\u0435\u043d\u0438\u0435","potentialAction":[{"@type":"SearchAction","target":{"@type":"EntryPoint","urlTemplate":"https:\/\/www.btv.md\/?s={search_term_string}"},"query-input":{"@type":"PropertyValueSpecification","valueRequired":true,"valueName":"search_term_string"}}],"inLanguage":"ro-RO"},{"@type":"Person","@id":"https:\/\/www.btv.md\/#\/schema\/person\/8fadce81561b3ce2c34c46dadc4ccbf2","name":"admin"}]}},"_links":{"self":[{"href":"https:\/\/www.btv.md\/ro\/wp-json\/wp\/v2\/posts\/12243","targetHints":{"allow":["GET"]}}],"collection":[{"href":"https:\/\/www.btv.md\/ro\/wp-json\/wp\/v2\/posts"}],"about":[{"href":"https:\/\/www.btv.md\/ro\/wp-json\/wp\/v2\/types\/post"}],"author":[{"embeddable":true,"href":"https:\/\/www.btv.md\/ro\/wp-json\/wp\/v2\/users\/4"}],"replies":[{"embeddable":true,"href":"https:\/\/www.btv.md\/ro\/wp-json\/wp\/v2\/comments?post=12243"}],"version-history":[{"count":0,"href":"https:\/\/www.btv.md\/ro\/wp-json\/wp\/v2\/posts\/12243\/revisions"}],"wp:featuredmedia":[{"embeddable":true,"href":"https:\/\/www.btv.md\/ro\/wp-json\/wp\/v2\/media\/12244"}],"wp:attachment":[{"href":"https:\/\/www.btv.md\/ro\/wp-json\/wp\/v2\/media?parent=12243"}],"wp:term":[{"taxonomy":"category","embeddable":true,"href":"https:\/\/www.btv.md\/ro\/wp-json\/wp\/v2\/categories?post=12243"},{"taxonomy":"post_tag","embeddable":true,"href":"https:\/\/www.btv.md\/ro\/wp-json\/wp\/v2\/tags?post=12243"}],"curies":[{"name":"wp","href":"https:\/\/api.w.org\/{rel}","templated":true}]}}