{"id":12246,"date":"2016-05-10T11:44:05","date_gmt":"2016-05-10T08:44:05","guid":{"rendered":"http:\/\/btv.md\/?p=12246"},"modified":"2016-05-10T11:44:05","modified_gmt":"2016-05-10T08:44:05","slug":"incendiu-din-canada-a-scapat-de-sub-control","status":"publish","type":"post","link":"https:\/\/www.btv.md\/ro\/incendiu-din-canada-a-scapat-de-sub-control\/","title":{"rendered":"INCENDIU  DIN  CANADA  A  SC\u0102PAT  DE  SUB  CONTROL"},"content":{"rendered":"<p><strong>Incendiul de vegeta\u0163ie din provincia canadian\u0103 Alberta este \u00een continuare sc\u0103pat de sub control, au declarat oficiali, cita\u0163i de site-ul postului Deutsche Welle, un expert spun\u00e2nd c\u0103 stingerea focului ar putea dura c\u00e2teva luni.<\/strong><\/p>\n<p>Incendiul, care a condus la evacuarea ora\u015fului Fort McMurray, a acoperit peste 200.000 de hectare p\u00e2n\u0103 la miezul nop\u0163ii trecute, dubl\u00e2ndu-\u015fi dimensiunea \u00eentr-o singur\u0103 zi, potrivit Agen\u0163iei pentru Gestionarea Situa\u0163iilor de Urgen\u0163\u0103 din Alberta.<\/p>\n<p>Temperaturile ridicate \u015fi rafalele puternice de v\u00e2nt asigur\u0103 condi\u0163ii pentru ca focul din regiunea Alberta, bogat\u0103 \u00een nisipuri petroliere, s\u0103 se extind\u0103.<\/p>\n<p>&#8222;<em>Focul r\u0103m\u00e2ne unul periculos \u015fi sc\u0103pat de sub control<\/em>&#8222;, a spus ministrul canadian pentru Siguran\u0163a Public\u0103, Ralph Goodale.<\/p>\n<p>&#8222;<em>Incendiul nu este sub nicio form\u0103 sub control<\/em>&#8222;, a afirmat la r\u00e2ndul s\u0103u, Rachel Notley, premierul provinciei Alberta.<\/p>\n<p>Aceasta a spus c\u0103 aproximativ 12.000 de persoane au fost transportate din regiune cu avionul \u00een ultimele dou\u0103 zile, \u015fi c\u0103 \u00een jur de 7.000 au reu\u015fit s\u0103 p\u0103r\u0103seasc\u0103 zona \u00een siguran\u0163\u0103, \u00een convoaie escortate de poli\u0163ie pe autostrad\u0103.<\/p>\n<p>Peste 80.000 de persoane au evacuat ora\u015ful Fort McMurray, dup\u0103 ce incendiul puternic de vegeta\u0163ie a cuprins zona bogat\u0103 \u00een nisipuri petroliere.<\/p>\n<p>Oficialii au spus c\u0103 le este imposibil s\u0103 spun\u0103 c\u00e2nd se pot \u00eentoarce locuitorii, \u00een condi\u0163iile \u00een care re\u0163eaua de electricitate a ora\u015fului este deteriorat\u0103, iar apa nu este potabil\u0103.<\/p>\n<p>Nu au fost raportate decese cauzate de acest incendiu, care a izbucnit \u00een urm\u0103 cu o s\u0103pt\u0103m\u00e2n\u0103. Cel pu\u0163in 1.600 de case \u015fi alte cl\u0103diri au fost distruse de fl\u0103c\u0103ri.<\/p>\n<p>sursa <a href=\"http:\/\/www.mediafax.ro\/\" target=\"_blank\">mediafax.ro<\/a><\/p>\n","protected":false},"excerpt":{"rendered":"<p>Incendiul de vegeta\u0163ie din provincia canadian\u0103 Alberta este \u00een continuare sc\u0103pat de sub control, au declarat oficiali, cita\u0163i de site-ul postului Deutsche Welle, un expert spun\u00e2nd c\u0103 stingerea focului ar putea dura c\u00e2teva luni. Incendiul, care a condus la evacuarea ora\u015fului Fort McMurray, a acoperit peste 200.000 de hectare p\u00e2n\u0103 la miezul nop\u0163ii trecute, dubl\u00e2ndu-\u015fi [&hellip;]<\/p>\n","protected":false},"author":4,"featured_media":12247,"comment_status":"closed","ping_status":"closed","sticky":false,"template":"","format":"standard","meta":{"footnotes":""},"categories":[6354],"tags":[],"class_list":["post-12246","post","type-post","status-publish","format-standard","has-post-thumbnail","hentry","category-externe-ro"],"yoast_head":"<!-- This site is optimized with the Yoast SEO plugin v27.4 - https:\/\/yoast.com\/product\/yoast-seo-wordpress\/ -->\n<title>INCENDIU DIN CANADA A SC\u0102PAT DE SUB CONTROL - BTV<\/title>\n<meta name=\"robots\" content=\"index, follow, max-snippet:-1, max-image-preview:large, max-video-preview:-1\" \/>\n<link rel=\"canonical\" href=\"https:\/\/www.btv.md\/ro\/incendiu-din-canada-a-scapat-de-sub-control\/\" \/>\n<meta property=\"og:locale\" content=\"ro_RO\" \/>\n<meta property=\"og:type\" content=\"article\" \/>\n<meta property=\"og:title\" content=\"INCENDIU DIN CANADA A SC\u0102PAT DE SUB CONTROL - BTV\" \/>\n<meta property=\"og:description\" content=\"Incendiul de vegeta\u0163ie din provincia canadian\u0103 Alberta este \u00een continuare sc\u0103pat de sub control, au declarat oficiali, cita\u0163i de site-ul postului Deutsche Welle, un expert spun\u00e2nd c\u0103 stingerea focului ar putea dura c\u00e2teva luni. Incendiul, care a condus la evacuarea ora\u015fului Fort McMurray, a acoperit peste 200.000 de hectare p\u00e2n\u0103 la miezul nop\u0163ii trecute, dubl\u00e2ndu-\u015fi [&hellip;]\" \/>\n<meta property=\"og:url\" content=\"https:\/\/www.btv.md\/ro\/incendiu-din-canada-a-scapat-de-sub-control\/\" \/>\n<meta property=\"og:site_name\" content=\"BTV\" \/>\n<meta property=\"article:publisher\" content=\"https:\/\/www.facebook.com\/btvmoldova\/\" \/>\n<meta property=\"article:published_time\" content=\"2016-05-10T08:44:05+00:00\" \/>\n<meta property=\"og:image\" content=\"https:\/\/www.btv.md\/wp-content\/uploads\/2016\/05\/iadul-in-canada-un-localnic-a-filmat-momentul-in-care-incerca-sa-iasa-din-orasul-in-flacari-video.jpg\" \/>\n\t<meta property=\"og:image:width\" content=\"640\" \/>\n\t<meta property=\"og:image:height\" content=\"366\" \/>\n\t<meta property=\"og:image:type\" content=\"image\/jpeg\" \/>\n<meta name=\"author\" content=\"admin\" \/>\n<meta name=\"twitter:label1\" content=\"Scris de\" \/>\n\t<meta name=\"twitter:data1\" content=\"admin\" \/>\n\t<meta name=\"twitter:label2\" content=\"Timp estimat pentru citire\" \/>\n\t<meta name=\"twitter:data2\" content=\"1 minut\" \/>\n<script type=\"application\/ld+json\" class=\"yoast-schema-graph\">{\"@context\":\"https:\\\/\\\/schema.org\",\"@graph\":[{\"@type\":\"Article\",\"@id\":\"https:\\\/\\\/www.btv.md\\\/ro\\\/incendiu-din-canada-a-scapat-de-sub-control\\\/#article\",\"isPartOf\":{\"@id\":\"https:\\\/\\\/www.btv.md\\\/ro\\\/incendiu-din-canada-a-scapat-de-sub-control\\\/\"},\"author\":{\"name\":\"admin\",\"@id\":\"https:\\\/\\\/www.btv.md\\\/#\\\/schema\\\/person\\\/8fadce81561b3ce2c34c46dadc4ccbf2\"},\"headline\":\"INCENDIU DIN CANADA A SC\u0102PAT DE SUB CONTROL\",\"datePublished\":\"2016-05-10T08:44:05+00:00\",\"mainEntityOfPage\":{\"@id\":\"https:\\\/\\\/www.btv.md\\\/ro\\\/incendiu-din-canada-a-scapat-de-sub-control\\\/\"},\"wordCount\":291,\"image\":{\"@id\":\"https:\\\/\\\/www.btv.md\\\/ro\\\/incendiu-din-canada-a-scapat-de-sub-control\\\/#primaryimage\"},\"thumbnailUrl\":\"https:\\\/\\\/www.btv.md\\\/wp-content\\\/uploads\\\/2016\\\/05\\\/iadul-in-canada-un-localnic-a-filmat-momentul-in-care-incerca-sa-iasa-din-orasul-in-flacari-video.jpg\",\"articleSection\":[\"Externe\"],\"inLanguage\":\"ro-RO\"},{\"@type\":\"WebPage\",\"@id\":\"https:\\\/\\\/www.btv.md\\\/ro\\\/incendiu-din-canada-a-scapat-de-sub-control\\\/\",\"url\":\"https:\\\/\\\/www.btv.md\\\/ro\\\/incendiu-din-canada-a-scapat-de-sub-control\\\/\",\"name\":\"INCENDIU DIN CANADA A SC\u0102PAT DE SUB CONTROL - BTV\",\"isPartOf\":{\"@id\":\"https:\\\/\\\/www.btv.md\\\/#website\"},\"primaryImageOfPage\":{\"@id\":\"https:\\\/\\\/www.btv.md\\\/ro\\\/incendiu-din-canada-a-scapat-de-sub-control\\\/#primaryimage\"},\"image\":{\"@id\":\"https:\\\/\\\/www.btv.md\\\/ro\\\/incendiu-din-canada-a-scapat-de-sub-control\\\/#primaryimage\"},\"thumbnailUrl\":\"https:\\\/\\\/www.btv.md\\\/wp-content\\\/uploads\\\/2016\\\/05\\\/iadul-in-canada-un-localnic-a-filmat-momentul-in-care-incerca-sa-iasa-din-orasul-in-flacari-video.jpg\",\"datePublished\":\"2016-05-10T08:44:05+00:00\",\"author\":{\"@id\":\"https:\\\/\\\/www.btv.md\\\/#\\\/schema\\\/person\\\/8fadce81561b3ce2c34c46dadc4ccbf2\"},\"inLanguage\":\"ro-RO\",\"potentialAction\":[{\"@type\":\"ReadAction\",\"target\":[\"https:\\\/\\\/www.btv.md\\\/ro\\\/incendiu-din-canada-a-scapat-de-sub-control\\\/\"]}]},{\"@type\":\"ImageObject\",\"inLanguage\":\"ro-RO\",\"@id\":\"https:\\\/\\\/www.btv.md\\\/ro\\\/incendiu-din-canada-a-scapat-de-sub-control\\\/#primaryimage\",\"url\":\"https:\\\/\\\/www.btv.md\\\/wp-content\\\/uploads\\\/2016\\\/05\\\/iadul-in-canada-un-localnic-a-filmat-momentul-in-care-incerca-sa-iasa-din-orasul-in-flacari-video.jpg\",\"contentUrl\":\"https:\\\/\\\/www.btv.md\\\/wp-content\\\/uploads\\\/2016\\\/05\\\/iadul-in-canada-un-localnic-a-filmat-momentul-in-care-incerca-sa-iasa-din-orasul-in-flacari-video.jpg\",\"width\":640,\"height\":366,\"caption\":\"www.ziarelive.ro\"},{\"@type\":\"WebSite\",\"@id\":\"https:\\\/\\\/www.btv.md\\\/#website\",\"url\":\"https:\\\/\\\/www.btv.md\\\/\",\"name\":\"BTV\",\"description\":\"\u0411\u0435\u043b\u044c\u0446\u043a\u043e\u0435 \u0442\u0435\u043b\u0435\u0432\u0438\u0434\u0435\u043d\u0438\u0435\",\"potentialAction\":[{\"@type\":\"SearchAction\",\"target\":{\"@type\":\"EntryPoint\",\"urlTemplate\":\"https:\\\/\\\/www.btv.md\\\/?s={search_term_string}\"},\"query-input\":{\"@type\":\"PropertyValueSpecification\",\"valueRequired\":true,\"valueName\":\"search_term_string\"}}],\"inLanguage\":\"ro-RO\"},{\"@type\":\"Person\",\"@id\":\"https:\\\/\\\/www.btv.md\\\/#\\\/schema\\\/person\\\/8fadce81561b3ce2c34c46dadc4ccbf2\",\"name\":\"admin\"}]}<\/script>\n<!-- \/ Yoast SEO plugin. -->","yoast_head_json":{"title":"INCENDIU DIN CANADA A SC\u0102PAT DE SUB CONTROL - BTV","robots":{"index":"index","follow":"follow","max-snippet":"max-snippet:-1","max-image-preview":"max-image-preview:large","max-video-preview":"max-video-preview:-1"},"canonical":"https:\/\/www.btv.md\/ro\/incendiu-din-canada-a-scapat-de-sub-control\/","og_locale":"ro_RO","og_type":"article","og_title":"INCENDIU DIN CANADA A SC\u0102PAT DE SUB CONTROL - BTV","og_description":"Incendiul de vegeta\u0163ie din provincia canadian\u0103 Alberta este \u00een continuare sc\u0103pat de sub control, au declarat oficiali, cita\u0163i de site-ul postului Deutsche Welle, un expert spun\u00e2nd c\u0103 stingerea focului ar putea dura c\u00e2teva luni. Incendiul, care a condus la evacuarea ora\u015fului Fort McMurray, a acoperit peste 200.000 de hectare p\u00e2n\u0103 la miezul nop\u0163ii trecute, dubl\u00e2ndu-\u015fi [&hellip;]","og_url":"https:\/\/www.btv.md\/ro\/incendiu-din-canada-a-scapat-de-sub-control\/","og_site_name":"BTV","article_publisher":"https:\/\/www.facebook.com\/btvmoldova\/","article_published_time":"2016-05-10T08:44:05+00:00","og_image":[{"width":640,"height":366,"url":"https:\/\/www.btv.md\/wp-content\/uploads\/2016\/05\/iadul-in-canada-un-localnic-a-filmat-momentul-in-care-incerca-sa-iasa-din-orasul-in-flacari-video.jpg","type":"image\/jpeg"}],"author":"admin","twitter_misc":{"Scris de":"admin","Timp estimat pentru citire":"1 minut"},"schema":{"@context":"https:\/\/schema.org","@graph":[{"@type":"Article","@id":"https:\/\/www.btv.md\/ro\/incendiu-din-canada-a-scapat-de-sub-control\/#article","isPartOf":{"@id":"https:\/\/www.btv.md\/ro\/incendiu-din-canada-a-scapat-de-sub-control\/"},"author":{"name":"admin","@id":"https:\/\/www.btv.md\/#\/schema\/person\/8fadce81561b3ce2c34c46dadc4ccbf2"},"headline":"INCENDIU DIN CANADA A SC\u0102PAT DE SUB CONTROL","datePublished":"2016-05-10T08:44:05+00:00","mainEntityOfPage":{"@id":"https:\/\/www.btv.md\/ro\/incendiu-din-canada-a-scapat-de-sub-control\/"},"wordCount":291,"image":{"@id":"https:\/\/www.btv.md\/ro\/incendiu-din-canada-a-scapat-de-sub-control\/#primaryimage"},"thumbnailUrl":"https:\/\/www.btv.md\/wp-content\/uploads\/2016\/05\/iadul-in-canada-un-localnic-a-filmat-momentul-in-care-incerca-sa-iasa-din-orasul-in-flacari-video.jpg","articleSection":["Externe"],"inLanguage":"ro-RO"},{"@type":"WebPage","@id":"https:\/\/www.btv.md\/ro\/incendiu-din-canada-a-scapat-de-sub-control\/","url":"https:\/\/www.btv.md\/ro\/incendiu-din-canada-a-scapat-de-sub-control\/","name":"INCENDIU DIN CANADA A SC\u0102PAT DE SUB CONTROL - BTV","isPartOf":{"@id":"https:\/\/www.btv.md\/#website"},"primaryImageOfPage":{"@id":"https:\/\/www.btv.md\/ro\/incendiu-din-canada-a-scapat-de-sub-control\/#primaryimage"},"image":{"@id":"https:\/\/www.btv.md\/ro\/incendiu-din-canada-a-scapat-de-sub-control\/#primaryimage"},"thumbnailUrl":"https:\/\/www.btv.md\/wp-content\/uploads\/2016\/05\/iadul-in-canada-un-localnic-a-filmat-momentul-in-care-incerca-sa-iasa-din-orasul-in-flacari-video.jpg","datePublished":"2016-05-10T08:44:05+00:00","author":{"@id":"https:\/\/www.btv.md\/#\/schema\/person\/8fadce81561b3ce2c34c46dadc4ccbf2"},"inLanguage":"ro-RO","potentialAction":[{"@type":"ReadAction","target":["https:\/\/www.btv.md\/ro\/incendiu-din-canada-a-scapat-de-sub-control\/"]}]},{"@type":"ImageObject","inLanguage":"ro-RO","@id":"https:\/\/www.btv.md\/ro\/incendiu-din-canada-a-scapat-de-sub-control\/#primaryimage","url":"https:\/\/www.btv.md\/wp-content\/uploads\/2016\/05\/iadul-in-canada-un-localnic-a-filmat-momentul-in-care-incerca-sa-iasa-din-orasul-in-flacari-video.jpg","contentUrl":"https:\/\/www.btv.md\/wp-content\/uploads\/2016\/05\/iadul-in-canada-un-localnic-a-filmat-momentul-in-care-incerca-sa-iasa-din-orasul-in-flacari-video.jpg","width":640,"height":366,"caption":"www.ziarelive.ro"},{"@type":"WebSite","@id":"https:\/\/www.btv.md\/#website","url":"https:\/\/www.btv.md\/","name":"BTV","description":"\u0411\u0435\u043b\u044c\u0446\u043a\u043e\u0435 \u0442\u0435\u043b\u0435\u0432\u0438\u0434\u0435\u043d\u0438\u0435","potentialAction":[{"@type":"SearchAction","target":{"@type":"EntryPoint","urlTemplate":"https:\/\/www.btv.md\/?s={search_term_string}"},"query-input":{"@type":"PropertyValueSpecification","valueRequired":true,"valueName":"search_term_string"}}],"inLanguage":"ro-RO"},{"@type":"Person","@id":"https:\/\/www.btv.md\/#\/schema\/person\/8fadce81561b3ce2c34c46dadc4ccbf2","name":"admin"}]}},"_links":{"self":[{"href":"https:\/\/www.btv.md\/ro\/wp-json\/wp\/v2\/posts\/12246","targetHints":{"allow":["GET"]}}],"collection":[{"href":"https:\/\/www.btv.md\/ro\/wp-json\/wp\/v2\/posts"}],"about":[{"href":"https:\/\/www.btv.md\/ro\/wp-json\/wp\/v2\/types\/post"}],"author":[{"embeddable":true,"href":"https:\/\/www.btv.md\/ro\/wp-json\/wp\/v2\/users\/4"}],"replies":[{"embeddable":true,"href":"https:\/\/www.btv.md\/ro\/wp-json\/wp\/v2\/comments?post=12246"}],"version-history":[{"count":0,"href":"https:\/\/www.btv.md\/ro\/wp-json\/wp\/v2\/posts\/12246\/revisions"}],"wp:featuredmedia":[{"embeddable":true,"href":"https:\/\/www.btv.md\/ro\/wp-json\/wp\/v2\/media\/12247"}],"wp:attachment":[{"href":"https:\/\/www.btv.md\/ro\/wp-json\/wp\/v2\/media?parent=12246"}],"wp:term":[{"taxonomy":"category","embeddable":true,"href":"https:\/\/www.btv.md\/ro\/wp-json\/wp\/v2\/categories?post=12246"},{"taxonomy":"post_tag","embeddable":true,"href":"https:\/\/www.btv.md\/ro\/wp-json\/wp\/v2\/tags?post=12246"}],"curies":[{"name":"wp","href":"https:\/\/api.w.org\/{rel}","templated":true}]}}