{"id":12252,"date":"2016-05-10T11:47:33","date_gmt":"2016-05-10T08:47:33","guid":{"rendered":"http:\/\/btv.md\/?p=12252"},"modified":"2016-05-10T11:48:17","modified_gmt":"2016-05-10T08:48:17","slug":"cel-mai-cautat-traficant-de-droguri-va-fi-extradat-justitiei-americane","status":"publish","type":"post","link":"https:\/\/www.btv.md\/ro\/cel-mai-cautat-traficant-de-droguri-va-fi-extradat-justitiei-americane\/","title":{"rendered":"CEL  MAI  C\u0102UTAT  TRAFICANT  DE  DROGURI  VA  FI  EXTR\u0102DAT  JUSTI\u021aIEI  AMERICANE"},"content":{"rendered":"<p><strong>Justi\u0163ia din Mexic a aprobat, luni, extr\u0103darea \u00een Statele Unite a celebrului lider interlop mexican Joaquin &#8222;El Chapo&#8221; Guzman, informeaz\u0103 Mediafax cu referire la site-ul agen\u0163iei Reuters.<\/strong><\/p>\n<p>\u00cen urm\u0103 cu c\u00e2teva zile, Joaquin Guzman a fost transferat \u00eentr-un penitenciar din ora\u015ful mexican Ciudad Juarez, situat \u00een apropierea frontierei cu Statele Unite.<\/p>\n<p>Conform unor surse judiciare, Guzman, liderul cartelului Sinaloa, va fi extr\u0103dat \u00een Statele Unite \u00eenainte de jum\u0103tatea anului.<\/p>\n<p>Guzman este acuzat \u00een Statele Unite de sp\u0103lare de bani, trafic de droguri, r\u0103piri \u015fi crime comise \u00een ora\u015fele americane Chicago, Miami \u015fi New York.<\/p>\n<p>Joaquin &#8222;El Chapo&#8221; Guzman a fost arestat \u00een ianuarie 2016, la \u015fase luni dup\u0103 evadare, \u00een Mexic. Guzman era dat \u00een urm\u0103rire general\u0103 dup\u0103 ce evadase pe 11 iulie 2015 din Penitenciarul Altiplano, situat \u00een apropiere de Ciudad de Mexico.<\/p>\n<p>Celebrul lider interlop mexican s-a deplasat de dou\u0103 ori \u00een Statele Unite, pentru a-\u015fi vizita rudele, \u00een intervalul \u00een care era \u00een libertate dup\u0103 ce evadase, potrivit uneia dintre fiicele sale, Rosa Isela Guzm\u00e1n Ortiz.<\/p>\n<p>sursa <a href=\"http:\/\/deschide.md\/\" target=\"_blank\">deschide.md<\/a><\/p>\n","protected":false},"excerpt":{"rendered":"<p>Justi\u0163ia din Mexic a aprobat, luni, extr\u0103darea \u00een Statele Unite a celebrului lider interlop mexican Joaquin &#8222;El Chapo&#8221; Guzman, informeaz\u0103 Mediafax cu referire la site-ul agen\u0163iei Reuters. \u00cen urm\u0103 cu c\u00e2teva zile, Joaquin Guzman a fost transferat \u00eentr-un penitenciar din ora\u015ful mexican Ciudad Juarez, situat \u00een apropierea frontierei cu Statele Unite. Conform unor surse judiciare, [&hellip;]<\/p>\n","protected":false},"author":4,"featured_media":12253,"comment_status":"closed","ping_status":"closed","sticky":false,"template":"","format":"standard","meta":{"footnotes":""},"categories":[6354],"tags":[],"class_list":["post-12252","post","type-post","status-publish","format-standard","has-post-thumbnail","hentry","category-externe-ro"],"yoast_head":"<!-- This site is optimized with the Yoast SEO plugin v27.4 - https:\/\/yoast.com\/product\/yoast-seo-wordpress\/ -->\n<title>CEL MAI C\u0102UTAT TRAFICANT DE DROGURI VA FI EXTR\u0102DAT JUSTI\u021aIEI AMERICANE - BTV<\/title>\n<meta name=\"robots\" content=\"index, follow, max-snippet:-1, max-image-preview:large, max-video-preview:-1\" \/>\n<link rel=\"canonical\" href=\"https:\/\/www.btv.md\/ro\/cel-mai-cautat-traficant-de-droguri-va-fi-extradat-justitiei-americane\/\" \/>\n<meta property=\"og:locale\" content=\"ro_RO\" \/>\n<meta property=\"og:type\" content=\"article\" \/>\n<meta property=\"og:title\" content=\"CEL MAI C\u0102UTAT TRAFICANT DE DROGURI VA FI EXTR\u0102DAT JUSTI\u021aIEI AMERICANE - BTV\" \/>\n<meta property=\"og:description\" content=\"Justi\u0163ia din Mexic a aprobat, luni, extr\u0103darea \u00een Statele Unite a celebrului lider interlop mexican Joaquin &#8222;El Chapo&#8221; Guzman, informeaz\u0103 Mediafax cu referire la site-ul agen\u0163iei Reuters. \u00cen urm\u0103 cu c\u00e2teva zile, Joaquin Guzman a fost transferat \u00eentr-un penitenciar din ora\u015ful mexican Ciudad Juarez, situat \u00een apropierea frontierei cu Statele Unite. Conform unor surse judiciare, [&hellip;]\" \/>\n<meta property=\"og:url\" content=\"https:\/\/www.btv.md\/ro\/cel-mai-cautat-traficant-de-droguri-va-fi-extradat-justitiei-americane\/\" \/>\n<meta property=\"og:site_name\" content=\"BTV\" \/>\n<meta property=\"article:publisher\" content=\"https:\/\/www.facebook.com\/btvmoldova\/\" \/>\n<meta property=\"article:published_time\" content=\"2016-05-10T08:47:33+00:00\" \/>\n<meta property=\"article:modified_time\" content=\"2016-05-10T08:48:17+00:00\" \/>\n<meta property=\"og:image\" content=\"https:\/\/www.btv.md\/wp-content\/uploads\/2016\/05\/960x0_98530300.jpg\" \/>\n\t<meta property=\"og:image:width\" content=\"460\" \/>\n\t<meta property=\"og:image:height\" content=\"259\" \/>\n\t<meta property=\"og:image:type\" content=\"image\/jpeg\" \/>\n<meta name=\"author\" content=\"admin\" \/>\n<meta name=\"twitter:label1\" content=\"Scris de\" \/>\n\t<meta name=\"twitter:data1\" content=\"admin\" \/>\n\t<meta name=\"twitter:label2\" content=\"Timp estimat pentru citire\" \/>\n\t<meta name=\"twitter:data2\" content=\"1 minut\" \/>\n<script type=\"application\/ld+json\" class=\"yoast-schema-graph\">{\"@context\":\"https:\\\/\\\/schema.org\",\"@graph\":[{\"@type\":\"Article\",\"@id\":\"https:\\\/\\\/www.btv.md\\\/ro\\\/cel-mai-cautat-traficant-de-droguri-va-fi-extradat-justitiei-americane\\\/#article\",\"isPartOf\":{\"@id\":\"https:\\\/\\\/www.btv.md\\\/ro\\\/cel-mai-cautat-traficant-de-droguri-va-fi-extradat-justitiei-americane\\\/\"},\"author\":{\"name\":\"admin\",\"@id\":\"https:\\\/\\\/www.btv.md\\\/#\\\/schema\\\/person\\\/8fadce81561b3ce2c34c46dadc4ccbf2\"},\"headline\":\"CEL MAI C\u0102UTAT TRAFICANT DE DROGURI VA FI EXTR\u0102DAT JUSTI\u021aIEI AMERICANE\",\"datePublished\":\"2016-05-10T08:47:33+00:00\",\"dateModified\":\"2016-05-10T08:48:17+00:00\",\"mainEntityOfPage\":{\"@id\":\"https:\\\/\\\/www.btv.md\\\/ro\\\/cel-mai-cautat-traficant-de-droguri-va-fi-extradat-justitiei-americane\\\/\"},\"wordCount\":196,\"image\":{\"@id\":\"https:\\\/\\\/www.btv.md\\\/ro\\\/cel-mai-cautat-traficant-de-droguri-va-fi-extradat-justitiei-americane\\\/#primaryimage\"},\"thumbnailUrl\":\"https:\\\/\\\/www.btv.md\\\/wp-content\\\/uploads\\\/2016\\\/05\\\/960x0_98530300.jpg\",\"articleSection\":[\"Externe\"],\"inLanguage\":\"ro-RO\"},{\"@type\":\"WebPage\",\"@id\":\"https:\\\/\\\/www.btv.md\\\/ro\\\/cel-mai-cautat-traficant-de-droguri-va-fi-extradat-justitiei-americane\\\/\",\"url\":\"https:\\\/\\\/www.btv.md\\\/ro\\\/cel-mai-cautat-traficant-de-droguri-va-fi-extradat-justitiei-americane\\\/\",\"name\":\"CEL MAI C\u0102UTAT TRAFICANT DE DROGURI VA FI EXTR\u0102DAT JUSTI\u021aIEI AMERICANE - BTV\",\"isPartOf\":{\"@id\":\"https:\\\/\\\/www.btv.md\\\/#website\"},\"primaryImageOfPage\":{\"@id\":\"https:\\\/\\\/www.btv.md\\\/ro\\\/cel-mai-cautat-traficant-de-droguri-va-fi-extradat-justitiei-americane\\\/#primaryimage\"},\"image\":{\"@id\":\"https:\\\/\\\/www.btv.md\\\/ro\\\/cel-mai-cautat-traficant-de-droguri-va-fi-extradat-justitiei-americane\\\/#primaryimage\"},\"thumbnailUrl\":\"https:\\\/\\\/www.btv.md\\\/wp-content\\\/uploads\\\/2016\\\/05\\\/960x0_98530300.jpg\",\"datePublished\":\"2016-05-10T08:47:33+00:00\",\"dateModified\":\"2016-05-10T08:48:17+00:00\",\"author\":{\"@id\":\"https:\\\/\\\/www.btv.md\\\/#\\\/schema\\\/person\\\/8fadce81561b3ce2c34c46dadc4ccbf2\"},\"inLanguage\":\"ro-RO\",\"potentialAction\":[{\"@type\":\"ReadAction\",\"target\":[\"https:\\\/\\\/www.btv.md\\\/ro\\\/cel-mai-cautat-traficant-de-droguri-va-fi-extradat-justitiei-americane\\\/\"]}]},{\"@type\":\"ImageObject\",\"inLanguage\":\"ro-RO\",\"@id\":\"https:\\\/\\\/www.btv.md\\\/ro\\\/cel-mai-cautat-traficant-de-droguri-va-fi-extradat-justitiei-americane\\\/#primaryimage\",\"url\":\"https:\\\/\\\/www.btv.md\\\/wp-content\\\/uploads\\\/2016\\\/05\\\/960x0_98530300.jpg\",\"contentUrl\":\"https:\\\/\\\/www.btv.md\\\/wp-content\\\/uploads\\\/2016\\\/05\\\/960x0_98530300.jpg\",\"width\":460,\"height\":259},{\"@type\":\"WebSite\",\"@id\":\"https:\\\/\\\/www.btv.md\\\/#website\",\"url\":\"https:\\\/\\\/www.btv.md\\\/\",\"name\":\"BTV\",\"description\":\"\u0411\u0435\u043b\u044c\u0446\u043a\u043e\u0435 \u0442\u0435\u043b\u0435\u0432\u0438\u0434\u0435\u043d\u0438\u0435\",\"potentialAction\":[{\"@type\":\"SearchAction\",\"target\":{\"@type\":\"EntryPoint\",\"urlTemplate\":\"https:\\\/\\\/www.btv.md\\\/?s={search_term_string}\"},\"query-input\":{\"@type\":\"PropertyValueSpecification\",\"valueRequired\":true,\"valueName\":\"search_term_string\"}}],\"inLanguage\":\"ro-RO\"},{\"@type\":\"Person\",\"@id\":\"https:\\\/\\\/www.btv.md\\\/#\\\/schema\\\/person\\\/8fadce81561b3ce2c34c46dadc4ccbf2\",\"name\":\"admin\"}]}<\/script>\n<!-- \/ Yoast SEO plugin. -->","yoast_head_json":{"title":"CEL MAI C\u0102UTAT TRAFICANT DE DROGURI VA FI EXTR\u0102DAT JUSTI\u021aIEI AMERICANE - BTV","robots":{"index":"index","follow":"follow","max-snippet":"max-snippet:-1","max-image-preview":"max-image-preview:large","max-video-preview":"max-video-preview:-1"},"canonical":"https:\/\/www.btv.md\/ro\/cel-mai-cautat-traficant-de-droguri-va-fi-extradat-justitiei-americane\/","og_locale":"ro_RO","og_type":"article","og_title":"CEL MAI C\u0102UTAT TRAFICANT DE DROGURI VA FI EXTR\u0102DAT JUSTI\u021aIEI AMERICANE - BTV","og_description":"Justi\u0163ia din Mexic a aprobat, luni, extr\u0103darea \u00een Statele Unite a celebrului lider interlop mexican Joaquin &#8222;El Chapo&#8221; Guzman, informeaz\u0103 Mediafax cu referire la site-ul agen\u0163iei Reuters. \u00cen urm\u0103 cu c\u00e2teva zile, Joaquin Guzman a fost transferat \u00eentr-un penitenciar din ora\u015ful mexican Ciudad Juarez, situat \u00een apropierea frontierei cu Statele Unite. Conform unor surse judiciare, [&hellip;]","og_url":"https:\/\/www.btv.md\/ro\/cel-mai-cautat-traficant-de-droguri-va-fi-extradat-justitiei-americane\/","og_site_name":"BTV","article_publisher":"https:\/\/www.facebook.com\/btvmoldova\/","article_published_time":"2016-05-10T08:47:33+00:00","article_modified_time":"2016-05-10T08:48:17+00:00","og_image":[{"width":460,"height":259,"url":"https:\/\/www.btv.md\/wp-content\/uploads\/2016\/05\/960x0_98530300.jpg","type":"image\/jpeg"}],"author":"admin","twitter_misc":{"Scris de":"admin","Timp estimat pentru citire":"1 minut"},"schema":{"@context":"https:\/\/schema.org","@graph":[{"@type":"Article","@id":"https:\/\/www.btv.md\/ro\/cel-mai-cautat-traficant-de-droguri-va-fi-extradat-justitiei-americane\/#article","isPartOf":{"@id":"https:\/\/www.btv.md\/ro\/cel-mai-cautat-traficant-de-droguri-va-fi-extradat-justitiei-americane\/"},"author":{"name":"admin","@id":"https:\/\/www.btv.md\/#\/schema\/person\/8fadce81561b3ce2c34c46dadc4ccbf2"},"headline":"CEL MAI C\u0102UTAT TRAFICANT DE DROGURI VA FI EXTR\u0102DAT JUSTI\u021aIEI AMERICANE","datePublished":"2016-05-10T08:47:33+00:00","dateModified":"2016-05-10T08:48:17+00:00","mainEntityOfPage":{"@id":"https:\/\/www.btv.md\/ro\/cel-mai-cautat-traficant-de-droguri-va-fi-extradat-justitiei-americane\/"},"wordCount":196,"image":{"@id":"https:\/\/www.btv.md\/ro\/cel-mai-cautat-traficant-de-droguri-va-fi-extradat-justitiei-americane\/#primaryimage"},"thumbnailUrl":"https:\/\/www.btv.md\/wp-content\/uploads\/2016\/05\/960x0_98530300.jpg","articleSection":["Externe"],"inLanguage":"ro-RO"},{"@type":"WebPage","@id":"https:\/\/www.btv.md\/ro\/cel-mai-cautat-traficant-de-droguri-va-fi-extradat-justitiei-americane\/","url":"https:\/\/www.btv.md\/ro\/cel-mai-cautat-traficant-de-droguri-va-fi-extradat-justitiei-americane\/","name":"CEL MAI C\u0102UTAT TRAFICANT DE DROGURI VA FI EXTR\u0102DAT JUSTI\u021aIEI AMERICANE - BTV","isPartOf":{"@id":"https:\/\/www.btv.md\/#website"},"primaryImageOfPage":{"@id":"https:\/\/www.btv.md\/ro\/cel-mai-cautat-traficant-de-droguri-va-fi-extradat-justitiei-americane\/#primaryimage"},"image":{"@id":"https:\/\/www.btv.md\/ro\/cel-mai-cautat-traficant-de-droguri-va-fi-extradat-justitiei-americane\/#primaryimage"},"thumbnailUrl":"https:\/\/www.btv.md\/wp-content\/uploads\/2016\/05\/960x0_98530300.jpg","datePublished":"2016-05-10T08:47:33+00:00","dateModified":"2016-05-10T08:48:17+00:00","author":{"@id":"https:\/\/www.btv.md\/#\/schema\/person\/8fadce81561b3ce2c34c46dadc4ccbf2"},"inLanguage":"ro-RO","potentialAction":[{"@type":"ReadAction","target":["https:\/\/www.btv.md\/ro\/cel-mai-cautat-traficant-de-droguri-va-fi-extradat-justitiei-americane\/"]}]},{"@type":"ImageObject","inLanguage":"ro-RO","@id":"https:\/\/www.btv.md\/ro\/cel-mai-cautat-traficant-de-droguri-va-fi-extradat-justitiei-americane\/#primaryimage","url":"https:\/\/www.btv.md\/wp-content\/uploads\/2016\/05\/960x0_98530300.jpg","contentUrl":"https:\/\/www.btv.md\/wp-content\/uploads\/2016\/05\/960x0_98530300.jpg","width":460,"height":259},{"@type":"WebSite","@id":"https:\/\/www.btv.md\/#website","url":"https:\/\/www.btv.md\/","name":"BTV","description":"\u0411\u0435\u043b\u044c\u0446\u043a\u043e\u0435 \u0442\u0435\u043b\u0435\u0432\u0438\u0434\u0435\u043d\u0438\u0435","potentialAction":[{"@type":"SearchAction","target":{"@type":"EntryPoint","urlTemplate":"https:\/\/www.btv.md\/?s={search_term_string}"},"query-input":{"@type":"PropertyValueSpecification","valueRequired":true,"valueName":"search_term_string"}}],"inLanguage":"ro-RO"},{"@type":"Person","@id":"https:\/\/www.btv.md\/#\/schema\/person\/8fadce81561b3ce2c34c46dadc4ccbf2","name":"admin"}]}},"_links":{"self":[{"href":"https:\/\/www.btv.md\/ro\/wp-json\/wp\/v2\/posts\/12252","targetHints":{"allow":["GET"]}}],"collection":[{"href":"https:\/\/www.btv.md\/ro\/wp-json\/wp\/v2\/posts"}],"about":[{"href":"https:\/\/www.btv.md\/ro\/wp-json\/wp\/v2\/types\/post"}],"author":[{"embeddable":true,"href":"https:\/\/www.btv.md\/ro\/wp-json\/wp\/v2\/users\/4"}],"replies":[{"embeddable":true,"href":"https:\/\/www.btv.md\/ro\/wp-json\/wp\/v2\/comments?post=12252"}],"version-history":[{"count":0,"href":"https:\/\/www.btv.md\/ro\/wp-json\/wp\/v2\/posts\/12252\/revisions"}],"wp:featuredmedia":[{"embeddable":true,"href":"https:\/\/www.btv.md\/ro\/wp-json\/wp\/v2\/media\/12253"}],"wp:attachment":[{"href":"https:\/\/www.btv.md\/ro\/wp-json\/wp\/v2\/media?parent=12252"}],"wp:term":[{"taxonomy":"category","embeddable":true,"href":"https:\/\/www.btv.md\/ro\/wp-json\/wp\/v2\/categories?post=12252"},{"taxonomy":"post_tag","embeddable":true,"href":"https:\/\/www.btv.md\/ro\/wp-json\/wp\/v2\/tags?post=12252"}],"curies":[{"name":"wp","href":"https:\/\/api.w.org\/{rel}","templated":true}]}}