{"id":12257,"date":"2016-05-10T11:52:21","date_gmt":"2016-05-10T08:52:21","guid":{"rendered":"http:\/\/btv.md\/?p=12257"},"modified":"2016-05-10T11:52:22","modified_gmt":"2016-05-10T08:52:22","slug":"sanctiuni-pentru-agentii-economici-care-nu-si-instaleaza-terminale-pos-pana-la-1-iunie","status":"publish","type":"post","link":"https:\/\/www.btv.md\/ro\/sanctiuni-pentru-agentii-economici-care-nu-si-instaleaza-terminale-pos-pana-la-1-iunie\/","title":{"rendered":"SANC\u021aIUNI PENTRU  AGEN\u021aII  ECONOMICI  CARE  NU-\u0218I  INSTALEAZ\u0102 TERMINALE POS  P\u00c2N\u0102  LA  1  IUNIE"},"content":{"rendered":"<p><strong>Agen\u0163ii economici, cu excep\u0163ia asocia\u0163iilor de economii \u015fi \u00eemprumut \u015fi organiza\u0163iilor de micro-finan\u0163are, al c\u0103ror volum de v\u00e2nz\u0103ri a dep\u0103\u015fit suma de dou\u0103 milioane de lei sunt obliga\u0163i p\u00e2n\u0103 la 1 iulie s\u0103 instaleze terminale POS, aminte\u015fte Serviciul Fiscal de Stat, scrie <a href=\"http:\/\/www.jurnal.md\/ro\/economic\/\" target=\"_blank\">jurnal.md<\/a>.<\/strong><\/p>\n<p>Prin derogare de la lege, ace\u015fti agen\u0163i economici nu sunt obliga\u0163i s\u0103-\u015fi instaleze terminale POS dac\u0103:<\/p>\n<p>\u2013 achitarea pl\u0103\u0163ilor a fost efectuat\u0103 exclusiv f\u0103r\u0103 numerar, cu excep\u0163ia celor efectuate de b\u0103ncile comerciale;<br \/>\n\u2013 activit\u0103\u0163ile men\u0163ionate se desf\u0103\u015foar\u0103 \u00een sate (comune), cu excep\u0163ia celor aflate \u00een componen\u0163a municipiilor \u015fi ora\u015felor.<\/p>\n<p>FISC-ul avertizeaz\u0103 c\u0103 nerespectarea acestor prevederi se sanc\u0163ioneaz\u0103 cu o amend\u0103 de 6000 de lei pentru fiecare caz.<\/p>\n<p>\u00cen cazul \u00een care agentul economic nu s-a conformat legii timp de 30 de zile de la data aplic\u0103rii amenzii, i se va aplica o alt\u0103 amend\u0103 \u00een m\u0103rime de 18000 de lei. <\/p>\n","protected":false},"excerpt":{"rendered":"<p>Agen\u0163ii economici, cu excep\u0163ia asocia\u0163iilor de economii \u015fi \u00eemprumut \u015fi organiza\u0163iilor de micro-finan\u0163are, al c\u0103ror volum de v\u00e2nz\u0103ri a dep\u0103\u015fit suma de dou\u0103 milioane de lei sunt obliga\u0163i p\u00e2n\u0103 la 1 iulie s\u0103 instaleze terminale POS, aminte\u015fte Serviciul Fiscal de Stat, scrie jurnal.md. Prin derogare de la lege, ace\u015fti agen\u0163i economici nu sunt obliga\u0163i s\u0103-\u015fi [&hellip;]<\/p>\n","protected":false},"author":4,"featured_media":12258,"comment_status":"closed","ping_status":"closed","sticky":false,"template":"","format":"standard","meta":{"footnotes":""},"categories":[6369],"tags":[],"class_list":["post-12257","post","type-post","status-publish","format-standard","has-post-thumbnail","hentry","category-economie-ro"],"yoast_head":"<!-- This site is optimized with the Yoast SEO plugin v27.4 - https:\/\/yoast.com\/product\/yoast-seo-wordpress\/ -->\n<title>SANC\u021aIUNI PENTRU AGEN\u021aII ECONOMICI CARE NU-\u0218I INSTALEAZ\u0102 TERMINALE POS P\u00c2N\u0102 LA 1 IUNIE  - BTV<\/title>\n<meta name=\"robots\" content=\"index, follow, max-snippet:-1, max-image-preview:large, max-video-preview:-1\" \/>\n<link rel=\"canonical\" href=\"https:\/\/www.btv.md\/ro\/sanctiuni-pentru-agentii-economici-care-nu-si-instaleaza-terminale-pos-pana-la-1-iunie\/\" \/>\n<meta property=\"og:locale\" content=\"ro_RO\" \/>\n<meta property=\"og:type\" content=\"article\" \/>\n<meta property=\"og:title\" content=\"SANC\u021aIUNI PENTRU AGEN\u021aII ECONOMICI CARE NU-\u0218I INSTALEAZ\u0102 TERMINALE POS P\u00c2N\u0102 LA 1 IUNIE  - BTV\" \/>\n<meta property=\"og:description\" content=\"Agen\u0163ii economici, cu excep\u0163ia asocia\u0163iilor de economii \u015fi \u00eemprumut \u015fi organiza\u0163iilor de micro-finan\u0163are, al c\u0103ror volum de v\u00e2nz\u0103ri a dep\u0103\u015fit suma de dou\u0103 milioane de lei sunt obliga\u0163i p\u00e2n\u0103 la 1 iulie s\u0103 instaleze terminale POS, aminte\u015fte Serviciul Fiscal de Stat, scrie jurnal.md. Prin derogare de la lege, ace\u015fti agen\u0163i economici nu sunt obliga\u0163i s\u0103-\u015fi [&hellip;]\" \/>\n<meta property=\"og:url\" content=\"https:\/\/www.btv.md\/ro\/sanctiuni-pentru-agentii-economici-care-nu-si-instaleaza-terminale-pos-pana-la-1-iunie\/\" \/>\n<meta property=\"og:site_name\" content=\"BTV\" \/>\n<meta property=\"article:publisher\" content=\"https:\/\/www.facebook.com\/btvmoldova\/\" \/>\n<meta property=\"article:published_time\" content=\"2016-05-10T08:52:21+00:00\" \/>\n<meta property=\"article:modified_time\" content=\"2016-05-10T08:52:22+00:00\" \/>\n<meta property=\"og:image\" content=\"https:\/\/www.btv.md\/wp-content\/uploads\/2016\/05\/big-avertizare-de-la-fisc-ce-sanctiuni-risca-agentii-economici-care-nu-si-instaleaza-terminale-pos-pana-la-1-iulie.jpg\" \/>\n\t<meta property=\"og:image:width\" content=\"460\" \/>\n\t<meta property=\"og:image:height\" content=\"270\" \/>\n\t<meta property=\"og:image:type\" content=\"image\/jpeg\" \/>\n<meta name=\"author\" content=\"admin\" \/>\n<meta name=\"twitter:label1\" content=\"Scris de\" \/>\n\t<meta name=\"twitter:data1\" content=\"admin\" \/>\n\t<meta name=\"twitter:label2\" content=\"Timp estimat pentru citire\" \/>\n\t<meta name=\"twitter:data2\" content=\"1 minut\" \/>\n<script type=\"application\/ld+json\" class=\"yoast-schema-graph\">{\"@context\":\"https:\\\/\\\/schema.org\",\"@graph\":[{\"@type\":\"Article\",\"@id\":\"https:\\\/\\\/www.btv.md\\\/ro\\\/sanctiuni-pentru-agentii-economici-care-nu-si-instaleaza-terminale-pos-pana-la-1-iunie\\\/#article\",\"isPartOf\":{\"@id\":\"https:\\\/\\\/www.btv.md\\\/ro\\\/sanctiuni-pentru-agentii-economici-care-nu-si-instaleaza-terminale-pos-pana-la-1-iunie\\\/\"},\"author\":{\"name\":\"admin\",\"@id\":\"https:\\\/\\\/www.btv.md\\\/#\\\/schema\\\/person\\\/8fadce81561b3ce2c34c46dadc4ccbf2\"},\"headline\":\"SANC\u021aIUNI PENTRU AGEN\u021aII ECONOMICI CARE NU-\u0218I INSTALEAZ\u0102 TERMINALE POS P\u00c2N\u0102 LA 1 IUNIE\",\"datePublished\":\"2016-05-10T08:52:21+00:00\",\"dateModified\":\"2016-05-10T08:52:22+00:00\",\"mainEntityOfPage\":{\"@id\":\"https:\\\/\\\/www.btv.md\\\/ro\\\/sanctiuni-pentru-agentii-economici-care-nu-si-instaleaza-terminale-pos-pana-la-1-iunie\\\/\"},\"wordCount\":184,\"image\":{\"@id\":\"https:\\\/\\\/www.btv.md\\\/ro\\\/sanctiuni-pentru-agentii-economici-care-nu-si-instaleaza-terminale-pos-pana-la-1-iunie\\\/#primaryimage\"},\"thumbnailUrl\":\"https:\\\/\\\/www.btv.md\\\/wp-content\\\/uploads\\\/2016\\\/05\\\/big-avertizare-de-la-fisc-ce-sanctiuni-risca-agentii-economici-care-nu-si-instaleaza-terminale-pos-pana-la-1-iulie.jpg\",\"articleSection\":[\"Economie\"],\"inLanguage\":\"ro-RO\"},{\"@type\":\"WebPage\",\"@id\":\"https:\\\/\\\/www.btv.md\\\/ro\\\/sanctiuni-pentru-agentii-economici-care-nu-si-instaleaza-terminale-pos-pana-la-1-iunie\\\/\",\"url\":\"https:\\\/\\\/www.btv.md\\\/ro\\\/sanctiuni-pentru-agentii-economici-care-nu-si-instaleaza-terminale-pos-pana-la-1-iunie\\\/\",\"name\":\"SANC\u021aIUNI PENTRU AGEN\u021aII ECONOMICI CARE NU-\u0218I INSTALEAZ\u0102 TERMINALE POS P\u00c2N\u0102 LA 1 IUNIE - BTV\",\"isPartOf\":{\"@id\":\"https:\\\/\\\/www.btv.md\\\/#website\"},\"primaryImageOfPage\":{\"@id\":\"https:\\\/\\\/www.btv.md\\\/ro\\\/sanctiuni-pentru-agentii-economici-care-nu-si-instaleaza-terminale-pos-pana-la-1-iunie\\\/#primaryimage\"},\"image\":{\"@id\":\"https:\\\/\\\/www.btv.md\\\/ro\\\/sanctiuni-pentru-agentii-economici-care-nu-si-instaleaza-terminale-pos-pana-la-1-iunie\\\/#primaryimage\"},\"thumbnailUrl\":\"https:\\\/\\\/www.btv.md\\\/wp-content\\\/uploads\\\/2016\\\/05\\\/big-avertizare-de-la-fisc-ce-sanctiuni-risca-agentii-economici-care-nu-si-instaleaza-terminale-pos-pana-la-1-iulie.jpg\",\"datePublished\":\"2016-05-10T08:52:21+00:00\",\"dateModified\":\"2016-05-10T08:52:22+00:00\",\"author\":{\"@id\":\"https:\\\/\\\/www.btv.md\\\/#\\\/schema\\\/person\\\/8fadce81561b3ce2c34c46dadc4ccbf2\"},\"inLanguage\":\"ro-RO\",\"potentialAction\":[{\"@type\":\"ReadAction\",\"target\":[\"https:\\\/\\\/www.btv.md\\\/ro\\\/sanctiuni-pentru-agentii-economici-care-nu-si-instaleaza-terminale-pos-pana-la-1-iunie\\\/\"]}]},{\"@type\":\"ImageObject\",\"inLanguage\":\"ro-RO\",\"@id\":\"https:\\\/\\\/www.btv.md\\\/ro\\\/sanctiuni-pentru-agentii-economici-care-nu-si-instaleaza-terminale-pos-pana-la-1-iunie\\\/#primaryimage\",\"url\":\"https:\\\/\\\/www.btv.md\\\/wp-content\\\/uploads\\\/2016\\\/05\\\/big-avertizare-de-la-fisc-ce-sanctiuni-risca-agentii-economici-care-nu-si-instaleaza-terminale-pos-pana-la-1-iulie.jpg\",\"contentUrl\":\"https:\\\/\\\/www.btv.md\\\/wp-content\\\/uploads\\\/2016\\\/05\\\/big-avertizare-de-la-fisc-ce-sanctiuni-risca-agentii-economici-care-nu-si-instaleaza-terminale-pos-pana-la-1-iulie.jpg\",\"width\":460,\"height\":270,\"caption\":\"www.jurnal.md\"},{\"@type\":\"WebSite\",\"@id\":\"https:\\\/\\\/www.btv.md\\\/#website\",\"url\":\"https:\\\/\\\/www.btv.md\\\/\",\"name\":\"BTV\",\"description\":\"\u0411\u0435\u043b\u044c\u0446\u043a\u043e\u0435 \u0442\u0435\u043b\u0435\u0432\u0438\u0434\u0435\u043d\u0438\u0435\",\"potentialAction\":[{\"@type\":\"SearchAction\",\"target\":{\"@type\":\"EntryPoint\",\"urlTemplate\":\"https:\\\/\\\/www.btv.md\\\/?s={search_term_string}\"},\"query-input\":{\"@type\":\"PropertyValueSpecification\",\"valueRequired\":true,\"valueName\":\"search_term_string\"}}],\"inLanguage\":\"ro-RO\"},{\"@type\":\"Person\",\"@id\":\"https:\\\/\\\/www.btv.md\\\/#\\\/schema\\\/person\\\/8fadce81561b3ce2c34c46dadc4ccbf2\",\"name\":\"admin\"}]}<\/script>\n<!-- \/ Yoast SEO plugin. -->","yoast_head_json":{"title":"SANC\u021aIUNI PENTRU AGEN\u021aII ECONOMICI CARE NU-\u0218I INSTALEAZ\u0102 TERMINALE POS P\u00c2N\u0102 LA 1 IUNIE  - BTV","robots":{"index":"index","follow":"follow","max-snippet":"max-snippet:-1","max-image-preview":"max-image-preview:large","max-video-preview":"max-video-preview:-1"},"canonical":"https:\/\/www.btv.md\/ro\/sanctiuni-pentru-agentii-economici-care-nu-si-instaleaza-terminale-pos-pana-la-1-iunie\/","og_locale":"ro_RO","og_type":"article","og_title":"SANC\u021aIUNI PENTRU AGEN\u021aII ECONOMICI CARE NU-\u0218I INSTALEAZ\u0102 TERMINALE POS P\u00c2N\u0102 LA 1 IUNIE  - BTV","og_description":"Agen\u0163ii economici, cu excep\u0163ia asocia\u0163iilor de economii \u015fi \u00eemprumut \u015fi organiza\u0163iilor de micro-finan\u0163are, al c\u0103ror volum de v\u00e2nz\u0103ri a dep\u0103\u015fit suma de dou\u0103 milioane de lei sunt obliga\u0163i p\u00e2n\u0103 la 1 iulie s\u0103 instaleze terminale POS, aminte\u015fte Serviciul Fiscal de Stat, scrie jurnal.md. Prin derogare de la lege, ace\u015fti agen\u0163i economici nu sunt obliga\u0163i s\u0103-\u015fi [&hellip;]","og_url":"https:\/\/www.btv.md\/ro\/sanctiuni-pentru-agentii-economici-care-nu-si-instaleaza-terminale-pos-pana-la-1-iunie\/","og_site_name":"BTV","article_publisher":"https:\/\/www.facebook.com\/btvmoldova\/","article_published_time":"2016-05-10T08:52:21+00:00","article_modified_time":"2016-05-10T08:52:22+00:00","og_image":[{"width":460,"height":270,"url":"https:\/\/www.btv.md\/wp-content\/uploads\/2016\/05\/big-avertizare-de-la-fisc-ce-sanctiuni-risca-agentii-economici-care-nu-si-instaleaza-terminale-pos-pana-la-1-iulie.jpg","type":"image\/jpeg"}],"author":"admin","twitter_misc":{"Scris de":"admin","Timp estimat pentru citire":"1 minut"},"schema":{"@context":"https:\/\/schema.org","@graph":[{"@type":"Article","@id":"https:\/\/www.btv.md\/ro\/sanctiuni-pentru-agentii-economici-care-nu-si-instaleaza-terminale-pos-pana-la-1-iunie\/#article","isPartOf":{"@id":"https:\/\/www.btv.md\/ro\/sanctiuni-pentru-agentii-economici-care-nu-si-instaleaza-terminale-pos-pana-la-1-iunie\/"},"author":{"name":"admin","@id":"https:\/\/www.btv.md\/#\/schema\/person\/8fadce81561b3ce2c34c46dadc4ccbf2"},"headline":"SANC\u021aIUNI PENTRU AGEN\u021aII ECONOMICI CARE NU-\u0218I INSTALEAZ\u0102 TERMINALE POS P\u00c2N\u0102 LA 1 IUNIE","datePublished":"2016-05-10T08:52:21+00:00","dateModified":"2016-05-10T08:52:22+00:00","mainEntityOfPage":{"@id":"https:\/\/www.btv.md\/ro\/sanctiuni-pentru-agentii-economici-care-nu-si-instaleaza-terminale-pos-pana-la-1-iunie\/"},"wordCount":184,"image":{"@id":"https:\/\/www.btv.md\/ro\/sanctiuni-pentru-agentii-economici-care-nu-si-instaleaza-terminale-pos-pana-la-1-iunie\/#primaryimage"},"thumbnailUrl":"https:\/\/www.btv.md\/wp-content\/uploads\/2016\/05\/big-avertizare-de-la-fisc-ce-sanctiuni-risca-agentii-economici-care-nu-si-instaleaza-terminale-pos-pana-la-1-iulie.jpg","articleSection":["Economie"],"inLanguage":"ro-RO"},{"@type":"WebPage","@id":"https:\/\/www.btv.md\/ro\/sanctiuni-pentru-agentii-economici-care-nu-si-instaleaza-terminale-pos-pana-la-1-iunie\/","url":"https:\/\/www.btv.md\/ro\/sanctiuni-pentru-agentii-economici-care-nu-si-instaleaza-terminale-pos-pana-la-1-iunie\/","name":"SANC\u021aIUNI PENTRU AGEN\u021aII ECONOMICI CARE NU-\u0218I INSTALEAZ\u0102 TERMINALE POS P\u00c2N\u0102 LA 1 IUNIE - BTV","isPartOf":{"@id":"https:\/\/www.btv.md\/#website"},"primaryImageOfPage":{"@id":"https:\/\/www.btv.md\/ro\/sanctiuni-pentru-agentii-economici-care-nu-si-instaleaza-terminale-pos-pana-la-1-iunie\/#primaryimage"},"image":{"@id":"https:\/\/www.btv.md\/ro\/sanctiuni-pentru-agentii-economici-care-nu-si-instaleaza-terminale-pos-pana-la-1-iunie\/#primaryimage"},"thumbnailUrl":"https:\/\/www.btv.md\/wp-content\/uploads\/2016\/05\/big-avertizare-de-la-fisc-ce-sanctiuni-risca-agentii-economici-care-nu-si-instaleaza-terminale-pos-pana-la-1-iulie.jpg","datePublished":"2016-05-10T08:52:21+00:00","dateModified":"2016-05-10T08:52:22+00:00","author":{"@id":"https:\/\/www.btv.md\/#\/schema\/person\/8fadce81561b3ce2c34c46dadc4ccbf2"},"inLanguage":"ro-RO","potentialAction":[{"@type":"ReadAction","target":["https:\/\/www.btv.md\/ro\/sanctiuni-pentru-agentii-economici-care-nu-si-instaleaza-terminale-pos-pana-la-1-iunie\/"]}]},{"@type":"ImageObject","inLanguage":"ro-RO","@id":"https:\/\/www.btv.md\/ro\/sanctiuni-pentru-agentii-economici-care-nu-si-instaleaza-terminale-pos-pana-la-1-iunie\/#primaryimage","url":"https:\/\/www.btv.md\/wp-content\/uploads\/2016\/05\/big-avertizare-de-la-fisc-ce-sanctiuni-risca-agentii-economici-care-nu-si-instaleaza-terminale-pos-pana-la-1-iulie.jpg","contentUrl":"https:\/\/www.btv.md\/wp-content\/uploads\/2016\/05\/big-avertizare-de-la-fisc-ce-sanctiuni-risca-agentii-economici-care-nu-si-instaleaza-terminale-pos-pana-la-1-iulie.jpg","width":460,"height":270,"caption":"www.jurnal.md"},{"@type":"WebSite","@id":"https:\/\/www.btv.md\/#website","url":"https:\/\/www.btv.md\/","name":"BTV","description":"\u0411\u0435\u043b\u044c\u0446\u043a\u043e\u0435 \u0442\u0435\u043b\u0435\u0432\u0438\u0434\u0435\u043d\u0438\u0435","potentialAction":[{"@type":"SearchAction","target":{"@type":"EntryPoint","urlTemplate":"https:\/\/www.btv.md\/?s={search_term_string}"},"query-input":{"@type":"PropertyValueSpecification","valueRequired":true,"valueName":"search_term_string"}}],"inLanguage":"ro-RO"},{"@type":"Person","@id":"https:\/\/www.btv.md\/#\/schema\/person\/8fadce81561b3ce2c34c46dadc4ccbf2","name":"admin"}]}},"_links":{"self":[{"href":"https:\/\/www.btv.md\/ro\/wp-json\/wp\/v2\/posts\/12257","targetHints":{"allow":["GET"]}}],"collection":[{"href":"https:\/\/www.btv.md\/ro\/wp-json\/wp\/v2\/posts"}],"about":[{"href":"https:\/\/www.btv.md\/ro\/wp-json\/wp\/v2\/types\/post"}],"author":[{"embeddable":true,"href":"https:\/\/www.btv.md\/ro\/wp-json\/wp\/v2\/users\/4"}],"replies":[{"embeddable":true,"href":"https:\/\/www.btv.md\/ro\/wp-json\/wp\/v2\/comments?post=12257"}],"version-history":[{"count":0,"href":"https:\/\/www.btv.md\/ro\/wp-json\/wp\/v2\/posts\/12257\/revisions"}],"wp:featuredmedia":[{"embeddable":true,"href":"https:\/\/www.btv.md\/ro\/wp-json\/wp\/v2\/media\/12258"}],"wp:attachment":[{"href":"https:\/\/www.btv.md\/ro\/wp-json\/wp\/v2\/media?parent=12257"}],"wp:term":[{"taxonomy":"category","embeddable":true,"href":"https:\/\/www.btv.md\/ro\/wp-json\/wp\/v2\/categories?post=12257"},{"taxonomy":"post_tag","embeddable":true,"href":"https:\/\/www.btv.md\/ro\/wp-json\/wp\/v2\/tags?post=12257"}],"curies":[{"name":"wp","href":"https:\/\/api.w.org\/{rel}","templated":true}]}}