{"id":12263,"date":"2016-05-10T11:58:19","date_gmt":"2016-05-10T08:58:19","guid":{"rendered":"http:\/\/btv.md\/?p=12263"},"modified":"2016-05-10T11:58:19","modified_gmt":"2016-05-10T08:58:19","slug":"crucile-de-pe-marginea-drumurilor-vor-fi-demontate","status":"publish","type":"post","link":"https:\/\/www.btv.md\/ro\/crucile-de-pe-marginea-drumurilor-vor-fi-demontate\/","title":{"rendered":"CRUCILE  DE  PE  MARGINEA  DRUMURILOR  VOR  FI  DEMONTATE"},"content":{"rendered":"<p><strong>Crucile instalate pe marginea drumurilor din Moldova vor fi demontate. Potrivit reprezentan\u021bilor Mitropoliei acestea vor fi utilizate ulterior la \u00eenmorm\u00e2ntarea oamenilor f\u0103r\u0103 ad\u0103post \u0219i a persoanelor din familii nevoia\u0219e, noteaz\u0103 <a href=\"http:\/\/www.realitatea.md\/crucile-de-pe-marginea-drumului-vor-fi-scoase-i-utilizate-la-inmormantarea-oamenilor-fara-adapost-ce-alternativa-propune-mitropolia_38820.html\" target=\"_blank\">realitatea.md<\/a>.<\/strong><\/p>\n<p>Mitropilia Chi\u0219in\u0103ului \u0219i a \u00eentregii Moldove sus\u021bine c\u0103 \u201eInstalarea crucilor pe marginea carosabilului nu este \u00een duhul Bisericii \u0219i contravine Canoanelor Bisericii Ortodoxe\u201d. Reprezentan\u021bii Mitropoliei propun ca pentru evitarea aspectului macabru creat de amplasarea unui num\u0103r mare de cruci \u00een zonele extrem de periculoase, unde au avut loc multe accidente, ar fi de preferat substituirea lor cu o Troi\u0163\u0103 executat\u0103 conform Canoanelor Bisericii.<\/p>\n<p>Scopul Troi\u0163elor, potrivit clericilor, este marcarea faptului c\u0103 \u00een localitatea respectiv\u0103 locuiesc cre\u015ftini, sunt a\u015fezate de obicei la r\u0103scruci de drumuri \u0219i cu siguran\u021b\u0103, ca aspect sunt mai corespunz\u0103toare.<\/p>\n<p>Demont\u0103rii crucilor de pe marginea carosabilului va fi organizat\u0103 \u00een comun cu Ministerul Transporturilor. Acestea vor fi adunate \u00eentr-un loc special amenajat \u0219i apoi vor fi reutilizate.<\/p>\n","protected":false},"excerpt":{"rendered":"<p>Crucile instalate pe marginea drumurilor din Moldova vor fi demontate. Potrivit reprezentan\u021bilor Mitropoliei acestea vor fi utilizate ulterior la \u00eenmorm\u00e2ntarea oamenilor f\u0103r\u0103 ad\u0103post \u0219i a persoanelor din familii nevoia\u0219e, noteaz\u0103 realitatea.md. Mitropilia Chi\u0219in\u0103ului \u0219i a \u00eentregii Moldove sus\u021bine c\u0103 \u201eInstalarea crucilor pe marginea carosabilului nu este \u00een duhul Bisericii \u0219i contravine Canoanelor Bisericii Ortodoxe\u201d. Reprezentan\u021bii [&hellip;]<\/p>\n","protected":false},"author":4,"featured_media":12264,"comment_status":"closed","ping_status":"closed","sticky":false,"template":"","format":"standard","meta":{"footnotes":""},"categories":[6349],"tags":[],"class_list":["post-12263","post","type-post","status-publish","format-standard","has-post-thumbnail","hentry","category-social"],"yoast_head":"<!-- This site is optimized with the Yoast SEO plugin v27.4 - https:\/\/yoast.com\/product\/yoast-seo-wordpress\/ -->\n<title>CRUCILE DE PE MARGINEA DRUMURILOR VOR FI DEMONTATE - BTV<\/title>\n<meta name=\"robots\" content=\"index, follow, max-snippet:-1, max-image-preview:large, max-video-preview:-1\" \/>\n<link rel=\"canonical\" href=\"https:\/\/www.btv.md\/ro\/crucile-de-pe-marginea-drumurilor-vor-fi-demontate\/\" \/>\n<meta property=\"og:locale\" content=\"ro_RO\" \/>\n<meta property=\"og:type\" content=\"article\" \/>\n<meta property=\"og:title\" content=\"CRUCILE DE PE MARGINEA DRUMURILOR VOR FI DEMONTATE - BTV\" \/>\n<meta property=\"og:description\" content=\"Crucile instalate pe marginea drumurilor din Moldova vor fi demontate. Potrivit reprezentan\u021bilor Mitropoliei acestea vor fi utilizate ulterior la \u00eenmorm\u00e2ntarea oamenilor f\u0103r\u0103 ad\u0103post \u0219i a persoanelor din familii nevoia\u0219e, noteaz\u0103 realitatea.md. Mitropilia Chi\u0219in\u0103ului \u0219i a \u00eentregii Moldove sus\u021bine c\u0103 \u201eInstalarea crucilor pe marginea carosabilului nu este \u00een duhul Bisericii \u0219i contravine Canoanelor Bisericii Ortodoxe\u201d. Reprezentan\u021bii [&hellip;]\" \/>\n<meta property=\"og:url\" content=\"https:\/\/www.btv.md\/ro\/crucile-de-pe-marginea-drumurilor-vor-fi-demontate\/\" \/>\n<meta property=\"og:site_name\" content=\"BTV\" \/>\n<meta property=\"article:publisher\" content=\"https:\/\/www.facebook.com\/btvmoldova\/\" \/>\n<meta property=\"article:published_time\" content=\"2016-05-10T08:58:19+00:00\" \/>\n<meta property=\"og:image\" content=\"https:\/\/www.btv.md\/wp-content\/uploads\/2016\/05\/ramin-mazur-6137.jpg\" \/>\n\t<meta property=\"og:image:width\" content=\"1500\" \/>\n\t<meta property=\"og:image:height\" content=\"1000\" \/>\n\t<meta property=\"og:image:type\" content=\"image\/jpeg\" \/>\n<meta name=\"author\" content=\"admin\" \/>\n<meta name=\"twitter:label1\" content=\"Scris de\" \/>\n\t<meta name=\"twitter:data1\" content=\"admin\" \/>\n\t<meta name=\"twitter:label2\" content=\"Timp estimat pentru citire\" \/>\n\t<meta name=\"twitter:data2\" content=\"1 minut\" \/>\n<script type=\"application\/ld+json\" class=\"yoast-schema-graph\">{\"@context\":\"https:\\\/\\\/schema.org\",\"@graph\":[{\"@type\":\"Article\",\"@id\":\"https:\\\/\\\/www.btv.md\\\/ro\\\/crucile-de-pe-marginea-drumurilor-vor-fi-demontate\\\/#article\",\"isPartOf\":{\"@id\":\"https:\\\/\\\/www.btv.md\\\/ro\\\/crucile-de-pe-marginea-drumurilor-vor-fi-demontate\\\/\"},\"author\":{\"name\":\"admin\",\"@id\":\"https:\\\/\\\/www.btv.md\\\/#\\\/schema\\\/person\\\/8fadce81561b3ce2c34c46dadc4ccbf2\"},\"headline\":\"CRUCILE DE PE MARGINEA DRUMURILOR VOR FI DEMONTATE\",\"datePublished\":\"2016-05-10T08:58:19+00:00\",\"mainEntityOfPage\":{\"@id\":\"https:\\\/\\\/www.btv.md\\\/ro\\\/crucile-de-pe-marginea-drumurilor-vor-fi-demontate\\\/\"},\"wordCount\":175,\"image\":{\"@id\":\"https:\\\/\\\/www.btv.md\\\/ro\\\/crucile-de-pe-marginea-drumurilor-vor-fi-demontate\\\/#primaryimage\"},\"thumbnailUrl\":\"https:\\\/\\\/www.btv.md\\\/wp-content\\\/uploads\\\/2016\\\/05\\\/ramin-mazur-6137.jpg\",\"articleSection\":[\"Social\"],\"inLanguage\":\"ro-RO\"},{\"@type\":\"WebPage\",\"@id\":\"https:\\\/\\\/www.btv.md\\\/ro\\\/crucile-de-pe-marginea-drumurilor-vor-fi-demontate\\\/\",\"url\":\"https:\\\/\\\/www.btv.md\\\/ro\\\/crucile-de-pe-marginea-drumurilor-vor-fi-demontate\\\/\",\"name\":\"CRUCILE DE PE MARGINEA DRUMURILOR VOR FI DEMONTATE - BTV\",\"isPartOf\":{\"@id\":\"https:\\\/\\\/www.btv.md\\\/#website\"},\"primaryImageOfPage\":{\"@id\":\"https:\\\/\\\/www.btv.md\\\/ro\\\/crucile-de-pe-marginea-drumurilor-vor-fi-demontate\\\/#primaryimage\"},\"image\":{\"@id\":\"https:\\\/\\\/www.btv.md\\\/ro\\\/crucile-de-pe-marginea-drumurilor-vor-fi-demontate\\\/#primaryimage\"},\"thumbnailUrl\":\"https:\\\/\\\/www.btv.md\\\/wp-content\\\/uploads\\\/2016\\\/05\\\/ramin-mazur-6137.jpg\",\"datePublished\":\"2016-05-10T08:58:19+00:00\",\"author\":{\"@id\":\"https:\\\/\\\/www.btv.md\\\/#\\\/schema\\\/person\\\/8fadce81561b3ce2c34c46dadc4ccbf2\"},\"inLanguage\":\"ro-RO\",\"potentialAction\":[{\"@type\":\"ReadAction\",\"target\":[\"https:\\\/\\\/www.btv.md\\\/ro\\\/crucile-de-pe-marginea-drumurilor-vor-fi-demontate\\\/\"]}]},{\"@type\":\"ImageObject\",\"inLanguage\":\"ro-RO\",\"@id\":\"https:\\\/\\\/www.btv.md\\\/ro\\\/crucile-de-pe-marginea-drumurilor-vor-fi-demontate\\\/#primaryimage\",\"url\":\"https:\\\/\\\/www.btv.md\\\/wp-content\\\/uploads\\\/2016\\\/05\\\/ramin-mazur-6137.jpg\",\"contentUrl\":\"https:\\\/\\\/www.btv.md\\\/wp-content\\\/uploads\\\/2016\\\/05\\\/ramin-mazur-6137.jpg\",\"width\":1500,\"height\":1000,\"caption\":\"www.timpul.md\"},{\"@type\":\"WebSite\",\"@id\":\"https:\\\/\\\/www.btv.md\\\/#website\",\"url\":\"https:\\\/\\\/www.btv.md\\\/\",\"name\":\"BTV\",\"description\":\"\u0411\u0435\u043b\u044c\u0446\u043a\u043e\u0435 \u0442\u0435\u043b\u0435\u0432\u0438\u0434\u0435\u043d\u0438\u0435\",\"potentialAction\":[{\"@type\":\"SearchAction\",\"target\":{\"@type\":\"EntryPoint\",\"urlTemplate\":\"https:\\\/\\\/www.btv.md\\\/?s={search_term_string}\"},\"query-input\":{\"@type\":\"PropertyValueSpecification\",\"valueRequired\":true,\"valueName\":\"search_term_string\"}}],\"inLanguage\":\"ro-RO\"},{\"@type\":\"Person\",\"@id\":\"https:\\\/\\\/www.btv.md\\\/#\\\/schema\\\/person\\\/8fadce81561b3ce2c34c46dadc4ccbf2\",\"name\":\"admin\"}]}<\/script>\n<!-- \/ Yoast SEO plugin. -->","yoast_head_json":{"title":"CRUCILE DE PE MARGINEA DRUMURILOR VOR FI DEMONTATE - BTV","robots":{"index":"index","follow":"follow","max-snippet":"max-snippet:-1","max-image-preview":"max-image-preview:large","max-video-preview":"max-video-preview:-1"},"canonical":"https:\/\/www.btv.md\/ro\/crucile-de-pe-marginea-drumurilor-vor-fi-demontate\/","og_locale":"ro_RO","og_type":"article","og_title":"CRUCILE DE PE MARGINEA DRUMURILOR VOR FI DEMONTATE - BTV","og_description":"Crucile instalate pe marginea drumurilor din Moldova vor fi demontate. Potrivit reprezentan\u021bilor Mitropoliei acestea vor fi utilizate ulterior la \u00eenmorm\u00e2ntarea oamenilor f\u0103r\u0103 ad\u0103post \u0219i a persoanelor din familii nevoia\u0219e, noteaz\u0103 realitatea.md. Mitropilia Chi\u0219in\u0103ului \u0219i a \u00eentregii Moldove sus\u021bine c\u0103 \u201eInstalarea crucilor pe marginea carosabilului nu este \u00een duhul Bisericii \u0219i contravine Canoanelor Bisericii Ortodoxe\u201d. Reprezentan\u021bii [&hellip;]","og_url":"https:\/\/www.btv.md\/ro\/crucile-de-pe-marginea-drumurilor-vor-fi-demontate\/","og_site_name":"BTV","article_publisher":"https:\/\/www.facebook.com\/btvmoldova\/","article_published_time":"2016-05-10T08:58:19+00:00","og_image":[{"width":1500,"height":1000,"url":"https:\/\/www.btv.md\/wp-content\/uploads\/2016\/05\/ramin-mazur-6137.jpg","type":"image\/jpeg"}],"author":"admin","twitter_misc":{"Scris de":"admin","Timp estimat pentru citire":"1 minut"},"schema":{"@context":"https:\/\/schema.org","@graph":[{"@type":"Article","@id":"https:\/\/www.btv.md\/ro\/crucile-de-pe-marginea-drumurilor-vor-fi-demontate\/#article","isPartOf":{"@id":"https:\/\/www.btv.md\/ro\/crucile-de-pe-marginea-drumurilor-vor-fi-demontate\/"},"author":{"name":"admin","@id":"https:\/\/www.btv.md\/#\/schema\/person\/8fadce81561b3ce2c34c46dadc4ccbf2"},"headline":"CRUCILE DE PE MARGINEA DRUMURILOR VOR FI DEMONTATE","datePublished":"2016-05-10T08:58:19+00:00","mainEntityOfPage":{"@id":"https:\/\/www.btv.md\/ro\/crucile-de-pe-marginea-drumurilor-vor-fi-demontate\/"},"wordCount":175,"image":{"@id":"https:\/\/www.btv.md\/ro\/crucile-de-pe-marginea-drumurilor-vor-fi-demontate\/#primaryimage"},"thumbnailUrl":"https:\/\/www.btv.md\/wp-content\/uploads\/2016\/05\/ramin-mazur-6137.jpg","articleSection":["Social"],"inLanguage":"ro-RO"},{"@type":"WebPage","@id":"https:\/\/www.btv.md\/ro\/crucile-de-pe-marginea-drumurilor-vor-fi-demontate\/","url":"https:\/\/www.btv.md\/ro\/crucile-de-pe-marginea-drumurilor-vor-fi-demontate\/","name":"CRUCILE DE PE MARGINEA DRUMURILOR VOR FI DEMONTATE - BTV","isPartOf":{"@id":"https:\/\/www.btv.md\/#website"},"primaryImageOfPage":{"@id":"https:\/\/www.btv.md\/ro\/crucile-de-pe-marginea-drumurilor-vor-fi-demontate\/#primaryimage"},"image":{"@id":"https:\/\/www.btv.md\/ro\/crucile-de-pe-marginea-drumurilor-vor-fi-demontate\/#primaryimage"},"thumbnailUrl":"https:\/\/www.btv.md\/wp-content\/uploads\/2016\/05\/ramin-mazur-6137.jpg","datePublished":"2016-05-10T08:58:19+00:00","author":{"@id":"https:\/\/www.btv.md\/#\/schema\/person\/8fadce81561b3ce2c34c46dadc4ccbf2"},"inLanguage":"ro-RO","potentialAction":[{"@type":"ReadAction","target":["https:\/\/www.btv.md\/ro\/crucile-de-pe-marginea-drumurilor-vor-fi-demontate\/"]}]},{"@type":"ImageObject","inLanguage":"ro-RO","@id":"https:\/\/www.btv.md\/ro\/crucile-de-pe-marginea-drumurilor-vor-fi-demontate\/#primaryimage","url":"https:\/\/www.btv.md\/wp-content\/uploads\/2016\/05\/ramin-mazur-6137.jpg","contentUrl":"https:\/\/www.btv.md\/wp-content\/uploads\/2016\/05\/ramin-mazur-6137.jpg","width":1500,"height":1000,"caption":"www.timpul.md"},{"@type":"WebSite","@id":"https:\/\/www.btv.md\/#website","url":"https:\/\/www.btv.md\/","name":"BTV","description":"\u0411\u0435\u043b\u044c\u0446\u043a\u043e\u0435 \u0442\u0435\u043b\u0435\u0432\u0438\u0434\u0435\u043d\u0438\u0435","potentialAction":[{"@type":"SearchAction","target":{"@type":"EntryPoint","urlTemplate":"https:\/\/www.btv.md\/?s={search_term_string}"},"query-input":{"@type":"PropertyValueSpecification","valueRequired":true,"valueName":"search_term_string"}}],"inLanguage":"ro-RO"},{"@type":"Person","@id":"https:\/\/www.btv.md\/#\/schema\/person\/8fadce81561b3ce2c34c46dadc4ccbf2","name":"admin"}]}},"_links":{"self":[{"href":"https:\/\/www.btv.md\/ro\/wp-json\/wp\/v2\/posts\/12263","targetHints":{"allow":["GET"]}}],"collection":[{"href":"https:\/\/www.btv.md\/ro\/wp-json\/wp\/v2\/posts"}],"about":[{"href":"https:\/\/www.btv.md\/ro\/wp-json\/wp\/v2\/types\/post"}],"author":[{"embeddable":true,"href":"https:\/\/www.btv.md\/ro\/wp-json\/wp\/v2\/users\/4"}],"replies":[{"embeddable":true,"href":"https:\/\/www.btv.md\/ro\/wp-json\/wp\/v2\/comments?post=12263"}],"version-history":[{"count":0,"href":"https:\/\/www.btv.md\/ro\/wp-json\/wp\/v2\/posts\/12263\/revisions"}],"wp:featuredmedia":[{"embeddable":true,"href":"https:\/\/www.btv.md\/ro\/wp-json\/wp\/v2\/media\/12264"}],"wp:attachment":[{"href":"https:\/\/www.btv.md\/ro\/wp-json\/wp\/v2\/media?parent=12263"}],"wp:term":[{"taxonomy":"category","embeddable":true,"href":"https:\/\/www.btv.md\/ro\/wp-json\/wp\/v2\/categories?post=12263"},{"taxonomy":"post_tag","embeddable":true,"href":"https:\/\/www.btv.md\/ro\/wp-json\/wp\/v2\/tags?post=12263"}],"curies":[{"name":"wp","href":"https:\/\/api.w.org\/{rel}","templated":true}]}}