{"id":12273,"date":"2016-05-10T12:10:46","date_gmt":"2016-05-10T09:10:46","guid":{"rendered":"http:\/\/btv.md\/?p=12273"},"modified":"2016-05-10T12:10:46","modified_gmt":"2016-05-10T09:10:46","slug":"cimitirul-evreiesc-din-soroca-vandalizat","status":"publish","type":"post","link":"https:\/\/www.btv.md\/ro\/cimitirul-evreiesc-din-soroca-vandalizat\/","title":{"rendered":"CIMITIRUL  EVREIESC  DIN  SOROCA, VANDALIZAT"},"content":{"rendered":"<p><strong>Trei minori de 12 \u015fi respectiv 13 ani, locuitori ai ora\u015fului Soroca, au fost re\u021binu\u021bi de poli\u021bie, dup\u0103 ce au distrus 14 morminte din cimitirul evreiesc din Soroca, scrie <a href=\"http:\/\/independent.md\/foto-cimitirul-evreiesc-din-soroca-vandalizat-trei-adolescenti-au-distrus-14-morminte\/#.VzGDPOS4LIU\" target=\"_blank\">independent.md<\/a>.<\/strong><\/p>\n<p>Fiind audia\u0163i \u00een prezen\u0163a p\u0103rin\u0163ilor, minorii au recunoscut c\u0103 pe 5 mai, curent, au mers \u00een cimitirul evreesc cu scopul de a g\u0103si copaci de cire\u015fi \u015fi de a se juca. Astfel, cei trei minori au deteriorat mai multe morminte din cimitirul evreesc.<\/p>\n<p>\u00cen acest caz, p\u0103rin\u0163ilor le-au fost ini\u0163iate o procedur\u0103 contraven\u0163ional\u0103 pentru \u201eNe\u00eendeplinirea obliga\u0163iilor de \u00eentre\u0163inere, de educare \u015fi de instruire a copilului\u201d.<\/p>\n<p>Materialele acumulate referitor la ac\u0163iunile minorilor urmeaz\u0103 a fi remise dup\u0103 competen\u0163\u0103 spre examinare c\u0103tre Procuratura raionului Soroca, unde vor decide dac\u0103 va fi pornit\u0103 sau nu, cauz\u0103 penal\u0103 pentru \u201eProfanarea mormintelor\u201d.<\/p>\n","protected":false},"excerpt":{"rendered":"<p>Trei minori de 12 \u015fi respectiv 13 ani, locuitori ai ora\u015fului Soroca, au fost re\u021binu\u021bi de poli\u021bie, dup\u0103 ce au distrus 14 morminte din cimitirul evreiesc din Soroca, scrie independent.md. Fiind audia\u0163i \u00een prezen\u0163a p\u0103rin\u0163ilor, minorii au recunoscut c\u0103 pe 5 mai, curent, au mers \u00een cimitirul evreesc cu scopul de a g\u0103si copaci de [&hellip;]<\/p>\n","protected":false},"author":4,"featured_media":12274,"comment_status":"closed","ping_status":"closed","sticky":false,"template":"","format":"standard","meta":{"footnotes":""},"categories":[6351],"tags":[],"class_list":["post-12273","post","type-post","status-publish","format-standard","has-post-thumbnail","hentry","category-incidente"],"yoast_head":"<!-- This site is optimized with the Yoast SEO plugin v27.4 - https:\/\/yoast.com\/product\/yoast-seo-wordpress\/ -->\n<title>CIMITIRUL EVREIESC DIN SOROCA, VANDALIZAT  - BTV<\/title>\n<meta name=\"robots\" content=\"index, follow, max-snippet:-1, max-image-preview:large, max-video-preview:-1\" \/>\n<link rel=\"canonical\" href=\"https:\/\/www.btv.md\/ro\/cimitirul-evreiesc-din-soroca-vandalizat\/\" \/>\n<meta property=\"og:locale\" content=\"ro_RO\" \/>\n<meta property=\"og:type\" content=\"article\" \/>\n<meta property=\"og:title\" content=\"CIMITIRUL EVREIESC DIN SOROCA, VANDALIZAT  - BTV\" \/>\n<meta property=\"og:description\" content=\"Trei minori de 12 \u015fi respectiv 13 ani, locuitori ai ora\u015fului Soroca, au fost re\u021binu\u021bi de poli\u021bie, dup\u0103 ce au distrus 14 morminte din cimitirul evreiesc din Soroca, scrie independent.md. Fiind audia\u0163i \u00een prezen\u0163a p\u0103rin\u0163ilor, minorii au recunoscut c\u0103 pe 5 mai, curent, au mers \u00een cimitirul evreesc cu scopul de a g\u0103si copaci de [&hellip;]\" \/>\n<meta property=\"og:url\" content=\"https:\/\/www.btv.md\/ro\/cimitirul-evreiesc-din-soroca-vandalizat\/\" \/>\n<meta property=\"og:site_name\" content=\"BTV\" \/>\n<meta property=\"article:publisher\" content=\"https:\/\/www.facebook.com\/btvmoldova\/\" \/>\n<meta property=\"article:published_time\" content=\"2016-05-10T09:10:46+00:00\" \/>\n<meta property=\"og:image\" content=\"https:\/\/www.btv.md\/wp-content\/uploads\/2016\/05\/13153428_463026713906935_1923930013_n.jpg\" \/>\n\t<meta property=\"og:image:width\" content=\"960\" \/>\n\t<meta property=\"og:image:height\" content=\"720\" \/>\n\t<meta property=\"og:image:type\" content=\"image\/jpeg\" \/>\n<meta name=\"author\" content=\"admin\" \/>\n<meta name=\"twitter:label1\" content=\"Scris de\" \/>\n\t<meta name=\"twitter:data1\" content=\"admin\" \/>\n\t<meta name=\"twitter:label2\" content=\"Timp estimat pentru citire\" \/>\n\t<meta name=\"twitter:data2\" content=\"1 minut\" \/>\n<script type=\"application\/ld+json\" class=\"yoast-schema-graph\">{\"@context\":\"https:\\\/\\\/schema.org\",\"@graph\":[{\"@type\":\"Article\",\"@id\":\"https:\\\/\\\/www.btv.md\\\/ro\\\/cimitirul-evreiesc-din-soroca-vandalizat\\\/#article\",\"isPartOf\":{\"@id\":\"https:\\\/\\\/www.btv.md\\\/ro\\\/cimitirul-evreiesc-din-soroca-vandalizat\\\/\"},\"author\":{\"name\":\"admin\",\"@id\":\"https:\\\/\\\/www.btv.md\\\/#\\\/schema\\\/person\\\/8fadce81561b3ce2c34c46dadc4ccbf2\"},\"headline\":\"CIMITIRUL EVREIESC DIN SOROCA, VANDALIZAT\",\"datePublished\":\"2016-05-10T09:10:46+00:00\",\"mainEntityOfPage\":{\"@id\":\"https:\\\/\\\/www.btv.md\\\/ro\\\/cimitirul-evreiesc-din-soroca-vandalizat\\\/\"},\"wordCount\":148,\"image\":{\"@id\":\"https:\\\/\\\/www.btv.md\\\/ro\\\/cimitirul-evreiesc-din-soroca-vandalizat\\\/#primaryimage\"},\"thumbnailUrl\":\"https:\\\/\\\/www.btv.md\\\/wp-content\\\/uploads\\\/2016\\\/05\\\/13153428_463026713906935_1923930013_n.jpg\",\"articleSection\":[\"Incidente\"],\"inLanguage\":\"ro-RO\"},{\"@type\":\"WebPage\",\"@id\":\"https:\\\/\\\/www.btv.md\\\/ro\\\/cimitirul-evreiesc-din-soroca-vandalizat\\\/\",\"url\":\"https:\\\/\\\/www.btv.md\\\/ro\\\/cimitirul-evreiesc-din-soroca-vandalizat\\\/\",\"name\":\"CIMITIRUL EVREIESC DIN SOROCA, VANDALIZAT - BTV\",\"isPartOf\":{\"@id\":\"https:\\\/\\\/www.btv.md\\\/#website\"},\"primaryImageOfPage\":{\"@id\":\"https:\\\/\\\/www.btv.md\\\/ro\\\/cimitirul-evreiesc-din-soroca-vandalizat\\\/#primaryimage\"},\"image\":{\"@id\":\"https:\\\/\\\/www.btv.md\\\/ro\\\/cimitirul-evreiesc-din-soroca-vandalizat\\\/#primaryimage\"},\"thumbnailUrl\":\"https:\\\/\\\/www.btv.md\\\/wp-content\\\/uploads\\\/2016\\\/05\\\/13153428_463026713906935_1923930013_n.jpg\",\"datePublished\":\"2016-05-10T09:10:46+00:00\",\"author\":{\"@id\":\"https:\\\/\\\/www.btv.md\\\/#\\\/schema\\\/person\\\/8fadce81561b3ce2c34c46dadc4ccbf2\"},\"inLanguage\":\"ro-RO\",\"potentialAction\":[{\"@type\":\"ReadAction\",\"target\":[\"https:\\\/\\\/www.btv.md\\\/ro\\\/cimitirul-evreiesc-din-soroca-vandalizat\\\/\"]}]},{\"@type\":\"ImageObject\",\"inLanguage\":\"ro-RO\",\"@id\":\"https:\\\/\\\/www.btv.md\\\/ro\\\/cimitirul-evreiesc-din-soroca-vandalizat\\\/#primaryimage\",\"url\":\"https:\\\/\\\/www.btv.md\\\/wp-content\\\/uploads\\\/2016\\\/05\\\/13153428_463026713906935_1923930013_n.jpg\",\"contentUrl\":\"https:\\\/\\\/www.btv.md\\\/wp-content\\\/uploads\\\/2016\\\/05\\\/13153428_463026713906935_1923930013_n.jpg\",\"width\":960,\"height\":720},{\"@type\":\"WebSite\",\"@id\":\"https:\\\/\\\/www.btv.md\\\/#website\",\"url\":\"https:\\\/\\\/www.btv.md\\\/\",\"name\":\"BTV\",\"description\":\"\u0411\u0435\u043b\u044c\u0446\u043a\u043e\u0435 \u0442\u0435\u043b\u0435\u0432\u0438\u0434\u0435\u043d\u0438\u0435\",\"potentialAction\":[{\"@type\":\"SearchAction\",\"target\":{\"@type\":\"EntryPoint\",\"urlTemplate\":\"https:\\\/\\\/www.btv.md\\\/?s={search_term_string}\"},\"query-input\":{\"@type\":\"PropertyValueSpecification\",\"valueRequired\":true,\"valueName\":\"search_term_string\"}}],\"inLanguage\":\"ro-RO\"},{\"@type\":\"Person\",\"@id\":\"https:\\\/\\\/www.btv.md\\\/#\\\/schema\\\/person\\\/8fadce81561b3ce2c34c46dadc4ccbf2\",\"name\":\"admin\"}]}<\/script>\n<!-- \/ Yoast SEO plugin. -->","yoast_head_json":{"title":"CIMITIRUL EVREIESC DIN SOROCA, VANDALIZAT  - BTV","robots":{"index":"index","follow":"follow","max-snippet":"max-snippet:-1","max-image-preview":"max-image-preview:large","max-video-preview":"max-video-preview:-1"},"canonical":"https:\/\/www.btv.md\/ro\/cimitirul-evreiesc-din-soroca-vandalizat\/","og_locale":"ro_RO","og_type":"article","og_title":"CIMITIRUL EVREIESC DIN SOROCA, VANDALIZAT  - BTV","og_description":"Trei minori de 12 \u015fi respectiv 13 ani, locuitori ai ora\u015fului Soroca, au fost re\u021binu\u021bi de poli\u021bie, dup\u0103 ce au distrus 14 morminte din cimitirul evreiesc din Soroca, scrie independent.md. Fiind audia\u0163i \u00een prezen\u0163a p\u0103rin\u0163ilor, minorii au recunoscut c\u0103 pe 5 mai, curent, au mers \u00een cimitirul evreesc cu scopul de a g\u0103si copaci de [&hellip;]","og_url":"https:\/\/www.btv.md\/ro\/cimitirul-evreiesc-din-soroca-vandalizat\/","og_site_name":"BTV","article_publisher":"https:\/\/www.facebook.com\/btvmoldova\/","article_published_time":"2016-05-10T09:10:46+00:00","og_image":[{"width":960,"height":720,"url":"https:\/\/www.btv.md\/wp-content\/uploads\/2016\/05\/13153428_463026713906935_1923930013_n.jpg","type":"image\/jpeg"}],"author":"admin","twitter_misc":{"Scris de":"admin","Timp estimat pentru citire":"1 minut"},"schema":{"@context":"https:\/\/schema.org","@graph":[{"@type":"Article","@id":"https:\/\/www.btv.md\/ro\/cimitirul-evreiesc-din-soroca-vandalizat\/#article","isPartOf":{"@id":"https:\/\/www.btv.md\/ro\/cimitirul-evreiesc-din-soroca-vandalizat\/"},"author":{"name":"admin","@id":"https:\/\/www.btv.md\/#\/schema\/person\/8fadce81561b3ce2c34c46dadc4ccbf2"},"headline":"CIMITIRUL EVREIESC DIN SOROCA, VANDALIZAT","datePublished":"2016-05-10T09:10:46+00:00","mainEntityOfPage":{"@id":"https:\/\/www.btv.md\/ro\/cimitirul-evreiesc-din-soroca-vandalizat\/"},"wordCount":148,"image":{"@id":"https:\/\/www.btv.md\/ro\/cimitirul-evreiesc-din-soroca-vandalizat\/#primaryimage"},"thumbnailUrl":"https:\/\/www.btv.md\/wp-content\/uploads\/2016\/05\/13153428_463026713906935_1923930013_n.jpg","articleSection":["Incidente"],"inLanguage":"ro-RO"},{"@type":"WebPage","@id":"https:\/\/www.btv.md\/ro\/cimitirul-evreiesc-din-soroca-vandalizat\/","url":"https:\/\/www.btv.md\/ro\/cimitirul-evreiesc-din-soroca-vandalizat\/","name":"CIMITIRUL EVREIESC DIN SOROCA, VANDALIZAT - BTV","isPartOf":{"@id":"https:\/\/www.btv.md\/#website"},"primaryImageOfPage":{"@id":"https:\/\/www.btv.md\/ro\/cimitirul-evreiesc-din-soroca-vandalizat\/#primaryimage"},"image":{"@id":"https:\/\/www.btv.md\/ro\/cimitirul-evreiesc-din-soroca-vandalizat\/#primaryimage"},"thumbnailUrl":"https:\/\/www.btv.md\/wp-content\/uploads\/2016\/05\/13153428_463026713906935_1923930013_n.jpg","datePublished":"2016-05-10T09:10:46+00:00","author":{"@id":"https:\/\/www.btv.md\/#\/schema\/person\/8fadce81561b3ce2c34c46dadc4ccbf2"},"inLanguage":"ro-RO","potentialAction":[{"@type":"ReadAction","target":["https:\/\/www.btv.md\/ro\/cimitirul-evreiesc-din-soroca-vandalizat\/"]}]},{"@type":"ImageObject","inLanguage":"ro-RO","@id":"https:\/\/www.btv.md\/ro\/cimitirul-evreiesc-din-soroca-vandalizat\/#primaryimage","url":"https:\/\/www.btv.md\/wp-content\/uploads\/2016\/05\/13153428_463026713906935_1923930013_n.jpg","contentUrl":"https:\/\/www.btv.md\/wp-content\/uploads\/2016\/05\/13153428_463026713906935_1923930013_n.jpg","width":960,"height":720},{"@type":"WebSite","@id":"https:\/\/www.btv.md\/#website","url":"https:\/\/www.btv.md\/","name":"BTV","description":"\u0411\u0435\u043b\u044c\u0446\u043a\u043e\u0435 \u0442\u0435\u043b\u0435\u0432\u0438\u0434\u0435\u043d\u0438\u0435","potentialAction":[{"@type":"SearchAction","target":{"@type":"EntryPoint","urlTemplate":"https:\/\/www.btv.md\/?s={search_term_string}"},"query-input":{"@type":"PropertyValueSpecification","valueRequired":true,"valueName":"search_term_string"}}],"inLanguage":"ro-RO"},{"@type":"Person","@id":"https:\/\/www.btv.md\/#\/schema\/person\/8fadce81561b3ce2c34c46dadc4ccbf2","name":"admin"}]}},"_links":{"self":[{"href":"https:\/\/www.btv.md\/ro\/wp-json\/wp\/v2\/posts\/12273","targetHints":{"allow":["GET"]}}],"collection":[{"href":"https:\/\/www.btv.md\/ro\/wp-json\/wp\/v2\/posts"}],"about":[{"href":"https:\/\/www.btv.md\/ro\/wp-json\/wp\/v2\/types\/post"}],"author":[{"embeddable":true,"href":"https:\/\/www.btv.md\/ro\/wp-json\/wp\/v2\/users\/4"}],"replies":[{"embeddable":true,"href":"https:\/\/www.btv.md\/ro\/wp-json\/wp\/v2\/comments?post=12273"}],"version-history":[{"count":0,"href":"https:\/\/www.btv.md\/ro\/wp-json\/wp\/v2\/posts\/12273\/revisions"}],"wp:featuredmedia":[{"embeddable":true,"href":"https:\/\/www.btv.md\/ro\/wp-json\/wp\/v2\/media\/12274"}],"wp:attachment":[{"href":"https:\/\/www.btv.md\/ro\/wp-json\/wp\/v2\/media?parent=12273"}],"wp:term":[{"taxonomy":"category","embeddable":true,"href":"https:\/\/www.btv.md\/ro\/wp-json\/wp\/v2\/categories?post=12273"},{"taxonomy":"post_tag","embeddable":true,"href":"https:\/\/www.btv.md\/ro\/wp-json\/wp\/v2\/tags?post=12273"}],"curies":[{"name":"wp","href":"https:\/\/api.w.org\/{rel}","templated":true}]}}