{"id":12321,"date":"2016-05-10T17:01:23","date_gmt":"2016-05-10T14:01:23","guid":{"rendered":"http:\/\/btv.md\/?p=12321"},"modified":"2016-05-10T17:01:23","modified_gmt":"2016-05-10T14:01:23","slug":"expozitie-de-masini-retro-la-balti","status":"publish","type":"post","link":"https:\/\/www.btv.md\/ro\/expozitie-de-masini-retro-la-balti\/","title":{"rendered":"EXPOZI\u021aIE  DE  MA\u0218INI  RETRO  LA  B\u0102L\u021aI"},"content":{"rendered":"<p><strong>De ziua Victoriei, \u00een fa\u021ba Prim\u0103riei municipiului B\u0103l\u021bi a avut loc o expozi\u021bie a ma\u0219inilor de epoc\u0103. Zeci de b\u0103l\u021beni au admirat cu sufletul la gur\u0103 aceste bijuterii pe patru ro\u021bii.<\/strong><\/p>\n<p>Proprietarii autovechiculelor spun c\u0103 ini\u021bial aceste ma\u0219ini se aflau \u00eentr-o stare deplorabil\u0103, multe dintre ele au fost g\u0103site chiar la groapa de gunoi. <\/p>\n<p>Punctul culminant al aceste expozi\u021biei a fost un Citroen de culoare galben\u0103, identic cu cel al marelui comedian francez Luis de Fines. Proprietarul ma\u0219inii spune c\u0103 a avut nevoie de un an \u0219i jum\u0103tate pentru  restaurarea automobilului.<\/p>\n<p>Frumuse\u0163ea acestor bijuterii pe patru ro\u0163i a atras privirile b\u0103l\u021benilor. Mul\u021bi din ei chiar au \u0219i  pozat l\u00e2ng\u0103 acestea.<\/p>\n<p>La expozi\u021bie au fost expuse peste 10 ma\u0219ini retro.<\/p>\n<p><iframe width=\"420\" height=\"315\" data-src=\"https:\/\/www.youtube.com\/embed\/Ue0c-Uzyj0k\" frameborder=\"0\" allowfullscreen src=\"data:image\/svg+xml;base64,PHN2ZyB3aWR0aD0iMSIgaGVpZ2h0PSIxIiB4bWxucz0iaHR0cDovL3d3dy53My5vcmcvMjAwMC9zdmciPjwvc3ZnPg==\" class=\"lazyload\" data-load-mode=\"1\"><\/iframe><\/p>\n","protected":false},"excerpt":{"rendered":"<p>De ziua Victoriei, \u00een fa\u021ba Prim\u0103riei municipiului B\u0103l\u021bi a avut loc o expozi\u021bie a ma\u0219inilor de epoc\u0103. Zeci de b\u0103l\u021beni au admirat cu sufletul la gur\u0103 aceste bijuterii pe patru ro\u021bii. Proprietarii autovechiculelor spun c\u0103 ini\u021bial aceste ma\u0219ini se aflau \u00eentr-o stare deplorabil\u0103, multe dintre ele au fost g\u0103site chiar la groapa de gunoi. Punctul [&hellip;]<\/p>\n","protected":false},"author":4,"featured_media":12322,"comment_status":"closed","ping_status":"closed","sticky":false,"template":"","format":"standard","meta":{"footnotes":""},"categories":[6353],"tags":[],"class_list":["post-12321","post","type-post","status-publish","format-standard","has-post-thumbnail","hentry","category-oras"],"yoast_head":"<!-- This site is optimized with the Yoast SEO plugin v27.4 - https:\/\/yoast.com\/product\/yoast-seo-wordpress\/ -->\n<title>EXPOZI\u021aIE DE MA\u0218INI RETRO LA B\u0102L\u021aI - BTV<\/title>\n<meta name=\"robots\" content=\"index, follow, max-snippet:-1, max-image-preview:large, max-video-preview:-1\" \/>\n<link rel=\"canonical\" href=\"https:\/\/www.btv.md\/ro\/expozitie-de-masini-retro-la-balti\/\" \/>\n<meta property=\"og:locale\" content=\"ro_RO\" \/>\n<meta property=\"og:type\" content=\"article\" \/>\n<meta property=\"og:title\" content=\"EXPOZI\u021aIE DE MA\u0218INI RETRO LA B\u0102L\u021aI - BTV\" \/>\n<meta property=\"og:description\" content=\"De ziua Victoriei, \u00een fa\u021ba Prim\u0103riei municipiului B\u0103l\u021bi a avut loc o expozi\u021bie a ma\u0219inilor de epoc\u0103. Zeci de b\u0103l\u021beni au admirat cu sufletul la gur\u0103 aceste bijuterii pe patru ro\u021bii. Proprietarii autovechiculelor spun c\u0103 ini\u021bial aceste ma\u0219ini se aflau \u00eentr-o stare deplorabil\u0103, multe dintre ele au fost g\u0103site chiar la groapa de gunoi. Punctul [&hellip;]\" \/>\n<meta property=\"og:url\" content=\"https:\/\/www.btv.md\/ro\/expozitie-de-masini-retro-la-balti\/\" \/>\n<meta property=\"og:site_name\" content=\"BTV\" \/>\n<meta property=\"article:publisher\" content=\"https:\/\/www.facebook.com\/btvmoldova\/\" \/>\n<meta property=\"article:published_time\" content=\"2016-05-10T14:01:23+00:00\" \/>\n<meta property=\"og:image\" content=\"https:\/\/www.btv.md\/wp-content\/uploads\/2016\/05\/retromasini.png\" \/>\n\t<meta property=\"og:image:width\" content=\"1019\" \/>\n\t<meta property=\"og:image:height\" content=\"589\" \/>\n\t<meta property=\"og:image:type\" content=\"image\/png\" \/>\n<meta name=\"author\" content=\"admin\" \/>\n<meta name=\"twitter:label1\" content=\"Scris de\" \/>\n\t<meta name=\"twitter:data1\" content=\"admin\" \/>\n\t<meta name=\"twitter:label2\" content=\"Timp estimat pentru citire\" \/>\n\t<meta name=\"twitter:data2\" content=\"1 minut\" \/>\n<script type=\"application\/ld+json\" class=\"yoast-schema-graph\">{\"@context\":\"https:\\\/\\\/schema.org\",\"@graph\":[{\"@type\":\"Article\",\"@id\":\"https:\\\/\\\/www.btv.md\\\/ro\\\/expozitie-de-masini-retro-la-balti\\\/#article\",\"isPartOf\":{\"@id\":\"https:\\\/\\\/www.btv.md\\\/ro\\\/expozitie-de-masini-retro-la-balti\\\/\"},\"author\":{\"name\":\"admin\",\"@id\":\"https:\\\/\\\/www.btv.md\\\/#\\\/schema\\\/person\\\/8fadce81561b3ce2c34c46dadc4ccbf2\"},\"headline\":\"EXPOZI\u021aIE DE MA\u0218INI RETRO LA B\u0102L\u021aI\",\"datePublished\":\"2016-05-10T14:01:23+00:00\",\"mainEntityOfPage\":{\"@id\":\"https:\\\/\\\/www.btv.md\\\/ro\\\/expozitie-de-masini-retro-la-balti\\\/\"},\"wordCount\":151,\"image\":{\"@id\":\"https:\\\/\\\/www.btv.md\\\/ro\\\/expozitie-de-masini-retro-la-balti\\\/#primaryimage\"},\"thumbnailUrl\":\"https:\\\/\\\/www.btv.md\\\/wp-content\\\/uploads\\\/2016\\\/05\\\/retromasini.png\",\"articleSection\":[\"Ora\u0219\"],\"inLanguage\":\"ro-RO\"},{\"@type\":\"WebPage\",\"@id\":\"https:\\\/\\\/www.btv.md\\\/ro\\\/expozitie-de-masini-retro-la-balti\\\/\",\"url\":\"https:\\\/\\\/www.btv.md\\\/ro\\\/expozitie-de-masini-retro-la-balti\\\/\",\"name\":\"EXPOZI\u021aIE DE MA\u0218INI RETRO LA B\u0102L\u021aI - BTV\",\"isPartOf\":{\"@id\":\"https:\\\/\\\/www.btv.md\\\/#website\"},\"primaryImageOfPage\":{\"@id\":\"https:\\\/\\\/www.btv.md\\\/ro\\\/expozitie-de-masini-retro-la-balti\\\/#primaryimage\"},\"image\":{\"@id\":\"https:\\\/\\\/www.btv.md\\\/ro\\\/expozitie-de-masini-retro-la-balti\\\/#primaryimage\"},\"thumbnailUrl\":\"https:\\\/\\\/www.btv.md\\\/wp-content\\\/uploads\\\/2016\\\/05\\\/retromasini.png\",\"datePublished\":\"2016-05-10T14:01:23+00:00\",\"author\":{\"@id\":\"https:\\\/\\\/www.btv.md\\\/#\\\/schema\\\/person\\\/8fadce81561b3ce2c34c46dadc4ccbf2\"},\"inLanguage\":\"ro-RO\",\"potentialAction\":[{\"@type\":\"ReadAction\",\"target\":[\"https:\\\/\\\/www.btv.md\\\/ro\\\/expozitie-de-masini-retro-la-balti\\\/\"]}]},{\"@type\":\"ImageObject\",\"inLanguage\":\"ro-RO\",\"@id\":\"https:\\\/\\\/www.btv.md\\\/ro\\\/expozitie-de-masini-retro-la-balti\\\/#primaryimage\",\"url\":\"https:\\\/\\\/www.btv.md\\\/wp-content\\\/uploads\\\/2016\\\/05\\\/retromasini.png\",\"contentUrl\":\"https:\\\/\\\/www.btv.md\\\/wp-content\\\/uploads\\\/2016\\\/05\\\/retromasini.png\",\"width\":1019,\"height\":589},{\"@type\":\"WebSite\",\"@id\":\"https:\\\/\\\/www.btv.md\\\/#website\",\"url\":\"https:\\\/\\\/www.btv.md\\\/\",\"name\":\"BTV\",\"description\":\"\u0411\u0435\u043b\u044c\u0446\u043a\u043e\u0435 \u0442\u0435\u043b\u0435\u0432\u0438\u0434\u0435\u043d\u0438\u0435\",\"potentialAction\":[{\"@type\":\"SearchAction\",\"target\":{\"@type\":\"EntryPoint\",\"urlTemplate\":\"https:\\\/\\\/www.btv.md\\\/?s={search_term_string}\"},\"query-input\":{\"@type\":\"PropertyValueSpecification\",\"valueRequired\":true,\"valueName\":\"search_term_string\"}}],\"inLanguage\":\"ro-RO\"},{\"@type\":\"Person\",\"@id\":\"https:\\\/\\\/www.btv.md\\\/#\\\/schema\\\/person\\\/8fadce81561b3ce2c34c46dadc4ccbf2\",\"name\":\"admin\"}]}<\/script>\n<!-- \/ Yoast SEO plugin. -->","yoast_head_json":{"title":"EXPOZI\u021aIE DE MA\u0218INI RETRO LA B\u0102L\u021aI - BTV","robots":{"index":"index","follow":"follow","max-snippet":"max-snippet:-1","max-image-preview":"max-image-preview:large","max-video-preview":"max-video-preview:-1"},"canonical":"https:\/\/www.btv.md\/ro\/expozitie-de-masini-retro-la-balti\/","og_locale":"ro_RO","og_type":"article","og_title":"EXPOZI\u021aIE DE MA\u0218INI RETRO LA B\u0102L\u021aI - BTV","og_description":"De ziua Victoriei, \u00een fa\u021ba Prim\u0103riei municipiului B\u0103l\u021bi a avut loc o expozi\u021bie a ma\u0219inilor de epoc\u0103. Zeci de b\u0103l\u021beni au admirat cu sufletul la gur\u0103 aceste bijuterii pe patru ro\u021bii. Proprietarii autovechiculelor spun c\u0103 ini\u021bial aceste ma\u0219ini se aflau \u00eentr-o stare deplorabil\u0103, multe dintre ele au fost g\u0103site chiar la groapa de gunoi. Punctul [&hellip;]","og_url":"https:\/\/www.btv.md\/ro\/expozitie-de-masini-retro-la-balti\/","og_site_name":"BTV","article_publisher":"https:\/\/www.facebook.com\/btvmoldova\/","article_published_time":"2016-05-10T14:01:23+00:00","og_image":[{"width":1019,"height":589,"url":"https:\/\/www.btv.md\/wp-content\/uploads\/2016\/05\/retromasini.png","type":"image\/png"}],"author":"admin","twitter_misc":{"Scris de":"admin","Timp estimat pentru citire":"1 minut"},"schema":{"@context":"https:\/\/schema.org","@graph":[{"@type":"Article","@id":"https:\/\/www.btv.md\/ro\/expozitie-de-masini-retro-la-balti\/#article","isPartOf":{"@id":"https:\/\/www.btv.md\/ro\/expozitie-de-masini-retro-la-balti\/"},"author":{"name":"admin","@id":"https:\/\/www.btv.md\/#\/schema\/person\/8fadce81561b3ce2c34c46dadc4ccbf2"},"headline":"EXPOZI\u021aIE DE MA\u0218INI RETRO LA B\u0102L\u021aI","datePublished":"2016-05-10T14:01:23+00:00","mainEntityOfPage":{"@id":"https:\/\/www.btv.md\/ro\/expozitie-de-masini-retro-la-balti\/"},"wordCount":151,"image":{"@id":"https:\/\/www.btv.md\/ro\/expozitie-de-masini-retro-la-balti\/#primaryimage"},"thumbnailUrl":"https:\/\/www.btv.md\/wp-content\/uploads\/2016\/05\/retromasini.png","articleSection":["Ora\u0219"],"inLanguage":"ro-RO"},{"@type":"WebPage","@id":"https:\/\/www.btv.md\/ro\/expozitie-de-masini-retro-la-balti\/","url":"https:\/\/www.btv.md\/ro\/expozitie-de-masini-retro-la-balti\/","name":"EXPOZI\u021aIE DE MA\u0218INI RETRO LA B\u0102L\u021aI - BTV","isPartOf":{"@id":"https:\/\/www.btv.md\/#website"},"primaryImageOfPage":{"@id":"https:\/\/www.btv.md\/ro\/expozitie-de-masini-retro-la-balti\/#primaryimage"},"image":{"@id":"https:\/\/www.btv.md\/ro\/expozitie-de-masini-retro-la-balti\/#primaryimage"},"thumbnailUrl":"https:\/\/www.btv.md\/wp-content\/uploads\/2016\/05\/retromasini.png","datePublished":"2016-05-10T14:01:23+00:00","author":{"@id":"https:\/\/www.btv.md\/#\/schema\/person\/8fadce81561b3ce2c34c46dadc4ccbf2"},"inLanguage":"ro-RO","potentialAction":[{"@type":"ReadAction","target":["https:\/\/www.btv.md\/ro\/expozitie-de-masini-retro-la-balti\/"]}]},{"@type":"ImageObject","inLanguage":"ro-RO","@id":"https:\/\/www.btv.md\/ro\/expozitie-de-masini-retro-la-balti\/#primaryimage","url":"https:\/\/www.btv.md\/wp-content\/uploads\/2016\/05\/retromasini.png","contentUrl":"https:\/\/www.btv.md\/wp-content\/uploads\/2016\/05\/retromasini.png","width":1019,"height":589},{"@type":"WebSite","@id":"https:\/\/www.btv.md\/#website","url":"https:\/\/www.btv.md\/","name":"BTV","description":"\u0411\u0435\u043b\u044c\u0446\u043a\u043e\u0435 \u0442\u0435\u043b\u0435\u0432\u0438\u0434\u0435\u043d\u0438\u0435","potentialAction":[{"@type":"SearchAction","target":{"@type":"EntryPoint","urlTemplate":"https:\/\/www.btv.md\/?s={search_term_string}"},"query-input":{"@type":"PropertyValueSpecification","valueRequired":true,"valueName":"search_term_string"}}],"inLanguage":"ro-RO"},{"@type":"Person","@id":"https:\/\/www.btv.md\/#\/schema\/person\/8fadce81561b3ce2c34c46dadc4ccbf2","name":"admin"}]}},"_links":{"self":[{"href":"https:\/\/www.btv.md\/ro\/wp-json\/wp\/v2\/posts\/12321","targetHints":{"allow":["GET"]}}],"collection":[{"href":"https:\/\/www.btv.md\/ro\/wp-json\/wp\/v2\/posts"}],"about":[{"href":"https:\/\/www.btv.md\/ro\/wp-json\/wp\/v2\/types\/post"}],"author":[{"embeddable":true,"href":"https:\/\/www.btv.md\/ro\/wp-json\/wp\/v2\/users\/4"}],"replies":[{"embeddable":true,"href":"https:\/\/www.btv.md\/ro\/wp-json\/wp\/v2\/comments?post=12321"}],"version-history":[{"count":0,"href":"https:\/\/www.btv.md\/ro\/wp-json\/wp\/v2\/posts\/12321\/revisions"}],"wp:featuredmedia":[{"embeddable":true,"href":"https:\/\/www.btv.md\/ro\/wp-json\/wp\/v2\/media\/12322"}],"wp:attachment":[{"href":"https:\/\/www.btv.md\/ro\/wp-json\/wp\/v2\/media?parent=12321"}],"wp:term":[{"taxonomy":"category","embeddable":true,"href":"https:\/\/www.btv.md\/ro\/wp-json\/wp\/v2\/categories?post=12321"},{"taxonomy":"post_tag","embeddable":true,"href":"https:\/\/www.btv.md\/ro\/wp-json\/wp\/v2\/tags?post=12321"}],"curies":[{"name":"wp","href":"https:\/\/api.w.org\/{rel}","templated":true}]}}