{"id":123782,"date":"2021-04-19T15:23:02","date_gmt":"2021-04-19T12:23:02","guid":{"rendered":"http:\/\/www.btv.md\/?p=123782"},"modified":"2021-04-19T15:23:02","modified_gmt":"2021-04-19T12:23:02","slug":"doi-barbati-retinuti-in-flagrant-in-timp-ce-vindeau-droguri-unor-militari-ai-armatei-nationale","status":"publish","type":"post","link":"https:\/\/www.btv.md\/ro\/doi-barbati-retinuti-in-flagrant-in-timp-ce-vindeau-droguri-unor-militari-ai-armatei-nationale\/","title":{"rendered":"Doi b\u0103rba\u021bi, re\u021binu\u021bi \u00een flagrant \u00een timp ce vindeau droguri unor militari ai Armatei Na\u021bionale"},"content":{"rendered":"<p class=\"preamble\"><strong>Doi b\u0103rba\u021bi de 32 \u0219i 41 de ani, originari din raionul Cahul, au fost re\u021binu\u021bi \u00een flagrant \u00een timp ce vindeau droguri la consumatori. Cump\u0103r\u0103torii s-au dovedit a fi \u00a0doi militari ai Armatei Na\u021bionale, scrie <a href=\"https:\/\/agora.md\/stiri\/86973\/doi-barbati-retinuti-in-flagrant-in-timp-ce-vindeau-droguri-unor-militari-ai-armatei-nationale\">agora.md<\/a>.<\/strong><\/p>\n<p>Poli\u021bi\u0219tii au stabilit c\u0103 suspec\u021bii\u00a0cultivau plante de c\u00e2nep\u0103, apoi vindeau mugurii de canabis \u0219i a marijuanei.<\/p>\n<p>\u00cen urma perchezi\u021biilor efectuate la domiciliile \u0219i automobilele suspec\u021bilor, poli\u021bi\u0219tii au\u00a0\u00a0depistat peste dou\u0103 kg de marijuan\u0103, bani proveni\u021bi din realizarea drogurilor, c\u00e2ntare la scara mic\u0103, precum \u0219i dispozitive destinate consumului de droguri.<\/p>\n<p>Drogurile erau v\u00e2ndute de la 150 p\u00e2n\u0103 la 200 lei per gram. Astfel, dac\u0103 membrii grup\u0103rii infrac\u021bionale\u00a0\u00ee\u0219i realizau scopul infrac\u021bional, urmau s\u0103 ob\u021bin\u0103 un venit de aproximativ 400 de mii\u00a0de lei din v\u00e2nzarea \u00eentregii cantit\u0103\u021bi de droguri aflate \u00een posesie.<\/p>\n<p>Men\u021bion\u0103m c\u0103, militarii sunt cerceta\u021bi penal pentru p\u0103strare de droguri, la ace\u0219tia au fost depistate c\u00e2teva zeci de grame de droguri.<\/p>\n<p>\u00cen cazul \u00een care le va fi demonstrat\u0103 vinov\u0103\u021bia,\u00a0\u00a0cei doi b\u0103rba\u021bi, suspecta\u021bi de comercializarea drogurilor risc\u0103\u00a0\u00eenchisoare pe un termen de la \u0219apte p\u00e2n\u0103 la 15 ani.<\/p>\n<p>Foto: agora.md.<\/p>\n","protected":false},"excerpt":{"rendered":"<p>Doi b\u0103rba\u021bi de 32 \u0219i 41 de ani, originari din raionul Cahul, au fost re\u021binu\u021bi \u00een flagrant \u00een timp ce vindeau droguri la consumatori. Cump\u0103r\u0103torii s-au dovedit a fi \u00a0doi militari ai Armatei Na\u021bionale, scrie agora.md. Poli\u021bi\u0219tii au stabilit c\u0103 suspec\u021bii\u00a0cultivau plante de c\u00e2nep\u0103, apoi vindeau mugurii de canabis \u0219i a marijuanei. \u00cen urma perchezi\u021biilor [&hellip;]<\/p>\n","protected":false},"author":4,"featured_media":123783,"comment_status":"closed","ping_status":"closed","sticky":false,"template":"","format":"standard","meta":{"footnotes":""},"categories":[6349],"tags":[23592,24190],"class_list":["post-123782","post","type-post","status-publish","format-standard","has-post-thumbnail","hentry","category-social","tag-doi-barbati","tag-retinuti-in-flagrant-in-timp-ce-vindeau-droguri-unor-militari-ai-armatei-nationale"],"yoast_head":"<!-- This site is optimized with the Yoast SEO plugin v27.4 - https:\/\/yoast.com\/product\/yoast-seo-wordpress\/ -->\n<title>Doi b\u0103rba\u021bi, re\u021binu\u021bi \u00een flagrant \u00een timp ce vindeau droguri unor militari ai Armatei Na\u021bionale - BTV<\/title>\n<meta name=\"robots\" content=\"index, follow, max-snippet:-1, max-image-preview:large, max-video-preview:-1\" \/>\n<link rel=\"canonical\" href=\"https:\/\/www.btv.md\/ro\/doi-barbati-retinuti-in-flagrant-in-timp-ce-vindeau-droguri-unor-militari-ai-armatei-nationale\/\" \/>\n<meta property=\"og:locale\" content=\"ro_RO\" \/>\n<meta property=\"og:type\" content=\"article\" \/>\n<meta property=\"og:title\" content=\"Doi b\u0103rba\u021bi, re\u021binu\u021bi \u00een flagrant \u00een timp ce vindeau droguri unor militari ai Armatei Na\u021bionale - BTV\" \/>\n<meta property=\"og:description\" content=\"Doi b\u0103rba\u021bi de 32 \u0219i 41 de ani, originari din raionul Cahul, au fost re\u021binu\u021bi \u00een flagrant \u00een timp ce vindeau droguri la consumatori. Cump\u0103r\u0103torii s-au dovedit a fi \u00a0doi militari ai Armatei Na\u021bionale, scrie agora.md. Poli\u021bi\u0219tii au stabilit c\u0103 suspec\u021bii\u00a0cultivau plante de c\u00e2nep\u0103, apoi vindeau mugurii de canabis \u0219i a marijuanei. \u00cen urma perchezi\u021biilor [&hellip;]\" \/>\n<meta property=\"og:url\" content=\"https:\/\/www.btv.md\/ro\/doi-barbati-retinuti-in-flagrant-in-timp-ce-vindeau-droguri-unor-militari-ai-armatei-nationale\/\" \/>\n<meta property=\"og:site_name\" content=\"BTV\" \/>\n<meta property=\"article:publisher\" content=\"https:\/\/www.facebook.com\/btvmoldova\/\" \/>\n<meta property=\"article:published_time\" content=\"2021-04-19T12:23:02+00:00\" \/>\n<meta property=\"og:image\" content=\"https:\/\/www.btv.md\/wp-content\/uploads\/2021\/04\/doi-barbati-retinuti-in-flagrant-in-timp-ce-vindeau-droguri-unor-militari-ai-armatei-nationale-166493-1618827183.jpg\" \/>\n\t<meta property=\"og:image:width\" content=\"1200\" \/>\n\t<meta property=\"og:image:height\" content=\"675\" \/>\n\t<meta property=\"og:image:type\" content=\"image\/jpeg\" \/>\n<meta name=\"author\" content=\"admin\" \/>\n<meta name=\"twitter:label1\" content=\"Scris de\" \/>\n\t<meta name=\"twitter:data1\" content=\"admin\" \/>\n\t<meta name=\"twitter:label2\" content=\"Timp estimat pentru citire\" \/>\n\t<meta name=\"twitter:data2\" content=\"1 minut\" \/>\n<script type=\"application\/ld+json\" class=\"yoast-schema-graph\">{\"@context\":\"https:\\\/\\\/schema.org\",\"@graph\":[{\"@type\":\"Article\",\"@id\":\"https:\\\/\\\/www.btv.md\\\/ro\\\/doi-barbati-retinuti-in-flagrant-in-timp-ce-vindeau-droguri-unor-militari-ai-armatei-nationale\\\/#article\",\"isPartOf\":{\"@id\":\"https:\\\/\\\/www.btv.md\\\/ro\\\/doi-barbati-retinuti-in-flagrant-in-timp-ce-vindeau-droguri-unor-militari-ai-armatei-nationale\\\/\"},\"author\":{\"name\":\"admin\",\"@id\":\"https:\\\/\\\/www.btv.md\\\/#\\\/schema\\\/person\\\/8fadce81561b3ce2c34c46dadc4ccbf2\"},\"headline\":\"Doi b\u0103rba\u021bi, re\u021binu\u021bi \u00een flagrant \u00een timp ce vindeau droguri unor militari ai Armatei Na\u021bionale\",\"datePublished\":\"2021-04-19T12:23:02+00:00\",\"mainEntityOfPage\":{\"@id\":\"https:\\\/\\\/www.btv.md\\\/ro\\\/doi-barbati-retinuti-in-flagrant-in-timp-ce-vindeau-droguri-unor-militari-ai-armatei-nationale\\\/\"},\"wordCount\":231,\"image\":{\"@id\":\"https:\\\/\\\/www.btv.md\\\/ro\\\/doi-barbati-retinuti-in-flagrant-in-timp-ce-vindeau-droguri-unor-militari-ai-armatei-nationale\\\/#primaryimage\"},\"thumbnailUrl\":\"https:\\\/\\\/www.btv.md\\\/wp-content\\\/uploads\\\/2021\\\/04\\\/doi-barbati-retinuti-in-flagrant-in-timp-ce-vindeau-droguri-unor-militari-ai-armatei-nationale-166493-1618827183.jpg\",\"keywords\":[\"Doi b\u0103rba\u021bi\",\"re\u021binu\u021bi \u00een flagrant \u00een timp ce vindeau droguri unor militari ai Armatei Na\u021bionale\"],\"articleSection\":[\"Social\"],\"inLanguage\":\"ro-RO\"},{\"@type\":\"WebPage\",\"@id\":\"https:\\\/\\\/www.btv.md\\\/ro\\\/doi-barbati-retinuti-in-flagrant-in-timp-ce-vindeau-droguri-unor-militari-ai-armatei-nationale\\\/\",\"url\":\"https:\\\/\\\/www.btv.md\\\/ro\\\/doi-barbati-retinuti-in-flagrant-in-timp-ce-vindeau-droguri-unor-militari-ai-armatei-nationale\\\/\",\"name\":\"Doi b\u0103rba\u021bi, re\u021binu\u021bi \u00een flagrant \u00een timp ce vindeau droguri unor militari ai Armatei Na\u021bionale - BTV\",\"isPartOf\":{\"@id\":\"https:\\\/\\\/www.btv.md\\\/#website\"},\"primaryImageOfPage\":{\"@id\":\"https:\\\/\\\/www.btv.md\\\/ro\\\/doi-barbati-retinuti-in-flagrant-in-timp-ce-vindeau-droguri-unor-militari-ai-armatei-nationale\\\/#primaryimage\"},\"image\":{\"@id\":\"https:\\\/\\\/www.btv.md\\\/ro\\\/doi-barbati-retinuti-in-flagrant-in-timp-ce-vindeau-droguri-unor-militari-ai-armatei-nationale\\\/#primaryimage\"},\"thumbnailUrl\":\"https:\\\/\\\/www.btv.md\\\/wp-content\\\/uploads\\\/2021\\\/04\\\/doi-barbati-retinuti-in-flagrant-in-timp-ce-vindeau-droguri-unor-militari-ai-armatei-nationale-166493-1618827183.jpg\",\"datePublished\":\"2021-04-19T12:23:02+00:00\",\"author\":{\"@id\":\"https:\\\/\\\/www.btv.md\\\/#\\\/schema\\\/person\\\/8fadce81561b3ce2c34c46dadc4ccbf2\"},\"inLanguage\":\"ro-RO\",\"potentialAction\":[{\"@type\":\"ReadAction\",\"target\":[\"https:\\\/\\\/www.btv.md\\\/ro\\\/doi-barbati-retinuti-in-flagrant-in-timp-ce-vindeau-droguri-unor-militari-ai-armatei-nationale\\\/\"]}]},{\"@type\":\"ImageObject\",\"inLanguage\":\"ro-RO\",\"@id\":\"https:\\\/\\\/www.btv.md\\\/ro\\\/doi-barbati-retinuti-in-flagrant-in-timp-ce-vindeau-droguri-unor-militari-ai-armatei-nationale\\\/#primaryimage\",\"url\":\"https:\\\/\\\/www.btv.md\\\/wp-content\\\/uploads\\\/2021\\\/04\\\/doi-barbati-retinuti-in-flagrant-in-timp-ce-vindeau-droguri-unor-militari-ai-armatei-nationale-166493-1618827183.jpg\",\"contentUrl\":\"https:\\\/\\\/www.btv.md\\\/wp-content\\\/uploads\\\/2021\\\/04\\\/doi-barbati-retinuti-in-flagrant-in-timp-ce-vindeau-droguri-unor-militari-ai-armatei-nationale-166493-1618827183.jpg\",\"width\":1200,\"height\":675},{\"@type\":\"WebSite\",\"@id\":\"https:\\\/\\\/www.btv.md\\\/#website\",\"url\":\"https:\\\/\\\/www.btv.md\\\/\",\"name\":\"BTV\",\"description\":\"\u0411\u0435\u043b\u044c\u0446\u043a\u043e\u0435 \u0442\u0435\u043b\u0435\u0432\u0438\u0434\u0435\u043d\u0438\u0435\",\"potentialAction\":[{\"@type\":\"SearchAction\",\"target\":{\"@type\":\"EntryPoint\",\"urlTemplate\":\"https:\\\/\\\/www.btv.md\\\/?s={search_term_string}\"},\"query-input\":{\"@type\":\"PropertyValueSpecification\",\"valueRequired\":true,\"valueName\":\"search_term_string\"}}],\"inLanguage\":\"ro-RO\"},{\"@type\":\"Person\",\"@id\":\"https:\\\/\\\/www.btv.md\\\/#\\\/schema\\\/person\\\/8fadce81561b3ce2c34c46dadc4ccbf2\",\"name\":\"admin\"}]}<\/script>\n<!-- \/ Yoast SEO plugin. -->","yoast_head_json":{"title":"Doi b\u0103rba\u021bi, re\u021binu\u021bi \u00een flagrant \u00een timp ce vindeau droguri unor militari ai Armatei Na\u021bionale - BTV","robots":{"index":"index","follow":"follow","max-snippet":"max-snippet:-1","max-image-preview":"max-image-preview:large","max-video-preview":"max-video-preview:-1"},"canonical":"https:\/\/www.btv.md\/ro\/doi-barbati-retinuti-in-flagrant-in-timp-ce-vindeau-droguri-unor-militari-ai-armatei-nationale\/","og_locale":"ro_RO","og_type":"article","og_title":"Doi b\u0103rba\u021bi, re\u021binu\u021bi \u00een flagrant \u00een timp ce vindeau droguri unor militari ai Armatei Na\u021bionale - BTV","og_description":"Doi b\u0103rba\u021bi de 32 \u0219i 41 de ani, originari din raionul Cahul, au fost re\u021binu\u021bi \u00een flagrant \u00een timp ce vindeau droguri la consumatori. Cump\u0103r\u0103torii s-au dovedit a fi \u00a0doi militari ai Armatei Na\u021bionale, scrie agora.md. Poli\u021bi\u0219tii au stabilit c\u0103 suspec\u021bii\u00a0cultivau plante de c\u00e2nep\u0103, apoi vindeau mugurii de canabis \u0219i a marijuanei. \u00cen urma perchezi\u021biilor [&hellip;]","og_url":"https:\/\/www.btv.md\/ro\/doi-barbati-retinuti-in-flagrant-in-timp-ce-vindeau-droguri-unor-militari-ai-armatei-nationale\/","og_site_name":"BTV","article_publisher":"https:\/\/www.facebook.com\/btvmoldova\/","article_published_time":"2021-04-19T12:23:02+00:00","og_image":[{"width":1200,"height":675,"url":"https:\/\/www.btv.md\/wp-content\/uploads\/2021\/04\/doi-barbati-retinuti-in-flagrant-in-timp-ce-vindeau-droguri-unor-militari-ai-armatei-nationale-166493-1618827183.jpg","type":"image\/jpeg"}],"author":"admin","twitter_misc":{"Scris de":"admin","Timp estimat pentru citire":"1 minut"},"schema":{"@context":"https:\/\/schema.org","@graph":[{"@type":"Article","@id":"https:\/\/www.btv.md\/ro\/doi-barbati-retinuti-in-flagrant-in-timp-ce-vindeau-droguri-unor-militari-ai-armatei-nationale\/#article","isPartOf":{"@id":"https:\/\/www.btv.md\/ro\/doi-barbati-retinuti-in-flagrant-in-timp-ce-vindeau-droguri-unor-militari-ai-armatei-nationale\/"},"author":{"name":"admin","@id":"https:\/\/www.btv.md\/#\/schema\/person\/8fadce81561b3ce2c34c46dadc4ccbf2"},"headline":"Doi b\u0103rba\u021bi, re\u021binu\u021bi \u00een flagrant \u00een timp ce vindeau droguri unor militari ai Armatei Na\u021bionale","datePublished":"2021-04-19T12:23:02+00:00","mainEntityOfPage":{"@id":"https:\/\/www.btv.md\/ro\/doi-barbati-retinuti-in-flagrant-in-timp-ce-vindeau-droguri-unor-militari-ai-armatei-nationale\/"},"wordCount":231,"image":{"@id":"https:\/\/www.btv.md\/ro\/doi-barbati-retinuti-in-flagrant-in-timp-ce-vindeau-droguri-unor-militari-ai-armatei-nationale\/#primaryimage"},"thumbnailUrl":"https:\/\/www.btv.md\/wp-content\/uploads\/2021\/04\/doi-barbati-retinuti-in-flagrant-in-timp-ce-vindeau-droguri-unor-militari-ai-armatei-nationale-166493-1618827183.jpg","keywords":["Doi b\u0103rba\u021bi","re\u021binu\u021bi \u00een flagrant \u00een timp ce vindeau droguri unor militari ai Armatei Na\u021bionale"],"articleSection":["Social"],"inLanguage":"ro-RO"},{"@type":"WebPage","@id":"https:\/\/www.btv.md\/ro\/doi-barbati-retinuti-in-flagrant-in-timp-ce-vindeau-droguri-unor-militari-ai-armatei-nationale\/","url":"https:\/\/www.btv.md\/ro\/doi-barbati-retinuti-in-flagrant-in-timp-ce-vindeau-droguri-unor-militari-ai-armatei-nationale\/","name":"Doi b\u0103rba\u021bi, re\u021binu\u021bi \u00een flagrant \u00een timp ce vindeau droguri unor militari ai Armatei Na\u021bionale - BTV","isPartOf":{"@id":"https:\/\/www.btv.md\/#website"},"primaryImageOfPage":{"@id":"https:\/\/www.btv.md\/ro\/doi-barbati-retinuti-in-flagrant-in-timp-ce-vindeau-droguri-unor-militari-ai-armatei-nationale\/#primaryimage"},"image":{"@id":"https:\/\/www.btv.md\/ro\/doi-barbati-retinuti-in-flagrant-in-timp-ce-vindeau-droguri-unor-militari-ai-armatei-nationale\/#primaryimage"},"thumbnailUrl":"https:\/\/www.btv.md\/wp-content\/uploads\/2021\/04\/doi-barbati-retinuti-in-flagrant-in-timp-ce-vindeau-droguri-unor-militari-ai-armatei-nationale-166493-1618827183.jpg","datePublished":"2021-04-19T12:23:02+00:00","author":{"@id":"https:\/\/www.btv.md\/#\/schema\/person\/8fadce81561b3ce2c34c46dadc4ccbf2"},"inLanguage":"ro-RO","potentialAction":[{"@type":"ReadAction","target":["https:\/\/www.btv.md\/ro\/doi-barbati-retinuti-in-flagrant-in-timp-ce-vindeau-droguri-unor-militari-ai-armatei-nationale\/"]}]},{"@type":"ImageObject","inLanguage":"ro-RO","@id":"https:\/\/www.btv.md\/ro\/doi-barbati-retinuti-in-flagrant-in-timp-ce-vindeau-droguri-unor-militari-ai-armatei-nationale\/#primaryimage","url":"https:\/\/www.btv.md\/wp-content\/uploads\/2021\/04\/doi-barbati-retinuti-in-flagrant-in-timp-ce-vindeau-droguri-unor-militari-ai-armatei-nationale-166493-1618827183.jpg","contentUrl":"https:\/\/www.btv.md\/wp-content\/uploads\/2021\/04\/doi-barbati-retinuti-in-flagrant-in-timp-ce-vindeau-droguri-unor-militari-ai-armatei-nationale-166493-1618827183.jpg","width":1200,"height":675},{"@type":"WebSite","@id":"https:\/\/www.btv.md\/#website","url":"https:\/\/www.btv.md\/","name":"BTV","description":"\u0411\u0435\u043b\u044c\u0446\u043a\u043e\u0435 \u0442\u0435\u043b\u0435\u0432\u0438\u0434\u0435\u043d\u0438\u0435","potentialAction":[{"@type":"SearchAction","target":{"@type":"EntryPoint","urlTemplate":"https:\/\/www.btv.md\/?s={search_term_string}"},"query-input":{"@type":"PropertyValueSpecification","valueRequired":true,"valueName":"search_term_string"}}],"inLanguage":"ro-RO"},{"@type":"Person","@id":"https:\/\/www.btv.md\/#\/schema\/person\/8fadce81561b3ce2c34c46dadc4ccbf2","name":"admin"}]}},"_links":{"self":[{"href":"https:\/\/www.btv.md\/ro\/wp-json\/wp\/v2\/posts\/123782","targetHints":{"allow":["GET"]}}],"collection":[{"href":"https:\/\/www.btv.md\/ro\/wp-json\/wp\/v2\/posts"}],"about":[{"href":"https:\/\/www.btv.md\/ro\/wp-json\/wp\/v2\/types\/post"}],"author":[{"embeddable":true,"href":"https:\/\/www.btv.md\/ro\/wp-json\/wp\/v2\/users\/4"}],"replies":[{"embeddable":true,"href":"https:\/\/www.btv.md\/ro\/wp-json\/wp\/v2\/comments?post=123782"}],"version-history":[{"count":0,"href":"https:\/\/www.btv.md\/ro\/wp-json\/wp\/v2\/posts\/123782\/revisions"}],"wp:featuredmedia":[{"embeddable":true,"href":"https:\/\/www.btv.md\/ro\/wp-json\/wp\/v2\/media\/123783"}],"wp:attachment":[{"href":"https:\/\/www.btv.md\/ro\/wp-json\/wp\/v2\/media?parent=123782"}],"wp:term":[{"taxonomy":"category","embeddable":true,"href":"https:\/\/www.btv.md\/ro\/wp-json\/wp\/v2\/categories?post=123782"},{"taxonomy":"post_tag","embeddable":true,"href":"https:\/\/www.btv.md\/ro\/wp-json\/wp\/v2\/tags?post=123782"}],"curies":[{"name":"wp","href":"https:\/\/api.w.org\/{rel}","templated":true}]}}