{"id":12379,"date":"2016-05-11T14:03:52","date_gmt":"2016-05-11T11:03:52","guid":{"rendered":"http:\/\/btv.md\/?p=12379"},"modified":"2016-05-11T14:03:52","modified_gmt":"2016-05-11T11:03:52","slug":"anunt-important-pentru-moldovenii-cu-drept-de-vot-care-se-afla-in-strainatate","status":"publish","type":"post","link":"https:\/\/www.btv.md\/ro\/anunt-important-pentru-moldovenii-cu-drept-de-vot-care-se-afla-in-strainatate\/","title":{"rendered":"ANUN\u0162 IMPORTANT PENTRU MOLDOVENII CU DREPT DE VOT CARE SE AFL\u0102 \u00ceN STR\u0102IN\u0102TATE"},"content":{"rendered":"<p><strong>Din 10 mai 2016, cet\u0103\u0163enii Republicii Moldova cu drept de vot care se afl\u0103 \u00een str\u0103in\u0103tate se pot \u00eenregistra prealabil on-line pentru alegerile preziden\u021biale din 30 octombrie curent, transmite portalul de \u0219tiri CURENTUL.<\/strong><\/p>\n<p>Astfel, cet\u0103\u021benii moldoveni din str\u0103in\u0103tate s\u00eent invita\u021bi s\u0103 completeze la rubrica \u201d\u00cenregistrare prealabil\u0103\u201d de pe pagina www.alegator.md formularul de \u00eenregistrare \u015fi declara\u021bia electronic\u0103, prin care \u00ee\u0219i exprim\u0103 voin\u021ba de a participa la alegeri \u0219i atest\u0103 c\u0103 se afl\u0103 peste hotarele \u021b\u0103rii. Ulterior, aleg\u0103torul va primi confirmarea privind \u00eenregistrarea sa prealabil\u0103 la adresa de e-mail pe care a indicat-o \u00een formular. Perioada de \u00eenregistrare prealabil\u0103 se va \u00eencheia cu cel t\u00eerziu 40 de zile \u00eenainte de ziua alegerilor.<\/p>\n<p>Cet\u0103\u021benii de peste hotare care s-au \u00eenregistrat \u00een prealabil vor fi automat radia\u0163i din lista electoral\u0103 de baz\u0103 dup\u0103 locul de domiciliu din Moldova. Aceast\u0103 radiere va purta un caracter temporar \u0219i va fi valabil\u0103 doar pentru alegerile preziden\u021biale din anul curent.<\/p>\n<p>\u00cenregistrarea prealabil\u0103 a moldovenilor din str\u0103in\u0103tate va permite identificarea concentra\u021biilor majore de aleg\u0103tori \u00een vederea constituirii sec\u021biilor de votare suplimentare.<\/p>\n<p>Dup\u0103 finalizarea perioadei de \u00eenregistrare, informa\u021bia privind num\u0103rul de cet\u0103\u021beni care s-au \u00eenregistrat \u00een str\u0103in\u0103tate va fi transmis\u0103 de c\u0103tre CEC Guvernului Republicii Moldova pentru luarea deciziei asupra necesit\u0103\u021bii deschiderii sec\u021biilor de votare suplimentare \u00een afara misiunilor diplomatice \u0219i oficiilor consulare.<\/p>\n<p>Datele colectate \u00een urma \u00eenregistr\u0103rii prealabile vor fi prelucrate exclusiv pentru organizarea \u015fi desf\u0103\u015furarea alegerilor. Acestea vor fi protejate \u00een conformitate cu Legea privind protec\u0163ia datelor cu caracter personal \u015fi nu vor fi dezv\u0103luite nici unei institu\u0163ii de stat din \u0163ar\u0103 ori de peste hotare, cu excep\u0163ia cazurilor stipulate expres de legisla\u0163ia \u00een vigoare.<\/p>\n<p><iframe width=\"420\" height=\"315\" data-src=\"https:\/\/www.youtube.com\/embed\/unICAW0jXUM\" frameborder=\"0\" allowfullscreen src=\"data:image\/svg+xml;base64,PHN2ZyB3aWR0aD0iMSIgaGVpZ2h0PSIxIiB4bWxucz0iaHR0cDovL3d3dy53My5vcmcvMjAwMC9zdmciPjwvc3ZnPg==\" class=\"lazyload\" data-load-mode=\"1\"><\/iframe><\/p>\n","protected":false},"excerpt":{"rendered":"<p>Din 10 mai 2016, cet\u0103\u0163enii Republicii Moldova cu drept de vot care se afl\u0103 \u00een str\u0103in\u0103tate se pot \u00eenregistra prealabil on-line pentru alegerile preziden\u021biale din 30 octombrie curent, transmite portalul de \u0219tiri CURENTUL. Astfel, cet\u0103\u021benii moldoveni din str\u0103in\u0103tate s\u00eent invita\u021bi s\u0103 completeze la rubrica \u201d\u00cenregistrare prealabil\u0103\u201d de pe pagina www.alegator.md formularul de \u00eenregistrare \u015fi declara\u021bia [&hellip;]<\/p>\n","protected":false},"author":4,"featured_media":12380,"comment_status":"closed","ping_status":"closed","sticky":false,"template":"","format":"standard","meta":{"footnotes":""},"categories":[6349],"tags":[],"class_list":["post-12379","post","type-post","status-publish","format-standard","has-post-thumbnail","hentry","category-social"],"yoast_head":"<!-- This site is optimized with the Yoast SEO plugin v27.4 - https:\/\/yoast.com\/product\/yoast-seo-wordpress\/ -->\n<title>ANUN\u0162 IMPORTANT PENTRU MOLDOVENII CU DREPT DE VOT CARE SE AFL\u0102 \u00ceN STR\u0102IN\u0102TATE - BTV<\/title>\n<meta name=\"robots\" content=\"index, follow, max-snippet:-1, max-image-preview:large, max-video-preview:-1\" \/>\n<link rel=\"canonical\" href=\"https:\/\/www.btv.md\/ro\/anunt-important-pentru-moldovenii-cu-drept-de-vot-care-se-afla-in-strainatate\/\" \/>\n<meta property=\"og:locale\" content=\"ro_RO\" \/>\n<meta property=\"og:type\" content=\"article\" \/>\n<meta property=\"og:title\" content=\"ANUN\u0162 IMPORTANT PENTRU MOLDOVENII CU DREPT DE VOT CARE SE AFL\u0102 \u00ceN STR\u0102IN\u0102TATE - BTV\" \/>\n<meta property=\"og:description\" content=\"Din 10 mai 2016, cet\u0103\u0163enii Republicii Moldova cu drept de vot care se afl\u0103 \u00een str\u0103in\u0103tate se pot \u00eenregistra prealabil on-line pentru alegerile preziden\u021biale din 30 octombrie curent, transmite portalul de \u0219tiri CURENTUL. Astfel, cet\u0103\u021benii moldoveni din str\u0103in\u0103tate s\u00eent invita\u021bi s\u0103 completeze la rubrica \u201d\u00cenregistrare prealabil\u0103\u201d de pe pagina www.alegator.md formularul de \u00eenregistrare \u015fi declara\u021bia [&hellip;]\" \/>\n<meta property=\"og:url\" content=\"https:\/\/www.btv.md\/ro\/anunt-important-pentru-moldovenii-cu-drept-de-vot-care-se-afla-in-strainatate\/\" \/>\n<meta property=\"og:site_name\" content=\"BTV\" \/>\n<meta property=\"article:publisher\" content=\"https:\/\/www.facebook.com\/btvmoldova\/\" \/>\n<meta property=\"article:published_time\" content=\"2016-05-11T11:03:52+00:00\" \/>\n<meta property=\"og:image\" content=\"https:\/\/www.btv.md\/wp-content\/uploads\/2016\/05\/tyj_2.jpg\" \/>\n\t<meta property=\"og:image:width\" content=\"432\" \/>\n\t<meta property=\"og:image:height\" content=\"286\" \/>\n\t<meta property=\"og:image:type\" content=\"image\/jpeg\" \/>\n<meta name=\"author\" content=\"admin\" \/>\n<meta name=\"twitter:label1\" content=\"Scris de\" \/>\n\t<meta name=\"twitter:data1\" content=\"admin\" \/>\n\t<meta name=\"twitter:label2\" content=\"Timp estimat pentru citire\" \/>\n\t<meta name=\"twitter:data2\" content=\"2 minute\" \/>\n<script type=\"application\/ld+json\" class=\"yoast-schema-graph\">{\"@context\":\"https:\\\/\\\/schema.org\",\"@graph\":[{\"@type\":\"Article\",\"@id\":\"https:\\\/\\\/www.btv.md\\\/ro\\\/anunt-important-pentru-moldovenii-cu-drept-de-vot-care-se-afla-in-strainatate\\\/#article\",\"isPartOf\":{\"@id\":\"https:\\\/\\\/www.btv.md\\\/ro\\\/anunt-important-pentru-moldovenii-cu-drept-de-vot-care-se-afla-in-strainatate\\\/\"},\"author\":{\"name\":\"admin\",\"@id\":\"https:\\\/\\\/www.btv.md\\\/#\\\/schema\\\/person\\\/8fadce81561b3ce2c34c46dadc4ccbf2\"},\"headline\":\"ANUN\u0162 IMPORTANT PENTRU MOLDOVENII CU DREPT DE VOT CARE SE AFL\u0102 \u00ceN STR\u0102IN\u0102TATE\",\"datePublished\":\"2016-05-11T11:03:52+00:00\",\"mainEntityOfPage\":{\"@id\":\"https:\\\/\\\/www.btv.md\\\/ro\\\/anunt-important-pentru-moldovenii-cu-drept-de-vot-care-se-afla-in-strainatate\\\/\"},\"wordCount\":316,\"image\":{\"@id\":\"https:\\\/\\\/www.btv.md\\\/ro\\\/anunt-important-pentru-moldovenii-cu-drept-de-vot-care-se-afla-in-strainatate\\\/#primaryimage\"},\"thumbnailUrl\":\"https:\\\/\\\/www.btv.md\\\/wp-content\\\/uploads\\\/2016\\\/05\\\/tyj_2.jpg\",\"articleSection\":[\"Social\"],\"inLanguage\":\"ro-RO\"},{\"@type\":\"WebPage\",\"@id\":\"https:\\\/\\\/www.btv.md\\\/ro\\\/anunt-important-pentru-moldovenii-cu-drept-de-vot-care-se-afla-in-strainatate\\\/\",\"url\":\"https:\\\/\\\/www.btv.md\\\/ro\\\/anunt-important-pentru-moldovenii-cu-drept-de-vot-care-se-afla-in-strainatate\\\/\",\"name\":\"ANUN\u0162 IMPORTANT PENTRU MOLDOVENII CU DREPT DE VOT CARE SE AFL\u0102 \u00ceN STR\u0102IN\u0102TATE - BTV\",\"isPartOf\":{\"@id\":\"https:\\\/\\\/www.btv.md\\\/#website\"},\"primaryImageOfPage\":{\"@id\":\"https:\\\/\\\/www.btv.md\\\/ro\\\/anunt-important-pentru-moldovenii-cu-drept-de-vot-care-se-afla-in-strainatate\\\/#primaryimage\"},\"image\":{\"@id\":\"https:\\\/\\\/www.btv.md\\\/ro\\\/anunt-important-pentru-moldovenii-cu-drept-de-vot-care-se-afla-in-strainatate\\\/#primaryimage\"},\"thumbnailUrl\":\"https:\\\/\\\/www.btv.md\\\/wp-content\\\/uploads\\\/2016\\\/05\\\/tyj_2.jpg\",\"datePublished\":\"2016-05-11T11:03:52+00:00\",\"author\":{\"@id\":\"https:\\\/\\\/www.btv.md\\\/#\\\/schema\\\/person\\\/8fadce81561b3ce2c34c46dadc4ccbf2\"},\"inLanguage\":\"ro-RO\",\"potentialAction\":[{\"@type\":\"ReadAction\",\"target\":[\"https:\\\/\\\/www.btv.md\\\/ro\\\/anunt-important-pentru-moldovenii-cu-drept-de-vot-care-se-afla-in-strainatate\\\/\"]}]},{\"@type\":\"ImageObject\",\"inLanguage\":\"ro-RO\",\"@id\":\"https:\\\/\\\/www.btv.md\\\/ro\\\/anunt-important-pentru-moldovenii-cu-drept-de-vot-care-se-afla-in-strainatate\\\/#primaryimage\",\"url\":\"https:\\\/\\\/www.btv.md\\\/wp-content\\\/uploads\\\/2016\\\/05\\\/tyj_2.jpg\",\"contentUrl\":\"https:\\\/\\\/www.btv.md\\\/wp-content\\\/uploads\\\/2016\\\/05\\\/tyj_2.jpg\",\"width\":432,\"height\":286,\"caption\":\"actualitati.md\"},{\"@type\":\"WebSite\",\"@id\":\"https:\\\/\\\/www.btv.md\\\/#website\",\"url\":\"https:\\\/\\\/www.btv.md\\\/\",\"name\":\"BTV\",\"description\":\"\u0411\u0435\u043b\u044c\u0446\u043a\u043e\u0435 \u0442\u0435\u043b\u0435\u0432\u0438\u0434\u0435\u043d\u0438\u0435\",\"potentialAction\":[{\"@type\":\"SearchAction\",\"target\":{\"@type\":\"EntryPoint\",\"urlTemplate\":\"https:\\\/\\\/www.btv.md\\\/?s={search_term_string}\"},\"query-input\":{\"@type\":\"PropertyValueSpecification\",\"valueRequired\":true,\"valueName\":\"search_term_string\"}}],\"inLanguage\":\"ro-RO\"},{\"@type\":\"Person\",\"@id\":\"https:\\\/\\\/www.btv.md\\\/#\\\/schema\\\/person\\\/8fadce81561b3ce2c34c46dadc4ccbf2\",\"name\":\"admin\"}]}<\/script>\n<!-- \/ Yoast SEO plugin. -->","yoast_head_json":{"title":"ANUN\u0162 IMPORTANT PENTRU MOLDOVENII CU DREPT DE VOT CARE SE AFL\u0102 \u00ceN STR\u0102IN\u0102TATE - BTV","robots":{"index":"index","follow":"follow","max-snippet":"max-snippet:-1","max-image-preview":"max-image-preview:large","max-video-preview":"max-video-preview:-1"},"canonical":"https:\/\/www.btv.md\/ro\/anunt-important-pentru-moldovenii-cu-drept-de-vot-care-se-afla-in-strainatate\/","og_locale":"ro_RO","og_type":"article","og_title":"ANUN\u0162 IMPORTANT PENTRU MOLDOVENII CU DREPT DE VOT CARE SE AFL\u0102 \u00ceN STR\u0102IN\u0102TATE - BTV","og_description":"Din 10 mai 2016, cet\u0103\u0163enii Republicii Moldova cu drept de vot care se afl\u0103 \u00een str\u0103in\u0103tate se pot \u00eenregistra prealabil on-line pentru alegerile preziden\u021biale din 30 octombrie curent, transmite portalul de \u0219tiri CURENTUL. Astfel, cet\u0103\u021benii moldoveni din str\u0103in\u0103tate s\u00eent invita\u021bi s\u0103 completeze la rubrica \u201d\u00cenregistrare prealabil\u0103\u201d de pe pagina www.alegator.md formularul de \u00eenregistrare \u015fi declara\u021bia [&hellip;]","og_url":"https:\/\/www.btv.md\/ro\/anunt-important-pentru-moldovenii-cu-drept-de-vot-care-se-afla-in-strainatate\/","og_site_name":"BTV","article_publisher":"https:\/\/www.facebook.com\/btvmoldova\/","article_published_time":"2016-05-11T11:03:52+00:00","og_image":[{"width":432,"height":286,"url":"https:\/\/www.btv.md\/wp-content\/uploads\/2016\/05\/tyj_2.jpg","type":"image\/jpeg"}],"author":"admin","twitter_misc":{"Scris de":"admin","Timp estimat pentru citire":"2 minute"},"schema":{"@context":"https:\/\/schema.org","@graph":[{"@type":"Article","@id":"https:\/\/www.btv.md\/ro\/anunt-important-pentru-moldovenii-cu-drept-de-vot-care-se-afla-in-strainatate\/#article","isPartOf":{"@id":"https:\/\/www.btv.md\/ro\/anunt-important-pentru-moldovenii-cu-drept-de-vot-care-se-afla-in-strainatate\/"},"author":{"name":"admin","@id":"https:\/\/www.btv.md\/#\/schema\/person\/8fadce81561b3ce2c34c46dadc4ccbf2"},"headline":"ANUN\u0162 IMPORTANT PENTRU MOLDOVENII CU DREPT DE VOT CARE SE AFL\u0102 \u00ceN STR\u0102IN\u0102TATE","datePublished":"2016-05-11T11:03:52+00:00","mainEntityOfPage":{"@id":"https:\/\/www.btv.md\/ro\/anunt-important-pentru-moldovenii-cu-drept-de-vot-care-se-afla-in-strainatate\/"},"wordCount":316,"image":{"@id":"https:\/\/www.btv.md\/ro\/anunt-important-pentru-moldovenii-cu-drept-de-vot-care-se-afla-in-strainatate\/#primaryimage"},"thumbnailUrl":"https:\/\/www.btv.md\/wp-content\/uploads\/2016\/05\/tyj_2.jpg","articleSection":["Social"],"inLanguage":"ro-RO"},{"@type":"WebPage","@id":"https:\/\/www.btv.md\/ro\/anunt-important-pentru-moldovenii-cu-drept-de-vot-care-se-afla-in-strainatate\/","url":"https:\/\/www.btv.md\/ro\/anunt-important-pentru-moldovenii-cu-drept-de-vot-care-se-afla-in-strainatate\/","name":"ANUN\u0162 IMPORTANT PENTRU MOLDOVENII CU DREPT DE VOT CARE SE AFL\u0102 \u00ceN STR\u0102IN\u0102TATE - BTV","isPartOf":{"@id":"https:\/\/www.btv.md\/#website"},"primaryImageOfPage":{"@id":"https:\/\/www.btv.md\/ro\/anunt-important-pentru-moldovenii-cu-drept-de-vot-care-se-afla-in-strainatate\/#primaryimage"},"image":{"@id":"https:\/\/www.btv.md\/ro\/anunt-important-pentru-moldovenii-cu-drept-de-vot-care-se-afla-in-strainatate\/#primaryimage"},"thumbnailUrl":"https:\/\/www.btv.md\/wp-content\/uploads\/2016\/05\/tyj_2.jpg","datePublished":"2016-05-11T11:03:52+00:00","author":{"@id":"https:\/\/www.btv.md\/#\/schema\/person\/8fadce81561b3ce2c34c46dadc4ccbf2"},"inLanguage":"ro-RO","potentialAction":[{"@type":"ReadAction","target":["https:\/\/www.btv.md\/ro\/anunt-important-pentru-moldovenii-cu-drept-de-vot-care-se-afla-in-strainatate\/"]}]},{"@type":"ImageObject","inLanguage":"ro-RO","@id":"https:\/\/www.btv.md\/ro\/anunt-important-pentru-moldovenii-cu-drept-de-vot-care-se-afla-in-strainatate\/#primaryimage","url":"https:\/\/www.btv.md\/wp-content\/uploads\/2016\/05\/tyj_2.jpg","contentUrl":"https:\/\/www.btv.md\/wp-content\/uploads\/2016\/05\/tyj_2.jpg","width":432,"height":286,"caption":"actualitati.md"},{"@type":"WebSite","@id":"https:\/\/www.btv.md\/#website","url":"https:\/\/www.btv.md\/","name":"BTV","description":"\u0411\u0435\u043b\u044c\u0446\u043a\u043e\u0435 \u0442\u0435\u043b\u0435\u0432\u0438\u0434\u0435\u043d\u0438\u0435","potentialAction":[{"@type":"SearchAction","target":{"@type":"EntryPoint","urlTemplate":"https:\/\/www.btv.md\/?s={search_term_string}"},"query-input":{"@type":"PropertyValueSpecification","valueRequired":true,"valueName":"search_term_string"}}],"inLanguage":"ro-RO"},{"@type":"Person","@id":"https:\/\/www.btv.md\/#\/schema\/person\/8fadce81561b3ce2c34c46dadc4ccbf2","name":"admin"}]}},"_links":{"self":[{"href":"https:\/\/www.btv.md\/ro\/wp-json\/wp\/v2\/posts\/12379","targetHints":{"allow":["GET"]}}],"collection":[{"href":"https:\/\/www.btv.md\/ro\/wp-json\/wp\/v2\/posts"}],"about":[{"href":"https:\/\/www.btv.md\/ro\/wp-json\/wp\/v2\/types\/post"}],"author":[{"embeddable":true,"href":"https:\/\/www.btv.md\/ro\/wp-json\/wp\/v2\/users\/4"}],"replies":[{"embeddable":true,"href":"https:\/\/www.btv.md\/ro\/wp-json\/wp\/v2\/comments?post=12379"}],"version-history":[{"count":0,"href":"https:\/\/www.btv.md\/ro\/wp-json\/wp\/v2\/posts\/12379\/revisions"}],"wp:featuredmedia":[{"embeddable":true,"href":"https:\/\/www.btv.md\/ro\/wp-json\/wp\/v2\/media\/12380"}],"wp:attachment":[{"href":"https:\/\/www.btv.md\/ro\/wp-json\/wp\/v2\/media?parent=12379"}],"wp:term":[{"taxonomy":"category","embeddable":true,"href":"https:\/\/www.btv.md\/ro\/wp-json\/wp\/v2\/categories?post=12379"},{"taxonomy":"post_tag","embeddable":true,"href":"https:\/\/www.btv.md\/ro\/wp-json\/wp\/v2\/tags?post=12379"}],"curies":[{"name":"wp","href":"https:\/\/api.w.org\/{rel}","templated":true}]}}