{"id":123821,"date":"2021-04-19T17:12:47","date_gmt":"2021-04-19T14:12:47","guid":{"rendered":"http:\/\/www.btv.md\/?p=123821"},"modified":"2021-04-19T17:12:47","modified_gmt":"2021-04-19T14:12:47","slug":"un-expert-constitutional-explica-data-cand-pot-avea-loc-anticipatele","status":"publish","type":"post","link":"https:\/\/www.btv.md\/ro\/un-expert-constitutional-explica-data-cand-pot-avea-loc-anticipatele\/","title":{"rendered":"Un expert constitu\u021bional explic\u0103 data c\u00e2nd pot avea loc anticipatele"},"content":{"rendered":"<p><strong>Maia Sandu poate dizolva Parlamentul la 31 mai, chiar a doua zi dup\u0103 expirarea st\u0103rii de urgen\u021b\u0103. Cel pu\u021bin asta spun exper\u021bii \u00een drept constitu\u021bional, transmite <a href=\"https:\/\/stiri.md\/article\/politica\/un-expert-constitutional-explica-data-cand-pot-avea-loc-anticipatele\">\u0218tiri.md<\/a>.<\/strong><\/p>\n<p>Acum, totul depinde de Curtea Constitu\u021bional\u0103 \u0219i dac\u0103 aceasta va anula starea de urgen\u021b\u0103, a\u0219a cum au cerut c\u00e2\u021biva deputa\u021bi. \u00cen func\u021bie de decizia \u00cenaltei Cur\u021bi, alegerile parlamentare anticipate ar putea avea loc la mijlocul sau la sf\u00e2r\u0219it de var\u0103.<\/p>\n<p>Potrivit expertului Teo C\u00eerna\u021b, pre\u0219edintele nu poate dizolva legislativul pe perioada st\u0103rii de urgen\u021b\u0103, adic\u0103 p\u00e2n\u0103 la 30 mai. Iar dac\u0103 m\u0103sura va fi declarat\u0103 neconstitu\u021bional\u0103, a\u0219a cum au cerut c\u00e2\u021biva deputa\u021bi, atunci decretul poate fi semnat mai \u00eenainte.<\/p>\n<p>TEO C\u00ceRNA\u021a, expert \u00een drept constitu\u021bional: \u201e\u0218i undeva pe 31 mai, dac\u0103 nu se introduce din nou starea de urgen\u021b\u0103, atunci pre\u0219edintele s-ar putea s\u0103 adopte acest decret\u201d.<\/p>\n<p>Teo C\u00eerna\u021b sus\u021bine c\u0103 doar Maia Sandu poate stabili data scrutinului parlamentar. Totu\u0219i, legea spune c\u0103, acesta trebuie s\u0103 aib\u0103 loc nu mai degrab\u0103 de dou\u0103 luni din ziua \u00een care a fost dizolvat parlamentul \u0219i nu mai t\u00e2rziu de trei luni.<\/p>\n<p>TEO C\u00ceRNA\u021a, expert \u00een drept constitu\u021bional: \u201eCeea ce \u00eenseamn\u0103 c\u0103, dac\u0103 dizolv\u0103m Parlamentul, undeva pe 1 iunie, alegerile parlamentare anticipate s-ar putea s\u0103 aib\u0103 loc undeva pe 10-15 august, dar dac\u0103 noi anul\u0103m starea de urgen\u021b\u0103 acum \u00een luna aprilie s-ar putea ca alegerile s\u0103 fie c\u0103tre sf\u00e2r\u0219itul lunii iunie, \u00eenceputul lunii iulie\u201d.<\/p>\n<p>C\u00e2t \u021bine de inten\u021bia sociali\u0219tilor de a ini\u021bia procedura de demitere a celor trei judec\u0103tori care i-au dat m\u00e2n\u0103 liber\u0103 Maiei Sandu pentru a dizolva Parlamentul, expertul sus\u021bine c\u0103 proiectul va suferi un fiasco. Magistra\u021bii sunt independen\u021bi \u0219i pot fi elibera\u021bi din func\u021bie doar de c\u0103tre plenul Cur\u021bii Constitu\u021bionale. Parlamentul poate atrage la r\u0103spundere disciplinar\u0103 doar pe acei judec\u0103tori pe care i-a numit.<\/p>\n<p>TEO C\u00ceRNA\u021a, expert \u00een drept constitu\u021bional: \u201eDe exemplu, numai \u00een raport cu Domnica Manole. Dar \u00een raport cu domnul Ro\u0219ca sau cu Liuba \u0218ova, sau Sergiu \u021aurcan, ini\u021biativa trebuie s\u0103 parvin\u0103 de la Guvern sau de la Consiliul Suprem al magistraturii\u201d.<\/p>\n<p>S\u0103pt\u0103m\u00e2na trecut\u0103, Curtea Constitu\u021bional\u0103 a decis c\u0103 exist\u0103 circumstan\u021be pentru dizolvarea parlamentului. Votul magistra\u021bilor a fost la limit\u0103.<\/p>\n<p>Trei din cei cinci judec\u0103tori au votat pentru, iar doi \u00eempotriv\u0103. Decizia a st\u00e2rnit un val de critici \u0219i a \u00eemp\u0103r\u021bit \u00een dou\u0103 clasa politic\u0103.<\/p>\n<p>\u00cen timp ce Maia Sandu \u0219i fo\u0219tii s\u0103i colegi au aplaudat-o, majoritatea parlamentar\u0103 a criticat-o, declar\u00e2nd c\u0103 judec\u0103torii au uzurpat Curtea Constitu\u021bional\u0103 \u0219i cer pedepsirea celor trei magistra\u021bi. \u00cenalta Curte sus\u021bine c\u0103 este inadmisibil\u0103 implicarea politicului \u00een activitatea sa.<\/p>\n<p>Foto: \u0219tiri.md.<\/p>\n","protected":false},"excerpt":{"rendered":"<p>Maia Sandu poate dizolva Parlamentul la 31 mai, chiar a doua zi dup\u0103 expirarea st\u0103rii de urgen\u021b\u0103. Cel pu\u021bin asta spun exper\u021bii \u00een drept constitu\u021bional, transmite \u0218tiri.md. Acum, totul depinde de Curtea Constitu\u021bional\u0103 \u0219i dac\u0103 aceasta va anula starea de urgen\u021b\u0103, a\u0219a cum au cerut c\u00e2\u021biva deputa\u021bi. \u00cen func\u021bie de decizia \u00cenaltei Cur\u021bi, alegerile parlamentare [&hellip;]<\/p>\n","protected":false},"author":4,"featured_media":123822,"comment_status":"closed","ping_status":"closed","sticky":false,"template":"","format":"standard","meta":{"footnotes":""},"categories":[6368],"tags":[24198],"class_list":["post-123821","post","type-post","status-publish","format-standard","has-post-thumbnail","hentry","category-politica-ro","tag-un-expert-constitutional-explica-data-cand-pot-avea-loc-anticipatele"],"yoast_head":"<!-- This site is optimized with the Yoast SEO plugin v27.4 - https:\/\/yoast.com\/product\/yoast-seo-wordpress\/ -->\n<title>Un expert constitu\u021bional explic\u0103 data c\u00e2nd pot avea loc anticipatele - BTV<\/title>\n<meta name=\"robots\" content=\"index, follow, max-snippet:-1, max-image-preview:large, max-video-preview:-1\" \/>\n<link rel=\"canonical\" href=\"https:\/\/www.btv.md\/ro\/un-expert-constitutional-explica-data-cand-pot-avea-loc-anticipatele\/\" \/>\n<meta property=\"og:locale\" content=\"ro_RO\" \/>\n<meta property=\"og:type\" content=\"article\" \/>\n<meta property=\"og:title\" content=\"Un expert constitu\u021bional explic\u0103 data c\u00e2nd pot avea loc anticipatele - BTV\" \/>\n<meta property=\"og:description\" content=\"Maia Sandu poate dizolva Parlamentul la 31 mai, chiar a doua zi dup\u0103 expirarea st\u0103rii de urgen\u021b\u0103. Cel pu\u021bin asta spun exper\u021bii \u00een drept constitu\u021bional, transmite \u0218tiri.md. Acum, totul depinde de Curtea Constitu\u021bional\u0103 \u0219i dac\u0103 aceasta va anula starea de urgen\u021b\u0103, a\u0219a cum au cerut c\u00e2\u021biva deputa\u021bi. \u00cen func\u021bie de decizia \u00cenaltei Cur\u021bi, alegerile parlamentare [&hellip;]\" \/>\n<meta property=\"og:url\" content=\"https:\/\/www.btv.md\/ro\/un-expert-constitutional-explica-data-cand-pot-avea-loc-anticipatele\/\" \/>\n<meta property=\"og:site_name\" content=\"BTV\" \/>\n<meta property=\"article:publisher\" content=\"https:\/\/www.facebook.com\/btvmoldova\/\" \/>\n<meta property=\"article:published_time\" content=\"2021-04-19T14:12:47+00:00\" \/>\n<meta property=\"og:image\" content=\"https:\/\/www.btv.md\/wp-content\/uploads\/2021\/04\/539e545260b1ab45ab03f25ffe7c8315.jpg\" \/>\n\t<meta property=\"og:image:width\" content=\"809\" \/>\n\t<meta property=\"og:image:height\" content=\"456\" \/>\n\t<meta property=\"og:image:type\" content=\"image\/jpeg\" \/>\n<meta name=\"author\" content=\"admin\" \/>\n<meta name=\"twitter:label1\" content=\"Scris de\" \/>\n\t<meta name=\"twitter:data1\" content=\"admin\" \/>\n\t<meta name=\"twitter:label2\" content=\"Timp estimat pentru citire\" \/>\n\t<meta name=\"twitter:data2\" content=\"2 minute\" \/>\n<script type=\"application\/ld+json\" class=\"yoast-schema-graph\">{\"@context\":\"https:\\\/\\\/schema.org\",\"@graph\":[{\"@type\":\"Article\",\"@id\":\"https:\\\/\\\/www.btv.md\\\/ro\\\/un-expert-constitutional-explica-data-cand-pot-avea-loc-anticipatele\\\/#article\",\"isPartOf\":{\"@id\":\"https:\\\/\\\/www.btv.md\\\/ro\\\/un-expert-constitutional-explica-data-cand-pot-avea-loc-anticipatele\\\/\"},\"author\":{\"name\":\"admin\",\"@id\":\"https:\\\/\\\/www.btv.md\\\/#\\\/schema\\\/person\\\/8fadce81561b3ce2c34c46dadc4ccbf2\"},\"headline\":\"Un expert constitu\u021bional explic\u0103 data c\u00e2nd pot avea loc anticipatele\",\"datePublished\":\"2021-04-19T14:12:47+00:00\",\"mainEntityOfPage\":{\"@id\":\"https:\\\/\\\/www.btv.md\\\/ro\\\/un-expert-constitutional-explica-data-cand-pot-avea-loc-anticipatele\\\/\"},\"wordCount\":499,\"image\":{\"@id\":\"https:\\\/\\\/www.btv.md\\\/ro\\\/un-expert-constitutional-explica-data-cand-pot-avea-loc-anticipatele\\\/#primaryimage\"},\"thumbnailUrl\":\"https:\\\/\\\/www.btv.md\\\/wp-content\\\/uploads\\\/2021\\\/04\\\/539e545260b1ab45ab03f25ffe7c8315.jpg\",\"keywords\":[\"Un expert constitu\u021bional explic\u0103 data c\u00e2nd pot avea loc anticipatele\"],\"articleSection\":[\"Politic\u0103\"],\"inLanguage\":\"ro-RO\"},{\"@type\":\"WebPage\",\"@id\":\"https:\\\/\\\/www.btv.md\\\/ro\\\/un-expert-constitutional-explica-data-cand-pot-avea-loc-anticipatele\\\/\",\"url\":\"https:\\\/\\\/www.btv.md\\\/ro\\\/un-expert-constitutional-explica-data-cand-pot-avea-loc-anticipatele\\\/\",\"name\":\"Un expert constitu\u021bional explic\u0103 data c\u00e2nd pot avea loc anticipatele - BTV\",\"isPartOf\":{\"@id\":\"https:\\\/\\\/www.btv.md\\\/#website\"},\"primaryImageOfPage\":{\"@id\":\"https:\\\/\\\/www.btv.md\\\/ro\\\/un-expert-constitutional-explica-data-cand-pot-avea-loc-anticipatele\\\/#primaryimage\"},\"image\":{\"@id\":\"https:\\\/\\\/www.btv.md\\\/ro\\\/un-expert-constitutional-explica-data-cand-pot-avea-loc-anticipatele\\\/#primaryimage\"},\"thumbnailUrl\":\"https:\\\/\\\/www.btv.md\\\/wp-content\\\/uploads\\\/2021\\\/04\\\/539e545260b1ab45ab03f25ffe7c8315.jpg\",\"datePublished\":\"2021-04-19T14:12:47+00:00\",\"author\":{\"@id\":\"https:\\\/\\\/www.btv.md\\\/#\\\/schema\\\/person\\\/8fadce81561b3ce2c34c46dadc4ccbf2\"},\"inLanguage\":\"ro-RO\",\"potentialAction\":[{\"@type\":\"ReadAction\",\"target\":[\"https:\\\/\\\/www.btv.md\\\/ro\\\/un-expert-constitutional-explica-data-cand-pot-avea-loc-anticipatele\\\/\"]}]},{\"@type\":\"ImageObject\",\"inLanguage\":\"ro-RO\",\"@id\":\"https:\\\/\\\/www.btv.md\\\/ro\\\/un-expert-constitutional-explica-data-cand-pot-avea-loc-anticipatele\\\/#primaryimage\",\"url\":\"https:\\\/\\\/www.btv.md\\\/wp-content\\\/uploads\\\/2021\\\/04\\\/539e545260b1ab45ab03f25ffe7c8315.jpg\",\"contentUrl\":\"https:\\\/\\\/www.btv.md\\\/wp-content\\\/uploads\\\/2021\\\/04\\\/539e545260b1ab45ab03f25ffe7c8315.jpg\",\"width\":809,\"height\":456},{\"@type\":\"WebSite\",\"@id\":\"https:\\\/\\\/www.btv.md\\\/#website\",\"url\":\"https:\\\/\\\/www.btv.md\\\/\",\"name\":\"BTV\",\"description\":\"\u0411\u0435\u043b\u044c\u0446\u043a\u043e\u0435 \u0442\u0435\u043b\u0435\u0432\u0438\u0434\u0435\u043d\u0438\u0435\",\"potentialAction\":[{\"@type\":\"SearchAction\",\"target\":{\"@type\":\"EntryPoint\",\"urlTemplate\":\"https:\\\/\\\/www.btv.md\\\/?s={search_term_string}\"},\"query-input\":{\"@type\":\"PropertyValueSpecification\",\"valueRequired\":true,\"valueName\":\"search_term_string\"}}],\"inLanguage\":\"ro-RO\"},{\"@type\":\"Person\",\"@id\":\"https:\\\/\\\/www.btv.md\\\/#\\\/schema\\\/person\\\/8fadce81561b3ce2c34c46dadc4ccbf2\",\"name\":\"admin\"}]}<\/script>\n<!-- \/ Yoast SEO plugin. -->","yoast_head_json":{"title":"Un expert constitu\u021bional explic\u0103 data c\u00e2nd pot avea loc anticipatele - BTV","robots":{"index":"index","follow":"follow","max-snippet":"max-snippet:-1","max-image-preview":"max-image-preview:large","max-video-preview":"max-video-preview:-1"},"canonical":"https:\/\/www.btv.md\/ro\/un-expert-constitutional-explica-data-cand-pot-avea-loc-anticipatele\/","og_locale":"ro_RO","og_type":"article","og_title":"Un expert constitu\u021bional explic\u0103 data c\u00e2nd pot avea loc anticipatele - BTV","og_description":"Maia Sandu poate dizolva Parlamentul la 31 mai, chiar a doua zi dup\u0103 expirarea st\u0103rii de urgen\u021b\u0103. Cel pu\u021bin asta spun exper\u021bii \u00een drept constitu\u021bional, transmite \u0218tiri.md. Acum, totul depinde de Curtea Constitu\u021bional\u0103 \u0219i dac\u0103 aceasta va anula starea de urgen\u021b\u0103, a\u0219a cum au cerut c\u00e2\u021biva deputa\u021bi. \u00cen func\u021bie de decizia \u00cenaltei Cur\u021bi, alegerile parlamentare [&hellip;]","og_url":"https:\/\/www.btv.md\/ro\/un-expert-constitutional-explica-data-cand-pot-avea-loc-anticipatele\/","og_site_name":"BTV","article_publisher":"https:\/\/www.facebook.com\/btvmoldova\/","article_published_time":"2021-04-19T14:12:47+00:00","og_image":[{"width":809,"height":456,"url":"https:\/\/www.btv.md\/wp-content\/uploads\/2021\/04\/539e545260b1ab45ab03f25ffe7c8315.jpg","type":"image\/jpeg"}],"author":"admin","twitter_misc":{"Scris de":"admin","Timp estimat pentru citire":"2 minute"},"schema":{"@context":"https:\/\/schema.org","@graph":[{"@type":"Article","@id":"https:\/\/www.btv.md\/ro\/un-expert-constitutional-explica-data-cand-pot-avea-loc-anticipatele\/#article","isPartOf":{"@id":"https:\/\/www.btv.md\/ro\/un-expert-constitutional-explica-data-cand-pot-avea-loc-anticipatele\/"},"author":{"name":"admin","@id":"https:\/\/www.btv.md\/#\/schema\/person\/8fadce81561b3ce2c34c46dadc4ccbf2"},"headline":"Un expert constitu\u021bional explic\u0103 data c\u00e2nd pot avea loc anticipatele","datePublished":"2021-04-19T14:12:47+00:00","mainEntityOfPage":{"@id":"https:\/\/www.btv.md\/ro\/un-expert-constitutional-explica-data-cand-pot-avea-loc-anticipatele\/"},"wordCount":499,"image":{"@id":"https:\/\/www.btv.md\/ro\/un-expert-constitutional-explica-data-cand-pot-avea-loc-anticipatele\/#primaryimage"},"thumbnailUrl":"https:\/\/www.btv.md\/wp-content\/uploads\/2021\/04\/539e545260b1ab45ab03f25ffe7c8315.jpg","keywords":["Un expert constitu\u021bional explic\u0103 data c\u00e2nd pot avea loc anticipatele"],"articleSection":["Politic\u0103"],"inLanguage":"ro-RO"},{"@type":"WebPage","@id":"https:\/\/www.btv.md\/ro\/un-expert-constitutional-explica-data-cand-pot-avea-loc-anticipatele\/","url":"https:\/\/www.btv.md\/ro\/un-expert-constitutional-explica-data-cand-pot-avea-loc-anticipatele\/","name":"Un expert constitu\u021bional explic\u0103 data c\u00e2nd pot avea loc anticipatele - BTV","isPartOf":{"@id":"https:\/\/www.btv.md\/#website"},"primaryImageOfPage":{"@id":"https:\/\/www.btv.md\/ro\/un-expert-constitutional-explica-data-cand-pot-avea-loc-anticipatele\/#primaryimage"},"image":{"@id":"https:\/\/www.btv.md\/ro\/un-expert-constitutional-explica-data-cand-pot-avea-loc-anticipatele\/#primaryimage"},"thumbnailUrl":"https:\/\/www.btv.md\/wp-content\/uploads\/2021\/04\/539e545260b1ab45ab03f25ffe7c8315.jpg","datePublished":"2021-04-19T14:12:47+00:00","author":{"@id":"https:\/\/www.btv.md\/#\/schema\/person\/8fadce81561b3ce2c34c46dadc4ccbf2"},"inLanguage":"ro-RO","potentialAction":[{"@type":"ReadAction","target":["https:\/\/www.btv.md\/ro\/un-expert-constitutional-explica-data-cand-pot-avea-loc-anticipatele\/"]}]},{"@type":"ImageObject","inLanguage":"ro-RO","@id":"https:\/\/www.btv.md\/ro\/un-expert-constitutional-explica-data-cand-pot-avea-loc-anticipatele\/#primaryimage","url":"https:\/\/www.btv.md\/wp-content\/uploads\/2021\/04\/539e545260b1ab45ab03f25ffe7c8315.jpg","contentUrl":"https:\/\/www.btv.md\/wp-content\/uploads\/2021\/04\/539e545260b1ab45ab03f25ffe7c8315.jpg","width":809,"height":456},{"@type":"WebSite","@id":"https:\/\/www.btv.md\/#website","url":"https:\/\/www.btv.md\/","name":"BTV","description":"\u0411\u0435\u043b\u044c\u0446\u043a\u043e\u0435 \u0442\u0435\u043b\u0435\u0432\u0438\u0434\u0435\u043d\u0438\u0435","potentialAction":[{"@type":"SearchAction","target":{"@type":"EntryPoint","urlTemplate":"https:\/\/www.btv.md\/?s={search_term_string}"},"query-input":{"@type":"PropertyValueSpecification","valueRequired":true,"valueName":"search_term_string"}}],"inLanguage":"ro-RO"},{"@type":"Person","@id":"https:\/\/www.btv.md\/#\/schema\/person\/8fadce81561b3ce2c34c46dadc4ccbf2","name":"admin"}]}},"_links":{"self":[{"href":"https:\/\/www.btv.md\/ro\/wp-json\/wp\/v2\/posts\/123821","targetHints":{"allow":["GET"]}}],"collection":[{"href":"https:\/\/www.btv.md\/ro\/wp-json\/wp\/v2\/posts"}],"about":[{"href":"https:\/\/www.btv.md\/ro\/wp-json\/wp\/v2\/types\/post"}],"author":[{"embeddable":true,"href":"https:\/\/www.btv.md\/ro\/wp-json\/wp\/v2\/users\/4"}],"replies":[{"embeddable":true,"href":"https:\/\/www.btv.md\/ro\/wp-json\/wp\/v2\/comments?post=123821"}],"version-history":[{"count":0,"href":"https:\/\/www.btv.md\/ro\/wp-json\/wp\/v2\/posts\/123821\/revisions"}],"wp:featuredmedia":[{"embeddable":true,"href":"https:\/\/www.btv.md\/ro\/wp-json\/wp\/v2\/media\/123822"}],"wp:attachment":[{"href":"https:\/\/www.btv.md\/ro\/wp-json\/wp\/v2\/media?parent=123821"}],"wp:term":[{"taxonomy":"category","embeddable":true,"href":"https:\/\/www.btv.md\/ro\/wp-json\/wp\/v2\/categories?post=123821"},{"taxonomy":"post_tag","embeddable":true,"href":"https:\/\/www.btv.md\/ro\/wp-json\/wp\/v2\/tags?post=123821"}],"curies":[{"name":"wp","href":"https:\/\/api.w.org\/{rel}","templated":true}]}}