{"id":123825,"date":"2021-04-19T17:16:19","date_gmt":"2021-04-19T14:16:19","guid":{"rendered":"http:\/\/www.btv.md\/?p=123825"},"modified":"2021-04-19T17:16:19","modified_gmt":"2021-04-19T14:16:19","slug":"presedinta-tarii-maia-sandu-la-consiliul-europei-sunt-hotarata-sa-repun-tara-pe-calea-dezvoltarii-democratice","status":"publish","type":"post","link":"https:\/\/www.btv.md\/ro\/presedinta-tarii-maia-sandu-la-consiliul-europei-sunt-hotarata-sa-repun-tara-pe-calea-dezvoltarii-democratice\/","title":{"rendered":"Pre\u0219edinta \u021b\u0103rii, Maia Sandu, la Consiliul Europei: \u201eSunt hot\u0103r\u00e2t\u0103 s\u0103 repun \u021bara pe calea dezvolt\u0103rii democratice\u201d"},"content":{"rendered":"<p><strong>Pre\u0219edinta R. Moldova, Maia Sandu se afl\u0103 \u00eentr-o vizit\u0103 de lucru la Strasbourg, unde particip\u0103 la lansarea Planului de ac\u021biuni al Consiliului Europei pentru Republica Moldova 2021-2024.\u00a0<\/strong><strong>Documentul de program con\u021bine proiecte \u00een domeniile prioritare precum reforma justi\u021biei \u0219i combaterea corup\u021biei, dar \u0219i alte domenii importante, inclusiv sprijinirea independen\u021bei mass-media, eliminarea discrimin\u0103rii, torturii \u0219i relelor tratamente, combaterea violen\u021bei \u00eempotriva femeilor \u0219i copiilor, consolidarea autonomiei locale, transmit <a href=\"https:\/\/tv8.md\/2021\/04\/19\/presedinta-tarii-maia-sandu-la-consiliul-europei-sunt-hotarata-sa-repun-tara-pe-calea-dezvoltarii-democratice\/\">tv8.md<\/a>.<\/strong><\/p>\n<p>\u201eAcesta este al treilea Plan de ac\u021biuni al CoE pentru \u021bara noastr\u0103 \u0219i presupune interven\u021bii \u00een valoare estimativ\u0103 de 13,7 milioane de euro. Fondurile provin din contribu\u021biile statelor membre ale CoE, dar \u0219i statelor ter\u021be \u0219i ale unor organiza\u021bii interna\u021bionale, precum \u0219i din bugetul de baz\u0103 al CoE\u201d, men\u021bioneaz\u0103 Sandu \u00eentr-un mesaj pe Facebook.<\/p>\n<p>\u0218efa statului a sus\u021binut un discurs \u00een care a vorbit despre lupta \u00eempotriva corup\u021biei, democra\u021bie \u0219i statul de drept.<\/p>\n<p>\u201eLupta \u00eempotriva corup\u021biei \u0219i reforma justi\u021biei sunt prioritatea num\u0103rul unu al acestei foi de parcurs. Precum \u0219ti\u021bi, acestea reprezint\u0103, de asemenea, \u0219i priorit\u0103\u021bile mele pentru Republica Moldova. Apreciez proiectele incluse \u00een Planul de ac\u021biuni care au drept scop cre\u0219terea responsabilit\u0103\u021bii \u0219i independen\u021bei sistemului judec\u0103toresc \u0219i dezvoltarea capacit\u0103\u021bii institu\u021biilor de drept de a lupta cu corup\u021bia \u0219i sp\u0103larea banilor. Acest plan nou va continua eforturile de \u00eembun\u0103t\u0103\u021bire a legisla\u021biei \u0219i practicii electorale, a legisla\u021biei \u0219i practicilor ce guverneaz\u0103 internetul \u0219i mass-media, precum \u0219i cele de combatere a violen\u021bei \u00eempotriva femeilor \u0219i copiilor.<\/p>\n<p>Planul de ac\u021biuni pentru 2021-2024 con\u021bine solu\u021bii pentru gestionarea pandemiei de COVID \u2013 19, inclusiv interven\u021bii pentru ap\u0103rarea drepturilor omului \u00een sectorul de s\u0103n\u0103tate, dar \u0219i consolidarea autonomiei administra\u021biei locale. Fiind o \u021bar\u0103 lovit\u0103 puternic de pandemie, salut\u0103m asisten\u021ba oferit\u0103 pentru a dep\u0103\u0219i consecin\u021bele sociale ale crizei.<\/p>\n<p>\u00cen calitate de Pre\u0219edinte, sunt hot\u0103r\u00e2t\u0103 s\u0103 repun \u021bara pe calea dezvolt\u0103rii democratice \u0219i s\u0103 construiesc \u00een Moldova un stat de drept. Poporul nostru vrea \u0219i merit\u0103 institu\u021bii care s\u0103 lucreze \u00een interesul oamenilor. Cont\u0103m pe sprijinul Consiliului Europei \u00een acest demers.!\u201d, a mai men\u021bionat Sandu \u00een discurul s\u0103u sus\u021binut la lansarea Planului de Ac\u021biuni al Consiliului Europei pentru Republica Moldova pentru 2021-2024\u201d, a declarat Sandu la Consiliul Europei.<\/p>\n<p>De asemenea, pre\u0219edinta a avut o \u00eentrevedere cu Marija Pej\u010dinovi\u0107 Buri\u0107, secretarul general al Consiliului Europei.<\/p>\n<p>\u201eAm discutat \u00een cadrul \u00eentrevederii \u0219i despre situa\u021bia drepturilor omului \u00een regiunea transnistrean\u0103 \u0219i cum am putea conlucra pentru a ajuta oamenii, drepturile c\u0103rora nu sunt respectate. Totodat\u0103, i-am mul\u021bumit doamnei Buri\u0107 pentru sprijinul sus\u021binut, timp de 26 de ani, al Consiliului Europei \u0219i al institu\u021biilor CoE pentru transform\u0103rile democratice din Republica Moldova \u0219i pentru promovarea \u00een \u021bara noastr\u0103, o democra\u021bie t\u00e2n\u0103r\u0103, a culturii de respect pentru drepturile omului. Suntem deschi\u0219i s\u0103 continu\u0103m colaborarea cu Grupul de lucru ad-hoc de exper\u021bi de nivel \u00eenalt \u00een domeniul justi\u021biei pe l\u00e2ng\u0103 Secretarul General al Consiliul Europei, constituit \u00een februarie 2020 pentru a sprijini eforturile de reformare a justi\u021biei din Moldova. Cont\u0103m pe contribu\u021bia exper\u021bilor din cadrul acestui grup pentru a preg\u0103ti \u0219i realiza o reform\u0103 veritabil\u0103 a justi\u021biei \u00een \u021bara noastr\u0103\u201d, a afirmat doamna Maia Sandu\u201d.<\/p>\n<p>Maia Sandu s-a mai \u00eent\u00e2lnit cu pre\u0219edintele Congresului Autorit\u0103\u021bilor Locale \u0219i Regionale al Consiliului Europei, Leen Verbeek cu care a discutat despre promovarea democra\u021biei locale.<\/p>\n<div class=\"o9v6fnle cxmmr5t8 oygrvhab hcukyx3x c1et5uql ii04i59q\">\n<div dir=\"auto\">\n<p>\u201eSporirea autonomiei financiare a comunit\u0103\u021bilor locale \u0219i consolidarea capacit\u0103\u021bilor prim\u0103riilor din Moldova sunt condi\u021bii esen\u021biale pentru dezvoltarea \u0219i modernizarea Republicii Moldova. \u00cen cadrul \u00eentrevederii a fost transmis\u0103 Foaia de parcurs revizuit\u0103 pentru democra\u021bia local\u0103 \u0219i regional\u0103 din Republica Moldova. Voi urm\u0103ri ca autorit\u0103\u021bile Republicii Moldova s\u0103 realizeze prevederile acesteia \u2013 a\u0219a cum prev\u0103d principiile de colaborare cu CALRE\u201d, a subliniat Sandu.<\/p>\n<p>Foto: tv8.md.<\/p>\n<\/div>\n<\/div>\n","protected":false},"excerpt":{"rendered":"<p>Pre\u0219edinta R. Moldova, Maia Sandu se afl\u0103 \u00eentr-o vizit\u0103 de lucru la Strasbourg, unde particip\u0103 la lansarea Planului de ac\u021biuni al Consiliului Europei pentru Republica Moldova 2021-2024.\u00a0Documentul de program con\u021bine proiecte \u00een domeniile prioritare precum reforma justi\u021biei \u0219i combaterea corup\u021biei, dar \u0219i alte domenii importante, inclusiv sprijinirea independen\u021bei mass-media, eliminarea discrimin\u0103rii, torturii \u0219i relelor tratamente, [&hellip;]<\/p>\n","protected":false},"author":4,"featured_media":123826,"comment_status":"closed","ping_status":"closed","sticky":false,"template":"","format":"standard","meta":{"footnotes":""},"categories":[6368],"tags":[24200,7683,24199],"class_list":["post-123825","post","type-post","status-publish","format-standard","has-post-thumbnail","hentry","category-politica-ro","tag-la-consiliul-europei-sunt-hotarata-sa-repun-tara-pe-calea-dezvoltarii-democratice","tag-maia-sandu-ro","tag-presedinta-tarii"],"yoast_head":"<!-- This site is optimized with the Yoast SEO plugin v27.4 - https:\/\/yoast.com\/product\/yoast-seo-wordpress\/ -->\n<title>Pre\u0219edinta \u021b\u0103rii, Maia Sandu, la Consiliul Europei: \u201eSunt hot\u0103r\u00e2t\u0103 s\u0103 repun \u021bara pe calea dezvolt\u0103rii democratice\u201d - BTV<\/title>\n<meta name=\"robots\" content=\"index, follow, max-snippet:-1, max-image-preview:large, max-video-preview:-1\" \/>\n<link rel=\"canonical\" href=\"https:\/\/www.btv.md\/ro\/presedinta-tarii-maia-sandu-la-consiliul-europei-sunt-hotarata-sa-repun-tara-pe-calea-dezvoltarii-democratice\/\" \/>\n<meta property=\"og:locale\" content=\"ro_RO\" \/>\n<meta property=\"og:type\" content=\"article\" \/>\n<meta property=\"og:title\" content=\"Pre\u0219edinta \u021b\u0103rii, Maia Sandu, la Consiliul Europei: \u201eSunt hot\u0103r\u00e2t\u0103 s\u0103 repun \u021bara pe calea dezvolt\u0103rii democratice\u201d - BTV\" \/>\n<meta property=\"og:description\" content=\"Pre\u0219edinta R. Moldova, Maia Sandu se afl\u0103 \u00eentr-o vizit\u0103 de lucru la Strasbourg, unde particip\u0103 la lansarea Planului de ac\u021biuni al Consiliului Europei pentru Republica Moldova 2021-2024.\u00a0Documentul de program con\u021bine proiecte \u00een domeniile prioritare precum reforma justi\u021biei \u0219i combaterea corup\u021biei, dar \u0219i alte domenii importante, inclusiv sprijinirea independen\u021bei mass-media, eliminarea discrimin\u0103rii, torturii \u0219i relelor tratamente, [&hellip;]\" \/>\n<meta property=\"og:url\" content=\"https:\/\/www.btv.md\/ro\/presedinta-tarii-maia-sandu-la-consiliul-europei-sunt-hotarata-sa-repun-tara-pe-calea-dezvoltarii-democratice\/\" \/>\n<meta property=\"og:site_name\" content=\"BTV\" \/>\n<meta property=\"article:publisher\" content=\"https:\/\/www.facebook.com\/btvmoldova\/\" \/>\n<meta property=\"article:published_time\" content=\"2021-04-19T14:16:19+00:00\" \/>\n<meta property=\"og:image\" content=\"https:\/\/www.btv.md\/wp-content\/uploads\/2021\/04\/175671717_1567327586809188_5578764206033791671_n.jpg\" \/>\n\t<meta property=\"og:image:width\" content=\"1600\" \/>\n\t<meta property=\"og:image:height\" content=\"1065\" \/>\n\t<meta property=\"og:image:type\" content=\"image\/jpeg\" \/>\n<meta name=\"author\" content=\"admin\" \/>\n<meta name=\"twitter:label1\" content=\"Scris de\" \/>\n\t<meta name=\"twitter:data1\" content=\"admin\" \/>\n\t<meta name=\"twitter:label2\" content=\"Timp estimat pentru citire\" \/>\n\t<meta name=\"twitter:data2\" content=\"3 minute\" \/>\n<script type=\"application\/ld+json\" class=\"yoast-schema-graph\">{\"@context\":\"https:\\\/\\\/schema.org\",\"@graph\":[{\"@type\":\"Article\",\"@id\":\"https:\\\/\\\/www.btv.md\\\/ro\\\/presedinta-tarii-maia-sandu-la-consiliul-europei-sunt-hotarata-sa-repun-tara-pe-calea-dezvoltarii-democratice\\\/#article\",\"isPartOf\":{\"@id\":\"https:\\\/\\\/www.btv.md\\\/ro\\\/presedinta-tarii-maia-sandu-la-consiliul-europei-sunt-hotarata-sa-repun-tara-pe-calea-dezvoltarii-democratice\\\/\"},\"author\":{\"name\":\"admin\",\"@id\":\"https:\\\/\\\/www.btv.md\\\/#\\\/schema\\\/person\\\/8fadce81561b3ce2c34c46dadc4ccbf2\"},\"headline\":\"Pre\u0219edinta \u021b\u0103rii, Maia Sandu, la Consiliul Europei: \u201eSunt hot\u0103r\u00e2t\u0103 s\u0103 repun \u021bara pe calea dezvolt\u0103rii democratice\u201d\",\"datePublished\":\"2021-04-19T14:16:19+00:00\",\"mainEntityOfPage\":{\"@id\":\"https:\\\/\\\/www.btv.md\\\/ro\\\/presedinta-tarii-maia-sandu-la-consiliul-europei-sunt-hotarata-sa-repun-tara-pe-calea-dezvoltarii-democratice\\\/\"},\"wordCount\":696,\"image\":{\"@id\":\"https:\\\/\\\/www.btv.md\\\/ro\\\/presedinta-tarii-maia-sandu-la-consiliul-europei-sunt-hotarata-sa-repun-tara-pe-calea-dezvoltarii-democratice\\\/#primaryimage\"},\"thumbnailUrl\":\"https:\\\/\\\/www.btv.md\\\/wp-content\\\/uploads\\\/2021\\\/04\\\/175671717_1567327586809188_5578764206033791671_n.jpg\",\"keywords\":[\"la Consiliul Europei: \u201eSunt hot\u0103r\u00e2t\u0103 s\u0103 repun \u021bara pe calea dezvolt\u0103rii democratice\u201d\",\"Maia Sandu\",\"Pre\u0219edinta \u021b\u0103rii\"],\"articleSection\":[\"Politic\u0103\"],\"inLanguage\":\"ro-RO\"},{\"@type\":\"WebPage\",\"@id\":\"https:\\\/\\\/www.btv.md\\\/ro\\\/presedinta-tarii-maia-sandu-la-consiliul-europei-sunt-hotarata-sa-repun-tara-pe-calea-dezvoltarii-democratice\\\/\",\"url\":\"https:\\\/\\\/www.btv.md\\\/ro\\\/presedinta-tarii-maia-sandu-la-consiliul-europei-sunt-hotarata-sa-repun-tara-pe-calea-dezvoltarii-democratice\\\/\",\"name\":\"Pre\u0219edinta \u021b\u0103rii, Maia Sandu, la Consiliul Europei: \u201eSunt hot\u0103r\u00e2t\u0103 s\u0103 repun \u021bara pe calea dezvolt\u0103rii democratice\u201d - BTV\",\"isPartOf\":{\"@id\":\"https:\\\/\\\/www.btv.md\\\/#website\"},\"primaryImageOfPage\":{\"@id\":\"https:\\\/\\\/www.btv.md\\\/ro\\\/presedinta-tarii-maia-sandu-la-consiliul-europei-sunt-hotarata-sa-repun-tara-pe-calea-dezvoltarii-democratice\\\/#primaryimage\"},\"image\":{\"@id\":\"https:\\\/\\\/www.btv.md\\\/ro\\\/presedinta-tarii-maia-sandu-la-consiliul-europei-sunt-hotarata-sa-repun-tara-pe-calea-dezvoltarii-democratice\\\/#primaryimage\"},\"thumbnailUrl\":\"https:\\\/\\\/www.btv.md\\\/wp-content\\\/uploads\\\/2021\\\/04\\\/175671717_1567327586809188_5578764206033791671_n.jpg\",\"datePublished\":\"2021-04-19T14:16:19+00:00\",\"author\":{\"@id\":\"https:\\\/\\\/www.btv.md\\\/#\\\/schema\\\/person\\\/8fadce81561b3ce2c34c46dadc4ccbf2\"},\"inLanguage\":\"ro-RO\",\"potentialAction\":[{\"@type\":\"ReadAction\",\"target\":[\"https:\\\/\\\/www.btv.md\\\/ro\\\/presedinta-tarii-maia-sandu-la-consiliul-europei-sunt-hotarata-sa-repun-tara-pe-calea-dezvoltarii-democratice\\\/\"]}]},{\"@type\":\"ImageObject\",\"inLanguage\":\"ro-RO\",\"@id\":\"https:\\\/\\\/www.btv.md\\\/ro\\\/presedinta-tarii-maia-sandu-la-consiliul-europei-sunt-hotarata-sa-repun-tara-pe-calea-dezvoltarii-democratice\\\/#primaryimage\",\"url\":\"https:\\\/\\\/www.btv.md\\\/wp-content\\\/uploads\\\/2021\\\/04\\\/175671717_1567327586809188_5578764206033791671_n.jpg\",\"contentUrl\":\"https:\\\/\\\/www.btv.md\\\/wp-content\\\/uploads\\\/2021\\\/04\\\/175671717_1567327586809188_5578764206033791671_n.jpg\",\"width\":1600,\"height\":1065},{\"@type\":\"WebSite\",\"@id\":\"https:\\\/\\\/www.btv.md\\\/#website\",\"url\":\"https:\\\/\\\/www.btv.md\\\/\",\"name\":\"BTV\",\"description\":\"\u0411\u0435\u043b\u044c\u0446\u043a\u043e\u0435 \u0442\u0435\u043b\u0435\u0432\u0438\u0434\u0435\u043d\u0438\u0435\",\"potentialAction\":[{\"@type\":\"SearchAction\",\"target\":{\"@type\":\"EntryPoint\",\"urlTemplate\":\"https:\\\/\\\/www.btv.md\\\/?s={search_term_string}\"},\"query-input\":{\"@type\":\"PropertyValueSpecification\",\"valueRequired\":true,\"valueName\":\"search_term_string\"}}],\"inLanguage\":\"ro-RO\"},{\"@type\":\"Person\",\"@id\":\"https:\\\/\\\/www.btv.md\\\/#\\\/schema\\\/person\\\/8fadce81561b3ce2c34c46dadc4ccbf2\",\"name\":\"admin\"}]}<\/script>\n<!-- \/ Yoast SEO plugin. -->","yoast_head_json":{"title":"Pre\u0219edinta \u021b\u0103rii, Maia Sandu, la Consiliul Europei: \u201eSunt hot\u0103r\u00e2t\u0103 s\u0103 repun \u021bara pe calea dezvolt\u0103rii democratice\u201d - BTV","robots":{"index":"index","follow":"follow","max-snippet":"max-snippet:-1","max-image-preview":"max-image-preview:large","max-video-preview":"max-video-preview:-1"},"canonical":"https:\/\/www.btv.md\/ro\/presedinta-tarii-maia-sandu-la-consiliul-europei-sunt-hotarata-sa-repun-tara-pe-calea-dezvoltarii-democratice\/","og_locale":"ro_RO","og_type":"article","og_title":"Pre\u0219edinta \u021b\u0103rii, Maia Sandu, la Consiliul Europei: \u201eSunt hot\u0103r\u00e2t\u0103 s\u0103 repun \u021bara pe calea dezvolt\u0103rii democratice\u201d - BTV","og_description":"Pre\u0219edinta R. Moldova, Maia Sandu se afl\u0103 \u00eentr-o vizit\u0103 de lucru la Strasbourg, unde particip\u0103 la lansarea Planului de ac\u021biuni al Consiliului Europei pentru Republica Moldova 2021-2024.\u00a0Documentul de program con\u021bine proiecte \u00een domeniile prioritare precum reforma justi\u021biei \u0219i combaterea corup\u021biei, dar \u0219i alte domenii importante, inclusiv sprijinirea independen\u021bei mass-media, eliminarea discrimin\u0103rii, torturii \u0219i relelor tratamente, [&hellip;]","og_url":"https:\/\/www.btv.md\/ro\/presedinta-tarii-maia-sandu-la-consiliul-europei-sunt-hotarata-sa-repun-tara-pe-calea-dezvoltarii-democratice\/","og_site_name":"BTV","article_publisher":"https:\/\/www.facebook.com\/btvmoldova\/","article_published_time":"2021-04-19T14:16:19+00:00","og_image":[{"width":1600,"height":1065,"url":"https:\/\/www.btv.md\/wp-content\/uploads\/2021\/04\/175671717_1567327586809188_5578764206033791671_n.jpg","type":"image\/jpeg"}],"author":"admin","twitter_misc":{"Scris de":"admin","Timp estimat pentru citire":"3 minute"},"schema":{"@context":"https:\/\/schema.org","@graph":[{"@type":"Article","@id":"https:\/\/www.btv.md\/ro\/presedinta-tarii-maia-sandu-la-consiliul-europei-sunt-hotarata-sa-repun-tara-pe-calea-dezvoltarii-democratice\/#article","isPartOf":{"@id":"https:\/\/www.btv.md\/ro\/presedinta-tarii-maia-sandu-la-consiliul-europei-sunt-hotarata-sa-repun-tara-pe-calea-dezvoltarii-democratice\/"},"author":{"name":"admin","@id":"https:\/\/www.btv.md\/#\/schema\/person\/8fadce81561b3ce2c34c46dadc4ccbf2"},"headline":"Pre\u0219edinta \u021b\u0103rii, Maia Sandu, la Consiliul Europei: \u201eSunt hot\u0103r\u00e2t\u0103 s\u0103 repun \u021bara pe calea dezvolt\u0103rii democratice\u201d","datePublished":"2021-04-19T14:16:19+00:00","mainEntityOfPage":{"@id":"https:\/\/www.btv.md\/ro\/presedinta-tarii-maia-sandu-la-consiliul-europei-sunt-hotarata-sa-repun-tara-pe-calea-dezvoltarii-democratice\/"},"wordCount":696,"image":{"@id":"https:\/\/www.btv.md\/ro\/presedinta-tarii-maia-sandu-la-consiliul-europei-sunt-hotarata-sa-repun-tara-pe-calea-dezvoltarii-democratice\/#primaryimage"},"thumbnailUrl":"https:\/\/www.btv.md\/wp-content\/uploads\/2021\/04\/175671717_1567327586809188_5578764206033791671_n.jpg","keywords":["la Consiliul Europei: \u201eSunt hot\u0103r\u00e2t\u0103 s\u0103 repun \u021bara pe calea dezvolt\u0103rii democratice\u201d","Maia Sandu","Pre\u0219edinta \u021b\u0103rii"],"articleSection":["Politic\u0103"],"inLanguage":"ro-RO"},{"@type":"WebPage","@id":"https:\/\/www.btv.md\/ro\/presedinta-tarii-maia-sandu-la-consiliul-europei-sunt-hotarata-sa-repun-tara-pe-calea-dezvoltarii-democratice\/","url":"https:\/\/www.btv.md\/ro\/presedinta-tarii-maia-sandu-la-consiliul-europei-sunt-hotarata-sa-repun-tara-pe-calea-dezvoltarii-democratice\/","name":"Pre\u0219edinta \u021b\u0103rii, Maia Sandu, la Consiliul Europei: \u201eSunt hot\u0103r\u00e2t\u0103 s\u0103 repun \u021bara pe calea dezvolt\u0103rii democratice\u201d - BTV","isPartOf":{"@id":"https:\/\/www.btv.md\/#website"},"primaryImageOfPage":{"@id":"https:\/\/www.btv.md\/ro\/presedinta-tarii-maia-sandu-la-consiliul-europei-sunt-hotarata-sa-repun-tara-pe-calea-dezvoltarii-democratice\/#primaryimage"},"image":{"@id":"https:\/\/www.btv.md\/ro\/presedinta-tarii-maia-sandu-la-consiliul-europei-sunt-hotarata-sa-repun-tara-pe-calea-dezvoltarii-democratice\/#primaryimage"},"thumbnailUrl":"https:\/\/www.btv.md\/wp-content\/uploads\/2021\/04\/175671717_1567327586809188_5578764206033791671_n.jpg","datePublished":"2021-04-19T14:16:19+00:00","author":{"@id":"https:\/\/www.btv.md\/#\/schema\/person\/8fadce81561b3ce2c34c46dadc4ccbf2"},"inLanguage":"ro-RO","potentialAction":[{"@type":"ReadAction","target":["https:\/\/www.btv.md\/ro\/presedinta-tarii-maia-sandu-la-consiliul-europei-sunt-hotarata-sa-repun-tara-pe-calea-dezvoltarii-democratice\/"]}]},{"@type":"ImageObject","inLanguage":"ro-RO","@id":"https:\/\/www.btv.md\/ro\/presedinta-tarii-maia-sandu-la-consiliul-europei-sunt-hotarata-sa-repun-tara-pe-calea-dezvoltarii-democratice\/#primaryimage","url":"https:\/\/www.btv.md\/wp-content\/uploads\/2021\/04\/175671717_1567327586809188_5578764206033791671_n.jpg","contentUrl":"https:\/\/www.btv.md\/wp-content\/uploads\/2021\/04\/175671717_1567327586809188_5578764206033791671_n.jpg","width":1600,"height":1065},{"@type":"WebSite","@id":"https:\/\/www.btv.md\/#website","url":"https:\/\/www.btv.md\/","name":"BTV","description":"\u0411\u0435\u043b\u044c\u0446\u043a\u043e\u0435 \u0442\u0435\u043b\u0435\u0432\u0438\u0434\u0435\u043d\u0438\u0435","potentialAction":[{"@type":"SearchAction","target":{"@type":"EntryPoint","urlTemplate":"https:\/\/www.btv.md\/?s={search_term_string}"},"query-input":{"@type":"PropertyValueSpecification","valueRequired":true,"valueName":"search_term_string"}}],"inLanguage":"ro-RO"},{"@type":"Person","@id":"https:\/\/www.btv.md\/#\/schema\/person\/8fadce81561b3ce2c34c46dadc4ccbf2","name":"admin"}]}},"_links":{"self":[{"href":"https:\/\/www.btv.md\/ro\/wp-json\/wp\/v2\/posts\/123825","targetHints":{"allow":["GET"]}}],"collection":[{"href":"https:\/\/www.btv.md\/ro\/wp-json\/wp\/v2\/posts"}],"about":[{"href":"https:\/\/www.btv.md\/ro\/wp-json\/wp\/v2\/types\/post"}],"author":[{"embeddable":true,"href":"https:\/\/www.btv.md\/ro\/wp-json\/wp\/v2\/users\/4"}],"replies":[{"embeddable":true,"href":"https:\/\/www.btv.md\/ro\/wp-json\/wp\/v2\/comments?post=123825"}],"version-history":[{"count":0,"href":"https:\/\/www.btv.md\/ro\/wp-json\/wp\/v2\/posts\/123825\/revisions"}],"wp:featuredmedia":[{"embeddable":true,"href":"https:\/\/www.btv.md\/ro\/wp-json\/wp\/v2\/media\/123826"}],"wp:attachment":[{"href":"https:\/\/www.btv.md\/ro\/wp-json\/wp\/v2\/media?parent=123825"}],"wp:term":[{"taxonomy":"category","embeddable":true,"href":"https:\/\/www.btv.md\/ro\/wp-json\/wp\/v2\/categories?post=123825"},{"taxonomy":"post_tag","embeddable":true,"href":"https:\/\/www.btv.md\/ro\/wp-json\/wp\/v2\/tags?post=123825"}],"curies":[{"name":"wp","href":"https:\/\/api.w.org\/{rel}","templated":true}]}}