{"id":123829,"date":"2021-04-19T17:19:01","date_gmt":"2021-04-19T14:19:01","guid":{"rendered":"http:\/\/www.btv.md\/?p=123829"},"modified":"2021-04-19T17:19:01","modified_gmt":"2021-04-19T14:19:01","slug":"video-accident-grav-in-capitala-un-microbuz-a-ajuns-pe-capota-unei-masini","status":"publish","type":"post","link":"https:\/\/www.btv.md\/ro\/video-accident-grav-in-capitala-un-microbuz-a-ajuns-pe-capota-unei-masini\/","title":{"rendered":"VIDEO \/\/ Accident grav \u00een Capital\u0103. Un microbuz a ajuns pe capota unei ma\u0219ini"},"content":{"rendered":"<p><strong>Un accident grav a avut ast\u0103zi \u00een sectorul Botanica al Capitalei la intersec\u021bia str\u0103zii trandafirilor cu bulevardul Decebal. Reprezentan\u021bii poli\u021biei sus\u021bin c\u0103 \u00een accidentul rutier au fost implicate 4 automobile: Skoda, Mercedes, Toyota \u0219i Honda. \u00cen rezultatul impactului microbusul de model ,, Mercedes\u201d s-a inversat, scrie <a href=\"https:\/\/deschide.md\/ro\/stiri\/social\/83809\/VIDEO--Accident-grav-%C3%AEn-Capital%C4%83-Un-microbuz-a-ajuns-pe-capota-unei-ma%C8%99ini.htm\">deschide.md<\/a>.<\/strong><\/p>\n<div dir=\"auto\">Imediat la fa\u021ba locului au fost orientate toate serviciile specializate: 2 ambulan\u021be, pompierii \u0219i un echipaj al Serviciului accidente rutiere din cadrul Direc\u021biei de Poli\u021bie a mun, Chisin\u0103u.<\/div>\n<div dir=\"auto\">Preliminar, \u00een rezultatul accidentului rutier cu diverse traumatisme s-a ales 1 persoan\u0103, \u0219oferi\u021ba Hondei \u00een v\u00e2rst\u0103 de 39 de ani, care a fost preluat\u0103 de ambulan\u021b\u0103 \u0219i transportat\u0103 la spital pentru \u00eengrijiri medicale.<\/div>\n<div dir=\"auto\"><\/div>\n<div dir=\"auto\">Stabilim circumstan\u021bele \u00een care s-a produs accidentul, iar \u00een dependen\u021b\u0103 de gravitatea leziunilor cu care s-a ales victima, \u0219oferul care va fi g\u0103sit vinovat urmeaz\u0103 s\u0103 fie atras la raspundere conform legisla\u021biei.<\/div>\n<div dir=\"auto\"><\/div>\n<p><iframe data-src=\"https:\/\/www.facebook.com\/plugins\/video.php?height=476&amp;href=https%3A%2F%2Fwww.facebook.com%2Fmahalesbad%2Fvideos%2F10225171873906294%2F&amp;show_text=false&amp;width=264\" width=\"264\" height=\"476\" frameborder=\"0\" scrolling=\"no\" allowfullscreen=\"allowfullscreen\" data-mce-fragment=\"1\" src=\"data:image\/svg+xml;base64,PHN2ZyB3aWR0aD0iMSIgaGVpZ2h0PSIxIiB4bWxucz0iaHR0cDovL3d3dy53My5vcmcvMjAwMC9zdmciPjwvc3ZnPg==\" class=\"lazyload\" data-load-mode=\"1\"><\/iframe><\/p>\n<p><iframe data-src=\"https:\/\/www.facebook.com\/plugins\/video.php?height=476&amp;href=https%3A%2F%2Fwww.facebook.com%2Fmahalesbad%2Fvideos%2F10225171873986296%2F&amp;show_text=false&amp;width=264\" width=\"264\" height=\"476\" frameborder=\"0\" scrolling=\"no\" allowfullscreen=\"allowfullscreen\" data-mce-fragment=\"1\" src=\"data:image\/svg+xml;base64,PHN2ZyB3aWR0aD0iMSIgaGVpZ2h0PSIxIiB4bWxucz0iaHR0cDovL3d3dy53My5vcmcvMjAwMC9zdmciPjwvc3ZnPg==\" class=\"lazyload\" data-load-mode=\"1\"><\/iframe><\/p>\n<p>Foto: deschide.md.<\/p>\n","protected":false},"excerpt":{"rendered":"<p>Un accident grav a avut ast\u0103zi \u00een sectorul Botanica al Capitalei la intersec\u021bia str\u0103zii trandafirilor cu bulevardul Decebal. Reprezentan\u021bii poli\u021biei sus\u021bin c\u0103 \u00een accidentul rutier au fost implicate 4 automobile: Skoda, Mercedes, Toyota \u0219i Honda. \u00cen rezultatul impactului microbusul de model ,, Mercedes\u201d s-a inversat, scrie deschide.md. Imediat la fa\u021ba locului au fost orientate toate [&hellip;]<\/p>\n","protected":false},"author":4,"featured_media":123830,"comment_status":"closed","ping_status":"closed","sticky":false,"template":"","format":"standard","meta":{"footnotes":""},"categories":[6349],"tags":[24201],"class_list":["post-123829","post","type-post","status-publish","format-standard","has-post-thumbnail","hentry","category-social","tag-video-accident-grav-in-capitala-un-microbuz-a-ajuns-pe-capota-unei-masini"],"yoast_head":"<!-- This site is optimized with the Yoast SEO plugin v27.4 - https:\/\/yoast.com\/product\/yoast-seo-wordpress\/ -->\n<title>VIDEO \/\/ Accident grav \u00een Capital\u0103. Un microbuz a ajuns pe capota unei ma\u0219ini - BTV<\/title>\n<meta name=\"robots\" content=\"index, follow, max-snippet:-1, max-image-preview:large, max-video-preview:-1\" \/>\n<link rel=\"canonical\" href=\"https:\/\/www.btv.md\/ro\/video-accident-grav-in-capitala-un-microbuz-a-ajuns-pe-capota-unei-masini\/\" \/>\n<meta property=\"og:locale\" content=\"ro_RO\" \/>\n<meta property=\"og:type\" content=\"article\" \/>\n<meta property=\"og:title\" content=\"VIDEO \/\/ Accident grav \u00een Capital\u0103. Un microbuz a ajuns pe capota unei ma\u0219ini - BTV\" \/>\n<meta property=\"og:description\" content=\"Un accident grav a avut ast\u0103zi \u00een sectorul Botanica al Capitalei la intersec\u021bia str\u0103zii trandafirilor cu bulevardul Decebal. Reprezentan\u021bii poli\u021biei sus\u021bin c\u0103 \u00een accidentul rutier au fost implicate 4 automobile: Skoda, Mercedes, Toyota \u0219i Honda. \u00cen rezultatul impactului microbusul de model ,, Mercedes\u201d s-a inversat, scrie deschide.md. Imediat la fa\u021ba locului au fost orientate toate [&hellip;]\" \/>\n<meta property=\"og:url\" content=\"https:\/\/www.btv.md\/ro\/video-accident-grav-in-capitala-un-microbuz-a-ajuns-pe-capota-unei-masini\/\" \/>\n<meta property=\"og:site_name\" content=\"BTV\" \/>\n<meta property=\"article:publisher\" content=\"https:\/\/www.facebook.com\/btvmoldova\/\" \/>\n<meta property=\"article:published_time\" content=\"2021-04-19T14:19:01+00:00\" \/>\n<meta property=\"og:image\" content=\"https:\/\/www.btv.md\/wp-content\/uploads\/2021\/04\/images_cms-image-000114944.jpg\" \/>\n\t<meta property=\"og:image:width\" content=\"758\" \/>\n\t<meta property=\"og:image:height\" content=\"426\" \/>\n\t<meta property=\"og:image:type\" content=\"image\/jpeg\" \/>\n<meta name=\"author\" content=\"admin\" \/>\n<meta name=\"twitter:label1\" content=\"Scris de\" \/>\n\t<meta name=\"twitter:data1\" content=\"admin\" \/>\n\t<meta name=\"twitter:label2\" content=\"Timp estimat pentru citire\" \/>\n\t<meta name=\"twitter:data2\" content=\"1 minut\" \/>\n<script type=\"application\/ld+json\" class=\"yoast-schema-graph\">{\"@context\":\"https:\\\/\\\/schema.org\",\"@graph\":[{\"@type\":\"Article\",\"@id\":\"https:\\\/\\\/www.btv.md\\\/ro\\\/video-accident-grav-in-capitala-un-microbuz-a-ajuns-pe-capota-unei-masini\\\/#article\",\"isPartOf\":{\"@id\":\"https:\\\/\\\/www.btv.md\\\/ro\\\/video-accident-grav-in-capitala-un-microbuz-a-ajuns-pe-capota-unei-masini\\\/\"},\"author\":{\"name\":\"admin\",\"@id\":\"https:\\\/\\\/www.btv.md\\\/#\\\/schema\\\/person\\\/8fadce81561b3ce2c34c46dadc4ccbf2\"},\"headline\":\"VIDEO \\\/\\\/ Accident grav \u00een Capital\u0103. Un microbuz a ajuns pe capota unei ma\u0219ini\",\"datePublished\":\"2021-04-19T14:19:01+00:00\",\"mainEntityOfPage\":{\"@id\":\"https:\\\/\\\/www.btv.md\\\/ro\\\/video-accident-grav-in-capitala-un-microbuz-a-ajuns-pe-capota-unei-masini\\\/\"},\"wordCount\":169,\"image\":{\"@id\":\"https:\\\/\\\/www.btv.md\\\/ro\\\/video-accident-grav-in-capitala-un-microbuz-a-ajuns-pe-capota-unei-masini\\\/#primaryimage\"},\"thumbnailUrl\":\"https:\\\/\\\/www.btv.md\\\/wp-content\\\/uploads\\\/2021\\\/04\\\/images_cms-image-000114944.jpg\",\"keywords\":[\"VIDEO \\\/\\\/ Accident grav \u00een Capital\u0103. Un microbuz a ajuns pe capota unei ma\u0219ini\"],\"articleSection\":[\"Social\"],\"inLanguage\":\"ro-RO\"},{\"@type\":\"WebPage\",\"@id\":\"https:\\\/\\\/www.btv.md\\\/ro\\\/video-accident-grav-in-capitala-un-microbuz-a-ajuns-pe-capota-unei-masini\\\/\",\"url\":\"https:\\\/\\\/www.btv.md\\\/ro\\\/video-accident-grav-in-capitala-un-microbuz-a-ajuns-pe-capota-unei-masini\\\/\",\"name\":\"VIDEO \\\/\\\/ Accident grav \u00een Capital\u0103. Un microbuz a ajuns pe capota unei ma\u0219ini - BTV\",\"isPartOf\":{\"@id\":\"https:\\\/\\\/www.btv.md\\\/#website\"},\"primaryImageOfPage\":{\"@id\":\"https:\\\/\\\/www.btv.md\\\/ro\\\/video-accident-grav-in-capitala-un-microbuz-a-ajuns-pe-capota-unei-masini\\\/#primaryimage\"},\"image\":{\"@id\":\"https:\\\/\\\/www.btv.md\\\/ro\\\/video-accident-grav-in-capitala-un-microbuz-a-ajuns-pe-capota-unei-masini\\\/#primaryimage\"},\"thumbnailUrl\":\"https:\\\/\\\/www.btv.md\\\/wp-content\\\/uploads\\\/2021\\\/04\\\/images_cms-image-000114944.jpg\",\"datePublished\":\"2021-04-19T14:19:01+00:00\",\"author\":{\"@id\":\"https:\\\/\\\/www.btv.md\\\/#\\\/schema\\\/person\\\/8fadce81561b3ce2c34c46dadc4ccbf2\"},\"inLanguage\":\"ro-RO\",\"potentialAction\":[{\"@type\":\"ReadAction\",\"target\":[\"https:\\\/\\\/www.btv.md\\\/ro\\\/video-accident-grav-in-capitala-un-microbuz-a-ajuns-pe-capota-unei-masini\\\/\"]}]},{\"@type\":\"ImageObject\",\"inLanguage\":\"ro-RO\",\"@id\":\"https:\\\/\\\/www.btv.md\\\/ro\\\/video-accident-grav-in-capitala-un-microbuz-a-ajuns-pe-capota-unei-masini\\\/#primaryimage\",\"url\":\"https:\\\/\\\/www.btv.md\\\/wp-content\\\/uploads\\\/2021\\\/04\\\/images_cms-image-000114944.jpg\",\"contentUrl\":\"https:\\\/\\\/www.btv.md\\\/wp-content\\\/uploads\\\/2021\\\/04\\\/images_cms-image-000114944.jpg\",\"width\":758,\"height\":426},{\"@type\":\"WebSite\",\"@id\":\"https:\\\/\\\/www.btv.md\\\/#website\",\"url\":\"https:\\\/\\\/www.btv.md\\\/\",\"name\":\"BTV\",\"description\":\"\u0411\u0435\u043b\u044c\u0446\u043a\u043e\u0435 \u0442\u0435\u043b\u0435\u0432\u0438\u0434\u0435\u043d\u0438\u0435\",\"potentialAction\":[{\"@type\":\"SearchAction\",\"target\":{\"@type\":\"EntryPoint\",\"urlTemplate\":\"https:\\\/\\\/www.btv.md\\\/?s={search_term_string}\"},\"query-input\":{\"@type\":\"PropertyValueSpecification\",\"valueRequired\":true,\"valueName\":\"search_term_string\"}}],\"inLanguage\":\"ro-RO\"},{\"@type\":\"Person\",\"@id\":\"https:\\\/\\\/www.btv.md\\\/#\\\/schema\\\/person\\\/8fadce81561b3ce2c34c46dadc4ccbf2\",\"name\":\"admin\"}]}<\/script>\n<!-- \/ Yoast SEO plugin. -->","yoast_head_json":{"title":"VIDEO \/\/ Accident grav \u00een Capital\u0103. Un microbuz a ajuns pe capota unei ma\u0219ini - BTV","robots":{"index":"index","follow":"follow","max-snippet":"max-snippet:-1","max-image-preview":"max-image-preview:large","max-video-preview":"max-video-preview:-1"},"canonical":"https:\/\/www.btv.md\/ro\/video-accident-grav-in-capitala-un-microbuz-a-ajuns-pe-capota-unei-masini\/","og_locale":"ro_RO","og_type":"article","og_title":"VIDEO \/\/ Accident grav \u00een Capital\u0103. Un microbuz a ajuns pe capota unei ma\u0219ini - BTV","og_description":"Un accident grav a avut ast\u0103zi \u00een sectorul Botanica al Capitalei la intersec\u021bia str\u0103zii trandafirilor cu bulevardul Decebal. Reprezentan\u021bii poli\u021biei sus\u021bin c\u0103 \u00een accidentul rutier au fost implicate 4 automobile: Skoda, Mercedes, Toyota \u0219i Honda. \u00cen rezultatul impactului microbusul de model ,, Mercedes\u201d s-a inversat, scrie deschide.md. Imediat la fa\u021ba locului au fost orientate toate [&hellip;]","og_url":"https:\/\/www.btv.md\/ro\/video-accident-grav-in-capitala-un-microbuz-a-ajuns-pe-capota-unei-masini\/","og_site_name":"BTV","article_publisher":"https:\/\/www.facebook.com\/btvmoldova\/","article_published_time":"2021-04-19T14:19:01+00:00","og_image":[{"width":758,"height":426,"url":"https:\/\/www.btv.md\/wp-content\/uploads\/2021\/04\/images_cms-image-000114944.jpg","type":"image\/jpeg"}],"author":"admin","twitter_misc":{"Scris de":"admin","Timp estimat pentru citire":"1 minut"},"schema":{"@context":"https:\/\/schema.org","@graph":[{"@type":"Article","@id":"https:\/\/www.btv.md\/ro\/video-accident-grav-in-capitala-un-microbuz-a-ajuns-pe-capota-unei-masini\/#article","isPartOf":{"@id":"https:\/\/www.btv.md\/ro\/video-accident-grav-in-capitala-un-microbuz-a-ajuns-pe-capota-unei-masini\/"},"author":{"name":"admin","@id":"https:\/\/www.btv.md\/#\/schema\/person\/8fadce81561b3ce2c34c46dadc4ccbf2"},"headline":"VIDEO \/\/ Accident grav \u00een Capital\u0103. Un microbuz a ajuns pe capota unei ma\u0219ini","datePublished":"2021-04-19T14:19:01+00:00","mainEntityOfPage":{"@id":"https:\/\/www.btv.md\/ro\/video-accident-grav-in-capitala-un-microbuz-a-ajuns-pe-capota-unei-masini\/"},"wordCount":169,"image":{"@id":"https:\/\/www.btv.md\/ro\/video-accident-grav-in-capitala-un-microbuz-a-ajuns-pe-capota-unei-masini\/#primaryimage"},"thumbnailUrl":"https:\/\/www.btv.md\/wp-content\/uploads\/2021\/04\/images_cms-image-000114944.jpg","keywords":["VIDEO \/\/ Accident grav \u00een Capital\u0103. Un microbuz a ajuns pe capota unei ma\u0219ini"],"articleSection":["Social"],"inLanguage":"ro-RO"},{"@type":"WebPage","@id":"https:\/\/www.btv.md\/ro\/video-accident-grav-in-capitala-un-microbuz-a-ajuns-pe-capota-unei-masini\/","url":"https:\/\/www.btv.md\/ro\/video-accident-grav-in-capitala-un-microbuz-a-ajuns-pe-capota-unei-masini\/","name":"VIDEO \/\/ Accident grav \u00een Capital\u0103. Un microbuz a ajuns pe capota unei ma\u0219ini - BTV","isPartOf":{"@id":"https:\/\/www.btv.md\/#website"},"primaryImageOfPage":{"@id":"https:\/\/www.btv.md\/ro\/video-accident-grav-in-capitala-un-microbuz-a-ajuns-pe-capota-unei-masini\/#primaryimage"},"image":{"@id":"https:\/\/www.btv.md\/ro\/video-accident-grav-in-capitala-un-microbuz-a-ajuns-pe-capota-unei-masini\/#primaryimage"},"thumbnailUrl":"https:\/\/www.btv.md\/wp-content\/uploads\/2021\/04\/images_cms-image-000114944.jpg","datePublished":"2021-04-19T14:19:01+00:00","author":{"@id":"https:\/\/www.btv.md\/#\/schema\/person\/8fadce81561b3ce2c34c46dadc4ccbf2"},"inLanguage":"ro-RO","potentialAction":[{"@type":"ReadAction","target":["https:\/\/www.btv.md\/ro\/video-accident-grav-in-capitala-un-microbuz-a-ajuns-pe-capota-unei-masini\/"]}]},{"@type":"ImageObject","inLanguage":"ro-RO","@id":"https:\/\/www.btv.md\/ro\/video-accident-grav-in-capitala-un-microbuz-a-ajuns-pe-capota-unei-masini\/#primaryimage","url":"https:\/\/www.btv.md\/wp-content\/uploads\/2021\/04\/images_cms-image-000114944.jpg","contentUrl":"https:\/\/www.btv.md\/wp-content\/uploads\/2021\/04\/images_cms-image-000114944.jpg","width":758,"height":426},{"@type":"WebSite","@id":"https:\/\/www.btv.md\/#website","url":"https:\/\/www.btv.md\/","name":"BTV","description":"\u0411\u0435\u043b\u044c\u0446\u043a\u043e\u0435 \u0442\u0435\u043b\u0435\u0432\u0438\u0434\u0435\u043d\u0438\u0435","potentialAction":[{"@type":"SearchAction","target":{"@type":"EntryPoint","urlTemplate":"https:\/\/www.btv.md\/?s={search_term_string}"},"query-input":{"@type":"PropertyValueSpecification","valueRequired":true,"valueName":"search_term_string"}}],"inLanguage":"ro-RO"},{"@type":"Person","@id":"https:\/\/www.btv.md\/#\/schema\/person\/8fadce81561b3ce2c34c46dadc4ccbf2","name":"admin"}]}},"_links":{"self":[{"href":"https:\/\/www.btv.md\/ro\/wp-json\/wp\/v2\/posts\/123829","targetHints":{"allow":["GET"]}}],"collection":[{"href":"https:\/\/www.btv.md\/ro\/wp-json\/wp\/v2\/posts"}],"about":[{"href":"https:\/\/www.btv.md\/ro\/wp-json\/wp\/v2\/types\/post"}],"author":[{"embeddable":true,"href":"https:\/\/www.btv.md\/ro\/wp-json\/wp\/v2\/users\/4"}],"replies":[{"embeddable":true,"href":"https:\/\/www.btv.md\/ro\/wp-json\/wp\/v2\/comments?post=123829"}],"version-history":[{"count":0,"href":"https:\/\/www.btv.md\/ro\/wp-json\/wp\/v2\/posts\/123829\/revisions"}],"wp:featuredmedia":[{"embeddable":true,"href":"https:\/\/www.btv.md\/ro\/wp-json\/wp\/v2\/media\/123830"}],"wp:attachment":[{"href":"https:\/\/www.btv.md\/ro\/wp-json\/wp\/v2\/media?parent=123829"}],"wp:term":[{"taxonomy":"category","embeddable":true,"href":"https:\/\/www.btv.md\/ro\/wp-json\/wp\/v2\/categories?post=123829"},{"taxonomy":"post_tag","embeddable":true,"href":"https:\/\/www.btv.md\/ro\/wp-json\/wp\/v2\/tags?post=123829"}],"curies":[{"name":"wp","href":"https:\/\/api.w.org\/{rel}","templated":true}]}}