{"id":123858,"date":"2021-04-19T17:52:36","date_gmt":"2021-04-19T14:52:36","guid":{"rendered":"http:\/\/www.btv.md\/?p=123858"},"modified":"2021-04-19T17:52:36","modified_gmt":"2021-04-19T14:52:36","slug":"peste-80-dintre-angajatii-sistemului-de-sanatate-din-balti-au-fost-vaccinati","status":"publish","type":"post","link":"https:\/\/www.btv.md\/ro\/peste-80-dintre-angajatii-sistemului-de-sanatate-din-balti-au-fost-vaccinati\/","title":{"rendered":"Peste 80% dintre angaja\u021bii sistemului de s\u0103n\u0103tate din B\u0103l\u021bi au fost vaccina\u021bi"},"content":{"rendered":"<p><strong>\u00cen ultimele 2 zile la B\u0103l\u021bi au fost \u00eenregistrate 26 de cazuri noi de Covid-19. Din num\u0103rul total de infect\u0103ri, nu a fost identificat nici un caz \u00a0\u00een r\u00e2ndul lucr\u0103torilor medicali. Exper\u021bii consider\u0103 c\u0103 rata de infec\u021bie \u00een r\u00e2ndul angaja\u021bilor din s\u0103n\u0103tate a sc\u0103zut datorit\u0103 procesului de vaccinare. De la \u00eenceperea campaniei de imunizare, \u00een centrele medicilor de familie din B\u0103l\u021bi au fost vaccinate 3172 de persoane, majoritatea fiind medici.<\/strong><\/p>\n<p>De asemenea, Cristina Corlateanu a reamintit, c\u0103 la moment se desf\u0103\u0219oar\u0103 a doua etap\u0103 de imunizare. Cet\u0103\u021benii, care fac parte din acest grup, trebuie s\u0103 ia leg\u0103tura cu medicul de familie, pentru a fi \u00eenscris \u00een lista de a\u0219teptare.<\/p>\n<p>Potrivit Ministerului S\u0103n\u0103t\u0103\u021bii, infectarea lucr\u0103torilor medicali cu noul tip de coronavirus a sc\u0103zut cu 75 la sut\u0103 \u00een r\u00e2ndul lucr\u0103torilor medicali, odat\u0103 cu ini\u021bierea campaniei de vaccinare \u00een \u021bara noastr\u0103. Astfel, dac\u0103 p\u00e2n\u0103 la demararea procesului, cazurile confirmate \u00een r\u00e2ndul lucr\u0103torilor din s\u0103n\u0103tate constituiau 12% din num\u0103rul total de \u00eemboln\u0103viri, \u00een ultimele \u0219ase s\u0103pt\u0103m\u00e2ni, coeficientul a sc\u0103zut la doar 3%.<\/p>\n<p>Astfel, dintre cei imuniza\u021bi p\u00e2n\u0103 acum, 60 la sut\u0103 sunt lucr\u0103tori medicali, 30% \u2013 angaja\u021bi \u0219i beneficiari ai centrelor de plasament temporar \u0219i de lung\u0103 durat\u0103, iar 24% \u2013 angaja\u021bi din sistemul educa\u021biei. P\u00e2n\u0103 la moment \u00een R.Moldova au fost vaccinate 93466 de persoane.<\/p>\n<p><a href=\"http:\/\/iframe%20src=https:\/\/www.facebook.com\/plugins\/video.php?height=314&amp;href=https%3A%2F%2Fwww.facebook.com%2Fbtvmoldova%2Fvideos%2F365657961409629%2F&amp;show_text=false&amp;width=560%20width=560%20height=314%20style=border:none;overflow:hidden%20scrolling=no%20frameborder=0%20allowfullscreen=true%20allow=autoplay;%20clipboard-write;%20encrypted-media;%20picture-in-picture;%20web-share%20allowFullScreen=true\/iframe\"><iframe style=\"border: none; overflow: hidden;\" data-src=\"https:\/\/www.facebook.com\/plugins\/video.php?height=314&amp;href=https%3A%2F%2Fwww.facebook.com%2Fbtvmoldova%2Fvideos%2F365657961409629%2F&amp;show_text=false&amp;width=560\" width=\"560\" height=\"314\" frameborder=\"0\" scrolling=\"no\" allowfullscreen=\"allowfullscreen\" src=\"data:image\/svg+xml;base64,PHN2ZyB3aWR0aD0iMSIgaGVpZ2h0PSIxIiB4bWxucz0iaHR0cDovL3d3dy53My5vcmcvMjAwMC9zdmciPjwvc3ZnPg==\" class=\"lazyload\" data-load-mode=\"1\"><\/iframe><\/a><\/p>\n<p>&nbsp;<\/p>\n","protected":false},"excerpt":{"rendered":"<p>\u00cen ultimele 2 zile la B\u0103l\u021bi au fost \u00eenregistrate 26 de cazuri noi de Covid-19. Din num\u0103rul total de infect\u0103ri, nu a fost identificat nici un caz \u00a0\u00een r\u00e2ndul lucr\u0103torilor medicali. Exper\u021bii consider\u0103 c\u0103 rata de infec\u021bie \u00een r\u00e2ndul angaja\u021bilor din s\u0103n\u0103tate a sc\u0103zut datorit\u0103 procesului de vaccinare. De la \u00eenceperea campaniei de imunizare, \u00een [&hellip;]<\/p>\n","protected":false},"author":4,"featured_media":123861,"comment_status":"closed","ping_status":"closed","sticky":false,"template":"","format":"standard","meta":{"footnotes":""},"categories":[6353],"tags":[24202],"class_list":["post-123858","post","type-post","status-publish","format-standard","has-post-thumbnail","hentry","category-oras","tag-peste-80-dintre-angajatii-sistemului-de-sanatate-din-balti-au-fost-vaccinati"],"yoast_head":"<!-- This site is optimized with the Yoast SEO plugin v27.4 - https:\/\/yoast.com\/product\/yoast-seo-wordpress\/ -->\n<title>Peste 80% dintre angaja\u021bii sistemului de s\u0103n\u0103tate din B\u0103l\u021bi au fost vaccina\u021bi - BTV<\/title>\n<meta name=\"robots\" content=\"index, follow, max-snippet:-1, max-image-preview:large, max-video-preview:-1\" \/>\n<link rel=\"canonical\" href=\"https:\/\/www.btv.md\/ro\/peste-80-dintre-angajatii-sistemului-de-sanatate-din-balti-au-fost-vaccinati\/\" \/>\n<meta property=\"og:locale\" content=\"ro_RO\" \/>\n<meta property=\"og:type\" content=\"article\" \/>\n<meta property=\"og:title\" content=\"Peste 80% dintre angaja\u021bii sistemului de s\u0103n\u0103tate din B\u0103l\u021bi au fost vaccina\u021bi - BTV\" \/>\n<meta property=\"og:description\" content=\"\u00cen ultimele 2 zile la B\u0103l\u021bi au fost \u00eenregistrate 26 de cazuri noi de Covid-19. Din num\u0103rul total de infect\u0103ri, nu a fost identificat nici un caz \u00a0\u00een r\u00e2ndul lucr\u0103torilor medicali. Exper\u021bii consider\u0103 c\u0103 rata de infec\u021bie \u00een r\u00e2ndul angaja\u021bilor din s\u0103n\u0103tate a sc\u0103zut datorit\u0103 procesului de vaccinare. De la \u00eenceperea campaniei de imunizare, \u00een [&hellip;]\" \/>\n<meta property=\"og:url\" content=\"https:\/\/www.btv.md\/ro\/peste-80-dintre-angajatii-sistemului-de-sanatate-din-balti-au-fost-vaccinati\/\" \/>\n<meta property=\"og:site_name\" content=\"BTV\" \/>\n<meta property=\"article:publisher\" content=\"https:\/\/www.facebook.com\/btvmoldova\/\" \/>\n<meta property=\"article:published_time\" content=\"2021-04-19T14:52:36+00:00\" \/>\n<meta property=\"og:image\" content=\"https:\/\/www.btv.md\/wp-content\/uploads\/2021\/04\/vakcz1.jpg\" \/>\n\t<meta property=\"og:image:width\" content=\"1920\" \/>\n\t<meta property=\"og:image:height\" content=\"1080\" \/>\n\t<meta property=\"og:image:type\" content=\"image\/jpeg\" \/>\n<meta name=\"author\" content=\"admin\" \/>\n<meta name=\"twitter:label1\" content=\"Scris de\" \/>\n\t<meta name=\"twitter:data1\" content=\"admin\" \/>\n\t<meta name=\"twitter:label2\" content=\"Timp estimat pentru citire\" \/>\n\t<meta name=\"twitter:data2\" content=\"1 minut\" \/>\n<script type=\"application\/ld+json\" class=\"yoast-schema-graph\">{\"@context\":\"https:\\\/\\\/schema.org\",\"@graph\":[{\"@type\":\"Article\",\"@id\":\"https:\\\/\\\/www.btv.md\\\/ro\\\/peste-80-dintre-angajatii-sistemului-de-sanatate-din-balti-au-fost-vaccinati\\\/#article\",\"isPartOf\":{\"@id\":\"https:\\\/\\\/www.btv.md\\\/ro\\\/peste-80-dintre-angajatii-sistemului-de-sanatate-din-balti-au-fost-vaccinati\\\/\"},\"author\":{\"name\":\"admin\",\"@id\":\"https:\\\/\\\/www.btv.md\\\/#\\\/schema\\\/person\\\/8fadce81561b3ce2c34c46dadc4ccbf2\"},\"headline\":\"Peste 80% dintre angaja\u021bii sistemului de s\u0103n\u0103tate din B\u0103l\u021bi au fost vaccina\u021bi\",\"datePublished\":\"2021-04-19T14:52:36+00:00\",\"mainEntityOfPage\":{\"@id\":\"https:\\\/\\\/www.btv.md\\\/ro\\\/peste-80-dintre-angajatii-sistemului-de-sanatate-din-balti-au-fost-vaccinati\\\/\"},\"wordCount\":265,\"image\":{\"@id\":\"https:\\\/\\\/www.btv.md\\\/ro\\\/peste-80-dintre-angajatii-sistemului-de-sanatate-din-balti-au-fost-vaccinati\\\/#primaryimage\"},\"thumbnailUrl\":\"https:\\\/\\\/www.btv.md\\\/wp-content\\\/uploads\\\/2021\\\/04\\\/vakcz1.jpg\",\"keywords\":[\"Peste 80% dintre angaja\u021bii sistemului de s\u0103n\u0103tate din B\u0103l\u021bi au fost vaccina\u021bi\"],\"articleSection\":[\"Ora\u0219\"],\"inLanguage\":\"ro-RO\"},{\"@type\":\"WebPage\",\"@id\":\"https:\\\/\\\/www.btv.md\\\/ro\\\/peste-80-dintre-angajatii-sistemului-de-sanatate-din-balti-au-fost-vaccinati\\\/\",\"url\":\"https:\\\/\\\/www.btv.md\\\/ro\\\/peste-80-dintre-angajatii-sistemului-de-sanatate-din-balti-au-fost-vaccinati\\\/\",\"name\":\"Peste 80% dintre angaja\u021bii sistemului de s\u0103n\u0103tate din B\u0103l\u021bi au fost vaccina\u021bi - BTV\",\"isPartOf\":{\"@id\":\"https:\\\/\\\/www.btv.md\\\/#website\"},\"primaryImageOfPage\":{\"@id\":\"https:\\\/\\\/www.btv.md\\\/ro\\\/peste-80-dintre-angajatii-sistemului-de-sanatate-din-balti-au-fost-vaccinati\\\/#primaryimage\"},\"image\":{\"@id\":\"https:\\\/\\\/www.btv.md\\\/ro\\\/peste-80-dintre-angajatii-sistemului-de-sanatate-din-balti-au-fost-vaccinati\\\/#primaryimage\"},\"thumbnailUrl\":\"https:\\\/\\\/www.btv.md\\\/wp-content\\\/uploads\\\/2021\\\/04\\\/vakcz1.jpg\",\"datePublished\":\"2021-04-19T14:52:36+00:00\",\"author\":{\"@id\":\"https:\\\/\\\/www.btv.md\\\/#\\\/schema\\\/person\\\/8fadce81561b3ce2c34c46dadc4ccbf2\"},\"inLanguage\":\"ro-RO\",\"potentialAction\":[{\"@type\":\"ReadAction\",\"target\":[\"https:\\\/\\\/www.btv.md\\\/ro\\\/peste-80-dintre-angajatii-sistemului-de-sanatate-din-balti-au-fost-vaccinati\\\/\"]}]},{\"@type\":\"ImageObject\",\"inLanguage\":\"ro-RO\",\"@id\":\"https:\\\/\\\/www.btv.md\\\/ro\\\/peste-80-dintre-angajatii-sistemului-de-sanatate-din-balti-au-fost-vaccinati\\\/#primaryimage\",\"url\":\"https:\\\/\\\/www.btv.md\\\/wp-content\\\/uploads\\\/2021\\\/04\\\/vakcz1.jpg\",\"contentUrl\":\"https:\\\/\\\/www.btv.md\\\/wp-content\\\/uploads\\\/2021\\\/04\\\/vakcz1.jpg\",\"width\":1920,\"height\":1080},{\"@type\":\"WebSite\",\"@id\":\"https:\\\/\\\/www.btv.md\\\/#website\",\"url\":\"https:\\\/\\\/www.btv.md\\\/\",\"name\":\"BTV\",\"description\":\"\u0411\u0435\u043b\u044c\u0446\u043a\u043e\u0435 \u0442\u0435\u043b\u0435\u0432\u0438\u0434\u0435\u043d\u0438\u0435\",\"potentialAction\":[{\"@type\":\"SearchAction\",\"target\":{\"@type\":\"EntryPoint\",\"urlTemplate\":\"https:\\\/\\\/www.btv.md\\\/?s={search_term_string}\"},\"query-input\":{\"@type\":\"PropertyValueSpecification\",\"valueRequired\":true,\"valueName\":\"search_term_string\"}}],\"inLanguage\":\"ro-RO\"},{\"@type\":\"Person\",\"@id\":\"https:\\\/\\\/www.btv.md\\\/#\\\/schema\\\/person\\\/8fadce81561b3ce2c34c46dadc4ccbf2\",\"name\":\"admin\"}]}<\/script>\n<!-- \/ Yoast SEO plugin. -->","yoast_head_json":{"title":"Peste 80% dintre angaja\u021bii sistemului de s\u0103n\u0103tate din B\u0103l\u021bi au fost vaccina\u021bi - BTV","robots":{"index":"index","follow":"follow","max-snippet":"max-snippet:-1","max-image-preview":"max-image-preview:large","max-video-preview":"max-video-preview:-1"},"canonical":"https:\/\/www.btv.md\/ro\/peste-80-dintre-angajatii-sistemului-de-sanatate-din-balti-au-fost-vaccinati\/","og_locale":"ro_RO","og_type":"article","og_title":"Peste 80% dintre angaja\u021bii sistemului de s\u0103n\u0103tate din B\u0103l\u021bi au fost vaccina\u021bi - BTV","og_description":"\u00cen ultimele 2 zile la B\u0103l\u021bi au fost \u00eenregistrate 26 de cazuri noi de Covid-19. Din num\u0103rul total de infect\u0103ri, nu a fost identificat nici un caz \u00a0\u00een r\u00e2ndul lucr\u0103torilor medicali. Exper\u021bii consider\u0103 c\u0103 rata de infec\u021bie \u00een r\u00e2ndul angaja\u021bilor din s\u0103n\u0103tate a sc\u0103zut datorit\u0103 procesului de vaccinare. De la \u00eenceperea campaniei de imunizare, \u00een [&hellip;]","og_url":"https:\/\/www.btv.md\/ro\/peste-80-dintre-angajatii-sistemului-de-sanatate-din-balti-au-fost-vaccinati\/","og_site_name":"BTV","article_publisher":"https:\/\/www.facebook.com\/btvmoldova\/","article_published_time":"2021-04-19T14:52:36+00:00","og_image":[{"width":1920,"height":1080,"url":"https:\/\/www.btv.md\/wp-content\/uploads\/2021\/04\/vakcz1.jpg","type":"image\/jpeg"}],"author":"admin","twitter_misc":{"Scris de":"admin","Timp estimat pentru citire":"1 minut"},"schema":{"@context":"https:\/\/schema.org","@graph":[{"@type":"Article","@id":"https:\/\/www.btv.md\/ro\/peste-80-dintre-angajatii-sistemului-de-sanatate-din-balti-au-fost-vaccinati\/#article","isPartOf":{"@id":"https:\/\/www.btv.md\/ro\/peste-80-dintre-angajatii-sistemului-de-sanatate-din-balti-au-fost-vaccinati\/"},"author":{"name":"admin","@id":"https:\/\/www.btv.md\/#\/schema\/person\/8fadce81561b3ce2c34c46dadc4ccbf2"},"headline":"Peste 80% dintre angaja\u021bii sistemului de s\u0103n\u0103tate din B\u0103l\u021bi au fost vaccina\u021bi","datePublished":"2021-04-19T14:52:36+00:00","mainEntityOfPage":{"@id":"https:\/\/www.btv.md\/ro\/peste-80-dintre-angajatii-sistemului-de-sanatate-din-balti-au-fost-vaccinati\/"},"wordCount":265,"image":{"@id":"https:\/\/www.btv.md\/ro\/peste-80-dintre-angajatii-sistemului-de-sanatate-din-balti-au-fost-vaccinati\/#primaryimage"},"thumbnailUrl":"https:\/\/www.btv.md\/wp-content\/uploads\/2021\/04\/vakcz1.jpg","keywords":["Peste 80% dintre angaja\u021bii sistemului de s\u0103n\u0103tate din B\u0103l\u021bi au fost vaccina\u021bi"],"articleSection":["Ora\u0219"],"inLanguage":"ro-RO"},{"@type":"WebPage","@id":"https:\/\/www.btv.md\/ro\/peste-80-dintre-angajatii-sistemului-de-sanatate-din-balti-au-fost-vaccinati\/","url":"https:\/\/www.btv.md\/ro\/peste-80-dintre-angajatii-sistemului-de-sanatate-din-balti-au-fost-vaccinati\/","name":"Peste 80% dintre angaja\u021bii sistemului de s\u0103n\u0103tate din B\u0103l\u021bi au fost vaccina\u021bi - BTV","isPartOf":{"@id":"https:\/\/www.btv.md\/#website"},"primaryImageOfPage":{"@id":"https:\/\/www.btv.md\/ro\/peste-80-dintre-angajatii-sistemului-de-sanatate-din-balti-au-fost-vaccinati\/#primaryimage"},"image":{"@id":"https:\/\/www.btv.md\/ro\/peste-80-dintre-angajatii-sistemului-de-sanatate-din-balti-au-fost-vaccinati\/#primaryimage"},"thumbnailUrl":"https:\/\/www.btv.md\/wp-content\/uploads\/2021\/04\/vakcz1.jpg","datePublished":"2021-04-19T14:52:36+00:00","author":{"@id":"https:\/\/www.btv.md\/#\/schema\/person\/8fadce81561b3ce2c34c46dadc4ccbf2"},"inLanguage":"ro-RO","potentialAction":[{"@type":"ReadAction","target":["https:\/\/www.btv.md\/ro\/peste-80-dintre-angajatii-sistemului-de-sanatate-din-balti-au-fost-vaccinati\/"]}]},{"@type":"ImageObject","inLanguage":"ro-RO","@id":"https:\/\/www.btv.md\/ro\/peste-80-dintre-angajatii-sistemului-de-sanatate-din-balti-au-fost-vaccinati\/#primaryimage","url":"https:\/\/www.btv.md\/wp-content\/uploads\/2021\/04\/vakcz1.jpg","contentUrl":"https:\/\/www.btv.md\/wp-content\/uploads\/2021\/04\/vakcz1.jpg","width":1920,"height":1080},{"@type":"WebSite","@id":"https:\/\/www.btv.md\/#website","url":"https:\/\/www.btv.md\/","name":"BTV","description":"\u0411\u0435\u043b\u044c\u0446\u043a\u043e\u0435 \u0442\u0435\u043b\u0435\u0432\u0438\u0434\u0435\u043d\u0438\u0435","potentialAction":[{"@type":"SearchAction","target":{"@type":"EntryPoint","urlTemplate":"https:\/\/www.btv.md\/?s={search_term_string}"},"query-input":{"@type":"PropertyValueSpecification","valueRequired":true,"valueName":"search_term_string"}}],"inLanguage":"ro-RO"},{"@type":"Person","@id":"https:\/\/www.btv.md\/#\/schema\/person\/8fadce81561b3ce2c34c46dadc4ccbf2","name":"admin"}]}},"_links":{"self":[{"href":"https:\/\/www.btv.md\/ro\/wp-json\/wp\/v2\/posts\/123858","targetHints":{"allow":["GET"]}}],"collection":[{"href":"https:\/\/www.btv.md\/ro\/wp-json\/wp\/v2\/posts"}],"about":[{"href":"https:\/\/www.btv.md\/ro\/wp-json\/wp\/v2\/types\/post"}],"author":[{"embeddable":true,"href":"https:\/\/www.btv.md\/ro\/wp-json\/wp\/v2\/users\/4"}],"replies":[{"embeddable":true,"href":"https:\/\/www.btv.md\/ro\/wp-json\/wp\/v2\/comments?post=123858"}],"version-history":[{"count":0,"href":"https:\/\/www.btv.md\/ro\/wp-json\/wp\/v2\/posts\/123858\/revisions"}],"wp:featuredmedia":[{"embeddable":true,"href":"https:\/\/www.btv.md\/ro\/wp-json\/wp\/v2\/media\/123861"}],"wp:attachment":[{"href":"https:\/\/www.btv.md\/ro\/wp-json\/wp\/v2\/media?parent=123858"}],"wp:term":[{"taxonomy":"category","embeddable":true,"href":"https:\/\/www.btv.md\/ro\/wp-json\/wp\/v2\/categories?post=123858"},{"taxonomy":"post_tag","embeddable":true,"href":"https:\/\/www.btv.md\/ro\/wp-json\/wp\/v2\/tags?post=123858"}],"curies":[{"name":"wp","href":"https:\/\/api.w.org\/{rel}","templated":true}]}}