{"id":123882,"date":"2021-04-20T09:00:40","date_gmt":"2021-04-20T06:00:40","guid":{"rendered":"http:\/\/www.btv.md\/?p=123882"},"modified":"2021-04-20T08:11:50","modified_gmt":"2021-04-20T05:11:50","slug":"discursul-integral-al-maiei-sandu-la-apce-a-venit-timpul-ca-moldovenii-sa-aiba-o-viata-demna-acasa","status":"publish","type":"post","link":"https:\/\/www.btv.md\/ro\/discursul-integral-al-maiei-sandu-la-apce-a-venit-timpul-ca-moldovenii-sa-aiba-o-viata-demna-acasa\/","title":{"rendered":"Discursul integral al Maiei Sandu la APCE: A venit timpul ca moldovenii s\u0103 aib\u0103 o via\u021b\u0103 demn\u0103 acas\u0103"},"content":{"rendered":"<p><strong>Pre\u0219edintele R.Moldova, Maia Sandu, a \u021binut un discurs \u00een fa\u021ba plenului Adun\u0103rii Parlamentare a Consiliului Europei de la Strasbourg, unde se desf\u0103\u0219oar\u0103 sesiunea de prim\u0103var\u0103 a APCE, transmite <a href=\"https:\/\/deschide.md\/ro\/stiri\/politic\/83819\/Discursul-integral-al-Maiei-Sandu-la-APCE-A-venit-timpul-ca-moldovenii-s%C4%83-aib%C4%83-o-via%C8%9B%C4%83-demn%C4%83-acas%C4%83-%C8%98i-vom-reu%C8%99i-acest-lucru-%C3%AEmpreun%C4%83.htm\">deschide.md<\/a>.<\/strong><\/p>\n<p>\u201e<em><strong>Stimate domnule Pre\u0219edinte,<\/strong><\/em><\/p>\n<p><em><strong>Stimat\u0103 doamn\u0103 Secretar General al Consiliului Europei,<\/strong><\/em><\/p>\n<p><em><strong>Stimate domnule Secretar General adjunct,<\/strong><\/em><\/p>\n<p><em><strong>Stimat\u0103 doamn\u0103 Secretar General al APCE,<\/strong><\/em><\/p>\n<p><em><strong>Stima\u021bi membri ai Adun\u0103rii Parlamentare,<\/strong><\/em><\/p>\n<p><em><strong>Excelen\u021bele voastre,<\/strong><\/em><\/p>\n<p>V\u0103 mul\u021bumesc pentru invita\u021bia de a m\u0103 adresa ast\u0103zi aici, la Palatul Europei. M\u0103 bucur c\u0103 v\u0103 pot \u00eent\u00e2lni \u00een persoan\u0103 \u0219i \u00eei salut c\u0103lduros pe participan\u021bii \u0219i delega\u021bii Adun\u0103rii Parlamentare care s-au al\u0103turat online.<\/p>\n<p>M\u0103 aflu ast\u0103zi aici \u00een semn de recuno\u0219tin\u021b\u0103 pentru rolul Consiliului Europei \u00een stabilirea \u0219i sus\u021binerea valorilor \u0219i standardelor care definesc \u00een prezent na\u021biunile europene, \u00een promovarea stabilit\u0103\u021bii \u0219i democra\u021biei, precum \u0219i \u00een crearea unui spa\u021biu de dialog pe continent.<\/p>\n<p>Moldova este o \u021bar\u0103 european\u0103 mic\u0103, cu oameni buni \u0219i muncitori, care \u00ee\u0219i vor s\u0103rb\u0103tori 30 de ani de independen\u021b\u0103 \u00een luna august a acestui an. O \u021bar\u0103 care are toate ingredientele necesare pentru a reu\u0219i. Sunt onorat\u0103 c\u0103 am fost aleas\u0103 Pre\u0219edinte al acestei \u021b\u0103ri. \u00centr-adev\u0103r, alegerile preziden\u021biale recente au unit to\u021bi moldovenii, de toate etniile, \u00een jurul unui demers major pentru un guvern responsabil, receptiv, care urmeaz\u0103 interesul na\u021bional, nu interesele personale.<\/p>\n<p>Acest obiectiv comun a creat un val f\u0103r\u0103 precedent de unitate \u0219i hot\u0103r\u00e2re \u0219i anume acesta este mesajul meu ast\u0103zi &#8211; voin\u021ba de a reforma \u021bara vine de la cet\u0103\u021benii moldoveni. Moldoveni de diferite v\u00e2rste, cu diferite preferin\u021be politice s-au solidarizat ca o na\u021biune unit\u0103 pentru a cere transform\u0103ri interne cuprinz\u0103toare, \u0219i anume o lupt\u0103 serioas\u0103 \u00eempotriva corup\u021biei, reforma justi\u021biei \u0219i un guvern curat care lucreaz\u0103 pentru oameni. Vin cu acest mesaj c\u0103tre to\u021bi moldovenii &#8211; voi face ce mi-a\u021bi solicitat s\u0103 fac. Voi a\u021bi generat impulsul pentru reforme \u0219i acest impuls trebuie sus\u021binut de ac\u021biuni reale. Cuvintele \u0219i promisiunile, documentele frumoase de care au avut parte deseori moldovenii nu sunt suficiente.<\/p>\n<p>Cu 30 de ani \u00een urm\u0103, Moldova a ales s\u0103-\u0219i construiasc\u0103 propria democra\u021bie. Am adoptat o Constitu\u021bie, am votat legi \u0219i am creat institu\u021bii inspirate din cele mai bune practici europene \u0219i interna\u021bionale. Am f\u0103cut multe lucruri corect, \u00eens\u0103 prea multe dintre ele au r\u0103mas doar pe h\u00e2rtie. \u00cen pofida reformelor prelungite, \u00een pofida adopt\u0103rii unei legisla\u021bii tot mai sofisticate, multe dintre institu\u021biile noastre r\u0103m\u00e2n vulnerabile \u00een fa\u021ba unor influen\u021be nefaste \u0219i susceptibile la abuz.<\/p>\n<p>Institu\u021biile statului sunt, de prea multe ori, incapabile s\u0103 ofere servicii publice esen\u021biale. Economia sufer\u0103 din cauza de monopolurilor. Unii cet\u0103\u021beni pierd \u00eencrederea \u00een ziua de m\u00e2ine \u0219i aleg s\u0103 plece din \u021bar\u0103 \u00een c\u0103utarea unui viitor mai bun.<\/p>\n<p>Oamenii au votat pentru o schimbare serioas\u0103. Dar ce anume \u00eenseamn\u0103 schimbarea pentru moldoveni? \u00censeamn\u0103 c\u0103 moldovenii vor justi\u021bie. Vrem standarde de via\u021b\u0103 mai bune, acces la servicii de s\u0103n\u0103tate \u0219i educa\u021bie de calitate, infrastructur\u0103 mai bun\u0103. Vrem o \u021bar\u0103 cu o economie real\u0103, unde investi\u021biile str\u0103ine \u0219i cele interne sunt \u00een siguran\u021b\u0103, unde exist\u0103 locuri de munc\u0103 pentru to\u021bi. Vrem ca cet\u0103\u021benii no\u0219tri s\u0103 aleag\u0103 s\u0103 se \u00eentoarc\u0103 \u0219i s\u0103 tr\u0103iasc\u0103 \u00een Moldova &#8211; nu pentru c\u0103 trebuie, ci pentru c\u0103 vor.<\/p>\n<p>Schimbarea \u00eenseamn\u0103 ca moldovenii s\u0103 aib\u0103 \u00eencredere \u00een \u021bara lor. Viziunea oamenilor pentru un viitor mai bun are la baz\u0103 c\u00e2teva elemente-cheie: o lupt\u0103 autentic\u0103 \u00eempotriva corup\u021biei, legi func\u021bionale \u0219i un sistem judec\u0103toresc responsabil \u0219i independent, condi\u021bii bune pentru afaceri, un mediu mai bun, infrastructur\u0103 dezvoltat\u0103 \u0219i sisteme de s\u0103n\u0103tate \u0219i educa\u021bie de calitate. Acestea sunt priorit\u0103\u021bile mele strategice.<\/p>\n<p>Prima prioritate este s\u0103 oprim corup\u021bia generalizat\u0103. Corup\u021bia fr\u00e2neaz\u0103 democra\u021bia, erodeaz\u0103 sectorul public \u0219i \u00eentreprinderile de stat. Func\u021bionarii publici nu sunt tra\u0219i la r\u0103spundere pentru ac\u021biunile lor. Iar cei care trebuie s\u0103 opreasc\u0103 abuzurile &#8211; judec\u0103torii, procurorii, func\u021bionarii din institu\u021biile de drept &#8211; sunt de multe ori cei care comit infrac\u021biunile. Drept urmare, vedem o ne\u00eencredere \u00een continu\u0103 cre\u0219tere dintre stat \u0219i societate.<\/p>\n<p>Conform evalu\u0103rilor interna\u021bionale, Moldova genereaz\u0103 fluxuri financiare ilegale de aproape 1 miliard de dolari pe an din cauza corup\u021biei, contrabandei \u0219i sp\u0103l\u0103rii banilor. Este o sum\u0103 imens\u0103 pentru Moldova. Doar o parte din ace\u0219ti bani ar fi suficient\u0103 pentru a dubla salariile profesorilor sau pentru a repara majoritatea drumurilor din \u021bar\u0103.<\/p>\n<p>Moldovenii sunt oameni muncitori. Banii pe care cet\u0103\u021benii \u00eei c\u00e2\u0219tig\u0103 ar trebui s\u0103 fie direc\u021biona\u021bi \u00een beneficiul tuturor, nu pentru palatele func\u021bionarilor corup\u021bi. Provocarea de baz\u0103 \u00een Moldova acum este s\u0103 cre\u0103m un stat democratic \u0219i func\u021bional, unde fiecare \u0219tie c\u0103 este r\u0103spl\u0103tit pentru munca depus\u0103 at\u00e2t la nivel personal, c\u00e2t \u0219i pentru bun\u0103starea tuturor. Cet\u0103\u021benii Republicii Moldova m-au ales Pre\u0219edinte, oferindu-mi un mandat puternic pentru lupta \u00eempotriva corup\u021biei \u0219i pentru a face posibile transform\u0103ri interne fundamentale &#8211; aceasta este prima \u0219i cea mai important\u0103 prioritate a mea.<\/p>\n<p>Acest obiectiv nu poate fi \u00eendeplinit doar de o institu\u021bie, oric\u00e2t de hot\u0103r\u00e2t\u0103 ar fi. Trebuie s\u0103 existe un sentiment comun al direc\u021biei \u00een ce prive\u0219te lupta anticorup\u021bie \u00een Pre\u0219edin\u021bie, Parlament \u0219i Guvern.<\/p>\n<p>Alegerile parlamentare anticipate, care vor avea loc \u00een cur\u00e2nd \u00een Moldova, vor deschide posibilitatea schimb\u0103rii personajelor politice care conduc \u021bara. Alegerile viitoare ne vor oferi o \u0219ans\u0103 unic\u0103 de a urma o agend\u0103 de reforme serioase, de a p\u0103\u0219i din nou pe calea spre democra\u021bie \u0219i de a restabili \u00eencrederea dintre oameni \u0219i stat.<\/p>\n<p>\u00cen al doilea r\u00e2nd, trebuie s\u0103 facem \u00eembun\u0103t\u0103\u021biri \u00een sectorul justi\u021biei. Este fundamentul necesar pentru a cre\u0219te investi\u021biile \u00een economia Moldovei, locale \u0219i interna\u021bionale, \u0219i pentru a consolida eficien\u021ba sectorului public. To\u021bi \u00een Moldova trebuie s\u0103 fie trata\u021bi egal. Pentru prea mult\u0103 vreme, cei pu\u021bini au avut totul de pe urma statului, iar cei mul\u021bi au avut foarte pu\u021bin. Un om de afaceri care toat\u0103 via\u021ba a construit o afacere puternic\u0103 \u0219i care \u00ee\u0219i vede munca de-o via\u021b\u0103 preluat\u0103 de demnitari de la nivel \u00eenalt, doar pentru c\u0103 ace\u0219tia \u00ee\u0219i doreau profiturile generate de afacere. Instan\u021be de judecat\u0103 care ofer\u0103 sentin\u021be \u00een favoarea celor cu putere \u0219i bani \u0219i care trateaz\u0103 nedrept oamenii f\u0103r\u0103 rela\u021bii; sau care protejeaz\u0103 un func\u021bionar corupt ce \u00eenstr\u0103ineaz\u0103 un bun public prin companii afiliate \u00een v\u0103zul tuturor. Judec\u0103tori care \u00eenchid ochii la cazuri de corup\u021bie flagrant\u0103 \u0219i absolv\u0103 de orice r\u0103spundere criminali pozi\u021biona\u021bi \u00een func\u021bii \u00eenalte.<\/p>\n<p>Trebuie s\u0103 schimb\u0103m aceast\u0103 situa\u021bie. Acel om de afaceri este coloana vertebral\u0103 a cre\u0219terii economice \u00een Moldova \u0219i aceast\u0103 persoan\u0103 trebuie s\u0103 beneficieze de acela\u0219i tratament ca \u0219i func\u021bionarii cu putere de la nivel na\u021bional sau regional. To\u021bi oamenii din Moldova trebuie s\u0103 \u0219tie c\u0103 statul \u0219i sistemul s\u0103u judiciar \u00eei va trata echitabil. Acesta este scopul reformelor din sectorul justi\u021biei care va cre\u0219te \u00eencrederea cet\u0103\u021benilor \u00een institu\u021biile publice.<\/p>\n<p>\u00cen al treilea r\u00e2nd, un stat mai pu\u021bin corupt \u0219i cu un sistem judec\u0103toresc impar\u021bial, independent va crea o temelie puternic\u0103 pentru o economie func\u021bional\u0103 \u0219i pentru cre\u0219tere economic\u0103. Acest lucru va genera, la r\u00e2ndul s\u0103u, venituri la buget pentru reconstruc\u021bia infrastructurii distruse \u00een Moldova. \u00cens\u0103 cel mai important, aceste venituri na\u021bionale care vor fi re\u00eentoarse de la re\u021belele criminale regionale \u0219i func\u021bionarii corup\u021bi vor permite unui guvern mai curat s\u0103 fac\u0103 ce trebuia s\u0103 fac\u0103 \u00een ace\u0219ti 30 de ani de independen\u021b\u0103 &#8211; s\u0103 investeasc\u0103 masiv \u00een resursa na\u021bional\u0103 de baz\u0103 a Moldovei, capitalul s\u0103u uman. Trebuie s\u0103 cre\u0219tem semnificativ investi\u021biile \u00een sisteme de s\u0103n\u0103tate bune \u0219i \u00een educa\u021bie de calitate \u0219i s\u0103 asigur\u0103m o protec\u021bie social\u0103 bun\u0103 pentru cet\u0103\u021benii moldoveni.<\/p>\n<p>Aceasta este, \u00een c\u00e2teva cuvinte, viziunea pentru \u021bar\u0103 \u0219i programul de reforme dorite de to\u021bi moldovenii, indiferent dac\u0103 vorbesc rom\u00e2na, ucraineana, rusa, g\u0103g\u0103uza sau bulgara. Acesta este \u021belul comun \u0219i agenda de baz\u0103 care au unit to\u021bi moldovenii.<\/p>\n<p><em><strong>Doamnelor \u0219i domnilor,<\/strong><\/em><\/p>\n<p>\u00cen aceast\u0103 sal\u0103 au fost rostite multe discursuri &#8211; vizionare, inspira\u021bionale, cu mesaje de speran\u021b\u0103, unitate, pace \u0219i progres. Ast\u0103zi vin \u00een fa\u021ba dumneavoastr\u0103 cu un mesaj diferit. Cet\u0103\u021benii moldoveni vor ca Pre\u0219edin\u021bia s\u0103-\u0219i uneasc\u0103 for\u021bele cu un nou parlament \u0219i cu un nou guvern pentru a cur\u0103\u021ba \u021bara de viciile care o \u00eempiedic\u0103 s\u0103 se dezvolte &#8211; \u0219i v\u0103 solicit sprijinul \u00een acest demers. Iar de aceast\u0103 dat\u0103, politicienii moldoveni nu trebuie s\u0103-\u0219i dezam\u0103geasc\u0103 poporul.<\/p>\n<p>Restabilirea \u00eencrederii dintre stat \u0219i cet\u0103\u021beni nu este o sarcin\u0103 u\u0219oar\u0103, dar trebuie \u00eendeplinit\u0103 drept condi\u021bie esen\u021bial\u0103 pentru o na\u021biune mai fericit\u0103, mai prosper\u0103.<\/p>\n<p>Chiar dac\u0103 ne\u00eencrederea este un fenomen global acum &#8211; agravat de pandemie \u0219i de interpret\u0103ri concurente &#8211; cheia pentru restabilirea coeziunii \u00een societatea noastr\u0103 este \u00een Moldova. Prin lupta \u00eempotriva corup\u021biei, reforma justi\u021biei, instituirea unui sim\u021b al responsabilit\u0103\u021bii \u00een sectorul public \u0219i investi\u021biile \u00een s\u0103n\u0103tate, educa\u021bie \u0219i protec\u021bie social\u0103 putem s\u0103 reconect\u0103m institu\u021biile noastre la cet\u0103\u021beni.<\/p>\n<p>Puterea institu\u021biilor nu rezid\u0103 doar \u00een cuvintele \u00eenscrise \u00een lege &#8211; cuvinte ce descriu atribu\u021biile \u0219i competen\u021bele lor institu\u021bionale. Puterea rezid\u0103 \u00een con\u0219tiinciozitatea cu care angaja\u021bii acestor institu\u021bii aleg s\u0103-\u0219i fac lucrul \u00een fiecare zi. Ea rezid\u0103 \u00een calitatea serviciului prestat cet\u0103\u021beanului. \u00cen profesionalismul func\u021bionarului de la ghi\u0219eu. \u00cen claritatea procedurilor. \u00cen comportamentul poli\u021bistului de patrulare pe traseu. \u00cen ap\u0103sarea cu care un procuror se \u00eenc\u0103p\u0103\u021b\u00e2neaz\u0103 s\u0103 apere bunul public de ac\u021biunile vreunui demnitar lipsit de integritate. \u00cen t\u0103ria cu care un judec\u0103tor alege s\u0103 nu r\u0103spund\u0103 la telefon, \u0219tiind c\u0103 ar putea fi rugat de cineva influent s\u0103 intervin\u0103 pe un dosar.<\/p>\n<p>Func\u021bionarii trebuie s\u0103 \u0219tie &#8211; ei sunt \u00een slujba oamenilor.<\/p>\n<p>Ce ne-am propus s\u0103 facem necesit\u0103 curaj \u0219i eforturi continue, sus\u021binute. Imboldul pentru reforme trebuie s\u0103 vin\u0103 \u00een continuare de la oameni, indiferent de obstacolele care apar pe drum. \u0218i exist\u0103 multe obstacole. For\u021bele corupte vor riposta, deoarece au de pierdut nu doar veniturile ilegale, ci \u0219i libertatea. \u00cens\u0103 oamenii sunt hot\u0103r\u00e2\u021bi s\u0103 lupte pentru schimbare \u0219i mizeaz\u0103 pe sprijinul partenerilor no\u0219tri din Consiliul Europei.<\/p>\n<p>\u00cen ultimii 26 de ani, Consiliul Europei a avut un rol crucial \u00een a ajuta Moldova s\u0103 treac\u0103 la un sistem de guvernare mai democratic. Consiliul Europei \u0219i institu\u021biile sale &#8211; Adunarea Parlamentar\u0103, Comitetul de Mini\u0219tri, Comisia de la Vene\u021bia, Congresul Autorit\u0103\u021bilor Locale \u0219i Regionale \u0219i altele &#8211; au fost al\u0103turi de Moldova \u0219i \u00een vremuri bune, \u0219i \u00een vremuri grele. V\u0103 mul\u021bumesc pentru tot sprijinul oferit \u021b\u0103rii noastre \u00een perioadele dificile.<\/p>\n<p><em><strong>Doamnelor \u0219i domnilor,<\/strong><\/em><\/p>\n<p>Am pus la baza mesajului meu de ast\u0103zi restabilirea \u00eencrederii cet\u0103\u021benilor \u00een stat \u0219i lupta \u00eempotriva corup\u021biei, deoarece acestea sunt esen\u021biale pentru asigurarea stabilit\u0103\u021bii \u0219i securit\u0103\u021bii \u00een regiunea noastr\u0103. Corup\u021bia este o problem\u0103 de securitate \u0219i nu se opre\u0219te la frontierele Republicii Moldova. Contrabanda, sp\u0103larea de bani, amenin\u021b\u0103rile hibride reprezint\u0103 amenin\u021b\u0103ri transna\u021bionale. Vedem c\u0103 multe \u021b\u0103ri \u00een Europa de Est se confrunt\u0103, de asemenea, cu un stat de drept slab \u0219i cu institu\u021bii slabe. Acest lucru cre\u0219te insecuritatea noastr\u0103 comun\u0103 \u00een regiune.<\/p>\n<p>\u00cen\u021beleg c\u0103 exist\u0103 o doz\u0103 de oboseal\u0103 \u00een Europa fa\u021b\u0103 de transform\u0103rile democratice prea lungi.<\/p>\n<p>Cet\u0103\u021benii no\u0219tri, la fel, au obosit s\u0103 tot aud\u0103 despre reformele care nu se mai sf\u00e2r\u0219esc \u0219i tentativele e\u0219uate de a face via\u021ba mai bun\u0103 pentru to\u021bi. Transform\u0103rile autentice necesit\u0103 o puternic\u0103 voin\u021b\u0103 politic\u0103. \u0218i aceast\u0103 voin\u021b\u0103 politic\u0103 pentru reform\u0103 este prezent\u0103 ast\u0103zi \u00een Moldova. Dac\u0103 plant\u0103m semin\u021bele, vom putea asigura un viitor mai bun copiilor no\u0219tri. \u0218i ne vom putea concentra pe lucrurile care conteaz\u0103 cu adev\u0103rat pentru viitorul nostru: cre\u0219terea rezisten\u021bei la schimb\u0103rile climatice \u0219i de mediu, sprijinirea transform\u0103rii digitale, consolidarea conectivit\u0103\u021bii \u0219i promovarea unor societ\u0103\u021bi echitabile \u0219i incluzive &#8211; priorit\u0103\u021bile noastre europene comune.<\/p>\n<p>Ast\u0103zi \u021bara mea are nevoie de ajutor. Cet\u0103\u021benii moldoveni sunt hot\u0103r\u00e2\u021bi s\u0103 o repun\u0103 pe drumul cel bun, a\u0219a \u00eenc\u00e2t statul s\u0103 lucreze pentru ei. Cet\u0103\u021benii moldoveni \u00ee\u0219i doresc s\u0103 poat\u0103 spune cu m\u00e2ndrie, din nou &#8211; \u201eAceasta este \u021bara noastr\u0103!\u201d.<\/p>\n<p>Pare dificil. \u00cens\u0103 moldovenii, ca popor, pot \u0219i au f\u0103cut lucruri imposibile. Chiar dac\u0103 suntem o democra\u021bie t\u00e2n\u0103r\u0103 \u0219i fragil\u0103, am fost mereu o na\u021biune divers\u0103, deschis\u0103, inventiv\u0103 \u0219i corect\u0103. \u00cen pofida regreselor anterioare, ne putem schimba destinul \u0219i putem face din \u021bara noastr\u0103 o \u021bar\u0103 prosper\u0103.<\/p>\n<p>Unde este voin\u021b\u0103 popular\u0103, urmeaz\u0103 mereu \u0219i schimbarea. Unde este voin\u021b\u0103 politic\u0103, urmeaz\u0103 \u0219i reforma autentic\u0103. A venit vremea ca moldovenii s\u0103 aib\u0103 o via\u021b\u0103 demn\u0103 acas\u0103. \u0218i vom reu\u0219i acest lucru \u00eempreun\u0103 &#8211; ca na\u021biune, ca \u021bar\u0103. \u0218i ca familie de na\u021biuni, unite \u00een dorin\u021ba noastr\u0103 de a avea democra\u021bie \u0219i stat de drept, \u00een cadrul acestui for european important &#8211; Consiliul Europei.<\/p>\n<p>V\u0103 mul\u021bumesc\u201d.<\/p>\n<p>Foto: deschide.md.<\/p>\n","protected":false},"excerpt":{"rendered":"<p>Pre\u0219edintele R.Moldova, Maia Sandu, a \u021binut un discurs \u00een fa\u021ba plenului Adun\u0103rii Parlamentare a Consiliului Europei de la Strasbourg, unde se desf\u0103\u0219oar\u0103 sesiunea de prim\u0103var\u0103 a APCE, transmite deschide.md. \u201eStimate domnule Pre\u0219edinte, Stimat\u0103 doamn\u0103 Secretar General al Consiliului Europei, Stimate domnule Secretar General adjunct, Stimat\u0103 doamn\u0103 Secretar General al APCE, Stima\u021bi membri ai Adun\u0103rii Parlamentare, [&hellip;]<\/p>\n","protected":false},"author":4,"featured_media":123883,"comment_status":"closed","ping_status":"closed","sticky":false,"template":"","format":"standard","meta":{"footnotes":""},"categories":[6368],"tags":[24205],"class_list":["post-123882","post","type-post","status-publish","format-standard","has-post-thumbnail","hentry","category-politica-ro","tag-discursul-integral-al-maiei-sandu-la-apce-a-venit-timpul-ca-moldovenii-sa-aiba-o-viata-demna-acasa"],"yoast_head":"<!-- This site is optimized with the Yoast SEO plugin v27.4 - https:\/\/yoast.com\/product\/yoast-seo-wordpress\/ -->\n<title>Discursul integral al Maiei Sandu la APCE: A venit timpul ca moldovenii s\u0103 aib\u0103 o via\u021b\u0103 demn\u0103 acas\u0103 - BTV<\/title>\n<meta name=\"robots\" content=\"index, follow, max-snippet:-1, max-image-preview:large, max-video-preview:-1\" \/>\n<link rel=\"canonical\" href=\"https:\/\/www.btv.md\/ro\/discursul-integral-al-maiei-sandu-la-apce-a-venit-timpul-ca-moldovenii-sa-aiba-o-viata-demna-acasa\/\" \/>\n<meta property=\"og:locale\" content=\"ro_RO\" \/>\n<meta property=\"og:type\" content=\"article\" \/>\n<meta property=\"og:title\" content=\"Discursul integral al Maiei Sandu la APCE: A venit timpul ca moldovenii s\u0103 aib\u0103 o via\u021b\u0103 demn\u0103 acas\u0103 - BTV\" \/>\n<meta property=\"og:description\" content=\"Pre\u0219edintele R.Moldova, Maia Sandu, a \u021binut un discurs \u00een fa\u021ba plenului Adun\u0103rii Parlamentare a Consiliului Europei de la Strasbourg, unde se desf\u0103\u0219oar\u0103 sesiunea de prim\u0103var\u0103 a APCE, transmite deschide.md. \u201eStimate domnule Pre\u0219edinte, Stimat\u0103 doamn\u0103 Secretar General al Consiliului Europei, Stimate domnule Secretar General adjunct, Stimat\u0103 doamn\u0103 Secretar General al APCE, Stima\u021bi membri ai Adun\u0103rii Parlamentare, [&hellip;]\" \/>\n<meta property=\"og:url\" content=\"https:\/\/www.btv.md\/ro\/discursul-integral-al-maiei-sandu-la-apce-a-venit-timpul-ca-moldovenii-sa-aiba-o-viata-demna-acasa\/\" \/>\n<meta property=\"og:site_name\" content=\"BTV\" \/>\n<meta property=\"article:publisher\" content=\"https:\/\/www.facebook.com\/btvmoldova\/\" \/>\n<meta property=\"article:published_time\" content=\"2021-04-20T06:00:40+00:00\" \/>\n<meta property=\"og:image\" content=\"https:\/\/www.btv.md\/wp-content\/uploads\/2021\/04\/images_cms-image-000114953.jpg\" \/>\n\t<meta property=\"og:image:width\" content=\"758\" \/>\n\t<meta property=\"og:image:height\" content=\"426\" \/>\n\t<meta property=\"og:image:type\" content=\"image\/jpeg\" \/>\n<meta name=\"author\" content=\"admin\" \/>\n<meta name=\"twitter:label1\" content=\"Scris de\" \/>\n\t<meta name=\"twitter:data1\" content=\"admin\" \/>\n\t<meta name=\"twitter:label2\" content=\"Timp estimat pentru citire\" \/>\n\t<meta name=\"twitter:data2\" content=\"9 minute\" \/>\n<script type=\"application\/ld+json\" class=\"yoast-schema-graph\">{\"@context\":\"https:\\\/\\\/schema.org\",\"@graph\":[{\"@type\":\"Article\",\"@id\":\"https:\\\/\\\/www.btv.md\\\/ro\\\/discursul-integral-al-maiei-sandu-la-apce-a-venit-timpul-ca-moldovenii-sa-aiba-o-viata-demna-acasa\\\/#article\",\"isPartOf\":{\"@id\":\"https:\\\/\\\/www.btv.md\\\/ro\\\/discursul-integral-al-maiei-sandu-la-apce-a-venit-timpul-ca-moldovenii-sa-aiba-o-viata-demna-acasa\\\/\"},\"author\":{\"name\":\"admin\",\"@id\":\"https:\\\/\\\/www.btv.md\\\/#\\\/schema\\\/person\\\/8fadce81561b3ce2c34c46dadc4ccbf2\"},\"headline\":\"Discursul integral al Maiei Sandu la APCE: A venit timpul ca moldovenii s\u0103 aib\u0103 o via\u021b\u0103 demn\u0103 acas\u0103\",\"datePublished\":\"2021-04-20T06:00:40+00:00\",\"mainEntityOfPage\":{\"@id\":\"https:\\\/\\\/www.btv.md\\\/ro\\\/discursul-integral-al-maiei-sandu-la-apce-a-venit-timpul-ca-moldovenii-sa-aiba-o-viata-demna-acasa\\\/\"},\"wordCount\":2351,\"image\":{\"@id\":\"https:\\\/\\\/www.btv.md\\\/ro\\\/discursul-integral-al-maiei-sandu-la-apce-a-venit-timpul-ca-moldovenii-sa-aiba-o-viata-demna-acasa\\\/#primaryimage\"},\"thumbnailUrl\":\"https:\\\/\\\/www.btv.md\\\/wp-content\\\/uploads\\\/2021\\\/04\\\/images_cms-image-000114953.jpg\",\"keywords\":[\"Discursul integral al Maiei Sandu la APCE: A venit timpul ca moldovenii s\u0103 aib\u0103 o via\u021b\u0103 demn\u0103 acas\u0103\"],\"articleSection\":[\"Politic\u0103\"],\"inLanguage\":\"ro-RO\"},{\"@type\":\"WebPage\",\"@id\":\"https:\\\/\\\/www.btv.md\\\/ro\\\/discursul-integral-al-maiei-sandu-la-apce-a-venit-timpul-ca-moldovenii-sa-aiba-o-viata-demna-acasa\\\/\",\"url\":\"https:\\\/\\\/www.btv.md\\\/ro\\\/discursul-integral-al-maiei-sandu-la-apce-a-venit-timpul-ca-moldovenii-sa-aiba-o-viata-demna-acasa\\\/\",\"name\":\"Discursul integral al Maiei Sandu la APCE: A venit timpul ca moldovenii s\u0103 aib\u0103 o via\u021b\u0103 demn\u0103 acas\u0103 - BTV\",\"isPartOf\":{\"@id\":\"https:\\\/\\\/www.btv.md\\\/#website\"},\"primaryImageOfPage\":{\"@id\":\"https:\\\/\\\/www.btv.md\\\/ro\\\/discursul-integral-al-maiei-sandu-la-apce-a-venit-timpul-ca-moldovenii-sa-aiba-o-viata-demna-acasa\\\/#primaryimage\"},\"image\":{\"@id\":\"https:\\\/\\\/www.btv.md\\\/ro\\\/discursul-integral-al-maiei-sandu-la-apce-a-venit-timpul-ca-moldovenii-sa-aiba-o-viata-demna-acasa\\\/#primaryimage\"},\"thumbnailUrl\":\"https:\\\/\\\/www.btv.md\\\/wp-content\\\/uploads\\\/2021\\\/04\\\/images_cms-image-000114953.jpg\",\"datePublished\":\"2021-04-20T06:00:40+00:00\",\"author\":{\"@id\":\"https:\\\/\\\/www.btv.md\\\/#\\\/schema\\\/person\\\/8fadce81561b3ce2c34c46dadc4ccbf2\"},\"inLanguage\":\"ro-RO\",\"potentialAction\":[{\"@type\":\"ReadAction\",\"target\":[\"https:\\\/\\\/www.btv.md\\\/ro\\\/discursul-integral-al-maiei-sandu-la-apce-a-venit-timpul-ca-moldovenii-sa-aiba-o-viata-demna-acasa\\\/\"]}]},{\"@type\":\"ImageObject\",\"inLanguage\":\"ro-RO\",\"@id\":\"https:\\\/\\\/www.btv.md\\\/ro\\\/discursul-integral-al-maiei-sandu-la-apce-a-venit-timpul-ca-moldovenii-sa-aiba-o-viata-demna-acasa\\\/#primaryimage\",\"url\":\"https:\\\/\\\/www.btv.md\\\/wp-content\\\/uploads\\\/2021\\\/04\\\/images_cms-image-000114953.jpg\",\"contentUrl\":\"https:\\\/\\\/www.btv.md\\\/wp-content\\\/uploads\\\/2021\\\/04\\\/images_cms-image-000114953.jpg\",\"width\":758,\"height\":426},{\"@type\":\"WebSite\",\"@id\":\"https:\\\/\\\/www.btv.md\\\/#website\",\"url\":\"https:\\\/\\\/www.btv.md\\\/\",\"name\":\"BTV\",\"description\":\"\u0411\u0435\u043b\u044c\u0446\u043a\u043e\u0435 \u0442\u0435\u043b\u0435\u0432\u0438\u0434\u0435\u043d\u0438\u0435\",\"potentialAction\":[{\"@type\":\"SearchAction\",\"target\":{\"@type\":\"EntryPoint\",\"urlTemplate\":\"https:\\\/\\\/www.btv.md\\\/?s={search_term_string}\"},\"query-input\":{\"@type\":\"PropertyValueSpecification\",\"valueRequired\":true,\"valueName\":\"search_term_string\"}}],\"inLanguage\":\"ro-RO\"},{\"@type\":\"Person\",\"@id\":\"https:\\\/\\\/www.btv.md\\\/#\\\/schema\\\/person\\\/8fadce81561b3ce2c34c46dadc4ccbf2\",\"name\":\"admin\"}]}<\/script>\n<!-- \/ Yoast SEO plugin. -->","yoast_head_json":{"title":"Discursul integral al Maiei Sandu la APCE: A venit timpul ca moldovenii s\u0103 aib\u0103 o via\u021b\u0103 demn\u0103 acas\u0103 - BTV","robots":{"index":"index","follow":"follow","max-snippet":"max-snippet:-1","max-image-preview":"max-image-preview:large","max-video-preview":"max-video-preview:-1"},"canonical":"https:\/\/www.btv.md\/ro\/discursul-integral-al-maiei-sandu-la-apce-a-venit-timpul-ca-moldovenii-sa-aiba-o-viata-demna-acasa\/","og_locale":"ro_RO","og_type":"article","og_title":"Discursul integral al Maiei Sandu la APCE: A venit timpul ca moldovenii s\u0103 aib\u0103 o via\u021b\u0103 demn\u0103 acas\u0103 - BTV","og_description":"Pre\u0219edintele R.Moldova, Maia Sandu, a \u021binut un discurs \u00een fa\u021ba plenului Adun\u0103rii Parlamentare a Consiliului Europei de la Strasbourg, unde se desf\u0103\u0219oar\u0103 sesiunea de prim\u0103var\u0103 a APCE, transmite deschide.md. \u201eStimate domnule Pre\u0219edinte, Stimat\u0103 doamn\u0103 Secretar General al Consiliului Europei, Stimate domnule Secretar General adjunct, Stimat\u0103 doamn\u0103 Secretar General al APCE, Stima\u021bi membri ai Adun\u0103rii Parlamentare, [&hellip;]","og_url":"https:\/\/www.btv.md\/ro\/discursul-integral-al-maiei-sandu-la-apce-a-venit-timpul-ca-moldovenii-sa-aiba-o-viata-demna-acasa\/","og_site_name":"BTV","article_publisher":"https:\/\/www.facebook.com\/btvmoldova\/","article_published_time":"2021-04-20T06:00:40+00:00","og_image":[{"width":758,"height":426,"url":"https:\/\/www.btv.md\/wp-content\/uploads\/2021\/04\/images_cms-image-000114953.jpg","type":"image\/jpeg"}],"author":"admin","twitter_misc":{"Scris de":"admin","Timp estimat pentru citire":"9 minute"},"schema":{"@context":"https:\/\/schema.org","@graph":[{"@type":"Article","@id":"https:\/\/www.btv.md\/ro\/discursul-integral-al-maiei-sandu-la-apce-a-venit-timpul-ca-moldovenii-sa-aiba-o-viata-demna-acasa\/#article","isPartOf":{"@id":"https:\/\/www.btv.md\/ro\/discursul-integral-al-maiei-sandu-la-apce-a-venit-timpul-ca-moldovenii-sa-aiba-o-viata-demna-acasa\/"},"author":{"name":"admin","@id":"https:\/\/www.btv.md\/#\/schema\/person\/8fadce81561b3ce2c34c46dadc4ccbf2"},"headline":"Discursul integral al Maiei Sandu la APCE: A venit timpul ca moldovenii s\u0103 aib\u0103 o via\u021b\u0103 demn\u0103 acas\u0103","datePublished":"2021-04-20T06:00:40+00:00","mainEntityOfPage":{"@id":"https:\/\/www.btv.md\/ro\/discursul-integral-al-maiei-sandu-la-apce-a-venit-timpul-ca-moldovenii-sa-aiba-o-viata-demna-acasa\/"},"wordCount":2351,"image":{"@id":"https:\/\/www.btv.md\/ro\/discursul-integral-al-maiei-sandu-la-apce-a-venit-timpul-ca-moldovenii-sa-aiba-o-viata-demna-acasa\/#primaryimage"},"thumbnailUrl":"https:\/\/www.btv.md\/wp-content\/uploads\/2021\/04\/images_cms-image-000114953.jpg","keywords":["Discursul integral al Maiei Sandu la APCE: A venit timpul ca moldovenii s\u0103 aib\u0103 o via\u021b\u0103 demn\u0103 acas\u0103"],"articleSection":["Politic\u0103"],"inLanguage":"ro-RO"},{"@type":"WebPage","@id":"https:\/\/www.btv.md\/ro\/discursul-integral-al-maiei-sandu-la-apce-a-venit-timpul-ca-moldovenii-sa-aiba-o-viata-demna-acasa\/","url":"https:\/\/www.btv.md\/ro\/discursul-integral-al-maiei-sandu-la-apce-a-venit-timpul-ca-moldovenii-sa-aiba-o-viata-demna-acasa\/","name":"Discursul integral al Maiei Sandu la APCE: A venit timpul ca moldovenii s\u0103 aib\u0103 o via\u021b\u0103 demn\u0103 acas\u0103 - BTV","isPartOf":{"@id":"https:\/\/www.btv.md\/#website"},"primaryImageOfPage":{"@id":"https:\/\/www.btv.md\/ro\/discursul-integral-al-maiei-sandu-la-apce-a-venit-timpul-ca-moldovenii-sa-aiba-o-viata-demna-acasa\/#primaryimage"},"image":{"@id":"https:\/\/www.btv.md\/ro\/discursul-integral-al-maiei-sandu-la-apce-a-venit-timpul-ca-moldovenii-sa-aiba-o-viata-demna-acasa\/#primaryimage"},"thumbnailUrl":"https:\/\/www.btv.md\/wp-content\/uploads\/2021\/04\/images_cms-image-000114953.jpg","datePublished":"2021-04-20T06:00:40+00:00","author":{"@id":"https:\/\/www.btv.md\/#\/schema\/person\/8fadce81561b3ce2c34c46dadc4ccbf2"},"inLanguage":"ro-RO","potentialAction":[{"@type":"ReadAction","target":["https:\/\/www.btv.md\/ro\/discursul-integral-al-maiei-sandu-la-apce-a-venit-timpul-ca-moldovenii-sa-aiba-o-viata-demna-acasa\/"]}]},{"@type":"ImageObject","inLanguage":"ro-RO","@id":"https:\/\/www.btv.md\/ro\/discursul-integral-al-maiei-sandu-la-apce-a-venit-timpul-ca-moldovenii-sa-aiba-o-viata-demna-acasa\/#primaryimage","url":"https:\/\/www.btv.md\/wp-content\/uploads\/2021\/04\/images_cms-image-000114953.jpg","contentUrl":"https:\/\/www.btv.md\/wp-content\/uploads\/2021\/04\/images_cms-image-000114953.jpg","width":758,"height":426},{"@type":"WebSite","@id":"https:\/\/www.btv.md\/#website","url":"https:\/\/www.btv.md\/","name":"BTV","description":"\u0411\u0435\u043b\u044c\u0446\u043a\u043e\u0435 \u0442\u0435\u043b\u0435\u0432\u0438\u0434\u0435\u043d\u0438\u0435","potentialAction":[{"@type":"SearchAction","target":{"@type":"EntryPoint","urlTemplate":"https:\/\/www.btv.md\/?s={search_term_string}"},"query-input":{"@type":"PropertyValueSpecification","valueRequired":true,"valueName":"search_term_string"}}],"inLanguage":"ro-RO"},{"@type":"Person","@id":"https:\/\/www.btv.md\/#\/schema\/person\/8fadce81561b3ce2c34c46dadc4ccbf2","name":"admin"}]}},"_links":{"self":[{"href":"https:\/\/www.btv.md\/ro\/wp-json\/wp\/v2\/posts\/123882","targetHints":{"allow":["GET"]}}],"collection":[{"href":"https:\/\/www.btv.md\/ro\/wp-json\/wp\/v2\/posts"}],"about":[{"href":"https:\/\/www.btv.md\/ro\/wp-json\/wp\/v2\/types\/post"}],"author":[{"embeddable":true,"href":"https:\/\/www.btv.md\/ro\/wp-json\/wp\/v2\/users\/4"}],"replies":[{"embeddable":true,"href":"https:\/\/www.btv.md\/ro\/wp-json\/wp\/v2\/comments?post=123882"}],"version-history":[{"count":0,"href":"https:\/\/www.btv.md\/ro\/wp-json\/wp\/v2\/posts\/123882\/revisions"}],"wp:featuredmedia":[{"embeddable":true,"href":"https:\/\/www.btv.md\/ro\/wp-json\/wp\/v2\/media\/123883"}],"wp:attachment":[{"href":"https:\/\/www.btv.md\/ro\/wp-json\/wp\/v2\/media?parent=123882"}],"wp:term":[{"taxonomy":"category","embeddable":true,"href":"https:\/\/www.btv.md\/ro\/wp-json\/wp\/v2\/categories?post=123882"},{"taxonomy":"post_tag","embeddable":true,"href":"https:\/\/www.btv.md\/ro\/wp-json\/wp\/v2\/tags?post=123882"}],"curies":[{"name":"wp","href":"https:\/\/api.w.org\/{rel}","templated":true}]}}