{"id":123933,"date":"2021-04-20T10:32:43","date_gmt":"2021-04-20T07:32:43","guid":{"rendered":"http:\/\/www.btv.md\/?p=123933"},"modified":"2021-04-20T10:32:43","modified_gmt":"2021-04-20T07:32:43","slug":"dodon-plateste-7-mii-de-lei-saptamanal-doar-pentru-publicitate-pe-facebook-cat-a-cheltuit-in-8-luni","status":"publish","type":"post","link":"https:\/\/www.btv.md\/ro\/dodon-plateste-7-mii-de-lei-saptamanal-doar-pentru-publicitate-pe-facebook-cat-a-cheltuit-in-8-luni\/","title":{"rendered":"Dodon pl\u0103te\u0219te 7 mii de lei s\u0103pt\u0103m\u00e2nal doar pentru publicitate pe Facebook; C\u00e2t a cheltuit \u00een 8 luni"},"content":{"rendered":"<p><strong>Liderul sociali\u0219tilor a cheltuit \u00een ultima s\u0103pt\u0103m\u00e2na aproape 7 mii de lei pentru publicitate pe Facebook, \u0219i peste 100 de mii de lei \u00een ultimele 8 luni, arat\u0103 datele oferite de re\u021beaua de socializare, transmite <a href=\"https:\/\/cotidianul.md\/2021\/04\/20\/dodon-plateste-7-mii-de-lei-saptamanal-doar-pentru-publicitate-pe-facebook-cat-a-cheltuit-in-8-luni\/?fbclid=IwAR31EfQxiMXNZgVsa8xgoftE41PCSJEV_N7D0y-45zBsww0oMvuPWNon5fw\">cotidianul.md<\/a>.<\/strong><\/p>\n<p>Potrivit datelor privind politica de transparen\u021b\u0103 Facebook, Igor Dodon a cheltuit \u00een ultimele 7 zile 319 euro pentru publicitate pe re\u021beaua de socializare, echivalentul a 6.826 de lei.<\/p>\n<p>Din luna august \u0219i p\u00e2n\u0103 \u00een prezent, Dodon a virat c\u0103tre re\u021beaua de socializare american\u0103 4.974 de euro, adic\u0103 peste 106 mii lei.<\/p>\n<p><img decoding=\"async\" class=\"alignnone size-full wp-image-175369 lazyload\" data-src=\"https:\/\/cotidianul.md\/wp-content\/uploads\/2021\/04\/Captur%C4%83-15.png\" data-sizes=\"(max-width: 1580px) 100vw, 1580px\" data-srcset=\"https:\/\/cotidianul.md\/wp-content\/uploads\/2021\/04\/Captur\u0103-15.png 1580w, https:\/\/cotidianul.md\/wp-content\/uploads\/2021\/04\/Captur\u0103-15-300x103.png 300w, https:\/\/cotidianul.md\/wp-content\/uploads\/2021\/04\/Captur\u0103-15-1024x351.png 1024w, https:\/\/cotidianul.md\/wp-content\/uploads\/2021\/04\/Captur\u0103-15-768x263.png 768w, https:\/\/cotidianul.md\/wp-content\/uploads\/2021\/04\/Captur\u0103-15-1536x526.png 1536w, https:\/\/cotidianul.md\/wp-content\/uploads\/2021\/04\/Captur\u0103-15-24x8.png 24w, https:\/\/cotidianul.md\/wp-content\/uploads\/2021\/04\/Captur\u0103-15-36x12.png 36w, https:\/\/cotidianul.md\/wp-content\/uploads\/2021\/04\/Captur\u0103-15-48x16.png 48w\" alt=\"\" width=\"1580\" height=\"541\" src=\"data:image\/svg+xml;base64,PHN2ZyB3aWR0aD0iMSIgaGVpZ2h0PSIxIiB4bWxucz0iaHR0cDovL3d3dy53My5vcmcvMjAwMC9zdmciPjwvc3ZnPg==\" style=\"--smush-placeholder-width: 1580px; --smush-placeholder-aspect-ratio: 1580\/541;\" \/><\/p>\n<div class=\"code-block code-block-12\">\n<div id=\"adfox_159592731646921305\"><\/div>\n<\/div>\n<p>Un alt detaliu interesant este c\u0103 pagina lui Dodon este administrat\u0103 de 9 persoane. De\u0219i s-a remarcat de nenum\u0103rate cu declara\u021bii profund anti-rom\u00e2ne\u0219ti, doi dintre administratorii paginii sale se afl\u0103 \u00een Rom\u00e2nia.<\/p>\n<p><img decoding=\"async\" class=\"alignnone size-full wp-image-175370 lazyload\" data-src=\"https:\/\/cotidianul.md\/wp-content\/uploads\/2021\/04\/Captur%C4%83-16.png\" data-sizes=\"(max-width: 930px) 100vw, 930px\" data-srcset=\"https:\/\/cotidianul.md\/wp-content\/uploads\/2021\/04\/Captur\u0103-16.png 930w, https:\/\/cotidianul.md\/wp-content\/uploads\/2021\/04\/Captur\u0103-16-300x137.png 300w, https:\/\/cotidianul.md\/wp-content\/uploads\/2021\/04\/Captur\u0103-16-768x352.png 768w, https:\/\/cotidianul.md\/wp-content\/uploads\/2021\/04\/Captur\u0103-16-24x11.png 24w, https:\/\/cotidianul.md\/wp-content\/uploads\/2021\/04\/Captur\u0103-16-36x16.png 36w, https:\/\/cotidianul.md\/wp-content\/uploads\/2021\/04\/Captur\u0103-16-48x22.png 48w\" alt=\"\" width=\"930\" height=\"426\" src=\"data:image\/svg+xml;base64,PHN2ZyB3aWR0aD0iMSIgaGVpZ2h0PSIxIiB4bWxucz0iaHR0cDovL3d3dy53My5vcmcvMjAwMC9zdmciPjwvc3ZnPg==\" style=\"--smush-placeholder-width: 930px; --smush-placeholder-aspect-ratio: 930\/426;\" \/><\/p>\n<p>Foto: cotidianul.md.<\/p>\n","protected":false},"excerpt":{"rendered":"<p>Liderul sociali\u0219tilor a cheltuit \u00een ultima s\u0103pt\u0103m\u00e2na aproape 7 mii de lei pentru publicitate pe Facebook, \u0219i peste 100 de mii de lei \u00een ultimele 8 luni, arat\u0103 datele oferite de re\u021beaua de socializare, transmite cotidianul.md. Potrivit datelor privind politica de transparen\u021b\u0103 Facebook, Igor Dodon a cheltuit \u00een ultimele 7 zile 319 euro pentru publicitate [&hellip;]<\/p>\n","protected":false},"author":4,"featured_media":123934,"comment_status":"closed","ping_status":"closed","sticky":false,"template":"","format":"standard","meta":{"footnotes":""},"categories":[6368],"tags":[24217],"class_list":["post-123933","post","type-post","status-publish","format-standard","has-post-thumbnail","hentry","category-politica-ro","tag-dodon-plateste-7-mii-de-lei-saptamanal-doar-pentru-publicitate-pe-facebook-cat-a-cheltuit-in-8-luni"],"yoast_head":"<!-- This site is optimized with the Yoast SEO plugin v27.4 - https:\/\/yoast.com\/product\/yoast-seo-wordpress\/ -->\n<title>Dodon pl\u0103te\u0219te 7 mii de lei s\u0103pt\u0103m\u00e2nal doar pentru publicitate pe Facebook; C\u00e2t a cheltuit \u00een 8 luni - BTV<\/title>\n<meta name=\"robots\" content=\"index, follow, max-snippet:-1, max-image-preview:large, max-video-preview:-1\" \/>\n<link rel=\"canonical\" href=\"https:\/\/www.btv.md\/ro\/dodon-plateste-7-mii-de-lei-saptamanal-doar-pentru-publicitate-pe-facebook-cat-a-cheltuit-in-8-luni\/\" \/>\n<meta property=\"og:locale\" content=\"ro_RO\" \/>\n<meta property=\"og:type\" content=\"article\" \/>\n<meta property=\"og:title\" content=\"Dodon pl\u0103te\u0219te 7 mii de lei s\u0103pt\u0103m\u00e2nal doar pentru publicitate pe Facebook; C\u00e2t a cheltuit \u00een 8 luni - BTV\" \/>\n<meta property=\"og:description\" content=\"Liderul sociali\u0219tilor a cheltuit \u00een ultima s\u0103pt\u0103m\u00e2na aproape 7 mii de lei pentru publicitate pe Facebook, \u0219i peste 100 de mii de lei \u00een ultimele 8 luni, arat\u0103 datele oferite de re\u021beaua de socializare, transmite cotidianul.md. Potrivit datelor privind politica de transparen\u021b\u0103 Facebook, Igor Dodon a cheltuit \u00een ultimele 7 zile 319 euro pentru publicitate [&hellip;]\" \/>\n<meta property=\"og:url\" content=\"https:\/\/www.btv.md\/ro\/dodon-plateste-7-mii-de-lei-saptamanal-doar-pentru-publicitate-pe-facebook-cat-a-cheltuit-in-8-luni\/\" \/>\n<meta property=\"og:site_name\" content=\"BTV\" \/>\n<meta property=\"article:publisher\" content=\"https:\/\/www.facebook.com\/btvmoldova\/\" \/>\n<meta property=\"article:published_time\" content=\"2021-04-20T07:32:43+00:00\" \/>\n<meta property=\"og:image\" content=\"https:\/\/www.btv.md\/wp-content\/uploads\/2021\/04\/dodon-1.jpg\" \/>\n\t<meta property=\"og:image:width\" content=\"758\" \/>\n\t<meta property=\"og:image:height\" content=\"426\" \/>\n\t<meta property=\"og:image:type\" content=\"image\/jpeg\" \/>\n<meta name=\"author\" content=\"admin\" \/>\n<meta name=\"twitter:label1\" content=\"Scris de\" \/>\n\t<meta name=\"twitter:data1\" content=\"admin\" \/>\n\t<meta name=\"twitter:label2\" content=\"Timp estimat pentru citire\" \/>\n\t<meta name=\"twitter:data2\" content=\"1 minut\" \/>\n<script type=\"application\/ld+json\" class=\"yoast-schema-graph\">{\"@context\":\"https:\\\/\\\/schema.org\",\"@graph\":[{\"@type\":\"Article\",\"@id\":\"https:\\\/\\\/www.btv.md\\\/ro\\\/dodon-plateste-7-mii-de-lei-saptamanal-doar-pentru-publicitate-pe-facebook-cat-a-cheltuit-in-8-luni\\\/#article\",\"isPartOf\":{\"@id\":\"https:\\\/\\\/www.btv.md\\\/ro\\\/dodon-plateste-7-mii-de-lei-saptamanal-doar-pentru-publicitate-pe-facebook-cat-a-cheltuit-in-8-luni\\\/\"},\"author\":{\"name\":\"admin\",\"@id\":\"https:\\\/\\\/www.btv.md\\\/#\\\/schema\\\/person\\\/8fadce81561b3ce2c34c46dadc4ccbf2\"},\"headline\":\"Dodon pl\u0103te\u0219te 7 mii de lei s\u0103pt\u0103m\u00e2nal doar pentru publicitate pe Facebook; C\u00e2t a cheltuit \u00een 8 luni\",\"datePublished\":\"2021-04-20T07:32:43+00:00\",\"mainEntityOfPage\":{\"@id\":\"https:\\\/\\\/www.btv.md\\\/ro\\\/dodon-plateste-7-mii-de-lei-saptamanal-doar-pentru-publicitate-pe-facebook-cat-a-cheltuit-in-8-luni\\\/\"},\"wordCount\":151,\"image\":{\"@id\":\"https:\\\/\\\/www.btv.md\\\/ro\\\/dodon-plateste-7-mii-de-lei-saptamanal-doar-pentru-publicitate-pe-facebook-cat-a-cheltuit-in-8-luni\\\/#primaryimage\"},\"thumbnailUrl\":\"https:\\\/\\\/www.btv.md\\\/wp-content\\\/uploads\\\/2021\\\/04\\\/dodon-1.jpg\",\"keywords\":[\"Dodon pl\u0103te\u0219te 7 mii de lei s\u0103pt\u0103m\u00e2nal doar pentru publicitate pe Facebook; C\u00e2t a cheltuit \u00een 8 luni\"],\"articleSection\":[\"Politic\u0103\"],\"inLanguage\":\"ro-RO\"},{\"@type\":\"WebPage\",\"@id\":\"https:\\\/\\\/www.btv.md\\\/ro\\\/dodon-plateste-7-mii-de-lei-saptamanal-doar-pentru-publicitate-pe-facebook-cat-a-cheltuit-in-8-luni\\\/\",\"url\":\"https:\\\/\\\/www.btv.md\\\/ro\\\/dodon-plateste-7-mii-de-lei-saptamanal-doar-pentru-publicitate-pe-facebook-cat-a-cheltuit-in-8-luni\\\/\",\"name\":\"Dodon pl\u0103te\u0219te 7 mii de lei s\u0103pt\u0103m\u00e2nal doar pentru publicitate pe Facebook; C\u00e2t a cheltuit \u00een 8 luni - BTV\",\"isPartOf\":{\"@id\":\"https:\\\/\\\/www.btv.md\\\/#website\"},\"primaryImageOfPage\":{\"@id\":\"https:\\\/\\\/www.btv.md\\\/ro\\\/dodon-plateste-7-mii-de-lei-saptamanal-doar-pentru-publicitate-pe-facebook-cat-a-cheltuit-in-8-luni\\\/#primaryimage\"},\"image\":{\"@id\":\"https:\\\/\\\/www.btv.md\\\/ro\\\/dodon-plateste-7-mii-de-lei-saptamanal-doar-pentru-publicitate-pe-facebook-cat-a-cheltuit-in-8-luni\\\/#primaryimage\"},\"thumbnailUrl\":\"https:\\\/\\\/www.btv.md\\\/wp-content\\\/uploads\\\/2021\\\/04\\\/dodon-1.jpg\",\"datePublished\":\"2021-04-20T07:32:43+00:00\",\"author\":{\"@id\":\"https:\\\/\\\/www.btv.md\\\/#\\\/schema\\\/person\\\/8fadce81561b3ce2c34c46dadc4ccbf2\"},\"inLanguage\":\"ro-RO\",\"potentialAction\":[{\"@type\":\"ReadAction\",\"target\":[\"https:\\\/\\\/www.btv.md\\\/ro\\\/dodon-plateste-7-mii-de-lei-saptamanal-doar-pentru-publicitate-pe-facebook-cat-a-cheltuit-in-8-luni\\\/\"]}]},{\"@type\":\"ImageObject\",\"inLanguage\":\"ro-RO\",\"@id\":\"https:\\\/\\\/www.btv.md\\\/ro\\\/dodon-plateste-7-mii-de-lei-saptamanal-doar-pentru-publicitate-pe-facebook-cat-a-cheltuit-in-8-luni\\\/#primaryimage\",\"url\":\"https:\\\/\\\/www.btv.md\\\/wp-content\\\/uploads\\\/2021\\\/04\\\/dodon-1.jpg\",\"contentUrl\":\"https:\\\/\\\/www.btv.md\\\/wp-content\\\/uploads\\\/2021\\\/04\\\/dodon-1.jpg\",\"width\":758,\"height\":426},{\"@type\":\"WebSite\",\"@id\":\"https:\\\/\\\/www.btv.md\\\/#website\",\"url\":\"https:\\\/\\\/www.btv.md\\\/\",\"name\":\"BTV\",\"description\":\"\u0411\u0435\u043b\u044c\u0446\u043a\u043e\u0435 \u0442\u0435\u043b\u0435\u0432\u0438\u0434\u0435\u043d\u0438\u0435\",\"potentialAction\":[{\"@type\":\"SearchAction\",\"target\":{\"@type\":\"EntryPoint\",\"urlTemplate\":\"https:\\\/\\\/www.btv.md\\\/?s={search_term_string}\"},\"query-input\":{\"@type\":\"PropertyValueSpecification\",\"valueRequired\":true,\"valueName\":\"search_term_string\"}}],\"inLanguage\":\"ro-RO\"},{\"@type\":\"Person\",\"@id\":\"https:\\\/\\\/www.btv.md\\\/#\\\/schema\\\/person\\\/8fadce81561b3ce2c34c46dadc4ccbf2\",\"name\":\"admin\"}]}<\/script>\n<!-- \/ Yoast SEO plugin. -->","yoast_head_json":{"title":"Dodon pl\u0103te\u0219te 7 mii de lei s\u0103pt\u0103m\u00e2nal doar pentru publicitate pe Facebook; C\u00e2t a cheltuit \u00een 8 luni - BTV","robots":{"index":"index","follow":"follow","max-snippet":"max-snippet:-1","max-image-preview":"max-image-preview:large","max-video-preview":"max-video-preview:-1"},"canonical":"https:\/\/www.btv.md\/ro\/dodon-plateste-7-mii-de-lei-saptamanal-doar-pentru-publicitate-pe-facebook-cat-a-cheltuit-in-8-luni\/","og_locale":"ro_RO","og_type":"article","og_title":"Dodon pl\u0103te\u0219te 7 mii de lei s\u0103pt\u0103m\u00e2nal doar pentru publicitate pe Facebook; C\u00e2t a cheltuit \u00een 8 luni - BTV","og_description":"Liderul sociali\u0219tilor a cheltuit \u00een ultima s\u0103pt\u0103m\u00e2na aproape 7 mii de lei pentru publicitate pe Facebook, \u0219i peste 100 de mii de lei \u00een ultimele 8 luni, arat\u0103 datele oferite de re\u021beaua de socializare, transmite cotidianul.md. Potrivit datelor privind politica de transparen\u021b\u0103 Facebook, Igor Dodon a cheltuit \u00een ultimele 7 zile 319 euro pentru publicitate [&hellip;]","og_url":"https:\/\/www.btv.md\/ro\/dodon-plateste-7-mii-de-lei-saptamanal-doar-pentru-publicitate-pe-facebook-cat-a-cheltuit-in-8-luni\/","og_site_name":"BTV","article_publisher":"https:\/\/www.facebook.com\/btvmoldova\/","article_published_time":"2021-04-20T07:32:43+00:00","og_image":[{"width":758,"height":426,"url":"https:\/\/www.btv.md\/wp-content\/uploads\/2021\/04\/dodon-1.jpg","type":"image\/jpeg"}],"author":"admin","twitter_misc":{"Scris de":"admin","Timp estimat pentru citire":"1 minut"},"schema":{"@context":"https:\/\/schema.org","@graph":[{"@type":"Article","@id":"https:\/\/www.btv.md\/ro\/dodon-plateste-7-mii-de-lei-saptamanal-doar-pentru-publicitate-pe-facebook-cat-a-cheltuit-in-8-luni\/#article","isPartOf":{"@id":"https:\/\/www.btv.md\/ro\/dodon-plateste-7-mii-de-lei-saptamanal-doar-pentru-publicitate-pe-facebook-cat-a-cheltuit-in-8-luni\/"},"author":{"name":"admin","@id":"https:\/\/www.btv.md\/#\/schema\/person\/8fadce81561b3ce2c34c46dadc4ccbf2"},"headline":"Dodon pl\u0103te\u0219te 7 mii de lei s\u0103pt\u0103m\u00e2nal doar pentru publicitate pe Facebook; C\u00e2t a cheltuit \u00een 8 luni","datePublished":"2021-04-20T07:32:43+00:00","mainEntityOfPage":{"@id":"https:\/\/www.btv.md\/ro\/dodon-plateste-7-mii-de-lei-saptamanal-doar-pentru-publicitate-pe-facebook-cat-a-cheltuit-in-8-luni\/"},"wordCount":151,"image":{"@id":"https:\/\/www.btv.md\/ro\/dodon-plateste-7-mii-de-lei-saptamanal-doar-pentru-publicitate-pe-facebook-cat-a-cheltuit-in-8-luni\/#primaryimage"},"thumbnailUrl":"https:\/\/www.btv.md\/wp-content\/uploads\/2021\/04\/dodon-1.jpg","keywords":["Dodon pl\u0103te\u0219te 7 mii de lei s\u0103pt\u0103m\u00e2nal doar pentru publicitate pe Facebook; C\u00e2t a cheltuit \u00een 8 luni"],"articleSection":["Politic\u0103"],"inLanguage":"ro-RO"},{"@type":"WebPage","@id":"https:\/\/www.btv.md\/ro\/dodon-plateste-7-mii-de-lei-saptamanal-doar-pentru-publicitate-pe-facebook-cat-a-cheltuit-in-8-luni\/","url":"https:\/\/www.btv.md\/ro\/dodon-plateste-7-mii-de-lei-saptamanal-doar-pentru-publicitate-pe-facebook-cat-a-cheltuit-in-8-luni\/","name":"Dodon pl\u0103te\u0219te 7 mii de lei s\u0103pt\u0103m\u00e2nal doar pentru publicitate pe Facebook; C\u00e2t a cheltuit \u00een 8 luni - BTV","isPartOf":{"@id":"https:\/\/www.btv.md\/#website"},"primaryImageOfPage":{"@id":"https:\/\/www.btv.md\/ro\/dodon-plateste-7-mii-de-lei-saptamanal-doar-pentru-publicitate-pe-facebook-cat-a-cheltuit-in-8-luni\/#primaryimage"},"image":{"@id":"https:\/\/www.btv.md\/ro\/dodon-plateste-7-mii-de-lei-saptamanal-doar-pentru-publicitate-pe-facebook-cat-a-cheltuit-in-8-luni\/#primaryimage"},"thumbnailUrl":"https:\/\/www.btv.md\/wp-content\/uploads\/2021\/04\/dodon-1.jpg","datePublished":"2021-04-20T07:32:43+00:00","author":{"@id":"https:\/\/www.btv.md\/#\/schema\/person\/8fadce81561b3ce2c34c46dadc4ccbf2"},"inLanguage":"ro-RO","potentialAction":[{"@type":"ReadAction","target":["https:\/\/www.btv.md\/ro\/dodon-plateste-7-mii-de-lei-saptamanal-doar-pentru-publicitate-pe-facebook-cat-a-cheltuit-in-8-luni\/"]}]},{"@type":"ImageObject","inLanguage":"ro-RO","@id":"https:\/\/www.btv.md\/ro\/dodon-plateste-7-mii-de-lei-saptamanal-doar-pentru-publicitate-pe-facebook-cat-a-cheltuit-in-8-luni\/#primaryimage","url":"https:\/\/www.btv.md\/wp-content\/uploads\/2021\/04\/dodon-1.jpg","contentUrl":"https:\/\/www.btv.md\/wp-content\/uploads\/2021\/04\/dodon-1.jpg","width":758,"height":426},{"@type":"WebSite","@id":"https:\/\/www.btv.md\/#website","url":"https:\/\/www.btv.md\/","name":"BTV","description":"\u0411\u0435\u043b\u044c\u0446\u043a\u043e\u0435 \u0442\u0435\u043b\u0435\u0432\u0438\u0434\u0435\u043d\u0438\u0435","potentialAction":[{"@type":"SearchAction","target":{"@type":"EntryPoint","urlTemplate":"https:\/\/www.btv.md\/?s={search_term_string}"},"query-input":{"@type":"PropertyValueSpecification","valueRequired":true,"valueName":"search_term_string"}}],"inLanguage":"ro-RO"},{"@type":"Person","@id":"https:\/\/www.btv.md\/#\/schema\/person\/8fadce81561b3ce2c34c46dadc4ccbf2","name":"admin"}]}},"_links":{"self":[{"href":"https:\/\/www.btv.md\/ro\/wp-json\/wp\/v2\/posts\/123933","targetHints":{"allow":["GET"]}}],"collection":[{"href":"https:\/\/www.btv.md\/ro\/wp-json\/wp\/v2\/posts"}],"about":[{"href":"https:\/\/www.btv.md\/ro\/wp-json\/wp\/v2\/types\/post"}],"author":[{"embeddable":true,"href":"https:\/\/www.btv.md\/ro\/wp-json\/wp\/v2\/users\/4"}],"replies":[{"embeddable":true,"href":"https:\/\/www.btv.md\/ro\/wp-json\/wp\/v2\/comments?post=123933"}],"version-history":[{"count":0,"href":"https:\/\/www.btv.md\/ro\/wp-json\/wp\/v2\/posts\/123933\/revisions"}],"wp:featuredmedia":[{"embeddable":true,"href":"https:\/\/www.btv.md\/ro\/wp-json\/wp\/v2\/media\/123934"}],"wp:attachment":[{"href":"https:\/\/www.btv.md\/ro\/wp-json\/wp\/v2\/media?parent=123933"}],"wp:term":[{"taxonomy":"category","embeddable":true,"href":"https:\/\/www.btv.md\/ro\/wp-json\/wp\/v2\/categories?post=123933"},{"taxonomy":"post_tag","embeddable":true,"href":"https:\/\/www.btv.md\/ro\/wp-json\/wp\/v2\/tags?post=123933"}],"curies":[{"name":"wp","href":"https:\/\/api.w.org\/{rel}","templated":true}]}}