{"id":12394,"date":"2016-05-11T16:43:45","date_gmt":"2016-05-11T13:43:45","guid":{"rendered":"http:\/\/btv.md\/?p=12394"},"modified":"2016-05-11T17:23:32","modified_gmt":"2016-05-11T14:23:32","slug":"persoanele-in-carucioare-nu-au-acces-in-institutiile-comerciale-din-balti","status":"publish","type":"post","link":"https:\/\/www.btv.md\/ro\/persoanele-in-carucioare-nu-au-acces-in-institutiile-comerciale-din-balti\/","title":{"rendered":"PERSOANELE \u00ceN C\u0102RUCIOARE  NU  AU  ACCES \u00ceN INSTITU\u021aIILE COMERCIALE  DIN B\u0102L\u021aI"},"content":{"rendered":"<p><strong>Acces \u00eengr\u0103dit pentru persoanele cu dizabilit\u0103\u021bi locomotorii \u00een unele centre comerciale \u0219i institu\u021bii publice din municipiul B\u0103l\u021bi. Asta pentru c\u0103 multe dintre ele nu sunt dotate cu rampe de acces. Reprezentan\u021bii autorit\u0103\u021bilor publice locale spun c\u0103 vinova\u021bi de situa\u021bia creat\u0103 se face lipsa unui cadru legal care iar impune pe agen\u021bii economici s\u0103 monteze pandusuri.<\/strong><\/p>\n<p>Andrei Casai are 30 de ani. Acum 13 ani, o b\u0103taie cr\u00e2ncen\u0103 l-a \u021bintuit \u00een scaunul cu rotile pentru toat\u0103 via\u021ba. Fiecare zi pentru el este un chin. Institu\u021biile comerciale, \u00een care ar trebui s\u0103 aib\u0103 acces toat\u0103 lumea nu sunt dotate cu pandusuri. Ba mai mult, din cauza lipsei acestora, b\u0103rbatul a suferit un incident dup\u0103 care a avut nevoie de \u00eengrijiri medicale.<\/p>\n<p>\u201e<em>Chiar ultima dat\u0103 c\u00e2nd am fost v\u0103 spun, am fracturat dou\u0103 degete, am plecat acas\u0103 cu degetele \u00eens\u00e2ngerate, acestea dou\u0103, unul l-am rump \u00een partea aceasta \u0219i acesta s-a rupt \u0219i carnea de pe d\u00e2nsu, pentru c\u0103 m-am r\u0103sturnat, am chicat \u00een cap<\/em>\u201d.<\/p>\n<p>B\u0103rbatul spune c\u0103 este discriminat de managerii unor institu\u021biilor comerciale deoarece \u00een fa\u021ba acestor centre  nu au fost amenajate c\u0103i de acces pentru  persoanele cu nevoi speciale.  <\/p>\n<p>\u201e<em>Ne descurc\u0103m cu ceea ce este.Unde este acces acolo \u0219i plec\u0103m.\u00cen rest unde nu este acces st\u0103m la u\u0219\u0103 \u0219i nu este nici un rezultat.Nimeni nu d\u0103 nici o m\u00e2n\u0103 de ajutor. Sau s\u0103 deschid\u0103 u\u0219ile duble, nimic absolul, \u0219i eu nu sunt unul, dar suntem sute. \u0218i ei stau acas\u0103 doar de s\u0103 ias\u0103 numai \u00een Pia\u021ba Vasile Alecsandrii, \u0219i at\u00e2t<\/em>\u201d.<\/p>\n<p>Managerul centrului comercial spune c\u0103 nu cunoa\u0219te despre existen\u021ba unei legi care prevede incluziunea social\u0103 a persoanelor cu dezabilit\u0103\u021bi. Acesta spune c\u0103 p\u00e2n\u0103 acum nimeni nu a depus o pl\u00e2ngere, dar a dat asigur\u0103ri c\u0103 \u00een cur\u00e2nd problema va fi solu\u021bionat\u0103. <\/p>\n<p>\u201e<em>Nui problem\u0103, eu socot c\u0103 nu este o  problem\u0103, nu s-a adresat nimeni, nu am avut nici un caz \u0219i nici eu nu sunt la curent, facem nu sunt probleme chiar m\u0103 g\u00e2ndesc m\u00e2ine, c\u0103 nu sunt probleme<\/em>\u201d.<\/p>\n<p>Arhitectorului \u0219ef din cadrul Prim\u0103riei municipiului B\u0103l\u021bi, Veaceslav  Coad\u0103 spune c\u0103 toate unit\u0103\u021bile de menire social\u0103 \u0219i cultural\u0103 din municipiul B\u0103l\u021bi, care au fost construite dup\u0103 anulu 2012, sunt dotate cu rampe de acces.<\/p>\n<p>Arhitectorul \u0219ef a men\u021bionat c\u0103 nu exist\u0103 un punct al legii care s\u0103-I oblige pe agen\u021bii economici s\u0103 amplaseze rampe de acces.<\/p>\n<p>Potrivit Legii privind incluzinea social\u0103 a persoanelor cu dizabilit\u0103\u021bi, adoptat\u0103 \u00een martie 2012, companiile de construc\u021bii din Republica Moldova nu vor mai avea dreptul s\u0103 proiecteze sau s\u0103 construiasc\u0103 obiective f\u0103r\u0103 rampe de acces pentru persoanele cu dizabilit\u0103\u0163i.<\/p>\n<p><iframe width=\"420\" height=\"315\" data-src=\"https:\/\/www.youtube.com\/embed\/sNPC5HitagA\" frameborder=\"0\" allowfullscreen src=\"data:image\/svg+xml;base64,PHN2ZyB3aWR0aD0iMSIgaGVpZ2h0PSIxIiB4bWxucz0iaHR0cDovL3d3dy53My5vcmcvMjAwMC9zdmciPjwvc3ZnPg==\" class=\"lazyload\" data-load-mode=\"1\"><\/iframe><\/p>\n","protected":false},"excerpt":{"rendered":"<p>Acces \u00eengr\u0103dit pentru persoanele cu dizabilit\u0103\u021bi locomotorii \u00een unele centre comerciale \u0219i institu\u021bii publice din municipiul B\u0103l\u021bi. Asta pentru c\u0103 multe dintre ele nu sunt dotate cu rampe de acces. Reprezentan\u021bii autorit\u0103\u021bilor publice locale spun c\u0103 vinova\u021bi de situa\u021bia creat\u0103 se face lipsa unui cadru legal care iar impune pe agen\u021bii economici s\u0103 monteze pandusuri. [&hellip;]<\/p>\n","protected":false},"author":4,"featured_media":12395,"comment_status":"closed","ping_status":"closed","sticky":false,"template":"","format":"standard","meta":{"footnotes":""},"categories":[6353],"tags":[],"class_list":["post-12394","post","type-post","status-publish","format-standard","has-post-thumbnail","hentry","category-oras"],"yoast_head":"<!-- This site is optimized with the Yoast SEO plugin v27.4 - https:\/\/yoast.com\/product\/yoast-seo-wordpress\/ -->\n<title>PERSOANELE \u00ceN C\u0102RUCIOARE NU AU ACCES \u00ceN INSTITU\u021aIILE COMERCIALE DIN B\u0102L\u021aI - BTV<\/title>\n<meta name=\"robots\" content=\"index, follow, max-snippet:-1, max-image-preview:large, max-video-preview:-1\" \/>\n<link rel=\"canonical\" href=\"https:\/\/www.btv.md\/ro\/persoanele-in-carucioare-nu-au-acces-in-institutiile-comerciale-din-balti\/\" \/>\n<meta property=\"og:locale\" content=\"ro_RO\" \/>\n<meta property=\"og:type\" content=\"article\" \/>\n<meta property=\"og:title\" content=\"PERSOANELE \u00ceN C\u0102RUCIOARE NU AU ACCES \u00ceN INSTITU\u021aIILE COMERCIALE DIN B\u0102L\u021aI - BTV\" \/>\n<meta property=\"og:description\" content=\"Acces \u00eengr\u0103dit pentru persoanele cu dizabilit\u0103\u021bi locomotorii \u00een unele centre comerciale \u0219i institu\u021bii publice din municipiul B\u0103l\u021bi. Asta pentru c\u0103 multe dintre ele nu sunt dotate cu rampe de acces. Reprezentan\u021bii autorit\u0103\u021bilor publice locale spun c\u0103 vinova\u021bi de situa\u021bia creat\u0103 se face lipsa unui cadru legal care iar impune pe agen\u021bii economici s\u0103 monteze pandusuri. [&hellip;]\" \/>\n<meta property=\"og:url\" content=\"https:\/\/www.btv.md\/ro\/persoanele-in-carucioare-nu-au-acces-in-institutiile-comerciale-din-balti\/\" \/>\n<meta property=\"og:site_name\" content=\"BTV\" \/>\n<meta property=\"article:publisher\" content=\"https:\/\/www.facebook.com\/btvmoldova\/\" \/>\n<meta property=\"article:published_time\" content=\"2016-05-11T13:43:45+00:00\" \/>\n<meta property=\"article:modified_time\" content=\"2016-05-11T14:23:32+00:00\" \/>\n<meta property=\"og:image\" content=\"https:\/\/www.btv.md\/wp-content\/uploads\/2016\/05\/invalid-kolyaska-2912-e1499067531314.jpg\" \/>\n\t<meta property=\"og:image:width\" content=\"1000\" \/>\n\t<meta property=\"og:image:height\" content=\"667\" \/>\n\t<meta property=\"og:image:type\" content=\"image\/jpeg\" \/>\n<meta name=\"author\" content=\"admin\" \/>\n<meta name=\"twitter:label1\" content=\"Scris de\" \/>\n\t<meta name=\"twitter:data1\" content=\"admin\" \/>\n\t<meta name=\"twitter:label2\" content=\"Timp estimat pentru citire\" \/>\n\t<meta name=\"twitter:data2\" content=\"2 minute\" \/>\n<script type=\"application\/ld+json\" class=\"yoast-schema-graph\">{\"@context\":\"https:\\\/\\\/schema.org\",\"@graph\":[{\"@type\":\"Article\",\"@id\":\"https:\\\/\\\/www.btv.md\\\/ro\\\/persoanele-in-carucioare-nu-au-acces-in-institutiile-comerciale-din-balti\\\/#article\",\"isPartOf\":{\"@id\":\"https:\\\/\\\/www.btv.md\\\/ro\\\/persoanele-in-carucioare-nu-au-acces-in-institutiile-comerciale-din-balti\\\/\"},\"author\":{\"name\":\"admin\",\"@id\":\"https:\\\/\\\/www.btv.md\\\/#\\\/schema\\\/person\\\/8fadce81561b3ce2c34c46dadc4ccbf2\"},\"headline\":\"PERSOANELE \u00ceN C\u0102RUCIOARE NU AU ACCES \u00ceN INSTITU\u021aIILE COMERCIALE DIN B\u0102L\u021aI\",\"datePublished\":\"2016-05-11T13:43:45+00:00\",\"dateModified\":\"2016-05-11T14:23:32+00:00\",\"mainEntityOfPage\":{\"@id\":\"https:\\\/\\\/www.btv.md\\\/ro\\\/persoanele-in-carucioare-nu-au-acces-in-institutiile-comerciale-din-balti\\\/\"},\"wordCount\":491,\"image\":{\"@id\":\"https:\\\/\\\/www.btv.md\\\/ro\\\/persoanele-in-carucioare-nu-au-acces-in-institutiile-comerciale-din-balti\\\/#primaryimage\"},\"thumbnailUrl\":\"https:\\\/\\\/www.btv.md\\\/wp-content\\\/uploads\\\/2016\\\/05\\\/invalid-kolyaska-2912-e1499067531314.jpg\",\"articleSection\":[\"Ora\u0219\"],\"inLanguage\":\"ro-RO\"},{\"@type\":\"WebPage\",\"@id\":\"https:\\\/\\\/www.btv.md\\\/ro\\\/persoanele-in-carucioare-nu-au-acces-in-institutiile-comerciale-din-balti\\\/\",\"url\":\"https:\\\/\\\/www.btv.md\\\/ro\\\/persoanele-in-carucioare-nu-au-acces-in-institutiile-comerciale-din-balti\\\/\",\"name\":\"PERSOANELE \u00ceN C\u0102RUCIOARE NU AU ACCES \u00ceN INSTITU\u021aIILE COMERCIALE DIN B\u0102L\u021aI - BTV\",\"isPartOf\":{\"@id\":\"https:\\\/\\\/www.btv.md\\\/#website\"},\"primaryImageOfPage\":{\"@id\":\"https:\\\/\\\/www.btv.md\\\/ro\\\/persoanele-in-carucioare-nu-au-acces-in-institutiile-comerciale-din-balti\\\/#primaryimage\"},\"image\":{\"@id\":\"https:\\\/\\\/www.btv.md\\\/ro\\\/persoanele-in-carucioare-nu-au-acces-in-institutiile-comerciale-din-balti\\\/#primaryimage\"},\"thumbnailUrl\":\"https:\\\/\\\/www.btv.md\\\/wp-content\\\/uploads\\\/2016\\\/05\\\/invalid-kolyaska-2912-e1499067531314.jpg\",\"datePublished\":\"2016-05-11T13:43:45+00:00\",\"dateModified\":\"2016-05-11T14:23:32+00:00\",\"author\":{\"@id\":\"https:\\\/\\\/www.btv.md\\\/#\\\/schema\\\/person\\\/8fadce81561b3ce2c34c46dadc4ccbf2\"},\"inLanguage\":\"ro-RO\",\"potentialAction\":[{\"@type\":\"ReadAction\",\"target\":[\"https:\\\/\\\/www.btv.md\\\/ro\\\/persoanele-in-carucioare-nu-au-acces-in-institutiile-comerciale-din-balti\\\/\"]}]},{\"@type\":\"ImageObject\",\"inLanguage\":\"ro-RO\",\"@id\":\"https:\\\/\\\/www.btv.md\\\/ro\\\/persoanele-in-carucioare-nu-au-acces-in-institutiile-comerciale-din-balti\\\/#primaryimage\",\"url\":\"https:\\\/\\\/www.btv.md\\\/wp-content\\\/uploads\\\/2016\\\/05\\\/invalid-kolyaska-2912-e1499067531314.jpg\",\"contentUrl\":\"https:\\\/\\\/www.btv.md\\\/wp-content\\\/uploads\\\/2016\\\/05\\\/invalid-kolyaska-2912-e1499067531314.jpg\",\"width\":1000,\"height\":667,\"caption\":\"stroyobzor.ua\"},{\"@type\":\"WebSite\",\"@id\":\"https:\\\/\\\/www.btv.md\\\/#website\",\"url\":\"https:\\\/\\\/www.btv.md\\\/\",\"name\":\"BTV\",\"description\":\"\u0411\u0435\u043b\u044c\u0446\u043a\u043e\u0435 \u0442\u0435\u043b\u0435\u0432\u0438\u0434\u0435\u043d\u0438\u0435\",\"potentialAction\":[{\"@type\":\"SearchAction\",\"target\":{\"@type\":\"EntryPoint\",\"urlTemplate\":\"https:\\\/\\\/www.btv.md\\\/?s={search_term_string}\"},\"query-input\":{\"@type\":\"PropertyValueSpecification\",\"valueRequired\":true,\"valueName\":\"search_term_string\"}}],\"inLanguage\":\"ro-RO\"},{\"@type\":\"Person\",\"@id\":\"https:\\\/\\\/www.btv.md\\\/#\\\/schema\\\/person\\\/8fadce81561b3ce2c34c46dadc4ccbf2\",\"name\":\"admin\"}]}<\/script>\n<!-- \/ Yoast SEO plugin. -->","yoast_head_json":{"title":"PERSOANELE \u00ceN C\u0102RUCIOARE NU AU ACCES \u00ceN INSTITU\u021aIILE COMERCIALE DIN B\u0102L\u021aI - BTV","robots":{"index":"index","follow":"follow","max-snippet":"max-snippet:-1","max-image-preview":"max-image-preview:large","max-video-preview":"max-video-preview:-1"},"canonical":"https:\/\/www.btv.md\/ro\/persoanele-in-carucioare-nu-au-acces-in-institutiile-comerciale-din-balti\/","og_locale":"ro_RO","og_type":"article","og_title":"PERSOANELE \u00ceN C\u0102RUCIOARE NU AU ACCES \u00ceN INSTITU\u021aIILE COMERCIALE DIN B\u0102L\u021aI - BTV","og_description":"Acces \u00eengr\u0103dit pentru persoanele cu dizabilit\u0103\u021bi locomotorii \u00een unele centre comerciale \u0219i institu\u021bii publice din municipiul B\u0103l\u021bi. Asta pentru c\u0103 multe dintre ele nu sunt dotate cu rampe de acces. Reprezentan\u021bii autorit\u0103\u021bilor publice locale spun c\u0103 vinova\u021bi de situa\u021bia creat\u0103 se face lipsa unui cadru legal care iar impune pe agen\u021bii economici s\u0103 monteze pandusuri. [&hellip;]","og_url":"https:\/\/www.btv.md\/ro\/persoanele-in-carucioare-nu-au-acces-in-institutiile-comerciale-din-balti\/","og_site_name":"BTV","article_publisher":"https:\/\/www.facebook.com\/btvmoldova\/","article_published_time":"2016-05-11T13:43:45+00:00","article_modified_time":"2016-05-11T14:23:32+00:00","og_image":[{"width":1000,"height":667,"url":"https:\/\/www.btv.md\/wp-content\/uploads\/2016\/05\/invalid-kolyaska-2912-e1499067531314.jpg","type":"image\/jpeg"}],"author":"admin","twitter_misc":{"Scris de":"admin","Timp estimat pentru citire":"2 minute"},"schema":{"@context":"https:\/\/schema.org","@graph":[{"@type":"Article","@id":"https:\/\/www.btv.md\/ro\/persoanele-in-carucioare-nu-au-acces-in-institutiile-comerciale-din-balti\/#article","isPartOf":{"@id":"https:\/\/www.btv.md\/ro\/persoanele-in-carucioare-nu-au-acces-in-institutiile-comerciale-din-balti\/"},"author":{"name":"admin","@id":"https:\/\/www.btv.md\/#\/schema\/person\/8fadce81561b3ce2c34c46dadc4ccbf2"},"headline":"PERSOANELE \u00ceN C\u0102RUCIOARE NU AU ACCES \u00ceN INSTITU\u021aIILE COMERCIALE DIN B\u0102L\u021aI","datePublished":"2016-05-11T13:43:45+00:00","dateModified":"2016-05-11T14:23:32+00:00","mainEntityOfPage":{"@id":"https:\/\/www.btv.md\/ro\/persoanele-in-carucioare-nu-au-acces-in-institutiile-comerciale-din-balti\/"},"wordCount":491,"image":{"@id":"https:\/\/www.btv.md\/ro\/persoanele-in-carucioare-nu-au-acces-in-institutiile-comerciale-din-balti\/#primaryimage"},"thumbnailUrl":"https:\/\/www.btv.md\/wp-content\/uploads\/2016\/05\/invalid-kolyaska-2912-e1499067531314.jpg","articleSection":["Ora\u0219"],"inLanguage":"ro-RO"},{"@type":"WebPage","@id":"https:\/\/www.btv.md\/ro\/persoanele-in-carucioare-nu-au-acces-in-institutiile-comerciale-din-balti\/","url":"https:\/\/www.btv.md\/ro\/persoanele-in-carucioare-nu-au-acces-in-institutiile-comerciale-din-balti\/","name":"PERSOANELE \u00ceN C\u0102RUCIOARE NU AU ACCES \u00ceN INSTITU\u021aIILE COMERCIALE DIN B\u0102L\u021aI - BTV","isPartOf":{"@id":"https:\/\/www.btv.md\/#website"},"primaryImageOfPage":{"@id":"https:\/\/www.btv.md\/ro\/persoanele-in-carucioare-nu-au-acces-in-institutiile-comerciale-din-balti\/#primaryimage"},"image":{"@id":"https:\/\/www.btv.md\/ro\/persoanele-in-carucioare-nu-au-acces-in-institutiile-comerciale-din-balti\/#primaryimage"},"thumbnailUrl":"https:\/\/www.btv.md\/wp-content\/uploads\/2016\/05\/invalid-kolyaska-2912-e1499067531314.jpg","datePublished":"2016-05-11T13:43:45+00:00","dateModified":"2016-05-11T14:23:32+00:00","author":{"@id":"https:\/\/www.btv.md\/#\/schema\/person\/8fadce81561b3ce2c34c46dadc4ccbf2"},"inLanguage":"ro-RO","potentialAction":[{"@type":"ReadAction","target":["https:\/\/www.btv.md\/ro\/persoanele-in-carucioare-nu-au-acces-in-institutiile-comerciale-din-balti\/"]}]},{"@type":"ImageObject","inLanguage":"ro-RO","@id":"https:\/\/www.btv.md\/ro\/persoanele-in-carucioare-nu-au-acces-in-institutiile-comerciale-din-balti\/#primaryimage","url":"https:\/\/www.btv.md\/wp-content\/uploads\/2016\/05\/invalid-kolyaska-2912-e1499067531314.jpg","contentUrl":"https:\/\/www.btv.md\/wp-content\/uploads\/2016\/05\/invalid-kolyaska-2912-e1499067531314.jpg","width":1000,"height":667,"caption":"stroyobzor.ua"},{"@type":"WebSite","@id":"https:\/\/www.btv.md\/#website","url":"https:\/\/www.btv.md\/","name":"BTV","description":"\u0411\u0435\u043b\u044c\u0446\u043a\u043e\u0435 \u0442\u0435\u043b\u0435\u0432\u0438\u0434\u0435\u043d\u0438\u0435","potentialAction":[{"@type":"SearchAction","target":{"@type":"EntryPoint","urlTemplate":"https:\/\/www.btv.md\/?s={search_term_string}"},"query-input":{"@type":"PropertyValueSpecification","valueRequired":true,"valueName":"search_term_string"}}],"inLanguage":"ro-RO"},{"@type":"Person","@id":"https:\/\/www.btv.md\/#\/schema\/person\/8fadce81561b3ce2c34c46dadc4ccbf2","name":"admin"}]}},"_links":{"self":[{"href":"https:\/\/www.btv.md\/ro\/wp-json\/wp\/v2\/posts\/12394","targetHints":{"allow":["GET"]}}],"collection":[{"href":"https:\/\/www.btv.md\/ro\/wp-json\/wp\/v2\/posts"}],"about":[{"href":"https:\/\/www.btv.md\/ro\/wp-json\/wp\/v2\/types\/post"}],"author":[{"embeddable":true,"href":"https:\/\/www.btv.md\/ro\/wp-json\/wp\/v2\/users\/4"}],"replies":[{"embeddable":true,"href":"https:\/\/www.btv.md\/ro\/wp-json\/wp\/v2\/comments?post=12394"}],"version-history":[{"count":0,"href":"https:\/\/www.btv.md\/ro\/wp-json\/wp\/v2\/posts\/12394\/revisions"}],"wp:featuredmedia":[{"embeddable":true,"href":"https:\/\/www.btv.md\/ro\/wp-json\/wp\/v2\/media\/12395"}],"wp:attachment":[{"href":"https:\/\/www.btv.md\/ro\/wp-json\/wp\/v2\/media?parent=12394"}],"wp:term":[{"taxonomy":"category","embeddable":true,"href":"https:\/\/www.btv.md\/ro\/wp-json\/wp\/v2\/categories?post=12394"},{"taxonomy":"post_tag","embeddable":true,"href":"https:\/\/www.btv.md\/ro\/wp-json\/wp\/v2\/tags?post=12394"}],"curies":[{"name":"wp","href":"https:\/\/api.w.org\/{rel}","templated":true}]}}