{"id":123951,"date":"2021-04-20T12:15:40","date_gmt":"2021-04-20T09:15:40","guid":{"rendered":"http:\/\/www.btv.md\/?p=123951"},"modified":"2021-04-20T12:15:40","modified_gmt":"2021-04-20T09:15:40","slug":"doc-csm-sesizeaza-curtea-constitutionala-legea-privind-indexarea-pensiilor-a-lovit-judecatorii-la-buzunare","status":"publish","type":"post","link":"https:\/\/www.btv.md\/ro\/doc-csm-sesizeaza-curtea-constitutionala-legea-privind-indexarea-pensiilor-a-lovit-judecatorii-la-buzunare\/","title":{"rendered":"DOC \/\/ CSM sesizeaz\u0103 Curtea Constitu\u021bional\u0103. Legea privind indexarea pensiilor a lovit judec\u0103torii la buzunare"},"content":{"rendered":"<p><strong>Consiliul Superior al Magistraturii a atacat la Curtea Constitu\u021bional\u0103 Legea privind indexarea pensiilor de dou\u0103 ori pe an, votat\u0103 la finele anului 2019, la ini\u021biativa Guvernului Chicu. Potrivit CSM, modific\u0103rile aprobate de Parlament au un impact negativ asupra sistemului judec\u0103toresc, diminu\u00e2nd semnificativ garan\u021biile sociale ale magistra\u021bilor, transmite <a href=\"https:\/\/deschide.md\/ro\/stiri\/social\/83849\/DOC--CSM-sesizeaz%C4%83-Curtea-Constitu%C8%9Bional%C4%83-Legea-privind-indexarea-pensiilor-a-lovit-judec%C4%83torii-la-buzunare.htm\">deschide.md<\/a>.<\/strong><\/p>\n<p>Amintim c\u0103 prin legea votat\u0103, a fost instituit\u0103 indexarea semianual\u0103 a tuturor pensiilor (la data de 1 aprilie \u0219i la data de 1 octombrie), indiferent de m\u0103rimea acestora, precum \u0219i a venitului lunar minim garantat utilizat la determinarea Programului de Ajutor Social.<\/p>\n<p>Prin documentul aprobat a fost exclus\u0103 posibilitatea de a recalcula pensiile judec\u0103torilor \u021bin\u00e2ndu-se cont de m\u0103rimea salariului lunar al magistratului \u00een exerci\u021biu. Potrivit reprezentan\u021bilor Guvernului, pentru a respecta principiul egalit\u0103\u021bii, pensiile pentru judec\u0103tori \u201ese vor indexa \u00een condi\u021biile generale, asigur\u00e2ndu-se aplicarea aceluia\u0219i principiu de indexare\u201d ca \u0219i \u00een cazul altor categorii.<\/p>\n<p>\u00cen sesizarea depus\u0103 de CSM, reprezentan\u021bii sistemului judec\u0103toresc sus\u021bin c\u0103 modific\u0103rile respective contravin mai multor prevederi din Legea Suprem\u0103, printre care \u201eSepara\u0163ia \u015fi colaborarea puterilor\u201d, \u201eStatutul judec\u0103torilor\u201d, \u201eNeretroactivitatea legii\u201d, dar \u0219i \u201eRestr\u00e2ngerea exerci\u0163iului unor drepturi sau al unor libert\u0103\u0163i\u201d.<\/p>\n<p>\u00cen acest sens, CSM solicit\u0103 declararea neconstitu\u021bionalit\u0103\u021bii prevederilor ce \u021bin de noul mecanism de indexare a pensiilor pentru judec\u0103tori \u0219i revenirea la prevederile anterioare.<\/p>\n<p><iframe id=\"doc_21363\" data-src=\"https:\/\/www.scribd.com\/embeds\/503725316\/content?start_page=1&amp;view_mode=scroll&amp;access_key=key-09HhvlNiKmbfbOs7H0RI\" width=\"100%\" height=\"600\" frameborder=\"0\" scrolling=\"no\" data-auto-height=\"false\" data-aspect-ratio=\"0.7062084257206208\" data-mce-fragment=\"1\" src=\"data:image\/svg+xml;base64,PHN2ZyB3aWR0aD0iMSIgaGVpZ2h0PSIxIiB4bWxucz0iaHR0cDovL3d3dy53My5vcmcvMjAwMC9zdmciPjwvc3ZnPg==\" class=\"lazyload\" data-load-mode=\"1\"><\/iframe><\/p>\n<p>Foto: deschide.md.<\/p>\n","protected":false},"excerpt":{"rendered":"<p>Consiliul Superior al Magistraturii a atacat la Curtea Constitu\u021bional\u0103 Legea privind indexarea pensiilor de dou\u0103 ori pe an, votat\u0103 la finele anului 2019, la ini\u021biativa Guvernului Chicu. Potrivit CSM, modific\u0103rile aprobate de Parlament au un impact negativ asupra sistemului judec\u0103toresc, diminu\u00e2nd semnificativ garan\u021biile sociale ale magistra\u021bilor, transmite deschide.md. Amintim c\u0103 prin legea votat\u0103, a fost [&hellip;]<\/p>\n","protected":false},"author":4,"featured_media":123952,"comment_status":"closed","ping_status":"closed","sticky":false,"template":"","format":"standard","meta":{"footnotes":""},"categories":[6349],"tags":[24222],"class_list":["post-123951","post","type-post","status-publish","format-standard","has-post-thumbnail","hentry","category-social","tag-doc-csm-sesizeaza-curtea-constitutionala-legea-privind-indexarea-pensiilor-a-lovit-judecatorii-la-buzunare"],"yoast_head":"<!-- This site is optimized with the Yoast SEO plugin v27.4 - https:\/\/yoast.com\/product\/yoast-seo-wordpress\/ -->\n<title>DOC \/\/ CSM sesizeaz\u0103 Curtea Constitu\u021bional\u0103. Legea privind indexarea pensiilor a lovit judec\u0103torii la buzunare - BTV<\/title>\n<meta name=\"robots\" content=\"index, follow, max-snippet:-1, max-image-preview:large, max-video-preview:-1\" \/>\n<link rel=\"canonical\" href=\"https:\/\/www.btv.md\/ro\/doc-csm-sesizeaza-curtea-constitutionala-legea-privind-indexarea-pensiilor-a-lovit-judecatorii-la-buzunare\/\" \/>\n<meta property=\"og:locale\" content=\"ro_RO\" \/>\n<meta property=\"og:type\" content=\"article\" \/>\n<meta property=\"og:title\" content=\"DOC \/\/ CSM sesizeaz\u0103 Curtea Constitu\u021bional\u0103. Legea privind indexarea pensiilor a lovit judec\u0103torii la buzunare - BTV\" \/>\n<meta property=\"og:description\" content=\"Consiliul Superior al Magistraturii a atacat la Curtea Constitu\u021bional\u0103 Legea privind indexarea pensiilor de dou\u0103 ori pe an, votat\u0103 la finele anului 2019, la ini\u021biativa Guvernului Chicu. Potrivit CSM, modific\u0103rile aprobate de Parlament au un impact negativ asupra sistemului judec\u0103toresc, diminu\u00e2nd semnificativ garan\u021biile sociale ale magistra\u021bilor, transmite deschide.md. Amintim c\u0103 prin legea votat\u0103, a fost [&hellip;]\" \/>\n<meta property=\"og:url\" content=\"https:\/\/www.btv.md\/ro\/doc-csm-sesizeaza-curtea-constitutionala-legea-privind-indexarea-pensiilor-a-lovit-judecatorii-la-buzunare\/\" \/>\n<meta property=\"og:site_name\" content=\"BTV\" \/>\n<meta property=\"article:publisher\" content=\"https:\/\/www.facebook.com\/btvmoldova\/\" \/>\n<meta property=\"article:published_time\" content=\"2021-04-20T09:15:40+00:00\" \/>\n<meta property=\"og:image\" content=\"https:\/\/www.btv.md\/wp-content\/uploads\/2021\/04\/images_cms-image-000114995.jpeg\" \/>\n\t<meta property=\"og:image:width\" content=\"758\" \/>\n\t<meta property=\"og:image:height\" content=\"426\" \/>\n\t<meta property=\"og:image:type\" content=\"image\/jpeg\" \/>\n<meta name=\"author\" content=\"admin\" \/>\n<meta name=\"twitter:label1\" content=\"Scris de\" \/>\n\t<meta name=\"twitter:data1\" content=\"admin\" \/>\n\t<meta name=\"twitter:label2\" content=\"Timp estimat pentru citire\" \/>\n\t<meta name=\"twitter:data2\" content=\"1 minut\" \/>\n<script type=\"application\/ld+json\" class=\"yoast-schema-graph\">{\"@context\":\"https:\\\/\\\/schema.org\",\"@graph\":[{\"@type\":\"Article\",\"@id\":\"https:\\\/\\\/www.btv.md\\\/ro\\\/doc-csm-sesizeaza-curtea-constitutionala-legea-privind-indexarea-pensiilor-a-lovit-judecatorii-la-buzunare\\\/#article\",\"isPartOf\":{\"@id\":\"https:\\\/\\\/www.btv.md\\\/ro\\\/doc-csm-sesizeaza-curtea-constitutionala-legea-privind-indexarea-pensiilor-a-lovit-judecatorii-la-buzunare\\\/\"},\"author\":{\"name\":\"admin\",\"@id\":\"https:\\\/\\\/www.btv.md\\\/#\\\/schema\\\/person\\\/8fadce81561b3ce2c34c46dadc4ccbf2\"},\"headline\":\"DOC \\\/\\\/ CSM sesizeaz\u0103 Curtea Constitu\u021bional\u0103. Legea privind indexarea pensiilor a lovit judec\u0103torii la buzunare\",\"datePublished\":\"2021-04-20T09:15:40+00:00\",\"mainEntityOfPage\":{\"@id\":\"https:\\\/\\\/www.btv.md\\\/ro\\\/doc-csm-sesizeaza-curtea-constitutionala-legea-privind-indexarea-pensiilor-a-lovit-judecatorii-la-buzunare\\\/\"},\"wordCount\":251,\"image\":{\"@id\":\"https:\\\/\\\/www.btv.md\\\/ro\\\/doc-csm-sesizeaza-curtea-constitutionala-legea-privind-indexarea-pensiilor-a-lovit-judecatorii-la-buzunare\\\/#primaryimage\"},\"thumbnailUrl\":\"https:\\\/\\\/www.btv.md\\\/wp-content\\\/uploads\\\/2021\\\/04\\\/images_cms-image-000114995.jpeg\",\"keywords\":[\"DOC \\\/\\\/ CSM sesizeaz\u0103 Curtea Constitu\u021bional\u0103. Legea privind indexarea pensiilor a lovit judec\u0103torii la buzunare\"],\"articleSection\":[\"Social\"],\"inLanguage\":\"ro-RO\"},{\"@type\":\"WebPage\",\"@id\":\"https:\\\/\\\/www.btv.md\\\/ro\\\/doc-csm-sesizeaza-curtea-constitutionala-legea-privind-indexarea-pensiilor-a-lovit-judecatorii-la-buzunare\\\/\",\"url\":\"https:\\\/\\\/www.btv.md\\\/ro\\\/doc-csm-sesizeaza-curtea-constitutionala-legea-privind-indexarea-pensiilor-a-lovit-judecatorii-la-buzunare\\\/\",\"name\":\"DOC \\\/\\\/ CSM sesizeaz\u0103 Curtea Constitu\u021bional\u0103. Legea privind indexarea pensiilor a lovit judec\u0103torii la buzunare - BTV\",\"isPartOf\":{\"@id\":\"https:\\\/\\\/www.btv.md\\\/#website\"},\"primaryImageOfPage\":{\"@id\":\"https:\\\/\\\/www.btv.md\\\/ro\\\/doc-csm-sesizeaza-curtea-constitutionala-legea-privind-indexarea-pensiilor-a-lovit-judecatorii-la-buzunare\\\/#primaryimage\"},\"image\":{\"@id\":\"https:\\\/\\\/www.btv.md\\\/ro\\\/doc-csm-sesizeaza-curtea-constitutionala-legea-privind-indexarea-pensiilor-a-lovit-judecatorii-la-buzunare\\\/#primaryimage\"},\"thumbnailUrl\":\"https:\\\/\\\/www.btv.md\\\/wp-content\\\/uploads\\\/2021\\\/04\\\/images_cms-image-000114995.jpeg\",\"datePublished\":\"2021-04-20T09:15:40+00:00\",\"author\":{\"@id\":\"https:\\\/\\\/www.btv.md\\\/#\\\/schema\\\/person\\\/8fadce81561b3ce2c34c46dadc4ccbf2\"},\"inLanguage\":\"ro-RO\",\"potentialAction\":[{\"@type\":\"ReadAction\",\"target\":[\"https:\\\/\\\/www.btv.md\\\/ro\\\/doc-csm-sesizeaza-curtea-constitutionala-legea-privind-indexarea-pensiilor-a-lovit-judecatorii-la-buzunare\\\/\"]}]},{\"@type\":\"ImageObject\",\"inLanguage\":\"ro-RO\",\"@id\":\"https:\\\/\\\/www.btv.md\\\/ro\\\/doc-csm-sesizeaza-curtea-constitutionala-legea-privind-indexarea-pensiilor-a-lovit-judecatorii-la-buzunare\\\/#primaryimage\",\"url\":\"https:\\\/\\\/www.btv.md\\\/wp-content\\\/uploads\\\/2021\\\/04\\\/images_cms-image-000114995.jpeg\",\"contentUrl\":\"https:\\\/\\\/www.btv.md\\\/wp-content\\\/uploads\\\/2021\\\/04\\\/images_cms-image-000114995.jpeg\",\"width\":758,\"height\":426},{\"@type\":\"WebSite\",\"@id\":\"https:\\\/\\\/www.btv.md\\\/#website\",\"url\":\"https:\\\/\\\/www.btv.md\\\/\",\"name\":\"BTV\",\"description\":\"\u0411\u0435\u043b\u044c\u0446\u043a\u043e\u0435 \u0442\u0435\u043b\u0435\u0432\u0438\u0434\u0435\u043d\u0438\u0435\",\"potentialAction\":[{\"@type\":\"SearchAction\",\"target\":{\"@type\":\"EntryPoint\",\"urlTemplate\":\"https:\\\/\\\/www.btv.md\\\/?s={search_term_string}\"},\"query-input\":{\"@type\":\"PropertyValueSpecification\",\"valueRequired\":true,\"valueName\":\"search_term_string\"}}],\"inLanguage\":\"ro-RO\"},{\"@type\":\"Person\",\"@id\":\"https:\\\/\\\/www.btv.md\\\/#\\\/schema\\\/person\\\/8fadce81561b3ce2c34c46dadc4ccbf2\",\"name\":\"admin\"}]}<\/script>\n<!-- \/ Yoast SEO plugin. -->","yoast_head_json":{"title":"DOC \/\/ CSM sesizeaz\u0103 Curtea Constitu\u021bional\u0103. Legea privind indexarea pensiilor a lovit judec\u0103torii la buzunare - BTV","robots":{"index":"index","follow":"follow","max-snippet":"max-snippet:-1","max-image-preview":"max-image-preview:large","max-video-preview":"max-video-preview:-1"},"canonical":"https:\/\/www.btv.md\/ro\/doc-csm-sesizeaza-curtea-constitutionala-legea-privind-indexarea-pensiilor-a-lovit-judecatorii-la-buzunare\/","og_locale":"ro_RO","og_type":"article","og_title":"DOC \/\/ CSM sesizeaz\u0103 Curtea Constitu\u021bional\u0103. Legea privind indexarea pensiilor a lovit judec\u0103torii la buzunare - BTV","og_description":"Consiliul Superior al Magistraturii a atacat la Curtea Constitu\u021bional\u0103 Legea privind indexarea pensiilor de dou\u0103 ori pe an, votat\u0103 la finele anului 2019, la ini\u021biativa Guvernului Chicu. Potrivit CSM, modific\u0103rile aprobate de Parlament au un impact negativ asupra sistemului judec\u0103toresc, diminu\u00e2nd semnificativ garan\u021biile sociale ale magistra\u021bilor, transmite deschide.md. Amintim c\u0103 prin legea votat\u0103, a fost [&hellip;]","og_url":"https:\/\/www.btv.md\/ro\/doc-csm-sesizeaza-curtea-constitutionala-legea-privind-indexarea-pensiilor-a-lovit-judecatorii-la-buzunare\/","og_site_name":"BTV","article_publisher":"https:\/\/www.facebook.com\/btvmoldova\/","article_published_time":"2021-04-20T09:15:40+00:00","og_image":[{"width":758,"height":426,"url":"https:\/\/www.btv.md\/wp-content\/uploads\/2021\/04\/images_cms-image-000114995.jpeg","type":"image\/jpeg"}],"author":"admin","twitter_misc":{"Scris de":"admin","Timp estimat pentru citire":"1 minut"},"schema":{"@context":"https:\/\/schema.org","@graph":[{"@type":"Article","@id":"https:\/\/www.btv.md\/ro\/doc-csm-sesizeaza-curtea-constitutionala-legea-privind-indexarea-pensiilor-a-lovit-judecatorii-la-buzunare\/#article","isPartOf":{"@id":"https:\/\/www.btv.md\/ro\/doc-csm-sesizeaza-curtea-constitutionala-legea-privind-indexarea-pensiilor-a-lovit-judecatorii-la-buzunare\/"},"author":{"name":"admin","@id":"https:\/\/www.btv.md\/#\/schema\/person\/8fadce81561b3ce2c34c46dadc4ccbf2"},"headline":"DOC \/\/ CSM sesizeaz\u0103 Curtea Constitu\u021bional\u0103. Legea privind indexarea pensiilor a lovit judec\u0103torii la buzunare","datePublished":"2021-04-20T09:15:40+00:00","mainEntityOfPage":{"@id":"https:\/\/www.btv.md\/ro\/doc-csm-sesizeaza-curtea-constitutionala-legea-privind-indexarea-pensiilor-a-lovit-judecatorii-la-buzunare\/"},"wordCount":251,"image":{"@id":"https:\/\/www.btv.md\/ro\/doc-csm-sesizeaza-curtea-constitutionala-legea-privind-indexarea-pensiilor-a-lovit-judecatorii-la-buzunare\/#primaryimage"},"thumbnailUrl":"https:\/\/www.btv.md\/wp-content\/uploads\/2021\/04\/images_cms-image-000114995.jpeg","keywords":["DOC \/\/ CSM sesizeaz\u0103 Curtea Constitu\u021bional\u0103. Legea privind indexarea pensiilor a lovit judec\u0103torii la buzunare"],"articleSection":["Social"],"inLanguage":"ro-RO"},{"@type":"WebPage","@id":"https:\/\/www.btv.md\/ro\/doc-csm-sesizeaza-curtea-constitutionala-legea-privind-indexarea-pensiilor-a-lovit-judecatorii-la-buzunare\/","url":"https:\/\/www.btv.md\/ro\/doc-csm-sesizeaza-curtea-constitutionala-legea-privind-indexarea-pensiilor-a-lovit-judecatorii-la-buzunare\/","name":"DOC \/\/ CSM sesizeaz\u0103 Curtea Constitu\u021bional\u0103. Legea privind indexarea pensiilor a lovit judec\u0103torii la buzunare - BTV","isPartOf":{"@id":"https:\/\/www.btv.md\/#website"},"primaryImageOfPage":{"@id":"https:\/\/www.btv.md\/ro\/doc-csm-sesizeaza-curtea-constitutionala-legea-privind-indexarea-pensiilor-a-lovit-judecatorii-la-buzunare\/#primaryimage"},"image":{"@id":"https:\/\/www.btv.md\/ro\/doc-csm-sesizeaza-curtea-constitutionala-legea-privind-indexarea-pensiilor-a-lovit-judecatorii-la-buzunare\/#primaryimage"},"thumbnailUrl":"https:\/\/www.btv.md\/wp-content\/uploads\/2021\/04\/images_cms-image-000114995.jpeg","datePublished":"2021-04-20T09:15:40+00:00","author":{"@id":"https:\/\/www.btv.md\/#\/schema\/person\/8fadce81561b3ce2c34c46dadc4ccbf2"},"inLanguage":"ro-RO","potentialAction":[{"@type":"ReadAction","target":["https:\/\/www.btv.md\/ro\/doc-csm-sesizeaza-curtea-constitutionala-legea-privind-indexarea-pensiilor-a-lovit-judecatorii-la-buzunare\/"]}]},{"@type":"ImageObject","inLanguage":"ro-RO","@id":"https:\/\/www.btv.md\/ro\/doc-csm-sesizeaza-curtea-constitutionala-legea-privind-indexarea-pensiilor-a-lovit-judecatorii-la-buzunare\/#primaryimage","url":"https:\/\/www.btv.md\/wp-content\/uploads\/2021\/04\/images_cms-image-000114995.jpeg","contentUrl":"https:\/\/www.btv.md\/wp-content\/uploads\/2021\/04\/images_cms-image-000114995.jpeg","width":758,"height":426},{"@type":"WebSite","@id":"https:\/\/www.btv.md\/#website","url":"https:\/\/www.btv.md\/","name":"BTV","description":"\u0411\u0435\u043b\u044c\u0446\u043a\u043e\u0435 \u0442\u0435\u043b\u0435\u0432\u0438\u0434\u0435\u043d\u0438\u0435","potentialAction":[{"@type":"SearchAction","target":{"@type":"EntryPoint","urlTemplate":"https:\/\/www.btv.md\/?s={search_term_string}"},"query-input":{"@type":"PropertyValueSpecification","valueRequired":true,"valueName":"search_term_string"}}],"inLanguage":"ro-RO"},{"@type":"Person","@id":"https:\/\/www.btv.md\/#\/schema\/person\/8fadce81561b3ce2c34c46dadc4ccbf2","name":"admin"}]}},"_links":{"self":[{"href":"https:\/\/www.btv.md\/ro\/wp-json\/wp\/v2\/posts\/123951","targetHints":{"allow":["GET"]}}],"collection":[{"href":"https:\/\/www.btv.md\/ro\/wp-json\/wp\/v2\/posts"}],"about":[{"href":"https:\/\/www.btv.md\/ro\/wp-json\/wp\/v2\/types\/post"}],"author":[{"embeddable":true,"href":"https:\/\/www.btv.md\/ro\/wp-json\/wp\/v2\/users\/4"}],"replies":[{"embeddable":true,"href":"https:\/\/www.btv.md\/ro\/wp-json\/wp\/v2\/comments?post=123951"}],"version-history":[{"count":0,"href":"https:\/\/www.btv.md\/ro\/wp-json\/wp\/v2\/posts\/123951\/revisions"}],"wp:featuredmedia":[{"embeddable":true,"href":"https:\/\/www.btv.md\/ro\/wp-json\/wp\/v2\/media\/123952"}],"wp:attachment":[{"href":"https:\/\/www.btv.md\/ro\/wp-json\/wp\/v2\/media?parent=123951"}],"wp:term":[{"taxonomy":"category","embeddable":true,"href":"https:\/\/www.btv.md\/ro\/wp-json\/wp\/v2\/categories?post=123951"},{"taxonomy":"post_tag","embeddable":true,"href":"https:\/\/www.btv.md\/ro\/wp-json\/wp\/v2\/tags?post=123951"}],"curies":[{"name":"wp","href":"https:\/\/api.w.org\/{rel}","templated":true}]}}