{"id":123955,"date":"2021-04-20T12:18:56","date_gmt":"2021-04-20T09:18:56","guid":{"rendered":"http:\/\/www.btv.md\/?p=123955"},"modified":"2021-04-20T12:18:56","modified_gmt":"2021-04-20T09:18:56","slug":"angajatii-guvernului-presedintiei-si-parlamentului-imunizati-in-etapa-a-doua-a-campaniei-de-vaccinare","status":"publish","type":"post","link":"https:\/\/www.btv.md\/ro\/angajatii-guvernului-presedintiei-si-parlamentului-imunizati-in-etapa-a-doua-a-campaniei-de-vaccinare\/","title":{"rendered":"Angaja\u021bii Guvernului, Pre\u0219edin\u021biei \u0219i Parlamentului \u2013 imuniza\u021bi \u00een etapa a doua a campaniei de vaccinare"},"content":{"rendered":"<p><strong>Autorit\u0103\u021bile anun\u021b\u0103 c\u0103 \u00ee\u0219i permit demararea etapei a doua a campaniei de vaccinare \u00een r\u00e2ndul tuturor persoanelor eligibile. Printre acestea se reg\u0103sesc \u0219i angaja\u021bii Parlamentului, Pre\u0219edin\u021biei \u0219i Guvernului, scrie <a href=\"https:\/\/tv8.md\/2021\/04\/20\/angajatii-guvernului-presedintiei-si-parlamentului-imunizati-in-etapa-a-doua-a-campaniei-de-vaccinare\/\">tv8.md<\/a>.<\/strong><\/p>\n<p>\u00cen cadrul unei conferin\u021be de pres\u0103, pe 20 aprilie, secretarul de stat al Ministerului S\u0103n\u0103t\u0103\u021bii, Denis Cernelea, a spus c\u0103 au fost suplinite categoriile de persoane care vor fi vaccinate \u00een a doua etap\u0103 a campaniei de imunizare. \u201eNe permitem integral demararea tuturor persoanelor eligibile din etapa doi\u201d, a precizat acesta.<\/p>\n<p>Este vorba despre:<\/p>\n<p>\u2013 lucr\u0103torii din domeniul educa\u021biei, indiferent de v\u00e2rsta acestora;<br \/>\n\u2013 angaja\u021bii structurilor de men\u021binere \u0219i asigurare a ordinii publice, ap\u0103r\u0103rii \u0219i securit\u0103\u021bii statului;<br \/>\n\u2013 angaja\u021bii ambasadelor, Parlamentului, Pre\u0219edin\u021biei, Guvernului;<br \/>\n\u2013 angaja\u021bii ministerelor \u0219i institu\u021biilor subordonate acestora, agen\u021biile;<br \/>\n\u2013 organiza\u021biile sindicale;<br \/>\n\u2013 autorit\u0103\u021bile publice locale \u0219i lucr\u0103torii sistemului penitenciar;<br \/>\n\u2013 personalul din cadrul serviciilor sociale.<\/p>\n<p>Ini\u021bial, \u00een etapa a doua a campaniei de vaccinare au fost incluse persoanele cu v\u00e2rsta de peste 60 de ani \u0219i cele cu comorbidit\u0103\u021bi.<\/p>\n<p>Num\u0103rul persoanelor vaccinate cu doza \u00eent\u00e2i deja a dep\u0103\u0219it cifra de 86 de mii. \u00cen total, mai mult de zece mii de persoane au fost vaccinate cu ambele doze. Campania de vaccinare \u00een Republica Moldova a \u00eenceput pe data de 2 martie curent.<\/p>\n<div class=\"sens-advertising\"><\/div>\n<div class=\"row\">\n<div class=\"disclaimer\">Foto: tv8.md.<\/div>\n<\/div>\n","protected":false},"excerpt":{"rendered":"<p>Autorit\u0103\u021bile anun\u021b\u0103 c\u0103 \u00ee\u0219i permit demararea etapei a doua a campaniei de vaccinare \u00een r\u00e2ndul tuturor persoanelor eligibile. Printre acestea se reg\u0103sesc \u0219i angaja\u021bii Parlamentului, Pre\u0219edin\u021biei \u0219i Guvernului, scrie tv8.md. \u00cen cadrul unei conferin\u021be de pres\u0103, pe 20 aprilie, secretarul de stat al Ministerului S\u0103n\u0103t\u0103\u021bii, Denis Cernelea, a spus c\u0103 au fost suplinite categoriile de [&hellip;]<\/p>\n","protected":false},"author":4,"featured_media":123956,"comment_status":"closed","ping_status":"closed","sticky":false,"template":"","format":"standard","meta":{"footnotes":""},"categories":[6368],"tags":[24223,24224],"class_list":["post-123955","post","type-post","status-publish","format-standard","has-post-thumbnail","hentry","category-politica-ro","tag-angajatii-guvernului","tag-presedintiei-si-parlamentului-imunizati-in-etapa-a-doua-a-campaniei-de-vaccinare"],"yoast_head":"<!-- This site is optimized with the Yoast SEO plugin v27.4 - https:\/\/yoast.com\/product\/yoast-seo-wordpress\/ -->\n<title>Angaja\u021bii Guvernului, Pre\u0219edin\u021biei \u0219i Parlamentului \u2013 imuniza\u021bi \u00een etapa a doua a campaniei de vaccinare - BTV<\/title>\n<meta name=\"robots\" content=\"index, follow, max-snippet:-1, max-image-preview:large, max-video-preview:-1\" \/>\n<link rel=\"canonical\" href=\"https:\/\/www.btv.md\/ro\/angajatii-guvernului-presedintiei-si-parlamentului-imunizati-in-etapa-a-doua-a-campaniei-de-vaccinare\/\" \/>\n<meta property=\"og:locale\" content=\"ro_RO\" \/>\n<meta property=\"og:type\" content=\"article\" \/>\n<meta property=\"og:title\" content=\"Angaja\u021bii Guvernului, Pre\u0219edin\u021biei \u0219i Parlamentului \u2013 imuniza\u021bi \u00een etapa a doua a campaniei de vaccinare - BTV\" \/>\n<meta property=\"og:description\" content=\"Autorit\u0103\u021bile anun\u021b\u0103 c\u0103 \u00ee\u0219i permit demararea etapei a doua a campaniei de vaccinare \u00een r\u00e2ndul tuturor persoanelor eligibile. Printre acestea se reg\u0103sesc \u0219i angaja\u021bii Parlamentului, Pre\u0219edin\u021biei \u0219i Guvernului, scrie tv8.md. \u00cen cadrul unei conferin\u021be de pres\u0103, pe 20 aprilie, secretarul de stat al Ministerului S\u0103n\u0103t\u0103\u021bii, Denis Cernelea, a spus c\u0103 au fost suplinite categoriile de [&hellip;]\" \/>\n<meta property=\"og:url\" content=\"https:\/\/www.btv.md\/ro\/angajatii-guvernului-presedintiei-si-parlamentului-imunizati-in-etapa-a-doua-a-campaniei-de-vaccinare\/\" \/>\n<meta property=\"og:site_name\" content=\"BTV\" \/>\n<meta property=\"article:publisher\" content=\"https:\/\/www.facebook.com\/btvmoldova\/\" \/>\n<meta property=\"article:published_time\" content=\"2021-04-20T09:18:56+00:00\" \/>\n<meta property=\"og:image\" content=\"https:\/\/www.btv.md\/wp-content\/uploads\/2021\/04\/mczoptq0mczoyxnoptuwntm0odg0njawywjhzju3nzzhntk3ogmzzmewogrk.thumb_-1280x720-1.jpg\" \/>\n\t<meta property=\"og:image:width\" content=\"1280\" \/>\n\t<meta property=\"og:image:height\" content=\"720\" \/>\n\t<meta property=\"og:image:type\" content=\"image\/jpeg\" \/>\n<meta name=\"author\" content=\"admin\" \/>\n<meta name=\"twitter:label1\" content=\"Scris de\" \/>\n\t<meta name=\"twitter:data1\" content=\"admin\" \/>\n\t<meta name=\"twitter:label2\" content=\"Timp estimat pentru citire\" \/>\n\t<meta name=\"twitter:data2\" content=\"1 minut\" \/>\n<script type=\"application\/ld+json\" class=\"yoast-schema-graph\">{\"@context\":\"https:\\\/\\\/schema.org\",\"@graph\":[{\"@type\":\"Article\",\"@id\":\"https:\\\/\\\/www.btv.md\\\/ro\\\/angajatii-guvernului-presedintiei-si-parlamentului-imunizati-in-etapa-a-doua-a-campaniei-de-vaccinare\\\/#article\",\"isPartOf\":{\"@id\":\"https:\\\/\\\/www.btv.md\\\/ro\\\/angajatii-guvernului-presedintiei-si-parlamentului-imunizati-in-etapa-a-doua-a-campaniei-de-vaccinare\\\/\"},\"author\":{\"name\":\"admin\",\"@id\":\"https:\\\/\\\/www.btv.md\\\/#\\\/schema\\\/person\\\/8fadce81561b3ce2c34c46dadc4ccbf2\"},\"headline\":\"Angaja\u021bii Guvernului, Pre\u0219edin\u021biei \u0219i Parlamentului \u2013 imuniza\u021bi \u00een etapa a doua a campaniei de vaccinare\",\"datePublished\":\"2021-04-20T09:18:56+00:00\",\"mainEntityOfPage\":{\"@id\":\"https:\\\/\\\/www.btv.md\\\/ro\\\/angajatii-guvernului-presedintiei-si-parlamentului-imunizati-in-etapa-a-doua-a-campaniei-de-vaccinare\\\/\"},\"wordCount\":249,\"image\":{\"@id\":\"https:\\\/\\\/www.btv.md\\\/ro\\\/angajatii-guvernului-presedintiei-si-parlamentului-imunizati-in-etapa-a-doua-a-campaniei-de-vaccinare\\\/#primaryimage\"},\"thumbnailUrl\":\"https:\\\/\\\/www.btv.md\\\/wp-content\\\/uploads\\\/2021\\\/04\\\/mczoptq0mczoyxnoptuwntm0odg0njawywjhzju3nzzhntk3ogmzzmewogrk.thumb_-1280x720-1.jpg\",\"keywords\":[\"Angaja\u021bii Guvernului\",\"Pre\u0219edin\u021biei \u0219i Parlamentului \u2013 imuniza\u021bi \u00een etapa a doua a campaniei de vaccinare\"],\"articleSection\":[\"Politic\u0103\"],\"inLanguage\":\"ro-RO\"},{\"@type\":\"WebPage\",\"@id\":\"https:\\\/\\\/www.btv.md\\\/ro\\\/angajatii-guvernului-presedintiei-si-parlamentului-imunizati-in-etapa-a-doua-a-campaniei-de-vaccinare\\\/\",\"url\":\"https:\\\/\\\/www.btv.md\\\/ro\\\/angajatii-guvernului-presedintiei-si-parlamentului-imunizati-in-etapa-a-doua-a-campaniei-de-vaccinare\\\/\",\"name\":\"Angaja\u021bii Guvernului, Pre\u0219edin\u021biei \u0219i Parlamentului \u2013 imuniza\u021bi \u00een etapa a doua a campaniei de vaccinare - BTV\",\"isPartOf\":{\"@id\":\"https:\\\/\\\/www.btv.md\\\/#website\"},\"primaryImageOfPage\":{\"@id\":\"https:\\\/\\\/www.btv.md\\\/ro\\\/angajatii-guvernului-presedintiei-si-parlamentului-imunizati-in-etapa-a-doua-a-campaniei-de-vaccinare\\\/#primaryimage\"},\"image\":{\"@id\":\"https:\\\/\\\/www.btv.md\\\/ro\\\/angajatii-guvernului-presedintiei-si-parlamentului-imunizati-in-etapa-a-doua-a-campaniei-de-vaccinare\\\/#primaryimage\"},\"thumbnailUrl\":\"https:\\\/\\\/www.btv.md\\\/wp-content\\\/uploads\\\/2021\\\/04\\\/mczoptq0mczoyxnoptuwntm0odg0njawywjhzju3nzzhntk3ogmzzmewogrk.thumb_-1280x720-1.jpg\",\"datePublished\":\"2021-04-20T09:18:56+00:00\",\"author\":{\"@id\":\"https:\\\/\\\/www.btv.md\\\/#\\\/schema\\\/person\\\/8fadce81561b3ce2c34c46dadc4ccbf2\"},\"inLanguage\":\"ro-RO\",\"potentialAction\":[{\"@type\":\"ReadAction\",\"target\":[\"https:\\\/\\\/www.btv.md\\\/ro\\\/angajatii-guvernului-presedintiei-si-parlamentului-imunizati-in-etapa-a-doua-a-campaniei-de-vaccinare\\\/\"]}]},{\"@type\":\"ImageObject\",\"inLanguage\":\"ro-RO\",\"@id\":\"https:\\\/\\\/www.btv.md\\\/ro\\\/angajatii-guvernului-presedintiei-si-parlamentului-imunizati-in-etapa-a-doua-a-campaniei-de-vaccinare\\\/#primaryimage\",\"url\":\"https:\\\/\\\/www.btv.md\\\/wp-content\\\/uploads\\\/2021\\\/04\\\/mczoptq0mczoyxnoptuwntm0odg0njawywjhzju3nzzhntk3ogmzzmewogrk.thumb_-1280x720-1.jpg\",\"contentUrl\":\"https:\\\/\\\/www.btv.md\\\/wp-content\\\/uploads\\\/2021\\\/04\\\/mczoptq0mczoyxnoptuwntm0odg0njawywjhzju3nzzhntk3ogmzzmewogrk.thumb_-1280x720-1.jpg\",\"width\":1280,\"height\":720},{\"@type\":\"WebSite\",\"@id\":\"https:\\\/\\\/www.btv.md\\\/#website\",\"url\":\"https:\\\/\\\/www.btv.md\\\/\",\"name\":\"BTV\",\"description\":\"\u0411\u0435\u043b\u044c\u0446\u043a\u043e\u0435 \u0442\u0435\u043b\u0435\u0432\u0438\u0434\u0435\u043d\u0438\u0435\",\"potentialAction\":[{\"@type\":\"SearchAction\",\"target\":{\"@type\":\"EntryPoint\",\"urlTemplate\":\"https:\\\/\\\/www.btv.md\\\/?s={search_term_string}\"},\"query-input\":{\"@type\":\"PropertyValueSpecification\",\"valueRequired\":true,\"valueName\":\"search_term_string\"}}],\"inLanguage\":\"ro-RO\"},{\"@type\":\"Person\",\"@id\":\"https:\\\/\\\/www.btv.md\\\/#\\\/schema\\\/person\\\/8fadce81561b3ce2c34c46dadc4ccbf2\",\"name\":\"admin\"}]}<\/script>\n<!-- \/ Yoast SEO plugin. -->","yoast_head_json":{"title":"Angaja\u021bii Guvernului, Pre\u0219edin\u021biei \u0219i Parlamentului \u2013 imuniza\u021bi \u00een etapa a doua a campaniei de vaccinare - BTV","robots":{"index":"index","follow":"follow","max-snippet":"max-snippet:-1","max-image-preview":"max-image-preview:large","max-video-preview":"max-video-preview:-1"},"canonical":"https:\/\/www.btv.md\/ro\/angajatii-guvernului-presedintiei-si-parlamentului-imunizati-in-etapa-a-doua-a-campaniei-de-vaccinare\/","og_locale":"ro_RO","og_type":"article","og_title":"Angaja\u021bii Guvernului, Pre\u0219edin\u021biei \u0219i Parlamentului \u2013 imuniza\u021bi \u00een etapa a doua a campaniei de vaccinare - BTV","og_description":"Autorit\u0103\u021bile anun\u021b\u0103 c\u0103 \u00ee\u0219i permit demararea etapei a doua a campaniei de vaccinare \u00een r\u00e2ndul tuturor persoanelor eligibile. Printre acestea se reg\u0103sesc \u0219i angaja\u021bii Parlamentului, Pre\u0219edin\u021biei \u0219i Guvernului, scrie tv8.md. \u00cen cadrul unei conferin\u021be de pres\u0103, pe 20 aprilie, secretarul de stat al Ministerului S\u0103n\u0103t\u0103\u021bii, Denis Cernelea, a spus c\u0103 au fost suplinite categoriile de [&hellip;]","og_url":"https:\/\/www.btv.md\/ro\/angajatii-guvernului-presedintiei-si-parlamentului-imunizati-in-etapa-a-doua-a-campaniei-de-vaccinare\/","og_site_name":"BTV","article_publisher":"https:\/\/www.facebook.com\/btvmoldova\/","article_published_time":"2021-04-20T09:18:56+00:00","og_image":[{"width":1280,"height":720,"url":"https:\/\/www.btv.md\/wp-content\/uploads\/2021\/04\/mczoptq0mczoyxnoptuwntm0odg0njawywjhzju3nzzhntk3ogmzzmewogrk.thumb_-1280x720-1.jpg","type":"image\/jpeg"}],"author":"admin","twitter_misc":{"Scris de":"admin","Timp estimat pentru citire":"1 minut"},"schema":{"@context":"https:\/\/schema.org","@graph":[{"@type":"Article","@id":"https:\/\/www.btv.md\/ro\/angajatii-guvernului-presedintiei-si-parlamentului-imunizati-in-etapa-a-doua-a-campaniei-de-vaccinare\/#article","isPartOf":{"@id":"https:\/\/www.btv.md\/ro\/angajatii-guvernului-presedintiei-si-parlamentului-imunizati-in-etapa-a-doua-a-campaniei-de-vaccinare\/"},"author":{"name":"admin","@id":"https:\/\/www.btv.md\/#\/schema\/person\/8fadce81561b3ce2c34c46dadc4ccbf2"},"headline":"Angaja\u021bii Guvernului, Pre\u0219edin\u021biei \u0219i Parlamentului \u2013 imuniza\u021bi \u00een etapa a doua a campaniei de vaccinare","datePublished":"2021-04-20T09:18:56+00:00","mainEntityOfPage":{"@id":"https:\/\/www.btv.md\/ro\/angajatii-guvernului-presedintiei-si-parlamentului-imunizati-in-etapa-a-doua-a-campaniei-de-vaccinare\/"},"wordCount":249,"image":{"@id":"https:\/\/www.btv.md\/ro\/angajatii-guvernului-presedintiei-si-parlamentului-imunizati-in-etapa-a-doua-a-campaniei-de-vaccinare\/#primaryimage"},"thumbnailUrl":"https:\/\/www.btv.md\/wp-content\/uploads\/2021\/04\/mczoptq0mczoyxnoptuwntm0odg0njawywjhzju3nzzhntk3ogmzzmewogrk.thumb_-1280x720-1.jpg","keywords":["Angaja\u021bii Guvernului","Pre\u0219edin\u021biei \u0219i Parlamentului \u2013 imuniza\u021bi \u00een etapa a doua a campaniei de vaccinare"],"articleSection":["Politic\u0103"],"inLanguage":"ro-RO"},{"@type":"WebPage","@id":"https:\/\/www.btv.md\/ro\/angajatii-guvernului-presedintiei-si-parlamentului-imunizati-in-etapa-a-doua-a-campaniei-de-vaccinare\/","url":"https:\/\/www.btv.md\/ro\/angajatii-guvernului-presedintiei-si-parlamentului-imunizati-in-etapa-a-doua-a-campaniei-de-vaccinare\/","name":"Angaja\u021bii Guvernului, Pre\u0219edin\u021biei \u0219i Parlamentului \u2013 imuniza\u021bi \u00een etapa a doua a campaniei de vaccinare - BTV","isPartOf":{"@id":"https:\/\/www.btv.md\/#website"},"primaryImageOfPage":{"@id":"https:\/\/www.btv.md\/ro\/angajatii-guvernului-presedintiei-si-parlamentului-imunizati-in-etapa-a-doua-a-campaniei-de-vaccinare\/#primaryimage"},"image":{"@id":"https:\/\/www.btv.md\/ro\/angajatii-guvernului-presedintiei-si-parlamentului-imunizati-in-etapa-a-doua-a-campaniei-de-vaccinare\/#primaryimage"},"thumbnailUrl":"https:\/\/www.btv.md\/wp-content\/uploads\/2021\/04\/mczoptq0mczoyxnoptuwntm0odg0njawywjhzju3nzzhntk3ogmzzmewogrk.thumb_-1280x720-1.jpg","datePublished":"2021-04-20T09:18:56+00:00","author":{"@id":"https:\/\/www.btv.md\/#\/schema\/person\/8fadce81561b3ce2c34c46dadc4ccbf2"},"inLanguage":"ro-RO","potentialAction":[{"@type":"ReadAction","target":["https:\/\/www.btv.md\/ro\/angajatii-guvernului-presedintiei-si-parlamentului-imunizati-in-etapa-a-doua-a-campaniei-de-vaccinare\/"]}]},{"@type":"ImageObject","inLanguage":"ro-RO","@id":"https:\/\/www.btv.md\/ro\/angajatii-guvernului-presedintiei-si-parlamentului-imunizati-in-etapa-a-doua-a-campaniei-de-vaccinare\/#primaryimage","url":"https:\/\/www.btv.md\/wp-content\/uploads\/2021\/04\/mczoptq0mczoyxnoptuwntm0odg0njawywjhzju3nzzhntk3ogmzzmewogrk.thumb_-1280x720-1.jpg","contentUrl":"https:\/\/www.btv.md\/wp-content\/uploads\/2021\/04\/mczoptq0mczoyxnoptuwntm0odg0njawywjhzju3nzzhntk3ogmzzmewogrk.thumb_-1280x720-1.jpg","width":1280,"height":720},{"@type":"WebSite","@id":"https:\/\/www.btv.md\/#website","url":"https:\/\/www.btv.md\/","name":"BTV","description":"\u0411\u0435\u043b\u044c\u0446\u043a\u043e\u0435 \u0442\u0435\u043b\u0435\u0432\u0438\u0434\u0435\u043d\u0438\u0435","potentialAction":[{"@type":"SearchAction","target":{"@type":"EntryPoint","urlTemplate":"https:\/\/www.btv.md\/?s={search_term_string}"},"query-input":{"@type":"PropertyValueSpecification","valueRequired":true,"valueName":"search_term_string"}}],"inLanguage":"ro-RO"},{"@type":"Person","@id":"https:\/\/www.btv.md\/#\/schema\/person\/8fadce81561b3ce2c34c46dadc4ccbf2","name":"admin"}]}},"_links":{"self":[{"href":"https:\/\/www.btv.md\/ro\/wp-json\/wp\/v2\/posts\/123955","targetHints":{"allow":["GET"]}}],"collection":[{"href":"https:\/\/www.btv.md\/ro\/wp-json\/wp\/v2\/posts"}],"about":[{"href":"https:\/\/www.btv.md\/ro\/wp-json\/wp\/v2\/types\/post"}],"author":[{"embeddable":true,"href":"https:\/\/www.btv.md\/ro\/wp-json\/wp\/v2\/users\/4"}],"replies":[{"embeddable":true,"href":"https:\/\/www.btv.md\/ro\/wp-json\/wp\/v2\/comments?post=123955"}],"version-history":[{"count":0,"href":"https:\/\/www.btv.md\/ro\/wp-json\/wp\/v2\/posts\/123955\/revisions"}],"wp:featuredmedia":[{"embeddable":true,"href":"https:\/\/www.btv.md\/ro\/wp-json\/wp\/v2\/media\/123956"}],"wp:attachment":[{"href":"https:\/\/www.btv.md\/ro\/wp-json\/wp\/v2\/media?parent=123955"}],"wp:term":[{"taxonomy":"category","embeddable":true,"href":"https:\/\/www.btv.md\/ro\/wp-json\/wp\/v2\/categories?post=123955"},{"taxonomy":"post_tag","embeddable":true,"href":"https:\/\/www.btv.md\/ro\/wp-json\/wp\/v2\/tags?post=123955"}],"curies":[{"name":"wp","href":"https:\/\/api.w.org\/{rel}","templated":true}]}}