{"id":123982,"date":"2021-04-20T14:51:24","date_gmt":"2021-04-20T11:51:24","guid":{"rendered":"http:\/\/www.btv.md\/?p=123982"},"modified":"2021-04-20T14:51:24","modified_gmt":"2021-04-20T11:51:24","slug":"a-fost-permis-tranzitul-inghetatei-moldovenesti-prin-uniunea-europeana","status":"publish","type":"post","link":"https:\/\/www.btv.md\/ro\/a-fost-permis-tranzitul-inghetatei-moldovenesti-prin-uniunea-europeana\/","title":{"rendered":"A fost permis tranzitul \u00eenghe\u021batei moldovene\u0219ti prin Uniunea European\u0103"},"content":{"rendered":"<p><strong>Comisia European\u0103 a publicat ast\u0103zi regulamentul prin care se va permite tranzitul \u00eenghe\u021batei, produs\u0103 \u00een Republica Moldova, pe teritoriul Uniunii Europene, pentru a ajunge la consumatorii din statele continentului african \u0219i \u021b\u0103rile Orientului Apropiat \u0219i Mijlociu, transmite <a href=\"https:\/\/www.moldpres.md\/news\/2021\/04\/20\/21002937\">MOLDPRES<\/a>.<\/strong><\/p>\n<p>Potrivit directorului general al Agen\u021biei Na\u021bionale pentru Siguran\u021ba Alimentelor (ANSA), Vladislav Cotici, aceasta este o decizie important\u0103 pentru economia Republicii Moldova, care va permite agen\u021bilor economici exportatori o reducere a cheltuielilor pentru transportul produselor lactate, cum este \u00eenghe\u021bata, c\u0103tre alte \u021b\u0103ri.<\/p>\n<p>\u201dSuntem implica\u021bi \u00eentr-un dialog amplu cu Comisia European\u0103 referitor la procesul de extindere a listei de produse de origine animal\u0103 (produse lactate) exportate din \u021bara noastr\u0103 c\u0103tre pia\u021ba Uniunii Europene. Aceasta ar include verificarea conformit\u0103\u021bii la rigorile UE a sistemului gestionat de ANSA, at\u00e2t la nivel central, c\u00e2t \u0219i la nivel de structuri teritoriale, inclusiv sistemul de laboratoare na\u021bionale \u0219i corespunderea unit\u0103\u021bilor produc\u0103toare de produse de origine animal\u0103\u201d, a estimat Vladislav Cotici.<\/p>\n<p>foto simbol<\/p>\n","protected":false},"excerpt":{"rendered":"<p>Comisia European\u0103 a publicat ast\u0103zi regulamentul prin care se va permite tranzitul \u00eenghe\u021batei, produs\u0103 \u00een Republica Moldova, pe teritoriul Uniunii Europene, pentru a ajunge la consumatorii din statele continentului african \u0219i \u021b\u0103rile Orientului Apropiat \u0219i Mijlociu, transmite MOLDPRES. Potrivit directorului general al Agen\u021biei Na\u021bionale pentru Siguran\u021ba Alimentelor (ANSA), Vladislav Cotici, aceasta este o decizie important\u0103 [&hellip;]<\/p>\n","protected":false},"author":4,"featured_media":123983,"comment_status":"closed","ping_status":"closed","sticky":false,"template":"","format":"standard","meta":{"footnotes":""},"categories":[6369],"tags":[24230],"class_list":["post-123982","post","type-post","status-publish","format-standard","has-post-thumbnail","hentry","category-economie-ro","tag-a-fost-permis-tranzitul-inghetatei-moldovenesti-prin-uniunea-europeana"],"yoast_head":"<!-- This site is optimized with the Yoast SEO plugin v27.4 - https:\/\/yoast.com\/product\/yoast-seo-wordpress\/ -->\n<title>A fost permis tranzitul \u00eenghe\u021batei moldovene\u0219ti prin Uniunea European\u0103 - BTV<\/title>\n<meta name=\"robots\" content=\"index, follow, max-snippet:-1, max-image-preview:large, max-video-preview:-1\" \/>\n<link rel=\"canonical\" href=\"https:\/\/www.btv.md\/ro\/a-fost-permis-tranzitul-inghetatei-moldovenesti-prin-uniunea-europeana\/\" \/>\n<meta property=\"og:locale\" content=\"ro_RO\" \/>\n<meta property=\"og:type\" content=\"article\" \/>\n<meta property=\"og:title\" content=\"A fost permis tranzitul \u00eenghe\u021batei moldovene\u0219ti prin Uniunea European\u0103 - BTV\" \/>\n<meta property=\"og:description\" content=\"Comisia European\u0103 a publicat ast\u0103zi regulamentul prin care se va permite tranzitul \u00eenghe\u021batei, produs\u0103 \u00een Republica Moldova, pe teritoriul Uniunii Europene, pentru a ajunge la consumatorii din statele continentului african \u0219i \u021b\u0103rile Orientului Apropiat \u0219i Mijlociu, transmite MOLDPRES. Potrivit directorului general al Agen\u021biei Na\u021bionale pentru Siguran\u021ba Alimentelor (ANSA), Vladislav Cotici, aceasta este o decizie important\u0103 [&hellip;]\" \/>\n<meta property=\"og:url\" content=\"https:\/\/www.btv.md\/ro\/a-fost-permis-tranzitul-inghetatei-moldovenesti-prin-uniunea-europeana\/\" \/>\n<meta property=\"og:site_name\" content=\"BTV\" \/>\n<meta property=\"article:publisher\" content=\"https:\/\/www.facebook.com\/btvmoldova\/\" \/>\n<meta property=\"article:published_time\" content=\"2021-04-20T11:51:24+00:00\" \/>\n<meta property=\"og:image\" content=\"https:\/\/www.btv.md\/wp-content\/uploads\/2021\/04\/21002937_big1618918243.jpg\" \/>\n\t<meta property=\"og:image:width\" content=\"700\" \/>\n\t<meta property=\"og:image:height\" content=\"466\" \/>\n\t<meta property=\"og:image:type\" content=\"image\/jpeg\" \/>\n<meta name=\"author\" content=\"admin\" \/>\n<meta name=\"twitter:label1\" content=\"Scris de\" \/>\n\t<meta name=\"twitter:data1\" content=\"admin\" \/>\n\t<meta name=\"twitter:label2\" content=\"Timp estimat pentru citire\" \/>\n\t<meta name=\"twitter:data2\" content=\"1 minut\" \/>\n<script type=\"application\/ld+json\" class=\"yoast-schema-graph\">{\"@context\":\"https:\\\/\\\/schema.org\",\"@graph\":[{\"@type\":\"Article\",\"@id\":\"https:\\\/\\\/www.btv.md\\\/ro\\\/a-fost-permis-tranzitul-inghetatei-moldovenesti-prin-uniunea-europeana\\\/#article\",\"isPartOf\":{\"@id\":\"https:\\\/\\\/www.btv.md\\\/ro\\\/a-fost-permis-tranzitul-inghetatei-moldovenesti-prin-uniunea-europeana\\\/\"},\"author\":{\"name\":\"admin\",\"@id\":\"https:\\\/\\\/www.btv.md\\\/#\\\/schema\\\/person\\\/8fadce81561b3ce2c34c46dadc4ccbf2\"},\"headline\":\"A fost permis tranzitul \u00eenghe\u021batei moldovene\u0219ti prin Uniunea European\u0103\",\"datePublished\":\"2021-04-20T11:51:24+00:00\",\"mainEntityOfPage\":{\"@id\":\"https:\\\/\\\/www.btv.md\\\/ro\\\/a-fost-permis-tranzitul-inghetatei-moldovenesti-prin-uniunea-europeana\\\/\"},\"wordCount\":181,\"image\":{\"@id\":\"https:\\\/\\\/www.btv.md\\\/ro\\\/a-fost-permis-tranzitul-inghetatei-moldovenesti-prin-uniunea-europeana\\\/#primaryimage\"},\"thumbnailUrl\":\"https:\\\/\\\/www.btv.md\\\/wp-content\\\/uploads\\\/2021\\\/04\\\/21002937_big1618918243.jpg\",\"keywords\":[\"A fost permis tranzitul \u00eenghe\u021batei moldovene\u0219ti prin Uniunea European\u0103\"],\"articleSection\":[\"Economie\"],\"inLanguage\":\"ro-RO\"},{\"@type\":\"WebPage\",\"@id\":\"https:\\\/\\\/www.btv.md\\\/ro\\\/a-fost-permis-tranzitul-inghetatei-moldovenesti-prin-uniunea-europeana\\\/\",\"url\":\"https:\\\/\\\/www.btv.md\\\/ro\\\/a-fost-permis-tranzitul-inghetatei-moldovenesti-prin-uniunea-europeana\\\/\",\"name\":\"A fost permis tranzitul \u00eenghe\u021batei moldovene\u0219ti prin Uniunea European\u0103 - BTV\",\"isPartOf\":{\"@id\":\"https:\\\/\\\/www.btv.md\\\/#website\"},\"primaryImageOfPage\":{\"@id\":\"https:\\\/\\\/www.btv.md\\\/ro\\\/a-fost-permis-tranzitul-inghetatei-moldovenesti-prin-uniunea-europeana\\\/#primaryimage\"},\"image\":{\"@id\":\"https:\\\/\\\/www.btv.md\\\/ro\\\/a-fost-permis-tranzitul-inghetatei-moldovenesti-prin-uniunea-europeana\\\/#primaryimage\"},\"thumbnailUrl\":\"https:\\\/\\\/www.btv.md\\\/wp-content\\\/uploads\\\/2021\\\/04\\\/21002937_big1618918243.jpg\",\"datePublished\":\"2021-04-20T11:51:24+00:00\",\"author\":{\"@id\":\"https:\\\/\\\/www.btv.md\\\/#\\\/schema\\\/person\\\/8fadce81561b3ce2c34c46dadc4ccbf2\"},\"inLanguage\":\"ro-RO\",\"potentialAction\":[{\"@type\":\"ReadAction\",\"target\":[\"https:\\\/\\\/www.btv.md\\\/ro\\\/a-fost-permis-tranzitul-inghetatei-moldovenesti-prin-uniunea-europeana\\\/\"]}]},{\"@type\":\"ImageObject\",\"inLanguage\":\"ro-RO\",\"@id\":\"https:\\\/\\\/www.btv.md\\\/ro\\\/a-fost-permis-tranzitul-inghetatei-moldovenesti-prin-uniunea-europeana\\\/#primaryimage\",\"url\":\"https:\\\/\\\/www.btv.md\\\/wp-content\\\/uploads\\\/2021\\\/04\\\/21002937_big1618918243.jpg\",\"contentUrl\":\"https:\\\/\\\/www.btv.md\\\/wp-content\\\/uploads\\\/2021\\\/04\\\/21002937_big1618918243.jpg\",\"width\":700,\"height\":466},{\"@type\":\"WebSite\",\"@id\":\"https:\\\/\\\/www.btv.md\\\/#website\",\"url\":\"https:\\\/\\\/www.btv.md\\\/\",\"name\":\"BTV\",\"description\":\"\u0411\u0435\u043b\u044c\u0446\u043a\u043e\u0435 \u0442\u0435\u043b\u0435\u0432\u0438\u0434\u0435\u043d\u0438\u0435\",\"potentialAction\":[{\"@type\":\"SearchAction\",\"target\":{\"@type\":\"EntryPoint\",\"urlTemplate\":\"https:\\\/\\\/www.btv.md\\\/?s={search_term_string}\"},\"query-input\":{\"@type\":\"PropertyValueSpecification\",\"valueRequired\":true,\"valueName\":\"search_term_string\"}}],\"inLanguage\":\"ro-RO\"},{\"@type\":\"Person\",\"@id\":\"https:\\\/\\\/www.btv.md\\\/#\\\/schema\\\/person\\\/8fadce81561b3ce2c34c46dadc4ccbf2\",\"name\":\"admin\"}]}<\/script>\n<!-- \/ Yoast SEO plugin. -->","yoast_head_json":{"title":"A fost permis tranzitul \u00eenghe\u021batei moldovene\u0219ti prin Uniunea European\u0103 - BTV","robots":{"index":"index","follow":"follow","max-snippet":"max-snippet:-1","max-image-preview":"max-image-preview:large","max-video-preview":"max-video-preview:-1"},"canonical":"https:\/\/www.btv.md\/ro\/a-fost-permis-tranzitul-inghetatei-moldovenesti-prin-uniunea-europeana\/","og_locale":"ro_RO","og_type":"article","og_title":"A fost permis tranzitul \u00eenghe\u021batei moldovene\u0219ti prin Uniunea European\u0103 - BTV","og_description":"Comisia European\u0103 a publicat ast\u0103zi regulamentul prin care se va permite tranzitul \u00eenghe\u021batei, produs\u0103 \u00een Republica Moldova, pe teritoriul Uniunii Europene, pentru a ajunge la consumatorii din statele continentului african \u0219i \u021b\u0103rile Orientului Apropiat \u0219i Mijlociu, transmite MOLDPRES. Potrivit directorului general al Agen\u021biei Na\u021bionale pentru Siguran\u021ba Alimentelor (ANSA), Vladislav Cotici, aceasta este o decizie important\u0103 [&hellip;]","og_url":"https:\/\/www.btv.md\/ro\/a-fost-permis-tranzitul-inghetatei-moldovenesti-prin-uniunea-europeana\/","og_site_name":"BTV","article_publisher":"https:\/\/www.facebook.com\/btvmoldova\/","article_published_time":"2021-04-20T11:51:24+00:00","og_image":[{"width":700,"height":466,"url":"https:\/\/www.btv.md\/wp-content\/uploads\/2021\/04\/21002937_big1618918243.jpg","type":"image\/jpeg"}],"author":"admin","twitter_misc":{"Scris de":"admin","Timp estimat pentru citire":"1 minut"},"schema":{"@context":"https:\/\/schema.org","@graph":[{"@type":"Article","@id":"https:\/\/www.btv.md\/ro\/a-fost-permis-tranzitul-inghetatei-moldovenesti-prin-uniunea-europeana\/#article","isPartOf":{"@id":"https:\/\/www.btv.md\/ro\/a-fost-permis-tranzitul-inghetatei-moldovenesti-prin-uniunea-europeana\/"},"author":{"name":"admin","@id":"https:\/\/www.btv.md\/#\/schema\/person\/8fadce81561b3ce2c34c46dadc4ccbf2"},"headline":"A fost permis tranzitul \u00eenghe\u021batei moldovene\u0219ti prin Uniunea European\u0103","datePublished":"2021-04-20T11:51:24+00:00","mainEntityOfPage":{"@id":"https:\/\/www.btv.md\/ro\/a-fost-permis-tranzitul-inghetatei-moldovenesti-prin-uniunea-europeana\/"},"wordCount":181,"image":{"@id":"https:\/\/www.btv.md\/ro\/a-fost-permis-tranzitul-inghetatei-moldovenesti-prin-uniunea-europeana\/#primaryimage"},"thumbnailUrl":"https:\/\/www.btv.md\/wp-content\/uploads\/2021\/04\/21002937_big1618918243.jpg","keywords":["A fost permis tranzitul \u00eenghe\u021batei moldovene\u0219ti prin Uniunea European\u0103"],"articleSection":["Economie"],"inLanguage":"ro-RO"},{"@type":"WebPage","@id":"https:\/\/www.btv.md\/ro\/a-fost-permis-tranzitul-inghetatei-moldovenesti-prin-uniunea-europeana\/","url":"https:\/\/www.btv.md\/ro\/a-fost-permis-tranzitul-inghetatei-moldovenesti-prin-uniunea-europeana\/","name":"A fost permis tranzitul \u00eenghe\u021batei moldovene\u0219ti prin Uniunea European\u0103 - BTV","isPartOf":{"@id":"https:\/\/www.btv.md\/#website"},"primaryImageOfPage":{"@id":"https:\/\/www.btv.md\/ro\/a-fost-permis-tranzitul-inghetatei-moldovenesti-prin-uniunea-europeana\/#primaryimage"},"image":{"@id":"https:\/\/www.btv.md\/ro\/a-fost-permis-tranzitul-inghetatei-moldovenesti-prin-uniunea-europeana\/#primaryimage"},"thumbnailUrl":"https:\/\/www.btv.md\/wp-content\/uploads\/2021\/04\/21002937_big1618918243.jpg","datePublished":"2021-04-20T11:51:24+00:00","author":{"@id":"https:\/\/www.btv.md\/#\/schema\/person\/8fadce81561b3ce2c34c46dadc4ccbf2"},"inLanguage":"ro-RO","potentialAction":[{"@type":"ReadAction","target":["https:\/\/www.btv.md\/ro\/a-fost-permis-tranzitul-inghetatei-moldovenesti-prin-uniunea-europeana\/"]}]},{"@type":"ImageObject","inLanguage":"ro-RO","@id":"https:\/\/www.btv.md\/ro\/a-fost-permis-tranzitul-inghetatei-moldovenesti-prin-uniunea-europeana\/#primaryimage","url":"https:\/\/www.btv.md\/wp-content\/uploads\/2021\/04\/21002937_big1618918243.jpg","contentUrl":"https:\/\/www.btv.md\/wp-content\/uploads\/2021\/04\/21002937_big1618918243.jpg","width":700,"height":466},{"@type":"WebSite","@id":"https:\/\/www.btv.md\/#website","url":"https:\/\/www.btv.md\/","name":"BTV","description":"\u0411\u0435\u043b\u044c\u0446\u043a\u043e\u0435 \u0442\u0435\u043b\u0435\u0432\u0438\u0434\u0435\u043d\u0438\u0435","potentialAction":[{"@type":"SearchAction","target":{"@type":"EntryPoint","urlTemplate":"https:\/\/www.btv.md\/?s={search_term_string}"},"query-input":{"@type":"PropertyValueSpecification","valueRequired":true,"valueName":"search_term_string"}}],"inLanguage":"ro-RO"},{"@type":"Person","@id":"https:\/\/www.btv.md\/#\/schema\/person\/8fadce81561b3ce2c34c46dadc4ccbf2","name":"admin"}]}},"_links":{"self":[{"href":"https:\/\/www.btv.md\/ro\/wp-json\/wp\/v2\/posts\/123982","targetHints":{"allow":["GET"]}}],"collection":[{"href":"https:\/\/www.btv.md\/ro\/wp-json\/wp\/v2\/posts"}],"about":[{"href":"https:\/\/www.btv.md\/ro\/wp-json\/wp\/v2\/types\/post"}],"author":[{"embeddable":true,"href":"https:\/\/www.btv.md\/ro\/wp-json\/wp\/v2\/users\/4"}],"replies":[{"embeddable":true,"href":"https:\/\/www.btv.md\/ro\/wp-json\/wp\/v2\/comments?post=123982"}],"version-history":[{"count":0,"href":"https:\/\/www.btv.md\/ro\/wp-json\/wp\/v2\/posts\/123982\/revisions"}],"wp:featuredmedia":[{"embeddable":true,"href":"https:\/\/www.btv.md\/ro\/wp-json\/wp\/v2\/media\/123983"}],"wp:attachment":[{"href":"https:\/\/www.btv.md\/ro\/wp-json\/wp\/v2\/media?parent=123982"}],"wp:term":[{"taxonomy":"category","embeddable":true,"href":"https:\/\/www.btv.md\/ro\/wp-json\/wp\/v2\/categories?post=123982"},{"taxonomy":"post_tag","embeddable":true,"href":"https:\/\/www.btv.md\/ro\/wp-json\/wp\/v2\/tags?post=123982"}],"curies":[{"name":"wp","href":"https:\/\/api.w.org\/{rel}","templated":true}]}}