{"id":124012,"date":"2021-04-20T16:08:48","date_gmt":"2021-04-20T13:08:48","guid":{"rendered":"http:\/\/www.btv.md\/?p=124012"},"modified":"2021-04-20T16:08:48","modified_gmt":"2021-04-20T13:08:48","slug":"maia-sandu-se-va-intalni-cu-klaus-iohannis-dupa-vizita-de-la-strasbourg","status":"publish","type":"post","link":"https:\/\/www.btv.md\/ro\/maia-sandu-se-va-intalni-cu-klaus-iohannis-dupa-vizita-de-la-strasbourg\/","title":{"rendered":"Maia Sandu se va \u00eent\u00e2lni cu Klaus Iohannis dup\u0103 vizita de la Strasbourg"},"content":{"rendered":"<p><strong>Pre\u0219edintele R. Moldova, Maia Sandu, se va \u00eent\u00e2lni ast\u0103zi cu pre\u0219edintele Rom\u00e2niei, Klaus Iohannis.<\/strong><\/p>\n<p>Anun\u021bul a fost f\u0103cut de Pre\u0219edin\u021biei, transmite\u00a0<a href=\"https:\/\/stiri.md\/article\/politica\/maia-sandu-se-va-intalni-cu-klaus-iohannis-dupa-vizita-de-la-strasbourg\">\u0218tiri.md<\/a>.<\/p>\n<p>Potrivit sursei citate, la \u00eentoarcerea de la Strasbourg Maia Sandu, va avea \u00eentrevederi cu Pre\u0219edintele Rom\u00e2niei, Klaus Iohannis, cu prim-ministrul Rom\u00e2niei, Florin C\u00ee\u021bu, cu Pre\u015fedintele Senatului, Anca Dragu, \u015fi Pre\u015fedintele Camerei Deputa\u0163ilor, Ludovic Orban.<\/p>\n<p>Seara, \u0219efa statului va reveni la Chi\u0219in\u0103u.<\/p>\n<p>Amintim c\u0103 pre\u015fedintele Republicii Moldova a plecat \u00eentr-o vizit\u0103 la Strasbourg, unde a participat la sesiunea de prim\u0103var\u0103 a APCE.<\/p>\n<p>Maia Sandu a avut \u00eentrevederi cu mai mul\u021bi oficiali europeni, printre care cu pre\u015fedintele Comisiei de la Vene\u0163ia, Gianni Buquiquio, cu pre\u015fedintele CEDO, Robert Spano, cu comisarul pentru Drepturile Omului al CoE, Dunja Mijatovic, \u015fi cu pre\u015fedintele Congresului Autorit\u0103\u0163ilor Locale \u015fi Regionale al Consiliului Europei, Leen Verbeek.<\/p>\n<p>Foto: \u0218tiri.md.<\/p>\n","protected":false},"excerpt":{"rendered":"<p>Pre\u0219edintele R. Moldova, Maia Sandu, se va \u00eent\u00e2lni ast\u0103zi cu pre\u0219edintele Rom\u00e2niei, Klaus Iohannis. Anun\u021bul a fost f\u0103cut de Pre\u0219edin\u021biei, transmite\u00a0\u0218tiri.md. Potrivit sursei citate, la \u00eentoarcerea de la Strasbourg Maia Sandu, va avea \u00eentrevederi cu Pre\u0219edintele Rom\u00e2niei, Klaus Iohannis, cu prim-ministrul Rom\u00e2niei, Florin C\u00ee\u021bu, cu Pre\u015fedintele Senatului, Anca Dragu, \u015fi Pre\u015fedintele Camerei Deputa\u0163ilor, Ludovic Orban. [&hellip;]<\/p>\n","protected":false},"author":4,"featured_media":124013,"comment_status":"closed","ping_status":"closed","sticky":false,"template":"","format":"standard","meta":{"footnotes":""},"categories":[6368],"tags":[24238],"class_list":["post-124012","post","type-post","status-publish","format-standard","has-post-thumbnail","hentry","category-politica-ro","tag-maia-sandu-se-va-intalni-cu-klaus-iohannis-dupa-vizita-de-la-strasbourg"],"yoast_head":"<!-- This site is optimized with the Yoast SEO plugin v27.4 - https:\/\/yoast.com\/product\/yoast-seo-wordpress\/ -->\n<title>Maia Sandu se va \u00eent\u00e2lni cu Klaus Iohannis dup\u0103 vizita de la Strasbourg - BTV<\/title>\n<meta name=\"robots\" content=\"index, follow, max-snippet:-1, max-image-preview:large, max-video-preview:-1\" \/>\n<link rel=\"canonical\" href=\"https:\/\/www.btv.md\/ro\/maia-sandu-se-va-intalni-cu-klaus-iohannis-dupa-vizita-de-la-strasbourg\/\" \/>\n<meta property=\"og:locale\" content=\"ro_RO\" \/>\n<meta property=\"og:type\" content=\"article\" \/>\n<meta property=\"og:title\" content=\"Maia Sandu se va \u00eent\u00e2lni cu Klaus Iohannis dup\u0103 vizita de la Strasbourg - BTV\" \/>\n<meta property=\"og:description\" content=\"Pre\u0219edintele R. Moldova, Maia Sandu, se va \u00eent\u00e2lni ast\u0103zi cu pre\u0219edintele Rom\u00e2niei, Klaus Iohannis. Anun\u021bul a fost f\u0103cut de Pre\u0219edin\u021biei, transmite\u00a0\u0218tiri.md. Potrivit sursei citate, la \u00eentoarcerea de la Strasbourg Maia Sandu, va avea \u00eentrevederi cu Pre\u0219edintele Rom\u00e2niei, Klaus Iohannis, cu prim-ministrul Rom\u00e2niei, Florin C\u00ee\u021bu, cu Pre\u015fedintele Senatului, Anca Dragu, \u015fi Pre\u015fedintele Camerei Deputa\u0163ilor, Ludovic Orban. [&hellip;]\" \/>\n<meta property=\"og:url\" content=\"https:\/\/www.btv.md\/ro\/maia-sandu-se-va-intalni-cu-klaus-iohannis-dupa-vizita-de-la-strasbourg\/\" \/>\n<meta property=\"og:site_name\" content=\"BTV\" \/>\n<meta property=\"article:publisher\" content=\"https:\/\/www.facebook.com\/btvmoldova\/\" \/>\n<meta property=\"article:published_time\" content=\"2021-04-20T13:08:48+00:00\" \/>\n<meta property=\"og:image\" content=\"https:\/\/www.btv.md\/wp-content\/uploads\/2021\/04\/315bc93161234f1014c3d5b510d1965f.jpg\" \/>\n\t<meta property=\"og:image:width\" content=\"809\" \/>\n\t<meta property=\"og:image:height\" content=\"456\" \/>\n\t<meta property=\"og:image:type\" content=\"image\/jpeg\" \/>\n<meta name=\"author\" content=\"admin\" \/>\n<meta name=\"twitter:label1\" content=\"Scris de\" \/>\n\t<meta name=\"twitter:data1\" content=\"admin\" \/>\n\t<meta name=\"twitter:label2\" content=\"Timp estimat pentru citire\" \/>\n\t<meta name=\"twitter:data2\" content=\"1 minut\" \/>\n<script type=\"application\/ld+json\" class=\"yoast-schema-graph\">{\"@context\":\"https:\\\/\\\/schema.org\",\"@graph\":[{\"@type\":\"Article\",\"@id\":\"https:\\\/\\\/www.btv.md\\\/ro\\\/maia-sandu-se-va-intalni-cu-klaus-iohannis-dupa-vizita-de-la-strasbourg\\\/#article\",\"isPartOf\":{\"@id\":\"https:\\\/\\\/www.btv.md\\\/ro\\\/maia-sandu-se-va-intalni-cu-klaus-iohannis-dupa-vizita-de-la-strasbourg\\\/\"},\"author\":{\"name\":\"admin\",\"@id\":\"https:\\\/\\\/www.btv.md\\\/#\\\/schema\\\/person\\\/8fadce81561b3ce2c34c46dadc4ccbf2\"},\"headline\":\"Maia Sandu se va \u00eent\u00e2lni cu Klaus Iohannis dup\u0103 vizita de la Strasbourg\",\"datePublished\":\"2021-04-20T13:08:48+00:00\",\"mainEntityOfPage\":{\"@id\":\"https:\\\/\\\/www.btv.md\\\/ro\\\/maia-sandu-se-va-intalni-cu-klaus-iohannis-dupa-vizita-de-la-strasbourg\\\/\"},\"wordCount\":174,\"image\":{\"@id\":\"https:\\\/\\\/www.btv.md\\\/ro\\\/maia-sandu-se-va-intalni-cu-klaus-iohannis-dupa-vizita-de-la-strasbourg\\\/#primaryimage\"},\"thumbnailUrl\":\"https:\\\/\\\/www.btv.md\\\/wp-content\\\/uploads\\\/2021\\\/04\\\/315bc93161234f1014c3d5b510d1965f.jpg\",\"keywords\":[\"Maia Sandu se va \u00eent\u00e2lni cu Klaus Iohannis dup\u0103 vizita de la Strasbourg\"],\"articleSection\":[\"Politic\u0103\"],\"inLanguage\":\"ro-RO\"},{\"@type\":\"WebPage\",\"@id\":\"https:\\\/\\\/www.btv.md\\\/ro\\\/maia-sandu-se-va-intalni-cu-klaus-iohannis-dupa-vizita-de-la-strasbourg\\\/\",\"url\":\"https:\\\/\\\/www.btv.md\\\/ro\\\/maia-sandu-se-va-intalni-cu-klaus-iohannis-dupa-vizita-de-la-strasbourg\\\/\",\"name\":\"Maia Sandu se va \u00eent\u00e2lni cu Klaus Iohannis dup\u0103 vizita de la Strasbourg - BTV\",\"isPartOf\":{\"@id\":\"https:\\\/\\\/www.btv.md\\\/#website\"},\"primaryImageOfPage\":{\"@id\":\"https:\\\/\\\/www.btv.md\\\/ro\\\/maia-sandu-se-va-intalni-cu-klaus-iohannis-dupa-vizita-de-la-strasbourg\\\/#primaryimage\"},\"image\":{\"@id\":\"https:\\\/\\\/www.btv.md\\\/ro\\\/maia-sandu-se-va-intalni-cu-klaus-iohannis-dupa-vizita-de-la-strasbourg\\\/#primaryimage\"},\"thumbnailUrl\":\"https:\\\/\\\/www.btv.md\\\/wp-content\\\/uploads\\\/2021\\\/04\\\/315bc93161234f1014c3d5b510d1965f.jpg\",\"datePublished\":\"2021-04-20T13:08:48+00:00\",\"author\":{\"@id\":\"https:\\\/\\\/www.btv.md\\\/#\\\/schema\\\/person\\\/8fadce81561b3ce2c34c46dadc4ccbf2\"},\"inLanguage\":\"ro-RO\",\"potentialAction\":[{\"@type\":\"ReadAction\",\"target\":[\"https:\\\/\\\/www.btv.md\\\/ro\\\/maia-sandu-se-va-intalni-cu-klaus-iohannis-dupa-vizita-de-la-strasbourg\\\/\"]}]},{\"@type\":\"ImageObject\",\"inLanguage\":\"ro-RO\",\"@id\":\"https:\\\/\\\/www.btv.md\\\/ro\\\/maia-sandu-se-va-intalni-cu-klaus-iohannis-dupa-vizita-de-la-strasbourg\\\/#primaryimage\",\"url\":\"https:\\\/\\\/www.btv.md\\\/wp-content\\\/uploads\\\/2021\\\/04\\\/315bc93161234f1014c3d5b510d1965f.jpg\",\"contentUrl\":\"https:\\\/\\\/www.btv.md\\\/wp-content\\\/uploads\\\/2021\\\/04\\\/315bc93161234f1014c3d5b510d1965f.jpg\",\"width\":809,\"height\":456},{\"@type\":\"WebSite\",\"@id\":\"https:\\\/\\\/www.btv.md\\\/#website\",\"url\":\"https:\\\/\\\/www.btv.md\\\/\",\"name\":\"BTV\",\"description\":\"\u0411\u0435\u043b\u044c\u0446\u043a\u043e\u0435 \u0442\u0435\u043b\u0435\u0432\u0438\u0434\u0435\u043d\u0438\u0435\",\"potentialAction\":[{\"@type\":\"SearchAction\",\"target\":{\"@type\":\"EntryPoint\",\"urlTemplate\":\"https:\\\/\\\/www.btv.md\\\/?s={search_term_string}\"},\"query-input\":{\"@type\":\"PropertyValueSpecification\",\"valueRequired\":true,\"valueName\":\"search_term_string\"}}],\"inLanguage\":\"ro-RO\"},{\"@type\":\"Person\",\"@id\":\"https:\\\/\\\/www.btv.md\\\/#\\\/schema\\\/person\\\/8fadce81561b3ce2c34c46dadc4ccbf2\",\"name\":\"admin\"}]}<\/script>\n<!-- \/ Yoast SEO plugin. -->","yoast_head_json":{"title":"Maia Sandu se va \u00eent\u00e2lni cu Klaus Iohannis dup\u0103 vizita de la Strasbourg - BTV","robots":{"index":"index","follow":"follow","max-snippet":"max-snippet:-1","max-image-preview":"max-image-preview:large","max-video-preview":"max-video-preview:-1"},"canonical":"https:\/\/www.btv.md\/ro\/maia-sandu-se-va-intalni-cu-klaus-iohannis-dupa-vizita-de-la-strasbourg\/","og_locale":"ro_RO","og_type":"article","og_title":"Maia Sandu se va \u00eent\u00e2lni cu Klaus Iohannis dup\u0103 vizita de la Strasbourg - BTV","og_description":"Pre\u0219edintele R. Moldova, Maia Sandu, se va \u00eent\u00e2lni ast\u0103zi cu pre\u0219edintele Rom\u00e2niei, Klaus Iohannis. Anun\u021bul a fost f\u0103cut de Pre\u0219edin\u021biei, transmite\u00a0\u0218tiri.md. Potrivit sursei citate, la \u00eentoarcerea de la Strasbourg Maia Sandu, va avea \u00eentrevederi cu Pre\u0219edintele Rom\u00e2niei, Klaus Iohannis, cu prim-ministrul Rom\u00e2niei, Florin C\u00ee\u021bu, cu Pre\u015fedintele Senatului, Anca Dragu, \u015fi Pre\u015fedintele Camerei Deputa\u0163ilor, Ludovic Orban. [&hellip;]","og_url":"https:\/\/www.btv.md\/ro\/maia-sandu-se-va-intalni-cu-klaus-iohannis-dupa-vizita-de-la-strasbourg\/","og_site_name":"BTV","article_publisher":"https:\/\/www.facebook.com\/btvmoldova\/","article_published_time":"2021-04-20T13:08:48+00:00","og_image":[{"width":809,"height":456,"url":"https:\/\/www.btv.md\/wp-content\/uploads\/2021\/04\/315bc93161234f1014c3d5b510d1965f.jpg","type":"image\/jpeg"}],"author":"admin","twitter_misc":{"Scris de":"admin","Timp estimat pentru citire":"1 minut"},"schema":{"@context":"https:\/\/schema.org","@graph":[{"@type":"Article","@id":"https:\/\/www.btv.md\/ro\/maia-sandu-se-va-intalni-cu-klaus-iohannis-dupa-vizita-de-la-strasbourg\/#article","isPartOf":{"@id":"https:\/\/www.btv.md\/ro\/maia-sandu-se-va-intalni-cu-klaus-iohannis-dupa-vizita-de-la-strasbourg\/"},"author":{"name":"admin","@id":"https:\/\/www.btv.md\/#\/schema\/person\/8fadce81561b3ce2c34c46dadc4ccbf2"},"headline":"Maia Sandu se va \u00eent\u00e2lni cu Klaus Iohannis dup\u0103 vizita de la Strasbourg","datePublished":"2021-04-20T13:08:48+00:00","mainEntityOfPage":{"@id":"https:\/\/www.btv.md\/ro\/maia-sandu-se-va-intalni-cu-klaus-iohannis-dupa-vizita-de-la-strasbourg\/"},"wordCount":174,"image":{"@id":"https:\/\/www.btv.md\/ro\/maia-sandu-se-va-intalni-cu-klaus-iohannis-dupa-vizita-de-la-strasbourg\/#primaryimage"},"thumbnailUrl":"https:\/\/www.btv.md\/wp-content\/uploads\/2021\/04\/315bc93161234f1014c3d5b510d1965f.jpg","keywords":["Maia Sandu se va \u00eent\u00e2lni cu Klaus Iohannis dup\u0103 vizita de la Strasbourg"],"articleSection":["Politic\u0103"],"inLanguage":"ro-RO"},{"@type":"WebPage","@id":"https:\/\/www.btv.md\/ro\/maia-sandu-se-va-intalni-cu-klaus-iohannis-dupa-vizita-de-la-strasbourg\/","url":"https:\/\/www.btv.md\/ro\/maia-sandu-se-va-intalni-cu-klaus-iohannis-dupa-vizita-de-la-strasbourg\/","name":"Maia Sandu se va \u00eent\u00e2lni cu Klaus Iohannis dup\u0103 vizita de la Strasbourg - BTV","isPartOf":{"@id":"https:\/\/www.btv.md\/#website"},"primaryImageOfPage":{"@id":"https:\/\/www.btv.md\/ro\/maia-sandu-se-va-intalni-cu-klaus-iohannis-dupa-vizita-de-la-strasbourg\/#primaryimage"},"image":{"@id":"https:\/\/www.btv.md\/ro\/maia-sandu-se-va-intalni-cu-klaus-iohannis-dupa-vizita-de-la-strasbourg\/#primaryimage"},"thumbnailUrl":"https:\/\/www.btv.md\/wp-content\/uploads\/2021\/04\/315bc93161234f1014c3d5b510d1965f.jpg","datePublished":"2021-04-20T13:08:48+00:00","author":{"@id":"https:\/\/www.btv.md\/#\/schema\/person\/8fadce81561b3ce2c34c46dadc4ccbf2"},"inLanguage":"ro-RO","potentialAction":[{"@type":"ReadAction","target":["https:\/\/www.btv.md\/ro\/maia-sandu-se-va-intalni-cu-klaus-iohannis-dupa-vizita-de-la-strasbourg\/"]}]},{"@type":"ImageObject","inLanguage":"ro-RO","@id":"https:\/\/www.btv.md\/ro\/maia-sandu-se-va-intalni-cu-klaus-iohannis-dupa-vizita-de-la-strasbourg\/#primaryimage","url":"https:\/\/www.btv.md\/wp-content\/uploads\/2021\/04\/315bc93161234f1014c3d5b510d1965f.jpg","contentUrl":"https:\/\/www.btv.md\/wp-content\/uploads\/2021\/04\/315bc93161234f1014c3d5b510d1965f.jpg","width":809,"height":456},{"@type":"WebSite","@id":"https:\/\/www.btv.md\/#website","url":"https:\/\/www.btv.md\/","name":"BTV","description":"\u0411\u0435\u043b\u044c\u0446\u043a\u043e\u0435 \u0442\u0435\u043b\u0435\u0432\u0438\u0434\u0435\u043d\u0438\u0435","potentialAction":[{"@type":"SearchAction","target":{"@type":"EntryPoint","urlTemplate":"https:\/\/www.btv.md\/?s={search_term_string}"},"query-input":{"@type":"PropertyValueSpecification","valueRequired":true,"valueName":"search_term_string"}}],"inLanguage":"ro-RO"},{"@type":"Person","@id":"https:\/\/www.btv.md\/#\/schema\/person\/8fadce81561b3ce2c34c46dadc4ccbf2","name":"admin"}]}},"_links":{"self":[{"href":"https:\/\/www.btv.md\/ro\/wp-json\/wp\/v2\/posts\/124012","targetHints":{"allow":["GET"]}}],"collection":[{"href":"https:\/\/www.btv.md\/ro\/wp-json\/wp\/v2\/posts"}],"about":[{"href":"https:\/\/www.btv.md\/ro\/wp-json\/wp\/v2\/types\/post"}],"author":[{"embeddable":true,"href":"https:\/\/www.btv.md\/ro\/wp-json\/wp\/v2\/users\/4"}],"replies":[{"embeddable":true,"href":"https:\/\/www.btv.md\/ro\/wp-json\/wp\/v2\/comments?post=124012"}],"version-history":[{"count":0,"href":"https:\/\/www.btv.md\/ro\/wp-json\/wp\/v2\/posts\/124012\/revisions"}],"wp:featuredmedia":[{"embeddable":true,"href":"https:\/\/www.btv.md\/ro\/wp-json\/wp\/v2\/media\/124013"}],"wp:attachment":[{"href":"https:\/\/www.btv.md\/ro\/wp-json\/wp\/v2\/media?parent=124012"}],"wp:term":[{"taxonomy":"category","embeddable":true,"href":"https:\/\/www.btv.md\/ro\/wp-json\/wp\/v2\/categories?post=124012"},{"taxonomy":"post_tag","embeddable":true,"href":"https:\/\/www.btv.md\/ro\/wp-json\/wp\/v2\/tags?post=124012"}],"curies":[{"name":"wp","href":"https:\/\/api.w.org\/{rel}","templated":true}]}}