{"id":124016,"date":"2021-04-20T16:33:52","date_gmt":"2021-04-20T13:33:52","guid":{"rendered":"http:\/\/www.btv.md\/?p=124016"},"modified":"2021-04-20T16:33:52","modified_gmt":"2021-04-20T13:33:52","slug":"trei-minori-urcati-cu-forta-in-porbagajul-unui-mercedes-batuti-si-amenintati-cu-pistolul-la-hincesti","status":"publish","type":"post","link":"https:\/\/www.btv.md\/ro\/trei-minori-urcati-cu-forta-in-porbagajul-unui-mercedes-batuti-si-amenintati-cu-pistolul-la-hincesti\/","title":{"rendered":"Trei minori, urca\u021bi cu for\u021ba \u00een porbagajul unui Mercedes, b\u0103tu\u021bi \u0219i amenin\u021ba\u021bi cu pistolul, la H\u00eence\u0219ti"},"content":{"rendered":"<p><strong>Trei minori s-au pl\u00e2ns oamenilor legii, dup\u0103 ce au fost au fost urca\u021bi for\u021bat \u00een portbagajul unui Mercedes \u0219i amenin\u021ba\u021bi cu arma. Incidentul a avut loc acum c\u00e2teva zile \u00een satul Mingir, din raionul H\u00eence\u0219ti, transmite <a href=\"https:\/\/deschide.md\/ro\/stiri\/social\/83863\/Trei-minori-urca%C8%9Bi-cu-for%C8%9Ba-%C3%AEn-porbagajul-unui-Mercedes-b%C4%83tu%C8%9Bi-%C8%99i-amenin%C8%9Ba%C8%9Bi-cu-pistolul-la-H%C3%AEnce%C8%99ti.htm\">deschide.md<\/a>.<\/strong><\/p>\n<p>Este vorba despre trei minori, unul de 16 ani \u0219i al\u021bii doi de 15 ani, care sus\u021bin c\u0103 ar fi fost urca\u021bi for\u021bat de c\u0103tre patru in\u0219i, cu v\u00e2rste cuprinse \u00eentre 35 \u0219i 21 de ani \u00een portbagajul unui Mercedes cu pl\u0103cu\u021be de \u00eenmatriculare de Lituania.<\/p>\n<p>Ulterior, ace\u0219tia au fost du\u0219i acas\u0103 la unul dintre cei patru in\u0219i unde au fost maltrata\u021bi \u0219i amenin\u021ba\u021bi cu un pistol timp de c\u00e2teva ore.<\/p>\n<p>De alt\u0103 parte, oamenii din localitate, sub protec\u021bia anonimatului, sus\u021bin c\u0103 minorii ar fi s\u0103v\u00e2r\u0219it mai multe furturi \u00een ultima perioad\u0103, iar din cauza c\u0103 oamenii legii nu le pot face nimic, cei patru in\u0219i ar fi decis s\u0103 ia atitudine.<\/p>\n<p>Angaja\u021bii IP H\u00eence\u0219ti au ini\u021biat o anchet\u0103 \u00een acest caz pentru a stabili toate circumstan\u021bele, iar cei patru in\u0219i sunt cerceta\u021bi \u00een stare de libertate.<\/p>\n<p>Foto: deschide.md.<\/p>\n","protected":false},"excerpt":{"rendered":"<p>Trei minori s-au pl\u00e2ns oamenilor legii, dup\u0103 ce au fost au fost urca\u021bi for\u021bat \u00een portbagajul unui Mercedes \u0219i amenin\u021ba\u021bi cu arma. Incidentul a avut loc acum c\u00e2teva zile \u00een satul Mingir, din raionul H\u00eence\u0219ti, transmite deschide.md. Este vorba despre trei minori, unul de 16 ani \u0219i al\u021bii doi de 15 ani, care sus\u021bin c\u0103 [&hellip;]<\/p>\n","protected":false},"author":4,"featured_media":124017,"comment_status":"closed","ping_status":"closed","sticky":false,"template":"","format":"standard","meta":{"footnotes":""},"categories":[6349],"tags":[24240,24241,21866,24239],"class_list":["post-124016","post","type-post","status-publish","format-standard","has-post-thumbnail","hentry","category-social","tag-batuti-si-amenintati-cu-pistolul","tag-la-hincesti","tag-trei-minori","tag-urcati-cu-forta-in-porbagajul-unui-mercedes"],"yoast_head":"<!-- This site is optimized with the Yoast SEO plugin v27.4 - https:\/\/yoast.com\/product\/yoast-seo-wordpress\/ -->\n<title>Trei minori, urca\u021bi cu for\u021ba \u00een porbagajul unui Mercedes, b\u0103tu\u021bi \u0219i amenin\u021ba\u021bi cu pistolul, la H\u00eence\u0219ti - BTV<\/title>\n<meta name=\"robots\" content=\"index, follow, max-snippet:-1, max-image-preview:large, max-video-preview:-1\" \/>\n<link rel=\"canonical\" href=\"https:\/\/www.btv.md\/ro\/trei-minori-urcati-cu-forta-in-porbagajul-unui-mercedes-batuti-si-amenintati-cu-pistolul-la-hincesti\/\" \/>\n<meta property=\"og:locale\" content=\"ro_RO\" \/>\n<meta property=\"og:type\" content=\"article\" \/>\n<meta property=\"og:title\" content=\"Trei minori, urca\u021bi cu for\u021ba \u00een porbagajul unui Mercedes, b\u0103tu\u021bi \u0219i amenin\u021ba\u021bi cu pistolul, la H\u00eence\u0219ti - BTV\" \/>\n<meta property=\"og:description\" content=\"Trei minori s-au pl\u00e2ns oamenilor legii, dup\u0103 ce au fost au fost urca\u021bi for\u021bat \u00een portbagajul unui Mercedes \u0219i amenin\u021ba\u021bi cu arma. Incidentul a avut loc acum c\u00e2teva zile \u00een satul Mingir, din raionul H\u00eence\u0219ti, transmite deschide.md. Este vorba despre trei minori, unul de 16 ani \u0219i al\u021bii doi de 15 ani, care sus\u021bin c\u0103 [&hellip;]\" \/>\n<meta property=\"og:url\" content=\"https:\/\/www.btv.md\/ro\/trei-minori-urcati-cu-forta-in-porbagajul-unui-mercedes-batuti-si-amenintati-cu-pistolul-la-hincesti\/\" \/>\n<meta property=\"og:site_name\" content=\"BTV\" \/>\n<meta property=\"article:publisher\" content=\"https:\/\/www.facebook.com\/btvmoldova\/\" \/>\n<meta property=\"article:published_time\" content=\"2021-04-20T13:33:52+00:00\" \/>\n<meta property=\"og:image\" content=\"https:\/\/www.btv.md\/wp-content\/uploads\/2021\/04\/images_cms-image-000114928.jpg\" \/>\n\t<meta property=\"og:image:width\" content=\"758\" \/>\n\t<meta property=\"og:image:height\" content=\"426\" \/>\n\t<meta property=\"og:image:type\" content=\"image\/jpeg\" \/>\n<meta name=\"author\" content=\"admin\" \/>\n<meta name=\"twitter:label1\" content=\"Scris de\" \/>\n\t<meta name=\"twitter:data1\" content=\"admin\" \/>\n\t<meta name=\"twitter:label2\" content=\"Timp estimat pentru citire\" \/>\n\t<meta name=\"twitter:data2\" content=\"1 minut\" \/>\n<script type=\"application\/ld+json\" class=\"yoast-schema-graph\">{\"@context\":\"https:\\\/\\\/schema.org\",\"@graph\":[{\"@type\":\"Article\",\"@id\":\"https:\\\/\\\/www.btv.md\\\/ro\\\/trei-minori-urcati-cu-forta-in-porbagajul-unui-mercedes-batuti-si-amenintati-cu-pistolul-la-hincesti\\\/#article\",\"isPartOf\":{\"@id\":\"https:\\\/\\\/www.btv.md\\\/ro\\\/trei-minori-urcati-cu-forta-in-porbagajul-unui-mercedes-batuti-si-amenintati-cu-pistolul-la-hincesti\\\/\"},\"author\":{\"name\":\"admin\",\"@id\":\"https:\\\/\\\/www.btv.md\\\/#\\\/schema\\\/person\\\/8fadce81561b3ce2c34c46dadc4ccbf2\"},\"headline\":\"Trei minori, urca\u021bi cu for\u021ba \u00een porbagajul unui Mercedes, b\u0103tu\u021bi \u0219i amenin\u021ba\u021bi cu pistolul, la H\u00eence\u0219ti\",\"datePublished\":\"2021-04-20T13:33:52+00:00\",\"mainEntityOfPage\":{\"@id\":\"https:\\\/\\\/www.btv.md\\\/ro\\\/trei-minori-urcati-cu-forta-in-porbagajul-unui-mercedes-batuti-si-amenintati-cu-pistolul-la-hincesti\\\/\"},\"wordCount\":235,\"image\":{\"@id\":\"https:\\\/\\\/www.btv.md\\\/ro\\\/trei-minori-urcati-cu-forta-in-porbagajul-unui-mercedes-batuti-si-amenintati-cu-pistolul-la-hincesti\\\/#primaryimage\"},\"thumbnailUrl\":\"https:\\\/\\\/www.btv.md\\\/wp-content\\\/uploads\\\/2021\\\/04\\\/images_cms-image-000114928.jpg\",\"keywords\":[\"b\u0103tu\u021bi \u0219i amenin\u021ba\u021bi cu pistolul\",\"la H\u00eence\u0219ti\",\"Trei minori\",\"urca\u021bi cu for\u021ba \u00een porbagajul unui Mercedes\"],\"articleSection\":[\"Social\"],\"inLanguage\":\"ro-RO\"},{\"@type\":\"WebPage\",\"@id\":\"https:\\\/\\\/www.btv.md\\\/ro\\\/trei-minori-urcati-cu-forta-in-porbagajul-unui-mercedes-batuti-si-amenintati-cu-pistolul-la-hincesti\\\/\",\"url\":\"https:\\\/\\\/www.btv.md\\\/ro\\\/trei-minori-urcati-cu-forta-in-porbagajul-unui-mercedes-batuti-si-amenintati-cu-pistolul-la-hincesti\\\/\",\"name\":\"Trei minori, urca\u021bi cu for\u021ba \u00een porbagajul unui Mercedes, b\u0103tu\u021bi \u0219i amenin\u021ba\u021bi cu pistolul, la H\u00eence\u0219ti - BTV\",\"isPartOf\":{\"@id\":\"https:\\\/\\\/www.btv.md\\\/#website\"},\"primaryImageOfPage\":{\"@id\":\"https:\\\/\\\/www.btv.md\\\/ro\\\/trei-minori-urcati-cu-forta-in-porbagajul-unui-mercedes-batuti-si-amenintati-cu-pistolul-la-hincesti\\\/#primaryimage\"},\"image\":{\"@id\":\"https:\\\/\\\/www.btv.md\\\/ro\\\/trei-minori-urcati-cu-forta-in-porbagajul-unui-mercedes-batuti-si-amenintati-cu-pistolul-la-hincesti\\\/#primaryimage\"},\"thumbnailUrl\":\"https:\\\/\\\/www.btv.md\\\/wp-content\\\/uploads\\\/2021\\\/04\\\/images_cms-image-000114928.jpg\",\"datePublished\":\"2021-04-20T13:33:52+00:00\",\"author\":{\"@id\":\"https:\\\/\\\/www.btv.md\\\/#\\\/schema\\\/person\\\/8fadce81561b3ce2c34c46dadc4ccbf2\"},\"inLanguage\":\"ro-RO\",\"potentialAction\":[{\"@type\":\"ReadAction\",\"target\":[\"https:\\\/\\\/www.btv.md\\\/ro\\\/trei-minori-urcati-cu-forta-in-porbagajul-unui-mercedes-batuti-si-amenintati-cu-pistolul-la-hincesti\\\/\"]}]},{\"@type\":\"ImageObject\",\"inLanguage\":\"ro-RO\",\"@id\":\"https:\\\/\\\/www.btv.md\\\/ro\\\/trei-minori-urcati-cu-forta-in-porbagajul-unui-mercedes-batuti-si-amenintati-cu-pistolul-la-hincesti\\\/#primaryimage\",\"url\":\"https:\\\/\\\/www.btv.md\\\/wp-content\\\/uploads\\\/2021\\\/04\\\/images_cms-image-000114928.jpg\",\"contentUrl\":\"https:\\\/\\\/www.btv.md\\\/wp-content\\\/uploads\\\/2021\\\/04\\\/images_cms-image-000114928.jpg\",\"width\":758,\"height\":426},{\"@type\":\"WebSite\",\"@id\":\"https:\\\/\\\/www.btv.md\\\/#website\",\"url\":\"https:\\\/\\\/www.btv.md\\\/\",\"name\":\"BTV\",\"description\":\"\u0411\u0435\u043b\u044c\u0446\u043a\u043e\u0435 \u0442\u0435\u043b\u0435\u0432\u0438\u0434\u0435\u043d\u0438\u0435\",\"potentialAction\":[{\"@type\":\"SearchAction\",\"target\":{\"@type\":\"EntryPoint\",\"urlTemplate\":\"https:\\\/\\\/www.btv.md\\\/?s={search_term_string}\"},\"query-input\":{\"@type\":\"PropertyValueSpecification\",\"valueRequired\":true,\"valueName\":\"search_term_string\"}}],\"inLanguage\":\"ro-RO\"},{\"@type\":\"Person\",\"@id\":\"https:\\\/\\\/www.btv.md\\\/#\\\/schema\\\/person\\\/8fadce81561b3ce2c34c46dadc4ccbf2\",\"name\":\"admin\"}]}<\/script>\n<!-- \/ Yoast SEO plugin. -->","yoast_head_json":{"title":"Trei minori, urca\u021bi cu for\u021ba \u00een porbagajul unui Mercedes, b\u0103tu\u021bi \u0219i amenin\u021ba\u021bi cu pistolul, la H\u00eence\u0219ti - BTV","robots":{"index":"index","follow":"follow","max-snippet":"max-snippet:-1","max-image-preview":"max-image-preview:large","max-video-preview":"max-video-preview:-1"},"canonical":"https:\/\/www.btv.md\/ro\/trei-minori-urcati-cu-forta-in-porbagajul-unui-mercedes-batuti-si-amenintati-cu-pistolul-la-hincesti\/","og_locale":"ro_RO","og_type":"article","og_title":"Trei minori, urca\u021bi cu for\u021ba \u00een porbagajul unui Mercedes, b\u0103tu\u021bi \u0219i amenin\u021ba\u021bi cu pistolul, la H\u00eence\u0219ti - BTV","og_description":"Trei minori s-au pl\u00e2ns oamenilor legii, dup\u0103 ce au fost au fost urca\u021bi for\u021bat \u00een portbagajul unui Mercedes \u0219i amenin\u021ba\u021bi cu arma. Incidentul a avut loc acum c\u00e2teva zile \u00een satul Mingir, din raionul H\u00eence\u0219ti, transmite deschide.md. Este vorba despre trei minori, unul de 16 ani \u0219i al\u021bii doi de 15 ani, care sus\u021bin c\u0103 [&hellip;]","og_url":"https:\/\/www.btv.md\/ro\/trei-minori-urcati-cu-forta-in-porbagajul-unui-mercedes-batuti-si-amenintati-cu-pistolul-la-hincesti\/","og_site_name":"BTV","article_publisher":"https:\/\/www.facebook.com\/btvmoldova\/","article_published_time":"2021-04-20T13:33:52+00:00","og_image":[{"width":758,"height":426,"url":"https:\/\/www.btv.md\/wp-content\/uploads\/2021\/04\/images_cms-image-000114928.jpg","type":"image\/jpeg"}],"author":"admin","twitter_misc":{"Scris de":"admin","Timp estimat pentru citire":"1 minut"},"schema":{"@context":"https:\/\/schema.org","@graph":[{"@type":"Article","@id":"https:\/\/www.btv.md\/ro\/trei-minori-urcati-cu-forta-in-porbagajul-unui-mercedes-batuti-si-amenintati-cu-pistolul-la-hincesti\/#article","isPartOf":{"@id":"https:\/\/www.btv.md\/ro\/trei-minori-urcati-cu-forta-in-porbagajul-unui-mercedes-batuti-si-amenintati-cu-pistolul-la-hincesti\/"},"author":{"name":"admin","@id":"https:\/\/www.btv.md\/#\/schema\/person\/8fadce81561b3ce2c34c46dadc4ccbf2"},"headline":"Trei minori, urca\u021bi cu for\u021ba \u00een porbagajul unui Mercedes, b\u0103tu\u021bi \u0219i amenin\u021ba\u021bi cu pistolul, la H\u00eence\u0219ti","datePublished":"2021-04-20T13:33:52+00:00","mainEntityOfPage":{"@id":"https:\/\/www.btv.md\/ro\/trei-minori-urcati-cu-forta-in-porbagajul-unui-mercedes-batuti-si-amenintati-cu-pistolul-la-hincesti\/"},"wordCount":235,"image":{"@id":"https:\/\/www.btv.md\/ro\/trei-minori-urcati-cu-forta-in-porbagajul-unui-mercedes-batuti-si-amenintati-cu-pistolul-la-hincesti\/#primaryimage"},"thumbnailUrl":"https:\/\/www.btv.md\/wp-content\/uploads\/2021\/04\/images_cms-image-000114928.jpg","keywords":["b\u0103tu\u021bi \u0219i amenin\u021ba\u021bi cu pistolul","la H\u00eence\u0219ti","Trei minori","urca\u021bi cu for\u021ba \u00een porbagajul unui Mercedes"],"articleSection":["Social"],"inLanguage":"ro-RO"},{"@type":"WebPage","@id":"https:\/\/www.btv.md\/ro\/trei-minori-urcati-cu-forta-in-porbagajul-unui-mercedes-batuti-si-amenintati-cu-pistolul-la-hincesti\/","url":"https:\/\/www.btv.md\/ro\/trei-minori-urcati-cu-forta-in-porbagajul-unui-mercedes-batuti-si-amenintati-cu-pistolul-la-hincesti\/","name":"Trei minori, urca\u021bi cu for\u021ba \u00een porbagajul unui Mercedes, b\u0103tu\u021bi \u0219i amenin\u021ba\u021bi cu pistolul, la H\u00eence\u0219ti - BTV","isPartOf":{"@id":"https:\/\/www.btv.md\/#website"},"primaryImageOfPage":{"@id":"https:\/\/www.btv.md\/ro\/trei-minori-urcati-cu-forta-in-porbagajul-unui-mercedes-batuti-si-amenintati-cu-pistolul-la-hincesti\/#primaryimage"},"image":{"@id":"https:\/\/www.btv.md\/ro\/trei-minori-urcati-cu-forta-in-porbagajul-unui-mercedes-batuti-si-amenintati-cu-pistolul-la-hincesti\/#primaryimage"},"thumbnailUrl":"https:\/\/www.btv.md\/wp-content\/uploads\/2021\/04\/images_cms-image-000114928.jpg","datePublished":"2021-04-20T13:33:52+00:00","author":{"@id":"https:\/\/www.btv.md\/#\/schema\/person\/8fadce81561b3ce2c34c46dadc4ccbf2"},"inLanguage":"ro-RO","potentialAction":[{"@type":"ReadAction","target":["https:\/\/www.btv.md\/ro\/trei-minori-urcati-cu-forta-in-porbagajul-unui-mercedes-batuti-si-amenintati-cu-pistolul-la-hincesti\/"]}]},{"@type":"ImageObject","inLanguage":"ro-RO","@id":"https:\/\/www.btv.md\/ro\/trei-minori-urcati-cu-forta-in-porbagajul-unui-mercedes-batuti-si-amenintati-cu-pistolul-la-hincesti\/#primaryimage","url":"https:\/\/www.btv.md\/wp-content\/uploads\/2021\/04\/images_cms-image-000114928.jpg","contentUrl":"https:\/\/www.btv.md\/wp-content\/uploads\/2021\/04\/images_cms-image-000114928.jpg","width":758,"height":426},{"@type":"WebSite","@id":"https:\/\/www.btv.md\/#website","url":"https:\/\/www.btv.md\/","name":"BTV","description":"\u0411\u0435\u043b\u044c\u0446\u043a\u043e\u0435 \u0442\u0435\u043b\u0435\u0432\u0438\u0434\u0435\u043d\u0438\u0435","potentialAction":[{"@type":"SearchAction","target":{"@type":"EntryPoint","urlTemplate":"https:\/\/www.btv.md\/?s={search_term_string}"},"query-input":{"@type":"PropertyValueSpecification","valueRequired":true,"valueName":"search_term_string"}}],"inLanguage":"ro-RO"},{"@type":"Person","@id":"https:\/\/www.btv.md\/#\/schema\/person\/8fadce81561b3ce2c34c46dadc4ccbf2","name":"admin"}]}},"_links":{"self":[{"href":"https:\/\/www.btv.md\/ro\/wp-json\/wp\/v2\/posts\/124016","targetHints":{"allow":["GET"]}}],"collection":[{"href":"https:\/\/www.btv.md\/ro\/wp-json\/wp\/v2\/posts"}],"about":[{"href":"https:\/\/www.btv.md\/ro\/wp-json\/wp\/v2\/types\/post"}],"author":[{"embeddable":true,"href":"https:\/\/www.btv.md\/ro\/wp-json\/wp\/v2\/users\/4"}],"replies":[{"embeddable":true,"href":"https:\/\/www.btv.md\/ro\/wp-json\/wp\/v2\/comments?post=124016"}],"version-history":[{"count":0,"href":"https:\/\/www.btv.md\/ro\/wp-json\/wp\/v2\/posts\/124016\/revisions"}],"wp:featuredmedia":[{"embeddable":true,"href":"https:\/\/www.btv.md\/ro\/wp-json\/wp\/v2\/media\/124017"}],"wp:attachment":[{"href":"https:\/\/www.btv.md\/ro\/wp-json\/wp\/v2\/media?parent=124016"}],"wp:term":[{"taxonomy":"category","embeddable":true,"href":"https:\/\/www.btv.md\/ro\/wp-json\/wp\/v2\/categories?post=124016"},{"taxonomy":"post_tag","embeddable":true,"href":"https:\/\/www.btv.md\/ro\/wp-json\/wp\/v2\/tags?post=124016"}],"curies":[{"name":"wp","href":"https:\/\/api.w.org\/{rel}","templated":true}]}}