{"id":12403,"date":"2016-05-11T17:52:28","date_gmt":"2016-05-11T14:52:28","guid":{"rendered":"http:\/\/btv.md\/?p=12403"},"modified":"2016-05-11T17:52:28","modified_gmt":"2016-05-11T14:52:28","slug":"flori-pentru-ostasii-care-au-participat-la-eliberarea-baltiului","status":"publish","type":"post","link":"https:\/\/www.btv.md\/ro\/flori-pentru-ostasii-care-au-participat-la-eliberarea-baltiului\/","title":{"rendered":"FLORI PENTRU OSTA\u0218II CARE AU PARTICIPAT LA ELIBERAREA  B\u0102L\u021aIULUI"},"content":{"rendered":"<p><strong>De ziua Victoriei, elevii din dou\u0103 institu\u021bii de \u00eenv\u0103\u021b\u0103m\u00e2nt din municipiul B\u0103l\u021bi i-au comemorat pe cei 40 de osta\u0219i care au participat la eliberarea ora\u0219ului de sub ocupa\u021bia fascist\u0103. Ace\u0219tia au depus c\u00e2te o floare la mormintele lor \u0219i au recitat poezii \u00een semn de recuno\u0219tin\u021b\u0103 pentru cei care au luptat \u00een Marele R\u0103zboi pentru Ap\u0103rarea Patriei.<\/strong><\/p>\n<p>\u201e<em>Ast\u0103zi a\u021bi asistat la unul dintre cele trei mitinguri care le desf\u0103\u0219ur\u0103m, unul dintre ele este, aici, la Cimitirul Or\u0103\u0219enesc, unde sunt \u00eenmorm\u00e2nta\u021bi 40 de osta\u0219i, unul dintre ele av\u00e2nd \u00eencrustat numele, al\u021bii fiind necunoscu\u021bi<\/em>\u201d.<\/p>\n<p>Totodat\u0103, \u0219efa Direc\u021biei \u00cenv\u0103\u021b\u0103m\u00e2nt Tineret \u0219i Sport din municipiul B\u0103l\u021bi  a men\u021bionat c\u0103 acest miting are drept scop informarea tinerii genera\u021bii despre ororile r\u0103zboiului.<\/p>\n<p>\u201e<em>Mitingurile au drept scop \u00een primul r\u00e2nd transmiterea tinerii genera\u021bii informa\u021bii despre r\u0103zboi, despre recuno\u0219tin\u021ba pe care  noi, genera\u021bia de ast\u0103zi trebuie s\u0103 o sim\u021bim fa\u021b\u0103 de veterani, fa\u021b\u0103 de oamenii care \u0219i-au jertvit tinere\u021bia, pentru ca noi s\u0103 putem tr\u0103i \u00eentr-o \u021bar\u0103 unde domne\u0219te pacea, \u00een care lumineaz\u0103 soarele<\/em>\u201d.<\/p>\n<p>Elevii sunt convin\u0219i c\u0103 Marele R\u0103zboi pentru Ap\u0103rarea Patriei a fost unul tragic, care a curmat via\u021ba a milioane de oameni \u015fi spun c\u0103 tinerii din ziua de azi trebuie s\u0103 fac\u0103 tot posibilul pentru a nu mai admite astfel de situa\u0163ii tragice.<\/p>\n<p>La comemorarea celor 40 de osta\u0219i care au participat la eliberarea B\u0103l\u021biului au fost prezen\u021bi peste 40 de elevi.<\/p>\n<p><iframe width=\"420\" height=\"315\" data-src=\"https:\/\/www.youtube.com\/embed\/PrwYx3LCBzY\" frameborder=\"0\" allowfullscreen src=\"data:image\/svg+xml;base64,PHN2ZyB3aWR0aD0iMSIgaGVpZ2h0PSIxIiB4bWxucz0iaHR0cDovL3d3dy53My5vcmcvMjAwMC9zdmciPjwvc3ZnPg==\" class=\"lazyload\" data-load-mode=\"1\"><\/iframe><\/p>\n","protected":false},"excerpt":{"rendered":"<p>De ziua Victoriei, elevii din dou\u0103 institu\u021bii de \u00eenv\u0103\u021b\u0103m\u00e2nt din municipiul B\u0103l\u021bi i-au comemorat pe cei 40 de osta\u0219i care au participat la eliberarea ora\u0219ului de sub ocupa\u021bia fascist\u0103. Ace\u0219tia au depus c\u00e2te o floare la mormintele lor \u0219i au recitat poezii \u00een semn de recuno\u0219tin\u021b\u0103 pentru cei care au luptat \u00een Marele R\u0103zboi pentru [&hellip;]<\/p>\n","protected":false},"author":4,"featured_media":12404,"comment_status":"closed","ping_status":"closed","sticky":false,"template":"","format":"standard","meta":{"footnotes":""},"categories":[12],"tags":[],"class_list":["post-12403","post","type-post","status-publish","format-standard","has-post-thumbnail","hentry","category-balti"],"yoast_head":"<!-- This site is optimized with the Yoast SEO plugin v27.4 - https:\/\/yoast.com\/product\/yoast-seo-wordpress\/ -->\n<title>FLORI PENTRU OSTA\u0218II CARE AU PARTICIPAT LA ELIBERAREA B\u0102L\u021aIULUI - BTV<\/title>\n<meta name=\"robots\" content=\"index, follow, max-snippet:-1, max-image-preview:large, max-video-preview:-1\" \/>\n<link rel=\"canonical\" href=\"https:\/\/www.btv.md\/ro\/flori-pentru-ostasii-care-au-participat-la-eliberarea-baltiului\/\" \/>\n<meta property=\"og:locale\" content=\"ro_RO\" \/>\n<meta property=\"og:type\" content=\"article\" \/>\n<meta property=\"og:title\" content=\"FLORI PENTRU OSTA\u0218II CARE AU PARTICIPAT LA ELIBERAREA B\u0102L\u021aIULUI - BTV\" \/>\n<meta property=\"og:description\" content=\"De ziua Victoriei, elevii din dou\u0103 institu\u021bii de \u00eenv\u0103\u021b\u0103m\u00e2nt din municipiul B\u0103l\u021bi i-au comemorat pe cei 40 de osta\u0219i care au participat la eliberarea ora\u0219ului de sub ocupa\u021bia fascist\u0103. Ace\u0219tia au depus c\u00e2te o floare la mormintele lor \u0219i au recitat poezii \u00een semn de recuno\u0219tin\u021b\u0103 pentru cei care au luptat \u00een Marele R\u0103zboi pentru [&hellip;]\" \/>\n<meta property=\"og:url\" content=\"https:\/\/www.btv.md\/ro\/flori-pentru-ostasii-care-au-participat-la-eliberarea-baltiului\/\" \/>\n<meta property=\"og:site_name\" content=\"BTV\" \/>\n<meta property=\"article:publisher\" content=\"https:\/\/www.facebook.com\/btvmoldova\/\" \/>\n<meta property=\"article:published_time\" content=\"2016-05-11T14:52:28+00:00\" \/>\n<meta property=\"og:image\" content=\"https:\/\/www.btv.md\/wp-content\/uploads\/2016\/05\/depunerea-flori.png\" \/>\n\t<meta property=\"og:image:width\" content=\"1027\" \/>\n\t<meta property=\"og:image:height\" content=\"583\" \/>\n\t<meta property=\"og:image:type\" content=\"image\/png\" \/>\n<meta name=\"author\" content=\"admin\" \/>\n<meta name=\"twitter:label1\" content=\"Scris de\" \/>\n\t<meta name=\"twitter:data1\" content=\"admin\" \/>\n\t<meta name=\"twitter:label2\" content=\"Timp estimat pentru citire\" \/>\n\t<meta name=\"twitter:data2\" content=\"1 minut\" \/>\n<script type=\"application\/ld+json\" class=\"yoast-schema-graph\">{\"@context\":\"https:\\\/\\\/schema.org\",\"@graph\":[{\"@type\":\"Article\",\"@id\":\"https:\\\/\\\/www.btv.md\\\/ro\\\/flori-pentru-ostasii-care-au-participat-la-eliberarea-baltiului\\\/#article\",\"isPartOf\":{\"@id\":\"https:\\\/\\\/www.btv.md\\\/ro\\\/flori-pentru-ostasii-care-au-participat-la-eliberarea-baltiului\\\/\"},\"author\":{\"name\":\"admin\",\"@id\":\"https:\\\/\\\/www.btv.md\\\/#\\\/schema\\\/person\\\/8fadce81561b3ce2c34c46dadc4ccbf2\"},\"headline\":\"FLORI PENTRU OSTA\u0218II CARE AU PARTICIPAT LA ELIBERAREA B\u0102L\u021aIULUI\",\"datePublished\":\"2016-05-11T14:52:28+00:00\",\"mainEntityOfPage\":{\"@id\":\"https:\\\/\\\/www.btv.md\\\/ro\\\/flori-pentru-ostasii-care-au-participat-la-eliberarea-baltiului\\\/\"},\"wordCount\":289,\"image\":{\"@id\":\"https:\\\/\\\/www.btv.md\\\/ro\\\/flori-pentru-ostasii-care-au-participat-la-eliberarea-baltiului\\\/#primaryimage\"},\"thumbnailUrl\":\"https:\\\/\\\/www.btv.md\\\/wp-content\\\/uploads\\\/2016\\\/05\\\/depunerea-flori.png\",\"articleSection\":[\"\u0413\u043e\u0440\u043e\u0434\"],\"inLanguage\":\"ro-RO\"},{\"@type\":\"WebPage\",\"@id\":\"https:\\\/\\\/www.btv.md\\\/ro\\\/flori-pentru-ostasii-care-au-participat-la-eliberarea-baltiului\\\/\",\"url\":\"https:\\\/\\\/www.btv.md\\\/ro\\\/flori-pentru-ostasii-care-au-participat-la-eliberarea-baltiului\\\/\",\"name\":\"FLORI PENTRU OSTA\u0218II CARE AU PARTICIPAT LA ELIBERAREA B\u0102L\u021aIULUI - BTV\",\"isPartOf\":{\"@id\":\"https:\\\/\\\/www.btv.md\\\/#website\"},\"primaryImageOfPage\":{\"@id\":\"https:\\\/\\\/www.btv.md\\\/ro\\\/flori-pentru-ostasii-care-au-participat-la-eliberarea-baltiului\\\/#primaryimage\"},\"image\":{\"@id\":\"https:\\\/\\\/www.btv.md\\\/ro\\\/flori-pentru-ostasii-care-au-participat-la-eliberarea-baltiului\\\/#primaryimage\"},\"thumbnailUrl\":\"https:\\\/\\\/www.btv.md\\\/wp-content\\\/uploads\\\/2016\\\/05\\\/depunerea-flori.png\",\"datePublished\":\"2016-05-11T14:52:28+00:00\",\"author\":{\"@id\":\"https:\\\/\\\/www.btv.md\\\/#\\\/schema\\\/person\\\/8fadce81561b3ce2c34c46dadc4ccbf2\"},\"inLanguage\":\"ro-RO\",\"potentialAction\":[{\"@type\":\"ReadAction\",\"target\":[\"https:\\\/\\\/www.btv.md\\\/ro\\\/flori-pentru-ostasii-care-au-participat-la-eliberarea-baltiului\\\/\"]}]},{\"@type\":\"ImageObject\",\"inLanguage\":\"ro-RO\",\"@id\":\"https:\\\/\\\/www.btv.md\\\/ro\\\/flori-pentru-ostasii-care-au-participat-la-eliberarea-baltiului\\\/#primaryimage\",\"url\":\"https:\\\/\\\/www.btv.md\\\/wp-content\\\/uploads\\\/2016\\\/05\\\/depunerea-flori.png\",\"contentUrl\":\"https:\\\/\\\/www.btv.md\\\/wp-content\\\/uploads\\\/2016\\\/05\\\/depunerea-flori.png\",\"width\":1027,\"height\":583},{\"@type\":\"WebSite\",\"@id\":\"https:\\\/\\\/www.btv.md\\\/#website\",\"url\":\"https:\\\/\\\/www.btv.md\\\/\",\"name\":\"BTV\",\"description\":\"\u0411\u0435\u043b\u044c\u0446\u043a\u043e\u0435 \u0442\u0435\u043b\u0435\u0432\u0438\u0434\u0435\u043d\u0438\u0435\",\"potentialAction\":[{\"@type\":\"SearchAction\",\"target\":{\"@type\":\"EntryPoint\",\"urlTemplate\":\"https:\\\/\\\/www.btv.md\\\/?s={search_term_string}\"},\"query-input\":{\"@type\":\"PropertyValueSpecification\",\"valueRequired\":true,\"valueName\":\"search_term_string\"}}],\"inLanguage\":\"ro-RO\"},{\"@type\":\"Person\",\"@id\":\"https:\\\/\\\/www.btv.md\\\/#\\\/schema\\\/person\\\/8fadce81561b3ce2c34c46dadc4ccbf2\",\"name\":\"admin\"}]}<\/script>\n<!-- \/ Yoast SEO plugin. -->","yoast_head_json":{"title":"FLORI PENTRU OSTA\u0218II CARE AU PARTICIPAT LA ELIBERAREA B\u0102L\u021aIULUI - BTV","robots":{"index":"index","follow":"follow","max-snippet":"max-snippet:-1","max-image-preview":"max-image-preview:large","max-video-preview":"max-video-preview:-1"},"canonical":"https:\/\/www.btv.md\/ro\/flori-pentru-ostasii-care-au-participat-la-eliberarea-baltiului\/","og_locale":"ro_RO","og_type":"article","og_title":"FLORI PENTRU OSTA\u0218II CARE AU PARTICIPAT LA ELIBERAREA B\u0102L\u021aIULUI - BTV","og_description":"De ziua Victoriei, elevii din dou\u0103 institu\u021bii de \u00eenv\u0103\u021b\u0103m\u00e2nt din municipiul B\u0103l\u021bi i-au comemorat pe cei 40 de osta\u0219i care au participat la eliberarea ora\u0219ului de sub ocupa\u021bia fascist\u0103. Ace\u0219tia au depus c\u00e2te o floare la mormintele lor \u0219i au recitat poezii \u00een semn de recuno\u0219tin\u021b\u0103 pentru cei care au luptat \u00een Marele R\u0103zboi pentru [&hellip;]","og_url":"https:\/\/www.btv.md\/ro\/flori-pentru-ostasii-care-au-participat-la-eliberarea-baltiului\/","og_site_name":"BTV","article_publisher":"https:\/\/www.facebook.com\/btvmoldova\/","article_published_time":"2016-05-11T14:52:28+00:00","og_image":[{"width":1027,"height":583,"url":"https:\/\/www.btv.md\/wp-content\/uploads\/2016\/05\/depunerea-flori.png","type":"image\/png"}],"author":"admin","twitter_misc":{"Scris de":"admin","Timp estimat pentru citire":"1 minut"},"schema":{"@context":"https:\/\/schema.org","@graph":[{"@type":"Article","@id":"https:\/\/www.btv.md\/ro\/flori-pentru-ostasii-care-au-participat-la-eliberarea-baltiului\/#article","isPartOf":{"@id":"https:\/\/www.btv.md\/ro\/flori-pentru-ostasii-care-au-participat-la-eliberarea-baltiului\/"},"author":{"name":"admin","@id":"https:\/\/www.btv.md\/#\/schema\/person\/8fadce81561b3ce2c34c46dadc4ccbf2"},"headline":"FLORI PENTRU OSTA\u0218II CARE AU PARTICIPAT LA ELIBERAREA B\u0102L\u021aIULUI","datePublished":"2016-05-11T14:52:28+00:00","mainEntityOfPage":{"@id":"https:\/\/www.btv.md\/ro\/flori-pentru-ostasii-care-au-participat-la-eliberarea-baltiului\/"},"wordCount":289,"image":{"@id":"https:\/\/www.btv.md\/ro\/flori-pentru-ostasii-care-au-participat-la-eliberarea-baltiului\/#primaryimage"},"thumbnailUrl":"https:\/\/www.btv.md\/wp-content\/uploads\/2016\/05\/depunerea-flori.png","articleSection":["\u0413\u043e\u0440\u043e\u0434"],"inLanguage":"ro-RO"},{"@type":"WebPage","@id":"https:\/\/www.btv.md\/ro\/flori-pentru-ostasii-care-au-participat-la-eliberarea-baltiului\/","url":"https:\/\/www.btv.md\/ro\/flori-pentru-ostasii-care-au-participat-la-eliberarea-baltiului\/","name":"FLORI PENTRU OSTA\u0218II CARE AU PARTICIPAT LA ELIBERAREA B\u0102L\u021aIULUI - BTV","isPartOf":{"@id":"https:\/\/www.btv.md\/#website"},"primaryImageOfPage":{"@id":"https:\/\/www.btv.md\/ro\/flori-pentru-ostasii-care-au-participat-la-eliberarea-baltiului\/#primaryimage"},"image":{"@id":"https:\/\/www.btv.md\/ro\/flori-pentru-ostasii-care-au-participat-la-eliberarea-baltiului\/#primaryimage"},"thumbnailUrl":"https:\/\/www.btv.md\/wp-content\/uploads\/2016\/05\/depunerea-flori.png","datePublished":"2016-05-11T14:52:28+00:00","author":{"@id":"https:\/\/www.btv.md\/#\/schema\/person\/8fadce81561b3ce2c34c46dadc4ccbf2"},"inLanguage":"ro-RO","potentialAction":[{"@type":"ReadAction","target":["https:\/\/www.btv.md\/ro\/flori-pentru-ostasii-care-au-participat-la-eliberarea-baltiului\/"]}]},{"@type":"ImageObject","inLanguage":"ro-RO","@id":"https:\/\/www.btv.md\/ro\/flori-pentru-ostasii-care-au-participat-la-eliberarea-baltiului\/#primaryimage","url":"https:\/\/www.btv.md\/wp-content\/uploads\/2016\/05\/depunerea-flori.png","contentUrl":"https:\/\/www.btv.md\/wp-content\/uploads\/2016\/05\/depunerea-flori.png","width":1027,"height":583},{"@type":"WebSite","@id":"https:\/\/www.btv.md\/#website","url":"https:\/\/www.btv.md\/","name":"BTV","description":"\u0411\u0435\u043b\u044c\u0446\u043a\u043e\u0435 \u0442\u0435\u043b\u0435\u0432\u0438\u0434\u0435\u043d\u0438\u0435","potentialAction":[{"@type":"SearchAction","target":{"@type":"EntryPoint","urlTemplate":"https:\/\/www.btv.md\/?s={search_term_string}"},"query-input":{"@type":"PropertyValueSpecification","valueRequired":true,"valueName":"search_term_string"}}],"inLanguage":"ro-RO"},{"@type":"Person","@id":"https:\/\/www.btv.md\/#\/schema\/person\/8fadce81561b3ce2c34c46dadc4ccbf2","name":"admin"}]}},"_links":{"self":[{"href":"https:\/\/www.btv.md\/ro\/wp-json\/wp\/v2\/posts\/12403","targetHints":{"allow":["GET"]}}],"collection":[{"href":"https:\/\/www.btv.md\/ro\/wp-json\/wp\/v2\/posts"}],"about":[{"href":"https:\/\/www.btv.md\/ro\/wp-json\/wp\/v2\/types\/post"}],"author":[{"embeddable":true,"href":"https:\/\/www.btv.md\/ro\/wp-json\/wp\/v2\/users\/4"}],"replies":[{"embeddable":true,"href":"https:\/\/www.btv.md\/ro\/wp-json\/wp\/v2\/comments?post=12403"}],"version-history":[{"count":0,"href":"https:\/\/www.btv.md\/ro\/wp-json\/wp\/v2\/posts\/12403\/revisions"}],"wp:featuredmedia":[{"embeddable":true,"href":"https:\/\/www.btv.md\/ro\/wp-json\/wp\/v2\/media\/12404"}],"wp:attachment":[{"href":"https:\/\/www.btv.md\/ro\/wp-json\/wp\/v2\/media?parent=12403"}],"wp:term":[{"taxonomy":"category","embeddable":true,"href":"https:\/\/www.btv.md\/ro\/wp-json\/wp\/v2\/categories?post=12403"},{"taxonomy":"post_tag","embeddable":true,"href":"https:\/\/www.btv.md\/ro\/wp-json\/wp\/v2\/tags?post=12403"}],"curies":[{"name":"wp","href":"https:\/\/api.w.org\/{rel}","templated":true}]}}