{"id":124052,"date":"2021-04-20T19:13:53","date_gmt":"2021-04-20T16:13:53","guid":{"rendered":"http:\/\/www.btv.md\/?p=124052"},"modified":"2021-04-20T19:13:53","modified_gmt":"2021-04-20T16:13:53","slug":"penitenciarul-din-balti-echipat-cu-camere-pe-justitie-la-distanta","status":"publish","type":"post","link":"https:\/\/www.btv.md\/ro\/penitenciarul-din-balti-echipat-cu-camere-pe-justitie-la-distanta\/","title":{"rendered":"Penitenciarul din B\u0103l\u021bi, echipat cu camere pe justi\u021bie la distan\u021b\u0103"},"content":{"rendered":"<p><strong>\u00cen cadrul proiectului fina\u021bat de <\/strong><strong>UNODC Viena au fost echipate 4 camere pe justi\u021bie la distan\u021b\u0103 \u00een penitenciarele din Moldova. Camera din institu\u021bia penitenciar\u0103 din B\u0103l\u021bi are 2 cabine, echipate cu tehnic\u0103 de organizare a videoconferin\u021belor, cabine separate prin geam de sticl\u0103 cu interfon. \u00cen cabine sunt respectate m\u0103surile anti-COVID, dar \u0219i aspectele de confiden\u021bialitate ale procesului de justi\u021bie.<\/strong><\/p>\n<p>Persoanele de\u021binute abia a\u0219teapt\u0103 s\u0103 se poat\u0103 folosi de aceste camere. Al\u021bii, care au avut deja \u0219ansa, au apreciat posibilit\u0103\u021bile de care au parte.<\/p>\n<p>Unii chiar au \u0219ansa s\u0103 fac\u0103 \u0219i lec\u021bii online.<\/p>\n<p>P\u00e2n\u0103 acum au fost citate prin video-conferin\u021be peste 700 de persoane de\u021binute.<\/p>\n<p>Costul total al proiectului, care a fost finan\u021bat de c\u0103tre UNODC Viena a fost de 60 de mii de dolari.<\/p>\n<p>Astfel de camere au fost echipate \u00een penitenciarele de la B\u0103l\u021bi, Chi\u0219in\u0103u, Cahul \u0219i Rezina.<\/p>\n<p><a href=\"http:\/\/iframe%20src=https:\/\/www.facebook.com\/plugins\/video.php?height=314&amp;href=https%3A%2F%2Fwww.facebook.com%2Fbtvmoldova%2Fvideos%2F262332932260986%2F&amp;show_text=false&amp;width=560%20width=560%20height=314%20style=border:none;overflow:hidden%20scrolling=no%20frameborder=0%20allowfullscreen=true%20allow=autoplay;%20clipboard-write;%20encrypted-media;%20picture-in-picture;%20web-share%20allowFullScreen=true\/iframe\"><iframe style=\"border: none; overflow: hidden;\" data-src=\"https:\/\/www.facebook.com\/plugins\/video.php?height=314&amp;href=https%3A%2F%2Fwww.facebook.com%2Fbtvmoldova%2Fvideos%2F262332932260986%2F&amp;show_text=false&amp;width=560\" width=\"560\" height=\"314\" frameborder=\"0\" scrolling=\"no\" allowfullscreen=\"allowfullscreen\" src=\"data:image\/svg+xml;base64,PHN2ZyB3aWR0aD0iMSIgaGVpZ2h0PSIxIiB4bWxucz0iaHR0cDovL3d3dy53My5vcmcvMjAwMC9zdmciPjwvc3ZnPg==\" class=\"lazyload\" data-load-mode=\"1\"><\/iframe><\/a><\/p>\n<p><strong>\u00a0<\/strong><\/p>\n","protected":false},"excerpt":{"rendered":"<p>\u00cen cadrul proiectului fina\u021bat de UNODC Viena au fost echipate 4 camere pe justi\u021bie la distan\u021b\u0103 \u00een penitenciarele din Moldova. Camera din institu\u021bia penitenciar\u0103 din B\u0103l\u021bi are 2 cabine, echipate cu tehnic\u0103 de organizare a videoconferin\u021belor, cabine separate prin geam de sticl\u0103 cu interfon. \u00cen cabine sunt respectate m\u0103surile anti-COVID, dar \u0219i aspectele de confiden\u021bialitate [&hellip;]<\/p>\n","protected":false},"author":4,"featured_media":124053,"comment_status":"closed","ping_status":"closed","sticky":false,"template":"","format":"standard","meta":{"footnotes":""},"categories":[6353],"tags":[24252,24251],"class_list":["post-124052","post","type-post","status-publish","format-standard","has-post-thumbnail","hentry","category-oras","tag-echipat-cu-camere-pe-justitie-la-distanta","tag-penitenciarul-din-balti"],"yoast_head":"<!-- This site is optimized with the Yoast SEO plugin v27.4 - https:\/\/yoast.com\/product\/yoast-seo-wordpress\/ -->\n<title>Penitenciarul din B\u0103l\u021bi, echipat cu camere pe justi\u021bie la distan\u021b\u0103 - BTV<\/title>\n<meta name=\"robots\" content=\"index, follow, max-snippet:-1, max-image-preview:large, max-video-preview:-1\" \/>\n<link rel=\"canonical\" href=\"https:\/\/www.btv.md\/ro\/penitenciarul-din-balti-echipat-cu-camere-pe-justitie-la-distanta\/\" \/>\n<meta property=\"og:locale\" content=\"ro_RO\" \/>\n<meta property=\"og:type\" content=\"article\" \/>\n<meta property=\"og:title\" content=\"Penitenciarul din B\u0103l\u021bi, echipat cu camere pe justi\u021bie la distan\u021b\u0103 - BTV\" \/>\n<meta property=\"og:description\" content=\"\u00cen cadrul proiectului fina\u021bat de UNODC Viena au fost echipate 4 camere pe justi\u021bie la distan\u021b\u0103 \u00een penitenciarele din Moldova. Camera din institu\u021bia penitenciar\u0103 din B\u0103l\u021bi are 2 cabine, echipate cu tehnic\u0103 de organizare a videoconferin\u021belor, cabine separate prin geam de sticl\u0103 cu interfon. \u00cen cabine sunt respectate m\u0103surile anti-COVID, dar \u0219i aspectele de confiden\u021bialitate [&hellip;]\" \/>\n<meta property=\"og:url\" content=\"https:\/\/www.btv.md\/ro\/penitenciarul-din-balti-echipat-cu-camere-pe-justitie-la-distanta\/\" \/>\n<meta property=\"og:site_name\" content=\"BTV\" \/>\n<meta property=\"article:publisher\" content=\"https:\/\/www.facebook.com\/btvmoldova\/\" \/>\n<meta property=\"article:published_time\" content=\"2021-04-20T16:13:53+00:00\" \/>\n<meta property=\"og:image\" content=\"https:\/\/www.btv.md\/wp-content\/uploads\/2021\/04\/tyur.jpg\" \/>\n\t<meta property=\"og:image:width\" content=\"1920\" \/>\n\t<meta property=\"og:image:height\" content=\"1080\" \/>\n\t<meta property=\"og:image:type\" content=\"image\/jpeg\" \/>\n<meta name=\"author\" content=\"admin\" \/>\n<meta name=\"twitter:label1\" content=\"Scris de\" \/>\n\t<meta name=\"twitter:data1\" content=\"admin\" \/>\n\t<meta name=\"twitter:label2\" content=\"Timp estimat pentru citire\" \/>\n\t<meta name=\"twitter:data2\" content=\"1 minut\" \/>\n<script type=\"application\/ld+json\" class=\"yoast-schema-graph\">{\"@context\":\"https:\\\/\\\/schema.org\",\"@graph\":[{\"@type\":\"Article\",\"@id\":\"https:\\\/\\\/www.btv.md\\\/ro\\\/penitenciarul-din-balti-echipat-cu-camere-pe-justitie-la-distanta\\\/#article\",\"isPartOf\":{\"@id\":\"https:\\\/\\\/www.btv.md\\\/ro\\\/penitenciarul-din-balti-echipat-cu-camere-pe-justitie-la-distanta\\\/\"},\"author\":{\"name\":\"admin\",\"@id\":\"https:\\\/\\\/www.btv.md\\\/#\\\/schema\\\/person\\\/8fadce81561b3ce2c34c46dadc4ccbf2\"},\"headline\":\"Penitenciarul din B\u0103l\u021bi, echipat cu camere pe justi\u021bie la distan\u021b\u0103\",\"datePublished\":\"2021-04-20T16:13:53+00:00\",\"mainEntityOfPage\":{\"@id\":\"https:\\\/\\\/www.btv.md\\\/ro\\\/penitenciarul-din-balti-echipat-cu-camere-pe-justitie-la-distanta\\\/\"},\"wordCount\":171,\"image\":{\"@id\":\"https:\\\/\\\/www.btv.md\\\/ro\\\/penitenciarul-din-balti-echipat-cu-camere-pe-justitie-la-distanta\\\/#primaryimage\"},\"thumbnailUrl\":\"https:\\\/\\\/www.btv.md\\\/wp-content\\\/uploads\\\/2021\\\/04\\\/tyur.jpg\",\"keywords\":[\"echipat cu camere pe justi\u021bie la distan\u021b\u0103\",\"Penitenciarul din B\u0103l\u021bi\"],\"articleSection\":[\"Ora\u0219\"],\"inLanguage\":\"ro-RO\"},{\"@type\":\"WebPage\",\"@id\":\"https:\\\/\\\/www.btv.md\\\/ro\\\/penitenciarul-din-balti-echipat-cu-camere-pe-justitie-la-distanta\\\/\",\"url\":\"https:\\\/\\\/www.btv.md\\\/ro\\\/penitenciarul-din-balti-echipat-cu-camere-pe-justitie-la-distanta\\\/\",\"name\":\"Penitenciarul din B\u0103l\u021bi, echipat cu camere pe justi\u021bie la distan\u021b\u0103 - BTV\",\"isPartOf\":{\"@id\":\"https:\\\/\\\/www.btv.md\\\/#website\"},\"primaryImageOfPage\":{\"@id\":\"https:\\\/\\\/www.btv.md\\\/ro\\\/penitenciarul-din-balti-echipat-cu-camere-pe-justitie-la-distanta\\\/#primaryimage\"},\"image\":{\"@id\":\"https:\\\/\\\/www.btv.md\\\/ro\\\/penitenciarul-din-balti-echipat-cu-camere-pe-justitie-la-distanta\\\/#primaryimage\"},\"thumbnailUrl\":\"https:\\\/\\\/www.btv.md\\\/wp-content\\\/uploads\\\/2021\\\/04\\\/tyur.jpg\",\"datePublished\":\"2021-04-20T16:13:53+00:00\",\"author\":{\"@id\":\"https:\\\/\\\/www.btv.md\\\/#\\\/schema\\\/person\\\/8fadce81561b3ce2c34c46dadc4ccbf2\"},\"inLanguage\":\"ro-RO\",\"potentialAction\":[{\"@type\":\"ReadAction\",\"target\":[\"https:\\\/\\\/www.btv.md\\\/ro\\\/penitenciarul-din-balti-echipat-cu-camere-pe-justitie-la-distanta\\\/\"]}]},{\"@type\":\"ImageObject\",\"inLanguage\":\"ro-RO\",\"@id\":\"https:\\\/\\\/www.btv.md\\\/ro\\\/penitenciarul-din-balti-echipat-cu-camere-pe-justitie-la-distanta\\\/#primaryimage\",\"url\":\"https:\\\/\\\/www.btv.md\\\/wp-content\\\/uploads\\\/2021\\\/04\\\/tyur.jpg\",\"contentUrl\":\"https:\\\/\\\/www.btv.md\\\/wp-content\\\/uploads\\\/2021\\\/04\\\/tyur.jpg\",\"width\":1920,\"height\":1080},{\"@type\":\"WebSite\",\"@id\":\"https:\\\/\\\/www.btv.md\\\/#website\",\"url\":\"https:\\\/\\\/www.btv.md\\\/\",\"name\":\"BTV\",\"description\":\"\u0411\u0435\u043b\u044c\u0446\u043a\u043e\u0435 \u0442\u0435\u043b\u0435\u0432\u0438\u0434\u0435\u043d\u0438\u0435\",\"potentialAction\":[{\"@type\":\"SearchAction\",\"target\":{\"@type\":\"EntryPoint\",\"urlTemplate\":\"https:\\\/\\\/www.btv.md\\\/?s={search_term_string}\"},\"query-input\":{\"@type\":\"PropertyValueSpecification\",\"valueRequired\":true,\"valueName\":\"search_term_string\"}}],\"inLanguage\":\"ro-RO\"},{\"@type\":\"Person\",\"@id\":\"https:\\\/\\\/www.btv.md\\\/#\\\/schema\\\/person\\\/8fadce81561b3ce2c34c46dadc4ccbf2\",\"name\":\"admin\"}]}<\/script>\n<!-- \/ Yoast SEO plugin. -->","yoast_head_json":{"title":"Penitenciarul din B\u0103l\u021bi, echipat cu camere pe justi\u021bie la distan\u021b\u0103 - BTV","robots":{"index":"index","follow":"follow","max-snippet":"max-snippet:-1","max-image-preview":"max-image-preview:large","max-video-preview":"max-video-preview:-1"},"canonical":"https:\/\/www.btv.md\/ro\/penitenciarul-din-balti-echipat-cu-camere-pe-justitie-la-distanta\/","og_locale":"ro_RO","og_type":"article","og_title":"Penitenciarul din B\u0103l\u021bi, echipat cu camere pe justi\u021bie la distan\u021b\u0103 - BTV","og_description":"\u00cen cadrul proiectului fina\u021bat de UNODC Viena au fost echipate 4 camere pe justi\u021bie la distan\u021b\u0103 \u00een penitenciarele din Moldova. Camera din institu\u021bia penitenciar\u0103 din B\u0103l\u021bi are 2 cabine, echipate cu tehnic\u0103 de organizare a videoconferin\u021belor, cabine separate prin geam de sticl\u0103 cu interfon. \u00cen cabine sunt respectate m\u0103surile anti-COVID, dar \u0219i aspectele de confiden\u021bialitate [&hellip;]","og_url":"https:\/\/www.btv.md\/ro\/penitenciarul-din-balti-echipat-cu-camere-pe-justitie-la-distanta\/","og_site_name":"BTV","article_publisher":"https:\/\/www.facebook.com\/btvmoldova\/","article_published_time":"2021-04-20T16:13:53+00:00","og_image":[{"width":1920,"height":1080,"url":"https:\/\/www.btv.md\/wp-content\/uploads\/2021\/04\/tyur.jpg","type":"image\/jpeg"}],"author":"admin","twitter_misc":{"Scris de":"admin","Timp estimat pentru citire":"1 minut"},"schema":{"@context":"https:\/\/schema.org","@graph":[{"@type":"Article","@id":"https:\/\/www.btv.md\/ro\/penitenciarul-din-balti-echipat-cu-camere-pe-justitie-la-distanta\/#article","isPartOf":{"@id":"https:\/\/www.btv.md\/ro\/penitenciarul-din-balti-echipat-cu-camere-pe-justitie-la-distanta\/"},"author":{"name":"admin","@id":"https:\/\/www.btv.md\/#\/schema\/person\/8fadce81561b3ce2c34c46dadc4ccbf2"},"headline":"Penitenciarul din B\u0103l\u021bi, echipat cu camere pe justi\u021bie la distan\u021b\u0103","datePublished":"2021-04-20T16:13:53+00:00","mainEntityOfPage":{"@id":"https:\/\/www.btv.md\/ro\/penitenciarul-din-balti-echipat-cu-camere-pe-justitie-la-distanta\/"},"wordCount":171,"image":{"@id":"https:\/\/www.btv.md\/ro\/penitenciarul-din-balti-echipat-cu-camere-pe-justitie-la-distanta\/#primaryimage"},"thumbnailUrl":"https:\/\/www.btv.md\/wp-content\/uploads\/2021\/04\/tyur.jpg","keywords":["echipat cu camere pe justi\u021bie la distan\u021b\u0103","Penitenciarul din B\u0103l\u021bi"],"articleSection":["Ora\u0219"],"inLanguage":"ro-RO"},{"@type":"WebPage","@id":"https:\/\/www.btv.md\/ro\/penitenciarul-din-balti-echipat-cu-camere-pe-justitie-la-distanta\/","url":"https:\/\/www.btv.md\/ro\/penitenciarul-din-balti-echipat-cu-camere-pe-justitie-la-distanta\/","name":"Penitenciarul din B\u0103l\u021bi, echipat cu camere pe justi\u021bie la distan\u021b\u0103 - BTV","isPartOf":{"@id":"https:\/\/www.btv.md\/#website"},"primaryImageOfPage":{"@id":"https:\/\/www.btv.md\/ro\/penitenciarul-din-balti-echipat-cu-camere-pe-justitie-la-distanta\/#primaryimage"},"image":{"@id":"https:\/\/www.btv.md\/ro\/penitenciarul-din-balti-echipat-cu-camere-pe-justitie-la-distanta\/#primaryimage"},"thumbnailUrl":"https:\/\/www.btv.md\/wp-content\/uploads\/2021\/04\/tyur.jpg","datePublished":"2021-04-20T16:13:53+00:00","author":{"@id":"https:\/\/www.btv.md\/#\/schema\/person\/8fadce81561b3ce2c34c46dadc4ccbf2"},"inLanguage":"ro-RO","potentialAction":[{"@type":"ReadAction","target":["https:\/\/www.btv.md\/ro\/penitenciarul-din-balti-echipat-cu-camere-pe-justitie-la-distanta\/"]}]},{"@type":"ImageObject","inLanguage":"ro-RO","@id":"https:\/\/www.btv.md\/ro\/penitenciarul-din-balti-echipat-cu-camere-pe-justitie-la-distanta\/#primaryimage","url":"https:\/\/www.btv.md\/wp-content\/uploads\/2021\/04\/tyur.jpg","contentUrl":"https:\/\/www.btv.md\/wp-content\/uploads\/2021\/04\/tyur.jpg","width":1920,"height":1080},{"@type":"WebSite","@id":"https:\/\/www.btv.md\/#website","url":"https:\/\/www.btv.md\/","name":"BTV","description":"\u0411\u0435\u043b\u044c\u0446\u043a\u043e\u0435 \u0442\u0435\u043b\u0435\u0432\u0438\u0434\u0435\u043d\u0438\u0435","potentialAction":[{"@type":"SearchAction","target":{"@type":"EntryPoint","urlTemplate":"https:\/\/www.btv.md\/?s={search_term_string}"},"query-input":{"@type":"PropertyValueSpecification","valueRequired":true,"valueName":"search_term_string"}}],"inLanguage":"ro-RO"},{"@type":"Person","@id":"https:\/\/www.btv.md\/#\/schema\/person\/8fadce81561b3ce2c34c46dadc4ccbf2","name":"admin"}]}},"_links":{"self":[{"href":"https:\/\/www.btv.md\/ro\/wp-json\/wp\/v2\/posts\/124052","targetHints":{"allow":["GET"]}}],"collection":[{"href":"https:\/\/www.btv.md\/ro\/wp-json\/wp\/v2\/posts"}],"about":[{"href":"https:\/\/www.btv.md\/ro\/wp-json\/wp\/v2\/types\/post"}],"author":[{"embeddable":true,"href":"https:\/\/www.btv.md\/ro\/wp-json\/wp\/v2\/users\/4"}],"replies":[{"embeddable":true,"href":"https:\/\/www.btv.md\/ro\/wp-json\/wp\/v2\/comments?post=124052"}],"version-history":[{"count":0,"href":"https:\/\/www.btv.md\/ro\/wp-json\/wp\/v2\/posts\/124052\/revisions"}],"wp:featuredmedia":[{"embeddable":true,"href":"https:\/\/www.btv.md\/ro\/wp-json\/wp\/v2\/media\/124053"}],"wp:attachment":[{"href":"https:\/\/www.btv.md\/ro\/wp-json\/wp\/v2\/media?parent=124052"}],"wp:term":[{"taxonomy":"category","embeddable":true,"href":"https:\/\/www.btv.md\/ro\/wp-json\/wp\/v2\/categories?post=124052"},{"taxonomy":"post_tag","embeddable":true,"href":"https:\/\/www.btv.md\/ro\/wp-json\/wp\/v2\/tags?post=124052"}],"curies":[{"name":"wp","href":"https:\/\/api.w.org\/{rel}","templated":true}]}}