{"id":124081,"date":"2021-04-21T09:47:47","date_gmt":"2021-04-21T06:47:47","guid":{"rendered":"http:\/\/www.btv.md\/?p=124081"},"modified":"2021-04-21T09:47:47","modified_gmt":"2021-04-21T06:47:47","slug":"aureliu-ciocoi-tot-mai-multi-copii-sunt-afectati-de-tulpina-britanica","status":"publish","type":"post","link":"https:\/\/www.btv.md\/ro\/aureliu-ciocoi-tot-mai-multi-copii-sunt-afectati-de-tulpina-britanica\/","title":{"rendered":"Aureliu Ciocoi: Tot mai mul\u021bi copii sunt afecta\u021bi de tulpina britanic\u0103"},"content":{"rendered":"<p class=\"ArticleContent__Lead-pkj4qa-3 cmnxNV\"><strong>Circa 1.000 de femei \u00eens\u0103rcinate se trateaz\u0103 de COVID-19, iar \u00een \u00eentreaga \u021bar\u0103 r\u0103m\u00e2n a fi infecta\u021bi cu noul tip de coronavirus aproape 13 mii de copii: \u201eAnul trecut cifra de copii afecta\u021bi de COVID-19 era practic inexistent\u0103. Acum, \u00eens\u0103, \u0219i copiii sunt afecta\u021bi de aceast\u0103 tulpin\u0103 britanic\u0103. Majoritatea copiilor bolnavi av\u00e2nd v\u00e2rste cuprinse \u00eentre 10 \u0219i 17 ani\u201d, a declarat premierul interimar Aureliu Ciocoi, dup\u0103 \u0219edin\u021ba Centrului unic de comand\u0103 a st\u0103rii de urgen\u021b\u0103, transmite <a href=\"https:\/\/stiri.md\/article\/social\/aureliu-ciocoi-tot-mai-multi-copii-sunt-afectati-de-tulpina-britanica\">\u0218tiri.md<\/a>.<\/strong><\/p>\n<div id=\"articleBody\" class=\"ArticleContent__Content-pkj4qa-5 jrALan\">\n<p>Potrivit lui Aureliu Ciocoi, din fericire, \u00een ultimele 24 de ore, niciun medic nu a fost infectat cu COVID-19, lucru care, potrivit lui, vine s\u0103 confirme eficien\u021ba vaccinului.<\/p>\n<p>Aureliu Ciocoi a mai spus c\u0103 raioanele Taraclia, H\u00e2nce\u0219ti \u0219i Flore\u0219ti au ie\u0219it din zona de cod ro\u0219u de alert\u0103 privind situa\u021bia epidemiologic\u0103, iar asta pentru c\u0103 \u00een ultimele zile au fost \u00eenregistrate sub 100 de cazuri la o mie de locuitori.<\/p>\n<p>P\u00e2n\u0103 \u00een acest moment, 89 de mii de persoane au fost vaccinate cu prima doz\u0103 de ser anti-COVID-19. Din cele 180 de mii de doze AstraZeneca primite de Republica Moldova, peste 50 de mii au fost distribuite \u00een toat\u0103 \u021bara. Restul dozelor din acest lot sunt p\u0103strate pentru a putea fi efectuat rapelul.<\/p>\n<p>Potrivit informa\u021biilor oferite de MAI, un num\u0103r sporit de militari continu\u0103 s\u0103 patruleze \u00een Chi\u0219in\u0103u, B\u0103l\u021bi \u0219i Str\u0103\u0219eni. De la instituirea st\u0103rii de urgen\u021b\u0103, peste 15,8 mii de agen\u021bi economici \u0219i 1,1 mii de l\u0103ca\u0219e de cult au fost verificate, iar suma total\u0103 a amenzilor aplicate se ridic\u0103 la peste 7 milioane de lei.<\/p>\n<p>Premierul interimar a remarcat c\u0103 poli\u021bi\u0219tii se confrunt\u0103 cu dificult\u0103\u021bi \u00een dirijarea fluxului de \u00eembarcare \u00een transportul public \u0219i atest\u0103 \u00eenc\u0103lc\u0103ri grave \u00een timpul slujbelor religioase, acolo unde oamenii continu\u0103 s\u0103 fie \u00eemp\u0103rt\u0103\u0219i\u021bi cu aceea\u0219i linguri\u021b\u0103. \u201eM\u0103 tem c\u0103 \u00eemp\u0103rt\u0103\u0219ania cu aceea\u0219i lingur\u0103 va duce, \u00een urm\u0103toarele zile, la cre\u0219terea num\u0103rului de cazuri de infectare cu virusul Covid-19\u201d, a ad\u0103ugat prim-ministrul interimar.<\/p>\n<p>Aglomera\u021bii mari se \u00eenregistreaz\u0103 \u00een zilele de vineri \u0219i s\u00e2mb\u0103t\u0103 \u00een pie\u021bele agroalimentare \u0219i \u00een centre comerciale. \u00cen acest sens, Aureliu Ciocoi a \u00eendemnat administratorii s\u0103 antreneze personal suplimentar \u00een zilele respective ale s\u0103pt\u0103m\u00e2nii, pentru a fluidiza traficul de persoane \u0219i pentru a nu le expune riscului de \u00eemboln\u0103vire.<\/p>\n<p>Foto: \u0219tiri.md<\/p>\n<\/div>\n","protected":false},"excerpt":{"rendered":"<p>Circa 1.000 de femei \u00eens\u0103rcinate se trateaz\u0103 de COVID-19, iar \u00een \u00eentreaga \u021bar\u0103 r\u0103m\u00e2n a fi infecta\u021bi cu noul tip de coronavirus aproape 13 mii de copii: \u201eAnul trecut cifra de copii afecta\u021bi de COVID-19 era practic inexistent\u0103. Acum, \u00eens\u0103, \u0219i copiii sunt afecta\u021bi de aceast\u0103 tulpin\u0103 britanic\u0103. Majoritatea copiilor bolnavi av\u00e2nd v\u00e2rste cuprinse \u00eentre [&hellip;]<\/p>\n","protected":false},"author":4,"featured_media":124082,"comment_status":"closed","ping_status":"closed","sticky":false,"template":"","format":"standard","meta":{"footnotes":""},"categories":[6349],"tags":[24260],"class_list":["post-124081","post","type-post","status-publish","format-standard","has-post-thumbnail","hentry","category-social","tag-aureliu-ciocoi-tot-mai-multi-copii-sunt-afectati-de-tulpina-britanica"],"yoast_head":"<!-- This site is optimized with the Yoast SEO plugin v27.4 - https:\/\/yoast.com\/product\/yoast-seo-wordpress\/ -->\n<title>Aureliu Ciocoi: Tot mai mul\u021bi copii sunt afecta\u021bi de tulpina britanic\u0103 - BTV<\/title>\n<meta name=\"robots\" content=\"index, follow, max-snippet:-1, max-image-preview:large, max-video-preview:-1\" \/>\n<link rel=\"canonical\" href=\"https:\/\/www.btv.md\/ro\/aureliu-ciocoi-tot-mai-multi-copii-sunt-afectati-de-tulpina-britanica\/\" \/>\n<meta property=\"og:locale\" content=\"ro_RO\" \/>\n<meta property=\"og:type\" content=\"article\" \/>\n<meta property=\"og:title\" content=\"Aureliu Ciocoi: Tot mai mul\u021bi copii sunt afecta\u021bi de tulpina britanic\u0103 - BTV\" \/>\n<meta property=\"og:description\" content=\"Circa 1.000 de femei \u00eens\u0103rcinate se trateaz\u0103 de COVID-19, iar \u00een \u00eentreaga \u021bar\u0103 r\u0103m\u00e2n a fi infecta\u021bi cu noul tip de coronavirus aproape 13 mii de copii: \u201eAnul trecut cifra de copii afecta\u021bi de COVID-19 era practic inexistent\u0103. Acum, \u00eens\u0103, \u0219i copiii sunt afecta\u021bi de aceast\u0103 tulpin\u0103 britanic\u0103. Majoritatea copiilor bolnavi av\u00e2nd v\u00e2rste cuprinse \u00eentre [&hellip;]\" \/>\n<meta property=\"og:url\" content=\"https:\/\/www.btv.md\/ro\/aureliu-ciocoi-tot-mai-multi-copii-sunt-afectati-de-tulpina-britanica\/\" \/>\n<meta property=\"og:site_name\" content=\"BTV\" \/>\n<meta property=\"article:publisher\" content=\"https:\/\/www.facebook.com\/btvmoldova\/\" \/>\n<meta property=\"article:published_time\" content=\"2021-04-21T06:47:47+00:00\" \/>\n<meta property=\"og:image\" content=\"https:\/\/www.btv.md\/wp-content\/uploads\/2021\/04\/d9ee6de353c91406a9ed0431139c1494.jpg\" \/>\n\t<meta property=\"og:image:width\" content=\"809\" \/>\n\t<meta property=\"og:image:height\" content=\"456\" \/>\n\t<meta property=\"og:image:type\" content=\"image\/jpeg\" \/>\n<meta name=\"author\" content=\"admin\" \/>\n<meta name=\"twitter:label1\" content=\"Scris de\" \/>\n\t<meta name=\"twitter:data1\" content=\"admin\" \/>\n\t<meta name=\"twitter:label2\" content=\"Timp estimat pentru citire\" \/>\n\t<meta name=\"twitter:data2\" content=\"2 minute\" \/>\n<script type=\"application\/ld+json\" class=\"yoast-schema-graph\">{\"@context\":\"https:\\\/\\\/schema.org\",\"@graph\":[{\"@type\":\"Article\",\"@id\":\"https:\\\/\\\/www.btv.md\\\/ro\\\/aureliu-ciocoi-tot-mai-multi-copii-sunt-afectati-de-tulpina-britanica\\\/#article\",\"isPartOf\":{\"@id\":\"https:\\\/\\\/www.btv.md\\\/ro\\\/aureliu-ciocoi-tot-mai-multi-copii-sunt-afectati-de-tulpina-britanica\\\/\"},\"author\":{\"name\":\"admin\",\"@id\":\"https:\\\/\\\/www.btv.md\\\/#\\\/schema\\\/person\\\/8fadce81561b3ce2c34c46dadc4ccbf2\"},\"headline\":\"Aureliu Ciocoi: Tot mai mul\u021bi copii sunt afecta\u021bi de tulpina britanic\u0103\",\"datePublished\":\"2021-04-21T06:47:47+00:00\",\"mainEntityOfPage\":{\"@id\":\"https:\\\/\\\/www.btv.md\\\/ro\\\/aureliu-ciocoi-tot-mai-multi-copii-sunt-afectati-de-tulpina-britanica\\\/\"},\"wordCount\":424,\"image\":{\"@id\":\"https:\\\/\\\/www.btv.md\\\/ro\\\/aureliu-ciocoi-tot-mai-multi-copii-sunt-afectati-de-tulpina-britanica\\\/#primaryimage\"},\"thumbnailUrl\":\"https:\\\/\\\/www.btv.md\\\/wp-content\\\/uploads\\\/2021\\\/04\\\/d9ee6de353c91406a9ed0431139c1494.jpg\",\"keywords\":[\"Aureliu Ciocoi: Tot mai mul\u021bi copii sunt afecta\u021bi de tulpina britanic\u0103\"],\"articleSection\":[\"Social\"],\"inLanguage\":\"ro-RO\"},{\"@type\":\"WebPage\",\"@id\":\"https:\\\/\\\/www.btv.md\\\/ro\\\/aureliu-ciocoi-tot-mai-multi-copii-sunt-afectati-de-tulpina-britanica\\\/\",\"url\":\"https:\\\/\\\/www.btv.md\\\/ro\\\/aureliu-ciocoi-tot-mai-multi-copii-sunt-afectati-de-tulpina-britanica\\\/\",\"name\":\"Aureliu Ciocoi: Tot mai mul\u021bi copii sunt afecta\u021bi de tulpina britanic\u0103 - BTV\",\"isPartOf\":{\"@id\":\"https:\\\/\\\/www.btv.md\\\/#website\"},\"primaryImageOfPage\":{\"@id\":\"https:\\\/\\\/www.btv.md\\\/ro\\\/aureliu-ciocoi-tot-mai-multi-copii-sunt-afectati-de-tulpina-britanica\\\/#primaryimage\"},\"image\":{\"@id\":\"https:\\\/\\\/www.btv.md\\\/ro\\\/aureliu-ciocoi-tot-mai-multi-copii-sunt-afectati-de-tulpina-britanica\\\/#primaryimage\"},\"thumbnailUrl\":\"https:\\\/\\\/www.btv.md\\\/wp-content\\\/uploads\\\/2021\\\/04\\\/d9ee6de353c91406a9ed0431139c1494.jpg\",\"datePublished\":\"2021-04-21T06:47:47+00:00\",\"author\":{\"@id\":\"https:\\\/\\\/www.btv.md\\\/#\\\/schema\\\/person\\\/8fadce81561b3ce2c34c46dadc4ccbf2\"},\"inLanguage\":\"ro-RO\",\"potentialAction\":[{\"@type\":\"ReadAction\",\"target\":[\"https:\\\/\\\/www.btv.md\\\/ro\\\/aureliu-ciocoi-tot-mai-multi-copii-sunt-afectati-de-tulpina-britanica\\\/\"]}]},{\"@type\":\"ImageObject\",\"inLanguage\":\"ro-RO\",\"@id\":\"https:\\\/\\\/www.btv.md\\\/ro\\\/aureliu-ciocoi-tot-mai-multi-copii-sunt-afectati-de-tulpina-britanica\\\/#primaryimage\",\"url\":\"https:\\\/\\\/www.btv.md\\\/wp-content\\\/uploads\\\/2021\\\/04\\\/d9ee6de353c91406a9ed0431139c1494.jpg\",\"contentUrl\":\"https:\\\/\\\/www.btv.md\\\/wp-content\\\/uploads\\\/2021\\\/04\\\/d9ee6de353c91406a9ed0431139c1494.jpg\",\"width\":809,\"height\":456},{\"@type\":\"WebSite\",\"@id\":\"https:\\\/\\\/www.btv.md\\\/#website\",\"url\":\"https:\\\/\\\/www.btv.md\\\/\",\"name\":\"BTV\",\"description\":\"\u0411\u0435\u043b\u044c\u0446\u043a\u043e\u0435 \u0442\u0435\u043b\u0435\u0432\u0438\u0434\u0435\u043d\u0438\u0435\",\"potentialAction\":[{\"@type\":\"SearchAction\",\"target\":{\"@type\":\"EntryPoint\",\"urlTemplate\":\"https:\\\/\\\/www.btv.md\\\/?s={search_term_string}\"},\"query-input\":{\"@type\":\"PropertyValueSpecification\",\"valueRequired\":true,\"valueName\":\"search_term_string\"}}],\"inLanguage\":\"ro-RO\"},{\"@type\":\"Person\",\"@id\":\"https:\\\/\\\/www.btv.md\\\/#\\\/schema\\\/person\\\/8fadce81561b3ce2c34c46dadc4ccbf2\",\"name\":\"admin\"}]}<\/script>\n<!-- \/ Yoast SEO plugin. -->","yoast_head_json":{"title":"Aureliu Ciocoi: Tot mai mul\u021bi copii sunt afecta\u021bi de tulpina britanic\u0103 - BTV","robots":{"index":"index","follow":"follow","max-snippet":"max-snippet:-1","max-image-preview":"max-image-preview:large","max-video-preview":"max-video-preview:-1"},"canonical":"https:\/\/www.btv.md\/ro\/aureliu-ciocoi-tot-mai-multi-copii-sunt-afectati-de-tulpina-britanica\/","og_locale":"ro_RO","og_type":"article","og_title":"Aureliu Ciocoi: Tot mai mul\u021bi copii sunt afecta\u021bi de tulpina britanic\u0103 - BTV","og_description":"Circa 1.000 de femei \u00eens\u0103rcinate se trateaz\u0103 de COVID-19, iar \u00een \u00eentreaga \u021bar\u0103 r\u0103m\u00e2n a fi infecta\u021bi cu noul tip de coronavirus aproape 13 mii de copii: \u201eAnul trecut cifra de copii afecta\u021bi de COVID-19 era practic inexistent\u0103. Acum, \u00eens\u0103, \u0219i copiii sunt afecta\u021bi de aceast\u0103 tulpin\u0103 britanic\u0103. Majoritatea copiilor bolnavi av\u00e2nd v\u00e2rste cuprinse \u00eentre [&hellip;]","og_url":"https:\/\/www.btv.md\/ro\/aureliu-ciocoi-tot-mai-multi-copii-sunt-afectati-de-tulpina-britanica\/","og_site_name":"BTV","article_publisher":"https:\/\/www.facebook.com\/btvmoldova\/","article_published_time":"2021-04-21T06:47:47+00:00","og_image":[{"width":809,"height":456,"url":"https:\/\/www.btv.md\/wp-content\/uploads\/2021\/04\/d9ee6de353c91406a9ed0431139c1494.jpg","type":"image\/jpeg"}],"author":"admin","twitter_misc":{"Scris de":"admin","Timp estimat pentru citire":"2 minute"},"schema":{"@context":"https:\/\/schema.org","@graph":[{"@type":"Article","@id":"https:\/\/www.btv.md\/ro\/aureliu-ciocoi-tot-mai-multi-copii-sunt-afectati-de-tulpina-britanica\/#article","isPartOf":{"@id":"https:\/\/www.btv.md\/ro\/aureliu-ciocoi-tot-mai-multi-copii-sunt-afectati-de-tulpina-britanica\/"},"author":{"name":"admin","@id":"https:\/\/www.btv.md\/#\/schema\/person\/8fadce81561b3ce2c34c46dadc4ccbf2"},"headline":"Aureliu Ciocoi: Tot mai mul\u021bi copii sunt afecta\u021bi de tulpina britanic\u0103","datePublished":"2021-04-21T06:47:47+00:00","mainEntityOfPage":{"@id":"https:\/\/www.btv.md\/ro\/aureliu-ciocoi-tot-mai-multi-copii-sunt-afectati-de-tulpina-britanica\/"},"wordCount":424,"image":{"@id":"https:\/\/www.btv.md\/ro\/aureliu-ciocoi-tot-mai-multi-copii-sunt-afectati-de-tulpina-britanica\/#primaryimage"},"thumbnailUrl":"https:\/\/www.btv.md\/wp-content\/uploads\/2021\/04\/d9ee6de353c91406a9ed0431139c1494.jpg","keywords":["Aureliu Ciocoi: Tot mai mul\u021bi copii sunt afecta\u021bi de tulpina britanic\u0103"],"articleSection":["Social"],"inLanguage":"ro-RO"},{"@type":"WebPage","@id":"https:\/\/www.btv.md\/ro\/aureliu-ciocoi-tot-mai-multi-copii-sunt-afectati-de-tulpina-britanica\/","url":"https:\/\/www.btv.md\/ro\/aureliu-ciocoi-tot-mai-multi-copii-sunt-afectati-de-tulpina-britanica\/","name":"Aureliu Ciocoi: Tot mai mul\u021bi copii sunt afecta\u021bi de tulpina britanic\u0103 - BTV","isPartOf":{"@id":"https:\/\/www.btv.md\/#website"},"primaryImageOfPage":{"@id":"https:\/\/www.btv.md\/ro\/aureliu-ciocoi-tot-mai-multi-copii-sunt-afectati-de-tulpina-britanica\/#primaryimage"},"image":{"@id":"https:\/\/www.btv.md\/ro\/aureliu-ciocoi-tot-mai-multi-copii-sunt-afectati-de-tulpina-britanica\/#primaryimage"},"thumbnailUrl":"https:\/\/www.btv.md\/wp-content\/uploads\/2021\/04\/d9ee6de353c91406a9ed0431139c1494.jpg","datePublished":"2021-04-21T06:47:47+00:00","author":{"@id":"https:\/\/www.btv.md\/#\/schema\/person\/8fadce81561b3ce2c34c46dadc4ccbf2"},"inLanguage":"ro-RO","potentialAction":[{"@type":"ReadAction","target":["https:\/\/www.btv.md\/ro\/aureliu-ciocoi-tot-mai-multi-copii-sunt-afectati-de-tulpina-britanica\/"]}]},{"@type":"ImageObject","inLanguage":"ro-RO","@id":"https:\/\/www.btv.md\/ro\/aureliu-ciocoi-tot-mai-multi-copii-sunt-afectati-de-tulpina-britanica\/#primaryimage","url":"https:\/\/www.btv.md\/wp-content\/uploads\/2021\/04\/d9ee6de353c91406a9ed0431139c1494.jpg","contentUrl":"https:\/\/www.btv.md\/wp-content\/uploads\/2021\/04\/d9ee6de353c91406a9ed0431139c1494.jpg","width":809,"height":456},{"@type":"WebSite","@id":"https:\/\/www.btv.md\/#website","url":"https:\/\/www.btv.md\/","name":"BTV","description":"\u0411\u0435\u043b\u044c\u0446\u043a\u043e\u0435 \u0442\u0435\u043b\u0435\u0432\u0438\u0434\u0435\u043d\u0438\u0435","potentialAction":[{"@type":"SearchAction","target":{"@type":"EntryPoint","urlTemplate":"https:\/\/www.btv.md\/?s={search_term_string}"},"query-input":{"@type":"PropertyValueSpecification","valueRequired":true,"valueName":"search_term_string"}}],"inLanguage":"ro-RO"},{"@type":"Person","@id":"https:\/\/www.btv.md\/#\/schema\/person\/8fadce81561b3ce2c34c46dadc4ccbf2","name":"admin"}]}},"_links":{"self":[{"href":"https:\/\/www.btv.md\/ro\/wp-json\/wp\/v2\/posts\/124081","targetHints":{"allow":["GET"]}}],"collection":[{"href":"https:\/\/www.btv.md\/ro\/wp-json\/wp\/v2\/posts"}],"about":[{"href":"https:\/\/www.btv.md\/ro\/wp-json\/wp\/v2\/types\/post"}],"author":[{"embeddable":true,"href":"https:\/\/www.btv.md\/ro\/wp-json\/wp\/v2\/users\/4"}],"replies":[{"embeddable":true,"href":"https:\/\/www.btv.md\/ro\/wp-json\/wp\/v2\/comments?post=124081"}],"version-history":[{"count":0,"href":"https:\/\/www.btv.md\/ro\/wp-json\/wp\/v2\/posts\/124081\/revisions"}],"wp:featuredmedia":[{"embeddable":true,"href":"https:\/\/www.btv.md\/ro\/wp-json\/wp\/v2\/media\/124082"}],"wp:attachment":[{"href":"https:\/\/www.btv.md\/ro\/wp-json\/wp\/v2\/media?parent=124081"}],"wp:term":[{"taxonomy":"category","embeddable":true,"href":"https:\/\/www.btv.md\/ro\/wp-json\/wp\/v2\/categories?post=124081"},{"taxonomy":"post_tag","embeddable":true,"href":"https:\/\/www.btv.md\/ro\/wp-json\/wp\/v2\/tags?post=124081"}],"curies":[{"name":"wp","href":"https:\/\/api.w.org\/{rel}","templated":true}]}}