{"id":12445,"date":"2016-05-12T12:29:56","date_gmt":"2016-05-12T09:29:56","guid":{"rendered":"http:\/\/btv.md\/?p=12445"},"modified":"2016-05-12T12:29:56","modified_gmt":"2016-05-12T09:29:56","slug":"rusia-va-dezvolta-rachete-intercontinentale-cu-o-capacitate-nemaivazuta","status":"publish","type":"post","link":"https:\/\/www.btv.md\/ro\/rusia-va-dezvolta-rachete-intercontinentale-cu-o-capacitate-nemaivazuta\/","title":{"rendered":"RUSIA VA DEZVOLTA RACHETE INTERCONTINENTALE CU O CAPACITATE  NEMAIV\u0102ZUT\u0102"},"content":{"rendered":"<p><strong>Rusia va dezvolta rachete intercontinentale, capabile s\u0103 penetreze scutul antirachet\u0103 al Statelor Unite, desf\u0103\u015furat \u00een estul Europei, inclusiv \u00een Rom\u00e2nia, relatez\u0103 Digi24.ro.<\/strong><\/p>\n<p>Declara\u0163ia a fost f\u0103cut\u0103 de comandantul for\u0163elor strategice ruse, pentru agen\u0163ia Itar-tass, cu doar dou\u0103 zile \u00eenainte de inaugurarea sistemului de ap\u0103rare antirachet\u0103 de la Deveselu.<\/p>\n<p>Generalul Serghei Karakaiev sus\u0163ine c\u0103 aceste m\u0103suri \u201e<em>sunt condi\u0163ionate de faptul c\u0103 Statele Unite continu\u0103 s\u0103 \u00ee\u015fi \u00eembun\u0103t\u0103\u0163easc\u0103 sistemul de ap\u0103rare antirachet\u0103, inclusiv prin noi desf\u0103\u015fur\u0103ri de for\u0163e \u00een Europa. De aceea se acord\u0103 o aten\u0163ie deosebit\u0103 pentru dezvoltarea de noi sisteme de rachete, capabile s\u0103 contracareze scutul antirachet\u0103.<\/em>\u201d<\/p>\n<p>De asemenea, purt\u0103toarea de cuv\u00e2nt a ministerului rus de Externe, Maria Zaharova, a afirmat \u00een trecut c\u0103 amplasarea de lansatoare de tip MK 41 \u00een Rom\u00e2nia constituie o \u00eenc\u0103lcare a Tratatului For\u021belor Nucleare Intermediare.<\/p>\n<p>Acordul For\u0163elor Nucleare Intermediare, semnat de SUA \u015fi URSS \u00een 1987 \u015fi intrat \u00een vigoare pe 1 iunie 1988, oblig\u0103 ambele p\u0103r\u0163i s\u0103 distrug\u0103 toate rachetele balistice \u015fi de croazier\u0103 cu raze de ac\u0163iune cuprinse \u00eentre 500 \u015fi 5.500 de kilometri.<\/p>\n<p>Baza american\u0103 de la Deveselu este doar o mic\u0103 parte din proiectul de ap\u0103rare antirachet\u0103. Scutul are rolul de a ap\u0103ra America \u015fi alia\u0163ii s\u0103i de rachete balistice lansate de inamici. Ca s\u0103 poat\u0103 func\u0163iona, are nevoie de radare \u015fi de rachete performante care s\u0103 le poat\u0103 urm\u0103ri \u015fi distruge pe cele ale inamicului.<\/p>\n<p>Proiectul a presupus construirea a dou\u0103 baze terestre, una \u00een Rom\u00e2nia \u015fi alta \u00een Polonia. Lor li se vor al\u0103tura nave de lupt\u0103 pozi\u0163ionate \u00een Marea Mediteran\u0103. \u00cen momentul \u00een care radarele de ultim\u0103 genera\u0163ie aflate \u00een Turcia \u015fi Marea Britanie vor identifica o rachet\u0103 tras\u0103 de inamic, atunci proiectilele defensive ale scutului vor fi lansate pentru a distruge \u0163inta.<\/p>\n<p>La Deveselu vor ajunge 44 de rachete, numite de speciali\u015fti &#8211; interceptori. Agen\u0163ia American\u0103 de Ap\u0103rare Antirachet\u0103 a anun\u0163at c\u0103 a alocat 550 de milioane de dolari pentru realizarea lor.<\/p>\n<p>Ace\u015fti interceptori vor avea o autonomie de 500 de kilometri, pot s\u0103 ajung\u0103 la o altitudine de 160 de kilometri \u015fi ating viteza de 9.600 de kilometri pe or\u0103.<\/p>\n<p>sursa: <a href=\"http:\/\/www.digi24.ro\/\" target=\"_blank\">digi24.ro<\/a><\/p>\n","protected":false},"excerpt":{"rendered":"<p>Rusia va dezvolta rachete intercontinentale, capabile s\u0103 penetreze scutul antirachet\u0103 al Statelor Unite, desf\u0103\u015furat \u00een estul Europei, inclusiv \u00een Rom\u00e2nia, relatez\u0103 Digi24.ro. Declara\u0163ia a fost f\u0103cut\u0103 de comandantul for\u0163elor strategice ruse, pentru agen\u0163ia Itar-tass, cu doar dou\u0103 zile \u00eenainte de inaugurarea sistemului de ap\u0103rare antirachet\u0103 de la Deveselu. Generalul Serghei Karakaiev sus\u0163ine c\u0103 aceste m\u0103suri [&hellip;]<\/p>\n","protected":false},"author":4,"featured_media":12446,"comment_status":"closed","ping_status":"closed","sticky":false,"template":"","format":"standard","meta":{"footnotes":""},"categories":[6354],"tags":[],"class_list":["post-12445","post","type-post","status-publish","format-standard","has-post-thumbnail","hentry","category-externe-ro"],"yoast_head":"<!-- This site is optimized with the Yoast SEO plugin v27.4 - https:\/\/yoast.com\/product\/yoast-seo-wordpress\/ -->\n<title>RUSIA VA DEZVOLTA RACHETE INTERCONTINENTALE CU O CAPACITATE NEMAIV\u0102ZUT\u0102 - BTV<\/title>\n<meta name=\"robots\" content=\"index, follow, max-snippet:-1, max-image-preview:large, max-video-preview:-1\" \/>\n<link rel=\"canonical\" href=\"https:\/\/www.btv.md\/ro\/rusia-va-dezvolta-rachete-intercontinentale-cu-o-capacitate-nemaivazuta\/\" \/>\n<meta property=\"og:locale\" content=\"ro_RO\" \/>\n<meta property=\"og:type\" content=\"article\" \/>\n<meta property=\"og:title\" content=\"RUSIA VA DEZVOLTA RACHETE INTERCONTINENTALE CU O CAPACITATE NEMAIV\u0102ZUT\u0102 - BTV\" \/>\n<meta property=\"og:description\" content=\"Rusia va dezvolta rachete intercontinentale, capabile s\u0103 penetreze scutul antirachet\u0103 al Statelor Unite, desf\u0103\u015furat \u00een estul Europei, inclusiv \u00een Rom\u00e2nia, relatez\u0103 Digi24.ro. Declara\u0163ia a fost f\u0103cut\u0103 de comandantul for\u0163elor strategice ruse, pentru agen\u0163ia Itar-tass, cu doar dou\u0103 zile \u00eenainte de inaugurarea sistemului de ap\u0103rare antirachet\u0103 de la Deveselu. Generalul Serghei Karakaiev sus\u0163ine c\u0103 aceste m\u0103suri [&hellip;]\" \/>\n<meta property=\"og:url\" content=\"https:\/\/www.btv.md\/ro\/rusia-va-dezvolta-rachete-intercontinentale-cu-o-capacitate-nemaivazuta\/\" \/>\n<meta property=\"og:site_name\" content=\"BTV\" \/>\n<meta property=\"article:publisher\" content=\"https:\/\/www.facebook.com\/btvmoldova\/\" \/>\n<meta property=\"article:published_time\" content=\"2016-05-12T09:29:56+00:00\" \/>\n<meta property=\"og:image\" content=\"https:\/\/www.btv.md\/wp-content\/uploads\/2016\/05\/rachete-nucleare-ruse-ti.-foto-infoprut.jpg\" \/>\n\t<meta property=\"og:image:width\" content=\"640\" \/>\n\t<meta property=\"og:image:height\" content=\"355\" \/>\n\t<meta property=\"og:image:type\" content=\"image\/jpeg\" \/>\n<meta name=\"author\" content=\"admin\" \/>\n<meta name=\"twitter:label1\" content=\"Scris de\" \/>\n\t<meta name=\"twitter:data1\" content=\"admin\" \/>\n\t<meta name=\"twitter:label2\" content=\"Timp estimat pentru citire\" \/>\n\t<meta name=\"twitter:data2\" content=\"2 minute\" \/>\n<script type=\"application\/ld+json\" class=\"yoast-schema-graph\">{\"@context\":\"https:\\\/\\\/schema.org\",\"@graph\":[{\"@type\":\"Article\",\"@id\":\"https:\\\/\\\/www.btv.md\\\/ro\\\/rusia-va-dezvolta-rachete-intercontinentale-cu-o-capacitate-nemaivazuta\\\/#article\",\"isPartOf\":{\"@id\":\"https:\\\/\\\/www.btv.md\\\/ro\\\/rusia-va-dezvolta-rachete-intercontinentale-cu-o-capacitate-nemaivazuta\\\/\"},\"author\":{\"name\":\"admin\",\"@id\":\"https:\\\/\\\/www.btv.md\\\/#\\\/schema\\\/person\\\/8fadce81561b3ce2c34c46dadc4ccbf2\"},\"headline\":\"RUSIA VA DEZVOLTA RACHETE INTERCONTINENTALE CU O CAPACITATE NEMAIV\u0102ZUT\u0102\",\"datePublished\":\"2016-05-12T09:29:56+00:00\",\"mainEntityOfPage\":{\"@id\":\"https:\\\/\\\/www.btv.md\\\/ro\\\/rusia-va-dezvolta-rachete-intercontinentale-cu-o-capacitate-nemaivazuta\\\/\"},\"wordCount\":389,\"image\":{\"@id\":\"https:\\\/\\\/www.btv.md\\\/ro\\\/rusia-va-dezvolta-rachete-intercontinentale-cu-o-capacitate-nemaivazuta\\\/#primaryimage\"},\"thumbnailUrl\":\"https:\\\/\\\/www.btv.md\\\/wp-content\\\/uploads\\\/2016\\\/05\\\/rachete-nucleare-ruse-ti.-foto-infoprut.jpg\",\"articleSection\":[\"Externe\"],\"inLanguage\":\"ro-RO\"},{\"@type\":\"WebPage\",\"@id\":\"https:\\\/\\\/www.btv.md\\\/ro\\\/rusia-va-dezvolta-rachete-intercontinentale-cu-o-capacitate-nemaivazuta\\\/\",\"url\":\"https:\\\/\\\/www.btv.md\\\/ro\\\/rusia-va-dezvolta-rachete-intercontinentale-cu-o-capacitate-nemaivazuta\\\/\",\"name\":\"RUSIA VA DEZVOLTA RACHETE INTERCONTINENTALE CU O CAPACITATE NEMAIV\u0102ZUT\u0102 - BTV\",\"isPartOf\":{\"@id\":\"https:\\\/\\\/www.btv.md\\\/#website\"},\"primaryImageOfPage\":{\"@id\":\"https:\\\/\\\/www.btv.md\\\/ro\\\/rusia-va-dezvolta-rachete-intercontinentale-cu-o-capacitate-nemaivazuta\\\/#primaryimage\"},\"image\":{\"@id\":\"https:\\\/\\\/www.btv.md\\\/ro\\\/rusia-va-dezvolta-rachete-intercontinentale-cu-o-capacitate-nemaivazuta\\\/#primaryimage\"},\"thumbnailUrl\":\"https:\\\/\\\/www.btv.md\\\/wp-content\\\/uploads\\\/2016\\\/05\\\/rachete-nucleare-ruse-ti.-foto-infoprut.jpg\",\"datePublished\":\"2016-05-12T09:29:56+00:00\",\"author\":{\"@id\":\"https:\\\/\\\/www.btv.md\\\/#\\\/schema\\\/person\\\/8fadce81561b3ce2c34c46dadc4ccbf2\"},\"inLanguage\":\"ro-RO\",\"potentialAction\":[{\"@type\":\"ReadAction\",\"target\":[\"https:\\\/\\\/www.btv.md\\\/ro\\\/rusia-va-dezvolta-rachete-intercontinentale-cu-o-capacitate-nemaivazuta\\\/\"]}]},{\"@type\":\"ImageObject\",\"inLanguage\":\"ro-RO\",\"@id\":\"https:\\\/\\\/www.btv.md\\\/ro\\\/rusia-va-dezvolta-rachete-intercontinentale-cu-o-capacitate-nemaivazuta\\\/#primaryimage\",\"url\":\"https:\\\/\\\/www.btv.md\\\/wp-content\\\/uploads\\\/2016\\\/05\\\/rachete-nucleare-ruse-ti.-foto-infoprut.jpg\",\"contentUrl\":\"https:\\\/\\\/www.btv.md\\\/wp-content\\\/uploads\\\/2016\\\/05\\\/rachete-nucleare-ruse-ti.-foto-infoprut.jpg\",\"width\":640,\"height\":355,\"caption\":\"militar.infomondo.ro\"},{\"@type\":\"WebSite\",\"@id\":\"https:\\\/\\\/www.btv.md\\\/#website\",\"url\":\"https:\\\/\\\/www.btv.md\\\/\",\"name\":\"BTV\",\"description\":\"\u0411\u0435\u043b\u044c\u0446\u043a\u043e\u0435 \u0442\u0435\u043b\u0435\u0432\u0438\u0434\u0435\u043d\u0438\u0435\",\"potentialAction\":[{\"@type\":\"SearchAction\",\"target\":{\"@type\":\"EntryPoint\",\"urlTemplate\":\"https:\\\/\\\/www.btv.md\\\/?s={search_term_string}\"},\"query-input\":{\"@type\":\"PropertyValueSpecification\",\"valueRequired\":true,\"valueName\":\"search_term_string\"}}],\"inLanguage\":\"ro-RO\"},{\"@type\":\"Person\",\"@id\":\"https:\\\/\\\/www.btv.md\\\/#\\\/schema\\\/person\\\/8fadce81561b3ce2c34c46dadc4ccbf2\",\"name\":\"admin\"}]}<\/script>\n<!-- \/ Yoast SEO plugin. -->","yoast_head_json":{"title":"RUSIA VA DEZVOLTA RACHETE INTERCONTINENTALE CU O CAPACITATE NEMAIV\u0102ZUT\u0102 - BTV","robots":{"index":"index","follow":"follow","max-snippet":"max-snippet:-1","max-image-preview":"max-image-preview:large","max-video-preview":"max-video-preview:-1"},"canonical":"https:\/\/www.btv.md\/ro\/rusia-va-dezvolta-rachete-intercontinentale-cu-o-capacitate-nemaivazuta\/","og_locale":"ro_RO","og_type":"article","og_title":"RUSIA VA DEZVOLTA RACHETE INTERCONTINENTALE CU O CAPACITATE NEMAIV\u0102ZUT\u0102 - BTV","og_description":"Rusia va dezvolta rachete intercontinentale, capabile s\u0103 penetreze scutul antirachet\u0103 al Statelor Unite, desf\u0103\u015furat \u00een estul Europei, inclusiv \u00een Rom\u00e2nia, relatez\u0103 Digi24.ro. Declara\u0163ia a fost f\u0103cut\u0103 de comandantul for\u0163elor strategice ruse, pentru agen\u0163ia Itar-tass, cu doar dou\u0103 zile \u00eenainte de inaugurarea sistemului de ap\u0103rare antirachet\u0103 de la Deveselu. Generalul Serghei Karakaiev sus\u0163ine c\u0103 aceste m\u0103suri [&hellip;]","og_url":"https:\/\/www.btv.md\/ro\/rusia-va-dezvolta-rachete-intercontinentale-cu-o-capacitate-nemaivazuta\/","og_site_name":"BTV","article_publisher":"https:\/\/www.facebook.com\/btvmoldova\/","article_published_time":"2016-05-12T09:29:56+00:00","og_image":[{"width":640,"height":355,"url":"https:\/\/www.btv.md\/wp-content\/uploads\/2016\/05\/rachete-nucleare-ruse-ti.-foto-infoprut.jpg","type":"image\/jpeg"}],"author":"admin","twitter_misc":{"Scris de":"admin","Timp estimat pentru citire":"2 minute"},"schema":{"@context":"https:\/\/schema.org","@graph":[{"@type":"Article","@id":"https:\/\/www.btv.md\/ro\/rusia-va-dezvolta-rachete-intercontinentale-cu-o-capacitate-nemaivazuta\/#article","isPartOf":{"@id":"https:\/\/www.btv.md\/ro\/rusia-va-dezvolta-rachete-intercontinentale-cu-o-capacitate-nemaivazuta\/"},"author":{"name":"admin","@id":"https:\/\/www.btv.md\/#\/schema\/person\/8fadce81561b3ce2c34c46dadc4ccbf2"},"headline":"RUSIA VA DEZVOLTA RACHETE INTERCONTINENTALE CU O CAPACITATE NEMAIV\u0102ZUT\u0102","datePublished":"2016-05-12T09:29:56+00:00","mainEntityOfPage":{"@id":"https:\/\/www.btv.md\/ro\/rusia-va-dezvolta-rachete-intercontinentale-cu-o-capacitate-nemaivazuta\/"},"wordCount":389,"image":{"@id":"https:\/\/www.btv.md\/ro\/rusia-va-dezvolta-rachete-intercontinentale-cu-o-capacitate-nemaivazuta\/#primaryimage"},"thumbnailUrl":"https:\/\/www.btv.md\/wp-content\/uploads\/2016\/05\/rachete-nucleare-ruse-ti.-foto-infoprut.jpg","articleSection":["Externe"],"inLanguage":"ro-RO"},{"@type":"WebPage","@id":"https:\/\/www.btv.md\/ro\/rusia-va-dezvolta-rachete-intercontinentale-cu-o-capacitate-nemaivazuta\/","url":"https:\/\/www.btv.md\/ro\/rusia-va-dezvolta-rachete-intercontinentale-cu-o-capacitate-nemaivazuta\/","name":"RUSIA VA DEZVOLTA RACHETE INTERCONTINENTALE CU O CAPACITATE NEMAIV\u0102ZUT\u0102 - BTV","isPartOf":{"@id":"https:\/\/www.btv.md\/#website"},"primaryImageOfPage":{"@id":"https:\/\/www.btv.md\/ro\/rusia-va-dezvolta-rachete-intercontinentale-cu-o-capacitate-nemaivazuta\/#primaryimage"},"image":{"@id":"https:\/\/www.btv.md\/ro\/rusia-va-dezvolta-rachete-intercontinentale-cu-o-capacitate-nemaivazuta\/#primaryimage"},"thumbnailUrl":"https:\/\/www.btv.md\/wp-content\/uploads\/2016\/05\/rachete-nucleare-ruse-ti.-foto-infoprut.jpg","datePublished":"2016-05-12T09:29:56+00:00","author":{"@id":"https:\/\/www.btv.md\/#\/schema\/person\/8fadce81561b3ce2c34c46dadc4ccbf2"},"inLanguage":"ro-RO","potentialAction":[{"@type":"ReadAction","target":["https:\/\/www.btv.md\/ro\/rusia-va-dezvolta-rachete-intercontinentale-cu-o-capacitate-nemaivazuta\/"]}]},{"@type":"ImageObject","inLanguage":"ro-RO","@id":"https:\/\/www.btv.md\/ro\/rusia-va-dezvolta-rachete-intercontinentale-cu-o-capacitate-nemaivazuta\/#primaryimage","url":"https:\/\/www.btv.md\/wp-content\/uploads\/2016\/05\/rachete-nucleare-ruse-ti.-foto-infoprut.jpg","contentUrl":"https:\/\/www.btv.md\/wp-content\/uploads\/2016\/05\/rachete-nucleare-ruse-ti.-foto-infoprut.jpg","width":640,"height":355,"caption":"militar.infomondo.ro"},{"@type":"WebSite","@id":"https:\/\/www.btv.md\/#website","url":"https:\/\/www.btv.md\/","name":"BTV","description":"\u0411\u0435\u043b\u044c\u0446\u043a\u043e\u0435 \u0442\u0435\u043b\u0435\u0432\u0438\u0434\u0435\u043d\u0438\u0435","potentialAction":[{"@type":"SearchAction","target":{"@type":"EntryPoint","urlTemplate":"https:\/\/www.btv.md\/?s={search_term_string}"},"query-input":{"@type":"PropertyValueSpecification","valueRequired":true,"valueName":"search_term_string"}}],"inLanguage":"ro-RO"},{"@type":"Person","@id":"https:\/\/www.btv.md\/#\/schema\/person\/8fadce81561b3ce2c34c46dadc4ccbf2","name":"admin"}]}},"_links":{"self":[{"href":"https:\/\/www.btv.md\/ro\/wp-json\/wp\/v2\/posts\/12445","targetHints":{"allow":["GET"]}}],"collection":[{"href":"https:\/\/www.btv.md\/ro\/wp-json\/wp\/v2\/posts"}],"about":[{"href":"https:\/\/www.btv.md\/ro\/wp-json\/wp\/v2\/types\/post"}],"author":[{"embeddable":true,"href":"https:\/\/www.btv.md\/ro\/wp-json\/wp\/v2\/users\/4"}],"replies":[{"embeddable":true,"href":"https:\/\/www.btv.md\/ro\/wp-json\/wp\/v2\/comments?post=12445"}],"version-history":[{"count":0,"href":"https:\/\/www.btv.md\/ro\/wp-json\/wp\/v2\/posts\/12445\/revisions"}],"wp:featuredmedia":[{"embeddable":true,"href":"https:\/\/www.btv.md\/ro\/wp-json\/wp\/v2\/media\/12446"}],"wp:attachment":[{"href":"https:\/\/www.btv.md\/ro\/wp-json\/wp\/v2\/media?parent=12445"}],"wp:term":[{"taxonomy":"category","embeddable":true,"href":"https:\/\/www.btv.md\/ro\/wp-json\/wp\/v2\/categories?post=12445"},{"taxonomy":"post_tag","embeddable":true,"href":"https:\/\/www.btv.md\/ro\/wp-json\/wp\/v2\/tags?post=12445"}],"curies":[{"name":"wp","href":"https:\/\/api.w.org\/{rel}","templated":true}]}}