{"id":12448,"date":"2016-05-12T12:33:50","date_gmt":"2016-05-12T09:33:50","guid":{"rendered":"http:\/\/btv.md\/?p=12448"},"modified":"2016-05-12T12:34:27","modified_gmt":"2016-05-12T09:34:27","slug":"vizita-dupa-70-de-ani-obama-va-merge-la-hiroshima","status":"publish","type":"post","link":"https:\/\/www.btv.md\/ro\/vizita-dupa-70-de-ani-obama-va-merge-la-hiroshima\/","title":{"rendered":"VIZIT\u0102  DUP\u0102  70  DE  ANI. OBAMA  VA   MERGE  LA  HIROSHIMA"},"content":{"rendered":"<p><strong>Pre\u0219edintele american Barack Obama va face o vizit\u0103 la Hiroshima luna aceasta, \u00een cadrul turneului s\u0103u \u00een Asia. Este primul pre\u0219edinte american care face acest lucru dup\u0103 ce ora\u0219ul japonez a fost lovit de o bomb\u0103 nuclear\u0103, \u00een 1945.<\/strong><\/p>\n<p>Bomba de la Hiroshima, din 6 august 1945, a ucis circa 140.000 de oameni.<\/p>\n<p>Pre\u0219edintele american va face o \u201evizit\u0103 istoric\u0103\u201d la Hiroshima al\u0103turi de premierul japonez Shinzo Abe, potrivit unei declara\u021bii de pres\u0103 a Casei Albe, citat\u0103 de BBC.<\/p>\n<p>Totu\u0219i SUA nu-\u0219i vor prezenta scuze pentru atacurile cu bombe atomice de la Hiroshima \u0219i Nagasaki, care au f\u0103cut sute de mii de victime \u0219i care au dus la sf\u00e2r\u0219itul celui de-al doilea r\u0103zoboi mondial.<\/p>\n<p>Secretarul de stat american, John Kerry, a devenit la jum\u0103tatea lunii aprilie oficialul american cu rangul cel mai \u00eenalt care a vizitat Hiroshima.<\/p>\n<p>Pre\u0219edintele Barack Obama va participa pe 26 \u0219i 27 mai, la Ise-Shima, un mic ora\u0219 din centrul arhipelagului, la summitul \u0219efilor de stat \u0219i de guvern din \u021b\u0103rile G7.<\/p>\n<p>sursa: <a href=\"http:\/\/www.digi24.ro\/\" target=\"_blank\">digi24.ro<\/a><\/p>\n","protected":false},"excerpt":{"rendered":"<p>Pre\u0219edintele american Barack Obama va face o vizit\u0103 la Hiroshima luna aceasta, \u00een cadrul turneului s\u0103u \u00een Asia. Este primul pre\u0219edinte american care face acest lucru dup\u0103 ce ora\u0219ul japonez a fost lovit de o bomb\u0103 nuclear\u0103, \u00een 1945. Bomba de la Hiroshima, din 6 august 1945, a ucis circa 140.000 de oameni. Pre\u0219edintele american [&hellip;]<\/p>\n","protected":false},"author":4,"featured_media":12449,"comment_status":"closed","ping_status":"closed","sticky":false,"template":"","format":"standard","meta":{"footnotes":""},"categories":[6354],"tags":[],"class_list":["post-12448","post","type-post","status-publish","format-standard","has-post-thumbnail","hentry","category-externe-ro"],"yoast_head":"<!-- This site is optimized with the Yoast SEO plugin v27.4 - https:\/\/yoast.com\/product\/yoast-seo-wordpress\/ -->\n<title>VIZIT\u0102 DUP\u0102 70 DE ANI. OBAMA VA  MERGE LA HIROSHIMA  - BTV<\/title>\n<meta name=\"robots\" content=\"index, follow, max-snippet:-1, max-image-preview:large, max-video-preview:-1\" \/>\n<link rel=\"canonical\" href=\"https:\/\/www.btv.md\/ro\/vizita-dupa-70-de-ani-obama-va-merge-la-hiroshima\/\" \/>\n<meta property=\"og:locale\" content=\"ro_RO\" \/>\n<meta property=\"og:type\" content=\"article\" \/>\n<meta property=\"og:title\" content=\"VIZIT\u0102 DUP\u0102 70 DE ANI. OBAMA VA  MERGE LA HIROSHIMA  - BTV\" \/>\n<meta property=\"og:description\" content=\"Pre\u0219edintele american Barack Obama va face o vizit\u0103 la Hiroshima luna aceasta, \u00een cadrul turneului s\u0103u \u00een Asia. Este primul pre\u0219edinte american care face acest lucru dup\u0103 ce ora\u0219ul japonez a fost lovit de o bomb\u0103 nuclear\u0103, \u00een 1945. Bomba de la Hiroshima, din 6 august 1945, a ucis circa 140.000 de oameni. Pre\u0219edintele american [&hellip;]\" \/>\n<meta property=\"og:url\" content=\"https:\/\/www.btv.md\/ro\/vizita-dupa-70-de-ani-obama-va-merge-la-hiroshima\/\" \/>\n<meta property=\"og:site_name\" content=\"BTV\" \/>\n<meta property=\"article:publisher\" content=\"https:\/\/www.facebook.com\/btvmoldova\/\" \/>\n<meta property=\"article:published_time\" content=\"2016-05-12T09:33:50+00:00\" \/>\n<meta property=\"article:modified_time\" content=\"2016-05-12T09:34:27+00:00\" \/>\n<meta property=\"og:image\" content=\"https:\/\/www.btv.md\/wp-content\/uploads\/2016\/05\/media_146288365406389100.jpg\" \/>\n\t<meta property=\"og:image:width\" content=\"620\" \/>\n\t<meta property=\"og:image:height\" content=\"413\" \/>\n\t<meta property=\"og:image:type\" content=\"image\/jpeg\" \/>\n<meta name=\"author\" content=\"admin\" \/>\n<meta name=\"twitter:label1\" content=\"Scris de\" \/>\n\t<meta name=\"twitter:data1\" content=\"admin\" \/>\n\t<meta name=\"twitter:label2\" content=\"Timp estimat pentru citire\" \/>\n\t<meta name=\"twitter:data2\" content=\"1 minut\" \/>\n<script type=\"application\/ld+json\" class=\"yoast-schema-graph\">{\"@context\":\"https:\\\/\\\/schema.org\",\"@graph\":[{\"@type\":\"Article\",\"@id\":\"https:\\\/\\\/www.btv.md\\\/ro\\\/vizita-dupa-70-de-ani-obama-va-merge-la-hiroshima\\\/#article\",\"isPartOf\":{\"@id\":\"https:\\\/\\\/www.btv.md\\\/ro\\\/vizita-dupa-70-de-ani-obama-va-merge-la-hiroshima\\\/\"},\"author\":{\"name\":\"admin\",\"@id\":\"https:\\\/\\\/www.btv.md\\\/#\\\/schema\\\/person\\\/8fadce81561b3ce2c34c46dadc4ccbf2\"},\"headline\":\"VIZIT\u0102 DUP\u0102 70 DE ANI. OBAMA VA MERGE LA HIROSHIMA\",\"datePublished\":\"2016-05-12T09:33:50+00:00\",\"dateModified\":\"2016-05-12T09:34:27+00:00\",\"mainEntityOfPage\":{\"@id\":\"https:\\\/\\\/www.btv.md\\\/ro\\\/vizita-dupa-70-de-ani-obama-va-merge-la-hiroshima\\\/\"},\"wordCount\":187,\"image\":{\"@id\":\"https:\\\/\\\/www.btv.md\\\/ro\\\/vizita-dupa-70-de-ani-obama-va-merge-la-hiroshima\\\/#primaryimage\"},\"thumbnailUrl\":\"https:\\\/\\\/www.btv.md\\\/wp-content\\\/uploads\\\/2016\\\/05\\\/media_146288365406389100.jpg\",\"articleSection\":[\"Externe\"],\"inLanguage\":\"ro-RO\"},{\"@type\":\"WebPage\",\"@id\":\"https:\\\/\\\/www.btv.md\\\/ro\\\/vizita-dupa-70-de-ani-obama-va-merge-la-hiroshima\\\/\",\"url\":\"https:\\\/\\\/www.btv.md\\\/ro\\\/vizita-dupa-70-de-ani-obama-va-merge-la-hiroshima\\\/\",\"name\":\"VIZIT\u0102 DUP\u0102 70 DE ANI. OBAMA VA MERGE LA HIROSHIMA - BTV\",\"isPartOf\":{\"@id\":\"https:\\\/\\\/www.btv.md\\\/#website\"},\"primaryImageOfPage\":{\"@id\":\"https:\\\/\\\/www.btv.md\\\/ro\\\/vizita-dupa-70-de-ani-obama-va-merge-la-hiroshima\\\/#primaryimage\"},\"image\":{\"@id\":\"https:\\\/\\\/www.btv.md\\\/ro\\\/vizita-dupa-70-de-ani-obama-va-merge-la-hiroshima\\\/#primaryimage\"},\"thumbnailUrl\":\"https:\\\/\\\/www.btv.md\\\/wp-content\\\/uploads\\\/2016\\\/05\\\/media_146288365406389100.jpg\",\"datePublished\":\"2016-05-12T09:33:50+00:00\",\"dateModified\":\"2016-05-12T09:34:27+00:00\",\"author\":{\"@id\":\"https:\\\/\\\/www.btv.md\\\/#\\\/schema\\\/person\\\/8fadce81561b3ce2c34c46dadc4ccbf2\"},\"inLanguage\":\"ro-RO\",\"potentialAction\":[{\"@type\":\"ReadAction\",\"target\":[\"https:\\\/\\\/www.btv.md\\\/ro\\\/vizita-dupa-70-de-ani-obama-va-merge-la-hiroshima\\\/\"]}]},{\"@type\":\"ImageObject\",\"inLanguage\":\"ro-RO\",\"@id\":\"https:\\\/\\\/www.btv.md\\\/ro\\\/vizita-dupa-70-de-ani-obama-va-merge-la-hiroshima\\\/#primaryimage\",\"url\":\"https:\\\/\\\/www.btv.md\\\/wp-content\\\/uploads\\\/2016\\\/05\\\/media_146288365406389100.jpg\",\"contentUrl\":\"https:\\\/\\\/www.btv.md\\\/wp-content\\\/uploads\\\/2016\\\/05\\\/media_146288365406389100.jpg\",\"width\":620,\"height\":413,\"caption\":\"www.realitatea.md\"},{\"@type\":\"WebSite\",\"@id\":\"https:\\\/\\\/www.btv.md\\\/#website\",\"url\":\"https:\\\/\\\/www.btv.md\\\/\",\"name\":\"BTV\",\"description\":\"\u0411\u0435\u043b\u044c\u0446\u043a\u043e\u0435 \u0442\u0435\u043b\u0435\u0432\u0438\u0434\u0435\u043d\u0438\u0435\",\"potentialAction\":[{\"@type\":\"SearchAction\",\"target\":{\"@type\":\"EntryPoint\",\"urlTemplate\":\"https:\\\/\\\/www.btv.md\\\/?s={search_term_string}\"},\"query-input\":{\"@type\":\"PropertyValueSpecification\",\"valueRequired\":true,\"valueName\":\"search_term_string\"}}],\"inLanguage\":\"ro-RO\"},{\"@type\":\"Person\",\"@id\":\"https:\\\/\\\/www.btv.md\\\/#\\\/schema\\\/person\\\/8fadce81561b3ce2c34c46dadc4ccbf2\",\"name\":\"admin\"}]}<\/script>\n<!-- \/ Yoast SEO plugin. -->","yoast_head_json":{"title":"VIZIT\u0102 DUP\u0102 70 DE ANI. OBAMA VA  MERGE LA HIROSHIMA  - BTV","robots":{"index":"index","follow":"follow","max-snippet":"max-snippet:-1","max-image-preview":"max-image-preview:large","max-video-preview":"max-video-preview:-1"},"canonical":"https:\/\/www.btv.md\/ro\/vizita-dupa-70-de-ani-obama-va-merge-la-hiroshima\/","og_locale":"ro_RO","og_type":"article","og_title":"VIZIT\u0102 DUP\u0102 70 DE ANI. OBAMA VA  MERGE LA HIROSHIMA  - BTV","og_description":"Pre\u0219edintele american Barack Obama va face o vizit\u0103 la Hiroshima luna aceasta, \u00een cadrul turneului s\u0103u \u00een Asia. Este primul pre\u0219edinte american care face acest lucru dup\u0103 ce ora\u0219ul japonez a fost lovit de o bomb\u0103 nuclear\u0103, \u00een 1945. Bomba de la Hiroshima, din 6 august 1945, a ucis circa 140.000 de oameni. Pre\u0219edintele american [&hellip;]","og_url":"https:\/\/www.btv.md\/ro\/vizita-dupa-70-de-ani-obama-va-merge-la-hiroshima\/","og_site_name":"BTV","article_publisher":"https:\/\/www.facebook.com\/btvmoldova\/","article_published_time":"2016-05-12T09:33:50+00:00","article_modified_time":"2016-05-12T09:34:27+00:00","og_image":[{"width":620,"height":413,"url":"https:\/\/www.btv.md\/wp-content\/uploads\/2016\/05\/media_146288365406389100.jpg","type":"image\/jpeg"}],"author":"admin","twitter_misc":{"Scris de":"admin","Timp estimat pentru citire":"1 minut"},"schema":{"@context":"https:\/\/schema.org","@graph":[{"@type":"Article","@id":"https:\/\/www.btv.md\/ro\/vizita-dupa-70-de-ani-obama-va-merge-la-hiroshima\/#article","isPartOf":{"@id":"https:\/\/www.btv.md\/ro\/vizita-dupa-70-de-ani-obama-va-merge-la-hiroshima\/"},"author":{"name":"admin","@id":"https:\/\/www.btv.md\/#\/schema\/person\/8fadce81561b3ce2c34c46dadc4ccbf2"},"headline":"VIZIT\u0102 DUP\u0102 70 DE ANI. OBAMA VA MERGE LA HIROSHIMA","datePublished":"2016-05-12T09:33:50+00:00","dateModified":"2016-05-12T09:34:27+00:00","mainEntityOfPage":{"@id":"https:\/\/www.btv.md\/ro\/vizita-dupa-70-de-ani-obama-va-merge-la-hiroshima\/"},"wordCount":187,"image":{"@id":"https:\/\/www.btv.md\/ro\/vizita-dupa-70-de-ani-obama-va-merge-la-hiroshima\/#primaryimage"},"thumbnailUrl":"https:\/\/www.btv.md\/wp-content\/uploads\/2016\/05\/media_146288365406389100.jpg","articleSection":["Externe"],"inLanguage":"ro-RO"},{"@type":"WebPage","@id":"https:\/\/www.btv.md\/ro\/vizita-dupa-70-de-ani-obama-va-merge-la-hiroshima\/","url":"https:\/\/www.btv.md\/ro\/vizita-dupa-70-de-ani-obama-va-merge-la-hiroshima\/","name":"VIZIT\u0102 DUP\u0102 70 DE ANI. OBAMA VA MERGE LA HIROSHIMA - BTV","isPartOf":{"@id":"https:\/\/www.btv.md\/#website"},"primaryImageOfPage":{"@id":"https:\/\/www.btv.md\/ro\/vizita-dupa-70-de-ani-obama-va-merge-la-hiroshima\/#primaryimage"},"image":{"@id":"https:\/\/www.btv.md\/ro\/vizita-dupa-70-de-ani-obama-va-merge-la-hiroshima\/#primaryimage"},"thumbnailUrl":"https:\/\/www.btv.md\/wp-content\/uploads\/2016\/05\/media_146288365406389100.jpg","datePublished":"2016-05-12T09:33:50+00:00","dateModified":"2016-05-12T09:34:27+00:00","author":{"@id":"https:\/\/www.btv.md\/#\/schema\/person\/8fadce81561b3ce2c34c46dadc4ccbf2"},"inLanguage":"ro-RO","potentialAction":[{"@type":"ReadAction","target":["https:\/\/www.btv.md\/ro\/vizita-dupa-70-de-ani-obama-va-merge-la-hiroshima\/"]}]},{"@type":"ImageObject","inLanguage":"ro-RO","@id":"https:\/\/www.btv.md\/ro\/vizita-dupa-70-de-ani-obama-va-merge-la-hiroshima\/#primaryimage","url":"https:\/\/www.btv.md\/wp-content\/uploads\/2016\/05\/media_146288365406389100.jpg","contentUrl":"https:\/\/www.btv.md\/wp-content\/uploads\/2016\/05\/media_146288365406389100.jpg","width":620,"height":413,"caption":"www.realitatea.md"},{"@type":"WebSite","@id":"https:\/\/www.btv.md\/#website","url":"https:\/\/www.btv.md\/","name":"BTV","description":"\u0411\u0435\u043b\u044c\u0446\u043a\u043e\u0435 \u0442\u0435\u043b\u0435\u0432\u0438\u0434\u0435\u043d\u0438\u0435","potentialAction":[{"@type":"SearchAction","target":{"@type":"EntryPoint","urlTemplate":"https:\/\/www.btv.md\/?s={search_term_string}"},"query-input":{"@type":"PropertyValueSpecification","valueRequired":true,"valueName":"search_term_string"}}],"inLanguage":"ro-RO"},{"@type":"Person","@id":"https:\/\/www.btv.md\/#\/schema\/person\/8fadce81561b3ce2c34c46dadc4ccbf2","name":"admin"}]}},"_links":{"self":[{"href":"https:\/\/www.btv.md\/ro\/wp-json\/wp\/v2\/posts\/12448","targetHints":{"allow":["GET"]}}],"collection":[{"href":"https:\/\/www.btv.md\/ro\/wp-json\/wp\/v2\/posts"}],"about":[{"href":"https:\/\/www.btv.md\/ro\/wp-json\/wp\/v2\/types\/post"}],"author":[{"embeddable":true,"href":"https:\/\/www.btv.md\/ro\/wp-json\/wp\/v2\/users\/4"}],"replies":[{"embeddable":true,"href":"https:\/\/www.btv.md\/ro\/wp-json\/wp\/v2\/comments?post=12448"}],"version-history":[{"count":0,"href":"https:\/\/www.btv.md\/ro\/wp-json\/wp\/v2\/posts\/12448\/revisions"}],"wp:featuredmedia":[{"embeddable":true,"href":"https:\/\/www.btv.md\/ro\/wp-json\/wp\/v2\/media\/12449"}],"wp:attachment":[{"href":"https:\/\/www.btv.md\/ro\/wp-json\/wp\/v2\/media?parent=12448"}],"wp:term":[{"taxonomy":"category","embeddable":true,"href":"https:\/\/www.btv.md\/ro\/wp-json\/wp\/v2\/categories?post=12448"},{"taxonomy":"post_tag","embeddable":true,"href":"https:\/\/www.btv.md\/ro\/wp-json\/wp\/v2\/tags?post=12448"}],"curies":[{"name":"wp","href":"https:\/\/api.w.org\/{rel}","templated":true}]}}