{"id":12452,"date":"2016-05-12T12:37:21","date_gmt":"2016-05-12T09:37:21","guid":{"rendered":"http:\/\/btv.md\/?p=12452"},"modified":"2016-05-12T12:37:21","modified_gmt":"2016-05-12T09:37:21","slug":"oferta-mondiala-de-zahar-va-fi-insuficienta-in-acest-an","status":"publish","type":"post","link":"https:\/\/www.btv.md\/ro\/oferta-mondiala-de-zahar-va-fi-insuficienta-in-acest-an\/","title":{"rendered":"OFERTA  MONDIAL\u0102  DE  ZAH\u0102R  VA  FI  INSUFICIENT\u0102  \u00ceN  ACEST  AN"},"content":{"rendered":"<p><strong>Pentru prima dat\u0103 \u00een ultimii cinci ani, oferta mondial\u0103 de zah\u0103r nu va fi suficient\u0103. Pe pie\u0163e, pre\u0163urile acestei materii prime dulci au crescut cu 25%, scrie ZF.ro.<\/strong><\/p>\n<p>Pe pie\u0163ele materiilor prime, experien\u0163a anului 2009 nu poate fi uitat\u0103. \u00cen acel an, din cauza produc\u0163iei insuficiente datorate fenomenului El Ni\u00f1o, India, cel mai mare consumator la nivel mondial \u015fi unul dintre cei mai mari produc\u0103tori, a fost nevoit\u0103 s\u0103 importe, ceea ce a \u00eempins pre\u0163ul zah\u0103rului la maximul ultimilor 30 de ani.<\/p>\n<p>De aceea, impactul fenomenului meteo reap\u0103rut \u00een vara anului trecut este urm\u0103rit \u00eendeaproape.<\/p>\n<p>India se confrunt\u0103 cu o secet\u0103 grav\u0103. El Ni\u00f1o a antrenat un muson puternic, iar numeroase culturi au fost afectate sau chiar distruse de lipsa precipita\u0163iilor. Trestia de zah\u0103r are nevoie de mult\u0103 ap\u0103 pentru a cre\u015fte. \u00cen cea mai mare regiune produ\u00acc\u0103\u00actoare, Maharashtra, produc\u0163ia este a\u015fteptat\u0103 s\u0103 scad\u0103 cu 40% \u00een perioada 2016-2017. India risc\u0103 s\u0103 \u00eenregistreze cea mai slab\u0103 recolt\u0103 din ultimii \u015fapte ani \u00een sezonul viitor, care \u00eencepe \u00een luna octombrie. Iar India nu este singurul produc\u0103tor de zah\u0103r afectat de El Ni\u00f1o: Thailanda \u015fi China ar urma s\u0103 se confrunte la r\u00e2ndul lor cu sc\u0103deri de produc\u0163ie \u00een acest an. Drept urmare, dup\u0103 cinci ani de excedente, pia\u0163a mondial\u0103 a zah\u0103rului va fi pe minus.<\/p>\n<p>Speciali\u015ftii \u015fi-au revizuit chiar \u00een cre\u015ftere estim\u0103rile de deficit \u00een mai multe r\u00e2nduri \u00een ultimele luni.<\/p>\n<p>Pe pie\u0163e, aceast\u0103 perspectiv\u0103 a propulsat pre\u0163urile zah\u0103rului. \u00cen perioada cuprins\u0103 \u00eentre sf\u00e2r\u015fitul lunii ianuarie \u015fi sf\u00e2r\u015fitul lunii aprilie, cota\u0163iile au avansat cu 25%.<\/p>\n<p>Totu\u015fi, potrivit unor speciali\u015fti, diminuarea produc\u0163iei din Asia ar putea fi compensat\u0103 \u00een parte de Brazilia. Cel mai mare produc\u0103tor \u015fi exportator mondial ar urma s\u0103-\u015fi majoreze produc\u0163ia de trestie, potrivit speciali\u015ftilor FCStone, \u00een special pentru c\u0103 \u00een aceast\u0103 regiune a globului El Nino a antrenat ploi abundente.<\/p>\n<p>sursa: <a href=\"http:\/\/www.zf.ro\/\" target=\"_blank\">zf.ro<\/a><\/p>\n","protected":false},"excerpt":{"rendered":"<p>Pentru prima dat\u0103 \u00een ultimii cinci ani, oferta mondial\u0103 de zah\u0103r nu va fi suficient\u0103. Pe pie\u0163e, pre\u0163urile acestei materii prime dulci au crescut cu 25%, scrie ZF.ro. Pe pie\u0163ele materiilor prime, experien\u0163a anului 2009 nu poate fi uitat\u0103. \u00cen acel an, din cauza produc\u0163iei insuficiente datorate fenomenului El Ni\u00f1o, India, cel mai mare consumator [&hellip;]<\/p>\n","protected":false},"author":4,"featured_media":12453,"comment_status":"closed","ping_status":"closed","sticky":false,"template":"","format":"standard","meta":{"footnotes":""},"categories":[14],"tags":[],"class_list":["post-12452","post","type-post","status-publish","format-standard","has-post-thumbnail","hentry","category-externe"],"yoast_head":"<!-- This site is optimized with the Yoast SEO plugin v27.4 - https:\/\/yoast.com\/product\/yoast-seo-wordpress\/ -->\n<title>OFERTA MONDIAL\u0102 DE ZAH\u0102R VA FI INSUFICIENT\u0102 \u00ceN ACEST AN - BTV<\/title>\n<meta name=\"robots\" content=\"index, follow, max-snippet:-1, max-image-preview:large, max-video-preview:-1\" \/>\n<link rel=\"canonical\" href=\"https:\/\/www.btv.md\/ro\/oferta-mondiala-de-zahar-va-fi-insuficienta-in-acest-an\/\" \/>\n<meta property=\"og:locale\" content=\"ro_RO\" \/>\n<meta property=\"og:type\" content=\"article\" \/>\n<meta property=\"og:title\" content=\"OFERTA MONDIAL\u0102 DE ZAH\u0102R VA FI INSUFICIENT\u0102 \u00ceN ACEST AN - BTV\" \/>\n<meta property=\"og:description\" content=\"Pentru prima dat\u0103 \u00een ultimii cinci ani, oferta mondial\u0103 de zah\u0103r nu va fi suficient\u0103. Pe pie\u0163e, pre\u0163urile acestei materii prime dulci au crescut cu 25%, scrie ZF.ro. Pe pie\u0163ele materiilor prime, experien\u0163a anului 2009 nu poate fi uitat\u0103. \u00cen acel an, din cauza produc\u0163iei insuficiente datorate fenomenului El Ni\u00f1o, India, cel mai mare consumator [&hellip;]\" \/>\n<meta property=\"og:url\" content=\"https:\/\/www.btv.md\/ro\/oferta-mondiala-de-zahar-va-fi-insuficienta-in-acest-an\/\" \/>\n<meta property=\"og:site_name\" content=\"BTV\" \/>\n<meta property=\"article:publisher\" content=\"https:\/\/www.facebook.com\/btvmoldova\/\" \/>\n<meta property=\"article:published_time\" content=\"2016-05-12T09:37:21+00:00\" \/>\n<meta property=\"og:image\" content=\"https:\/\/www.btv.md\/wp-content\/uploads\/2016\/05\/zahar.jpg\" \/>\n\t<meta property=\"og:image:width\" content=\"870\" \/>\n\t<meta property=\"og:image:height\" content=\"569\" \/>\n\t<meta property=\"og:image:type\" content=\"image\/jpeg\" \/>\n<meta name=\"author\" content=\"admin\" \/>\n<meta name=\"twitter:label1\" content=\"Scris de\" \/>\n\t<meta name=\"twitter:data1\" content=\"admin\" \/>\n\t<meta name=\"twitter:label2\" content=\"Timp estimat pentru citire\" \/>\n\t<meta name=\"twitter:data2\" content=\"2 minute\" \/>\n<script type=\"application\/ld+json\" class=\"yoast-schema-graph\">{\"@context\":\"https:\\\/\\\/schema.org\",\"@graph\":[{\"@type\":\"Article\",\"@id\":\"https:\\\/\\\/www.btv.md\\\/ro\\\/oferta-mondiala-de-zahar-va-fi-insuficienta-in-acest-an\\\/#article\",\"isPartOf\":{\"@id\":\"https:\\\/\\\/www.btv.md\\\/ro\\\/oferta-mondiala-de-zahar-va-fi-insuficienta-in-acest-an\\\/\"},\"author\":{\"name\":\"admin\",\"@id\":\"https:\\\/\\\/www.btv.md\\\/#\\\/schema\\\/person\\\/8fadce81561b3ce2c34c46dadc4ccbf2\"},\"headline\":\"OFERTA MONDIAL\u0102 DE ZAH\u0102R VA FI INSUFICIENT\u0102 \u00ceN ACEST AN\",\"datePublished\":\"2016-05-12T09:37:21+00:00\",\"mainEntityOfPage\":{\"@id\":\"https:\\\/\\\/www.btv.md\\\/ro\\\/oferta-mondiala-de-zahar-va-fi-insuficienta-in-acest-an\\\/\"},\"wordCount\":360,\"image\":{\"@id\":\"https:\\\/\\\/www.btv.md\\\/ro\\\/oferta-mondiala-de-zahar-va-fi-insuficienta-in-acest-an\\\/#primaryimage\"},\"thumbnailUrl\":\"https:\\\/\\\/www.btv.md\\\/wp-content\\\/uploads\\\/2016\\\/05\\\/zahar.jpg\",\"articleSection\":[\"\u0417\u0430\u0440\u0443\u0431\u0435\u0436\u043d\u044b\u0435\"],\"inLanguage\":\"ro-RO\"},{\"@type\":\"WebPage\",\"@id\":\"https:\\\/\\\/www.btv.md\\\/ro\\\/oferta-mondiala-de-zahar-va-fi-insuficienta-in-acest-an\\\/\",\"url\":\"https:\\\/\\\/www.btv.md\\\/ro\\\/oferta-mondiala-de-zahar-va-fi-insuficienta-in-acest-an\\\/\",\"name\":\"OFERTA MONDIAL\u0102 DE ZAH\u0102R VA FI INSUFICIENT\u0102 \u00ceN ACEST AN - BTV\",\"isPartOf\":{\"@id\":\"https:\\\/\\\/www.btv.md\\\/#website\"},\"primaryImageOfPage\":{\"@id\":\"https:\\\/\\\/www.btv.md\\\/ro\\\/oferta-mondiala-de-zahar-va-fi-insuficienta-in-acest-an\\\/#primaryimage\"},\"image\":{\"@id\":\"https:\\\/\\\/www.btv.md\\\/ro\\\/oferta-mondiala-de-zahar-va-fi-insuficienta-in-acest-an\\\/#primaryimage\"},\"thumbnailUrl\":\"https:\\\/\\\/www.btv.md\\\/wp-content\\\/uploads\\\/2016\\\/05\\\/zahar.jpg\",\"datePublished\":\"2016-05-12T09:37:21+00:00\",\"author\":{\"@id\":\"https:\\\/\\\/www.btv.md\\\/#\\\/schema\\\/person\\\/8fadce81561b3ce2c34c46dadc4ccbf2\"},\"inLanguage\":\"ro-RO\",\"potentialAction\":[{\"@type\":\"ReadAction\",\"target\":[\"https:\\\/\\\/www.btv.md\\\/ro\\\/oferta-mondiala-de-zahar-va-fi-insuficienta-in-acest-an\\\/\"]}]},{\"@type\":\"ImageObject\",\"inLanguage\":\"ro-RO\",\"@id\":\"https:\\\/\\\/www.btv.md\\\/ro\\\/oferta-mondiala-de-zahar-va-fi-insuficienta-in-acest-an\\\/#primaryimage\",\"url\":\"https:\\\/\\\/www.btv.md\\\/wp-content\\\/uploads\\\/2016\\\/05\\\/zahar.jpg\",\"contentUrl\":\"https:\\\/\\\/www.btv.md\\\/wp-content\\\/uploads\\\/2016\\\/05\\\/zahar.jpg\",\"width\":870,\"height\":569,\"caption\":\"www.paginadeagricultura.ro\"},{\"@type\":\"WebSite\",\"@id\":\"https:\\\/\\\/www.btv.md\\\/#website\",\"url\":\"https:\\\/\\\/www.btv.md\\\/\",\"name\":\"BTV\",\"description\":\"\u0411\u0435\u043b\u044c\u0446\u043a\u043e\u0435 \u0442\u0435\u043b\u0435\u0432\u0438\u0434\u0435\u043d\u0438\u0435\",\"potentialAction\":[{\"@type\":\"SearchAction\",\"target\":{\"@type\":\"EntryPoint\",\"urlTemplate\":\"https:\\\/\\\/www.btv.md\\\/?s={search_term_string}\"},\"query-input\":{\"@type\":\"PropertyValueSpecification\",\"valueRequired\":true,\"valueName\":\"search_term_string\"}}],\"inLanguage\":\"ro-RO\"},{\"@type\":\"Person\",\"@id\":\"https:\\\/\\\/www.btv.md\\\/#\\\/schema\\\/person\\\/8fadce81561b3ce2c34c46dadc4ccbf2\",\"name\":\"admin\"}]}<\/script>\n<!-- \/ Yoast SEO plugin. -->","yoast_head_json":{"title":"OFERTA MONDIAL\u0102 DE ZAH\u0102R VA FI INSUFICIENT\u0102 \u00ceN ACEST AN - BTV","robots":{"index":"index","follow":"follow","max-snippet":"max-snippet:-1","max-image-preview":"max-image-preview:large","max-video-preview":"max-video-preview:-1"},"canonical":"https:\/\/www.btv.md\/ro\/oferta-mondiala-de-zahar-va-fi-insuficienta-in-acest-an\/","og_locale":"ro_RO","og_type":"article","og_title":"OFERTA MONDIAL\u0102 DE ZAH\u0102R VA FI INSUFICIENT\u0102 \u00ceN ACEST AN - BTV","og_description":"Pentru prima dat\u0103 \u00een ultimii cinci ani, oferta mondial\u0103 de zah\u0103r nu va fi suficient\u0103. Pe pie\u0163e, pre\u0163urile acestei materii prime dulci au crescut cu 25%, scrie ZF.ro. Pe pie\u0163ele materiilor prime, experien\u0163a anului 2009 nu poate fi uitat\u0103. \u00cen acel an, din cauza produc\u0163iei insuficiente datorate fenomenului El Ni\u00f1o, India, cel mai mare consumator [&hellip;]","og_url":"https:\/\/www.btv.md\/ro\/oferta-mondiala-de-zahar-va-fi-insuficienta-in-acest-an\/","og_site_name":"BTV","article_publisher":"https:\/\/www.facebook.com\/btvmoldova\/","article_published_time":"2016-05-12T09:37:21+00:00","og_image":[{"width":870,"height":569,"url":"https:\/\/www.btv.md\/wp-content\/uploads\/2016\/05\/zahar.jpg","type":"image\/jpeg"}],"author":"admin","twitter_misc":{"Scris de":"admin","Timp estimat pentru citire":"2 minute"},"schema":{"@context":"https:\/\/schema.org","@graph":[{"@type":"Article","@id":"https:\/\/www.btv.md\/ro\/oferta-mondiala-de-zahar-va-fi-insuficienta-in-acest-an\/#article","isPartOf":{"@id":"https:\/\/www.btv.md\/ro\/oferta-mondiala-de-zahar-va-fi-insuficienta-in-acest-an\/"},"author":{"name":"admin","@id":"https:\/\/www.btv.md\/#\/schema\/person\/8fadce81561b3ce2c34c46dadc4ccbf2"},"headline":"OFERTA MONDIAL\u0102 DE ZAH\u0102R VA FI INSUFICIENT\u0102 \u00ceN ACEST AN","datePublished":"2016-05-12T09:37:21+00:00","mainEntityOfPage":{"@id":"https:\/\/www.btv.md\/ro\/oferta-mondiala-de-zahar-va-fi-insuficienta-in-acest-an\/"},"wordCount":360,"image":{"@id":"https:\/\/www.btv.md\/ro\/oferta-mondiala-de-zahar-va-fi-insuficienta-in-acest-an\/#primaryimage"},"thumbnailUrl":"https:\/\/www.btv.md\/wp-content\/uploads\/2016\/05\/zahar.jpg","articleSection":["\u0417\u0430\u0440\u0443\u0431\u0435\u0436\u043d\u044b\u0435"],"inLanguage":"ro-RO"},{"@type":"WebPage","@id":"https:\/\/www.btv.md\/ro\/oferta-mondiala-de-zahar-va-fi-insuficienta-in-acest-an\/","url":"https:\/\/www.btv.md\/ro\/oferta-mondiala-de-zahar-va-fi-insuficienta-in-acest-an\/","name":"OFERTA MONDIAL\u0102 DE ZAH\u0102R VA FI INSUFICIENT\u0102 \u00ceN ACEST AN - BTV","isPartOf":{"@id":"https:\/\/www.btv.md\/#website"},"primaryImageOfPage":{"@id":"https:\/\/www.btv.md\/ro\/oferta-mondiala-de-zahar-va-fi-insuficienta-in-acest-an\/#primaryimage"},"image":{"@id":"https:\/\/www.btv.md\/ro\/oferta-mondiala-de-zahar-va-fi-insuficienta-in-acest-an\/#primaryimage"},"thumbnailUrl":"https:\/\/www.btv.md\/wp-content\/uploads\/2016\/05\/zahar.jpg","datePublished":"2016-05-12T09:37:21+00:00","author":{"@id":"https:\/\/www.btv.md\/#\/schema\/person\/8fadce81561b3ce2c34c46dadc4ccbf2"},"inLanguage":"ro-RO","potentialAction":[{"@type":"ReadAction","target":["https:\/\/www.btv.md\/ro\/oferta-mondiala-de-zahar-va-fi-insuficienta-in-acest-an\/"]}]},{"@type":"ImageObject","inLanguage":"ro-RO","@id":"https:\/\/www.btv.md\/ro\/oferta-mondiala-de-zahar-va-fi-insuficienta-in-acest-an\/#primaryimage","url":"https:\/\/www.btv.md\/wp-content\/uploads\/2016\/05\/zahar.jpg","contentUrl":"https:\/\/www.btv.md\/wp-content\/uploads\/2016\/05\/zahar.jpg","width":870,"height":569,"caption":"www.paginadeagricultura.ro"},{"@type":"WebSite","@id":"https:\/\/www.btv.md\/#website","url":"https:\/\/www.btv.md\/","name":"BTV","description":"\u0411\u0435\u043b\u044c\u0446\u043a\u043e\u0435 \u0442\u0435\u043b\u0435\u0432\u0438\u0434\u0435\u043d\u0438\u0435","potentialAction":[{"@type":"SearchAction","target":{"@type":"EntryPoint","urlTemplate":"https:\/\/www.btv.md\/?s={search_term_string}"},"query-input":{"@type":"PropertyValueSpecification","valueRequired":true,"valueName":"search_term_string"}}],"inLanguage":"ro-RO"},{"@type":"Person","@id":"https:\/\/www.btv.md\/#\/schema\/person\/8fadce81561b3ce2c34c46dadc4ccbf2","name":"admin"}]}},"_links":{"self":[{"href":"https:\/\/www.btv.md\/ro\/wp-json\/wp\/v2\/posts\/12452","targetHints":{"allow":["GET"]}}],"collection":[{"href":"https:\/\/www.btv.md\/ro\/wp-json\/wp\/v2\/posts"}],"about":[{"href":"https:\/\/www.btv.md\/ro\/wp-json\/wp\/v2\/types\/post"}],"author":[{"embeddable":true,"href":"https:\/\/www.btv.md\/ro\/wp-json\/wp\/v2\/users\/4"}],"replies":[{"embeddable":true,"href":"https:\/\/www.btv.md\/ro\/wp-json\/wp\/v2\/comments?post=12452"}],"version-history":[{"count":0,"href":"https:\/\/www.btv.md\/ro\/wp-json\/wp\/v2\/posts\/12452\/revisions"}],"wp:featuredmedia":[{"embeddable":true,"href":"https:\/\/www.btv.md\/ro\/wp-json\/wp\/v2\/media\/12453"}],"wp:attachment":[{"href":"https:\/\/www.btv.md\/ro\/wp-json\/wp\/v2\/media?parent=12452"}],"wp:term":[{"taxonomy":"category","embeddable":true,"href":"https:\/\/www.btv.md\/ro\/wp-json\/wp\/v2\/categories?post=12452"},{"taxonomy":"post_tag","embeddable":true,"href":"https:\/\/www.btv.md\/ro\/wp-json\/wp\/v2\/tags?post=12452"}],"curies":[{"name":"wp","href":"https:\/\/api.w.org\/{rel}","templated":true}]}}