{"id":12462,"date":"2016-05-12T13:18:13","date_gmt":"2016-05-12T10:18:13","guid":{"rendered":"http:\/\/btv.md\/?p=12462"},"modified":"2016-05-12T13:18:13","modified_gmt":"2016-05-12T10:18:13","slug":"berd-este-gata-sa-implementeze-noi-proiecte-in-moldova","status":"publish","type":"post","link":"https:\/\/www.btv.md\/ro\/berd-este-gata-sa-implementeze-noi-proiecte-in-moldova\/","title":{"rendered":"BERD  ESTE  GATA  S\u0102  IMPLEMENTEZE  NOI  PROIECTE  \u00ceN  MOLDOVA"},"content":{"rendered":"<p><strong>Banca European\u0103 pentru Reconstruc\u021bie \u0219i Dezvoltare (BERD) este interesat\u0103 \u00een dezvoltarea rela\u021biilor de cooperare cu Republica Moldova pe toate dimensiunile, inclusiv prin sus\u021binerea unor proiecte investi\u021bionale.<\/strong><\/p>\n<p>Declara\u021bia a fost f\u0103cut\u0103  la Londra de Sir Suma Chakrabarti, pre\u0219edintele BERD, \u00een cadrul unei \u00eentrevederi de lucru cu viceprim-ministrul Octavian Calm\u00eec, ministru al Economiei, care, \u00een perioada 10-12 mai curent, particip\u0103 la Reuniunea anual\u0103 a Consiliului Guvernatorilor BERD, relateaz\u0103 <a href=\"http:\/\/www.noi.md\/md\/news_id\/83979\" target=\"_blank\">noi.md<\/a>.<\/p>\n<p>\u00cen cadrul dialogului cu delega\u021bia Republicii Moldova, pre\u0219edintele BERD a men\u021bionat c\u0103 institu\u021bia urm\u0103re\u0219te evolu\u021bia evenimentelor din \u021bara noastr\u0103 dup\u0103 investirea noului guvern \u0219i a salutat eforturile autorit\u0103\u021bilor centrale \u00eendreptate spre implementarea unor reforme eficiente \u00een toate domeniile social-economice.<\/p>\n<p>Pre\u0219edintele BERD a specificat c\u0103 ac\u021biunile autorit\u0103\u021bilor de la Chi\u0219in\u0103u dau primele semnale pozitive de stabilizare \u0219i, \u00een aceste condi\u021bii, Banca European\u0103 pentru Reconstruc\u021bie \u0219i Dezvoltare este cointeresat\u0103 \u00eentr-un dialog constructiv de lung\u0103 durat\u0103 cu Republica Moldova pe toate dimensiunile, inclusiv sectoarele bancar, energetic, drumuri, infrastructur\u0103 etc. Ultima ini\u021biativa este gestionarea fondurilor europene pentru implementarea DCFTA \u0219i sus\u021binerea financiar\u0103 a sectorul privat.<\/p>\n<p>La r\u00eendul s\u0103u, Octavian Calm\u00eec a vorbit despre politicile promovate de Guvernul Republicii Moldova \u00een direc\u021bia dep\u0103\u0219irii situa\u021biei social-economice din \u021bar\u0103, precum \u0219i despre strategiile de perspectiv\u0103 ce urmeaz\u0103 a fi implementate. \u00cen context, Octavian Calm\u00eec a men\u021bionat c\u0103 Guvernul a reu\u0219it s\u0103 implementeze un set \u00eentreg de proiecte sociale, care, \u00eentr-un final, au permis mic\u0219orarea tarifelor pentru consumatorii finali la energia electric\u0103, gaze naturale, au fost indexate pensiile etc.<\/p>\n<p>De la \u00eenceputul activit\u0103\u021bii sale \u00een Republica Moldova, din 2005, BERD a finan\u021bat 110 proiecte, \u00een economia moldoveneasc\u0103 fiind investi\u021bi peste un miliard de euro. Portofoliul actual al BERD constituie  peste 400 de milioane euro, aloca\u021bi pentru infrastructur\u0103 (74%), institu\u021biile financiare (11%), industrie, comer\u021b \u0219i agrobusiness (10%), sectorul energetic (5%).<\/p>\n","protected":false},"excerpt":{"rendered":"<p>Banca European\u0103 pentru Reconstruc\u021bie \u0219i Dezvoltare (BERD) este interesat\u0103 \u00een dezvoltarea rela\u021biilor de cooperare cu Republica Moldova pe toate dimensiunile, inclusiv prin sus\u021binerea unor proiecte investi\u021bionale. Declara\u021bia a fost f\u0103cut\u0103 la Londra de Sir Suma Chakrabarti, pre\u0219edintele BERD, \u00een cadrul unei \u00eentrevederi de lucru cu viceprim-ministrul Octavian Calm\u00eec, ministru al Economiei, care, \u00een perioada 10-12 [&hellip;]<\/p>\n","protected":false},"author":4,"featured_media":12463,"comment_status":"closed","ping_status":"closed","sticky":false,"template":"","format":"standard","meta":{"footnotes":""},"categories":[7],"tags":[],"class_list":["post-12462","post","type-post","status-publish","format-standard","has-post-thumbnail","hentry","category-economie"],"yoast_head":"<!-- This site is optimized with the Yoast SEO plugin v27.4 - https:\/\/yoast.com\/product\/yoast-seo-wordpress\/ -->\n<title>BERD ESTE GATA S\u0102 IMPLEMENTEZE NOI PROIECTE \u00ceN MOLDOVA - BTV<\/title>\n<meta name=\"robots\" content=\"index, follow, max-snippet:-1, max-image-preview:large, max-video-preview:-1\" \/>\n<link rel=\"canonical\" href=\"https:\/\/www.btv.md\/ro\/berd-este-gata-sa-implementeze-noi-proiecte-in-moldova\/\" \/>\n<meta property=\"og:locale\" content=\"ro_RO\" \/>\n<meta property=\"og:type\" content=\"article\" \/>\n<meta property=\"og:title\" content=\"BERD ESTE GATA S\u0102 IMPLEMENTEZE NOI PROIECTE \u00ceN MOLDOVA - BTV\" \/>\n<meta property=\"og:description\" content=\"Banca European\u0103 pentru Reconstruc\u021bie \u0219i Dezvoltare (BERD) este interesat\u0103 \u00een dezvoltarea rela\u021biilor de cooperare cu Republica Moldova pe toate dimensiunile, inclusiv prin sus\u021binerea unor proiecte investi\u021bionale. Declara\u021bia a fost f\u0103cut\u0103 la Londra de Sir Suma Chakrabarti, pre\u0219edintele BERD, \u00een cadrul unei \u00eentrevederi de lucru cu viceprim-ministrul Octavian Calm\u00eec, ministru al Economiei, care, \u00een perioada 10-12 [&hellip;]\" \/>\n<meta property=\"og:url\" content=\"https:\/\/www.btv.md\/ro\/berd-este-gata-sa-implementeze-noi-proiecte-in-moldova\/\" \/>\n<meta property=\"og:site_name\" content=\"BTV\" \/>\n<meta property=\"article:publisher\" content=\"https:\/\/www.facebook.com\/btvmoldova\/\" \/>\n<meta property=\"article:published_time\" content=\"2016-05-12T10:18:13+00:00\" \/>\n<meta property=\"og:image\" content=\"https:\/\/www.btv.md\/wp-content\/uploads\/2016\/05\/2016berd-465x215.jpg\" \/>\n\t<meta property=\"og:image:width\" content=\"452\" \/>\n\t<meta property=\"og:image:height\" content=\"302\" \/>\n\t<meta property=\"og:image:type\" content=\"image\/jpeg\" \/>\n<meta name=\"author\" content=\"admin\" \/>\n<meta name=\"twitter:label1\" content=\"Scris de\" \/>\n\t<meta name=\"twitter:data1\" content=\"admin\" \/>\n\t<meta name=\"twitter:label2\" content=\"Timp estimat pentru citire\" \/>\n\t<meta name=\"twitter:data2\" content=\"2 minute\" \/>\n<script type=\"application\/ld+json\" class=\"yoast-schema-graph\">{\"@context\":\"https:\\\/\\\/schema.org\",\"@graph\":[{\"@type\":\"Article\",\"@id\":\"https:\\\/\\\/www.btv.md\\\/ro\\\/berd-este-gata-sa-implementeze-noi-proiecte-in-moldova\\\/#article\",\"isPartOf\":{\"@id\":\"https:\\\/\\\/www.btv.md\\\/ro\\\/berd-este-gata-sa-implementeze-noi-proiecte-in-moldova\\\/\"},\"author\":{\"name\":\"admin\",\"@id\":\"https:\\\/\\\/www.btv.md\\\/#\\\/schema\\\/person\\\/8fadce81561b3ce2c34c46dadc4ccbf2\"},\"headline\":\"BERD ESTE GATA S\u0102 IMPLEMENTEZE NOI PROIECTE \u00ceN MOLDOVA\",\"datePublished\":\"2016-05-12T10:18:13+00:00\",\"mainEntityOfPage\":{\"@id\":\"https:\\\/\\\/www.btv.md\\\/ro\\\/berd-este-gata-sa-implementeze-noi-proiecte-in-moldova\\\/\"},\"wordCount\":331,\"image\":{\"@id\":\"https:\\\/\\\/www.btv.md\\\/ro\\\/berd-este-gata-sa-implementeze-noi-proiecte-in-moldova\\\/#primaryimage\"},\"thumbnailUrl\":\"https:\\\/\\\/www.btv.md\\\/wp-content\\\/uploads\\\/2016\\\/05\\\/2016berd-465x215.jpg\",\"articleSection\":[\"\u042d\u043a\u043e\u043d\u043e\u043c\u0438\u043a\u0430\"],\"inLanguage\":\"ro-RO\"},{\"@type\":\"WebPage\",\"@id\":\"https:\\\/\\\/www.btv.md\\\/ro\\\/berd-este-gata-sa-implementeze-noi-proiecte-in-moldova\\\/\",\"url\":\"https:\\\/\\\/www.btv.md\\\/ro\\\/berd-este-gata-sa-implementeze-noi-proiecte-in-moldova\\\/\",\"name\":\"BERD ESTE GATA S\u0102 IMPLEMENTEZE NOI PROIECTE \u00ceN MOLDOVA - BTV\",\"isPartOf\":{\"@id\":\"https:\\\/\\\/www.btv.md\\\/#website\"},\"primaryImageOfPage\":{\"@id\":\"https:\\\/\\\/www.btv.md\\\/ro\\\/berd-este-gata-sa-implementeze-noi-proiecte-in-moldova\\\/#primaryimage\"},\"image\":{\"@id\":\"https:\\\/\\\/www.btv.md\\\/ro\\\/berd-este-gata-sa-implementeze-noi-proiecte-in-moldova\\\/#primaryimage\"},\"thumbnailUrl\":\"https:\\\/\\\/www.btv.md\\\/wp-content\\\/uploads\\\/2016\\\/05\\\/2016berd-465x215.jpg\",\"datePublished\":\"2016-05-12T10:18:13+00:00\",\"author\":{\"@id\":\"https:\\\/\\\/www.btv.md\\\/#\\\/schema\\\/person\\\/8fadce81561b3ce2c34c46dadc4ccbf2\"},\"inLanguage\":\"ro-RO\",\"potentialAction\":[{\"@type\":\"ReadAction\",\"target\":[\"https:\\\/\\\/www.btv.md\\\/ro\\\/berd-este-gata-sa-implementeze-noi-proiecte-in-moldova\\\/\"]}]},{\"@type\":\"ImageObject\",\"inLanguage\":\"ro-RO\",\"@id\":\"https:\\\/\\\/www.btv.md\\\/ro\\\/berd-este-gata-sa-implementeze-noi-proiecte-in-moldova\\\/#primaryimage\",\"url\":\"https:\\\/\\\/www.btv.md\\\/wp-content\\\/uploads\\\/2016\\\/05\\\/2016berd-465x215.jpg\",\"contentUrl\":\"https:\\\/\\\/www.btv.md\\\/wp-content\\\/uploads\\\/2016\\\/05\\\/2016berd-465x215.jpg\",\"width\":452,\"height\":302,\"caption\":\"www.capital.ro\"},{\"@type\":\"WebSite\",\"@id\":\"https:\\\/\\\/www.btv.md\\\/#website\",\"url\":\"https:\\\/\\\/www.btv.md\\\/\",\"name\":\"BTV\",\"description\":\"\u0411\u0435\u043b\u044c\u0446\u043a\u043e\u0435 \u0442\u0435\u043b\u0435\u0432\u0438\u0434\u0435\u043d\u0438\u0435\",\"potentialAction\":[{\"@type\":\"SearchAction\",\"target\":{\"@type\":\"EntryPoint\",\"urlTemplate\":\"https:\\\/\\\/www.btv.md\\\/?s={search_term_string}\"},\"query-input\":{\"@type\":\"PropertyValueSpecification\",\"valueRequired\":true,\"valueName\":\"search_term_string\"}}],\"inLanguage\":\"ro-RO\"},{\"@type\":\"Person\",\"@id\":\"https:\\\/\\\/www.btv.md\\\/#\\\/schema\\\/person\\\/8fadce81561b3ce2c34c46dadc4ccbf2\",\"name\":\"admin\"}]}<\/script>\n<!-- \/ Yoast SEO plugin. -->","yoast_head_json":{"title":"BERD ESTE GATA S\u0102 IMPLEMENTEZE NOI PROIECTE \u00ceN MOLDOVA - BTV","robots":{"index":"index","follow":"follow","max-snippet":"max-snippet:-1","max-image-preview":"max-image-preview:large","max-video-preview":"max-video-preview:-1"},"canonical":"https:\/\/www.btv.md\/ro\/berd-este-gata-sa-implementeze-noi-proiecte-in-moldova\/","og_locale":"ro_RO","og_type":"article","og_title":"BERD ESTE GATA S\u0102 IMPLEMENTEZE NOI PROIECTE \u00ceN MOLDOVA - BTV","og_description":"Banca European\u0103 pentru Reconstruc\u021bie \u0219i Dezvoltare (BERD) este interesat\u0103 \u00een dezvoltarea rela\u021biilor de cooperare cu Republica Moldova pe toate dimensiunile, inclusiv prin sus\u021binerea unor proiecte investi\u021bionale. Declara\u021bia a fost f\u0103cut\u0103 la Londra de Sir Suma Chakrabarti, pre\u0219edintele BERD, \u00een cadrul unei \u00eentrevederi de lucru cu viceprim-ministrul Octavian Calm\u00eec, ministru al Economiei, care, \u00een perioada 10-12 [&hellip;]","og_url":"https:\/\/www.btv.md\/ro\/berd-este-gata-sa-implementeze-noi-proiecte-in-moldova\/","og_site_name":"BTV","article_publisher":"https:\/\/www.facebook.com\/btvmoldova\/","article_published_time":"2016-05-12T10:18:13+00:00","og_image":[{"width":452,"height":302,"url":"https:\/\/www.btv.md\/wp-content\/uploads\/2016\/05\/2016berd-465x215.jpg","type":"image\/jpeg"}],"author":"admin","twitter_misc":{"Scris de":"admin","Timp estimat pentru citire":"2 minute"},"schema":{"@context":"https:\/\/schema.org","@graph":[{"@type":"Article","@id":"https:\/\/www.btv.md\/ro\/berd-este-gata-sa-implementeze-noi-proiecte-in-moldova\/#article","isPartOf":{"@id":"https:\/\/www.btv.md\/ro\/berd-este-gata-sa-implementeze-noi-proiecte-in-moldova\/"},"author":{"name":"admin","@id":"https:\/\/www.btv.md\/#\/schema\/person\/8fadce81561b3ce2c34c46dadc4ccbf2"},"headline":"BERD ESTE GATA S\u0102 IMPLEMENTEZE NOI PROIECTE \u00ceN MOLDOVA","datePublished":"2016-05-12T10:18:13+00:00","mainEntityOfPage":{"@id":"https:\/\/www.btv.md\/ro\/berd-este-gata-sa-implementeze-noi-proiecte-in-moldova\/"},"wordCount":331,"image":{"@id":"https:\/\/www.btv.md\/ro\/berd-este-gata-sa-implementeze-noi-proiecte-in-moldova\/#primaryimage"},"thumbnailUrl":"https:\/\/www.btv.md\/wp-content\/uploads\/2016\/05\/2016berd-465x215.jpg","articleSection":["\u042d\u043a\u043e\u043d\u043e\u043c\u0438\u043a\u0430"],"inLanguage":"ro-RO"},{"@type":"WebPage","@id":"https:\/\/www.btv.md\/ro\/berd-este-gata-sa-implementeze-noi-proiecte-in-moldova\/","url":"https:\/\/www.btv.md\/ro\/berd-este-gata-sa-implementeze-noi-proiecte-in-moldova\/","name":"BERD ESTE GATA S\u0102 IMPLEMENTEZE NOI PROIECTE \u00ceN MOLDOVA - BTV","isPartOf":{"@id":"https:\/\/www.btv.md\/#website"},"primaryImageOfPage":{"@id":"https:\/\/www.btv.md\/ro\/berd-este-gata-sa-implementeze-noi-proiecte-in-moldova\/#primaryimage"},"image":{"@id":"https:\/\/www.btv.md\/ro\/berd-este-gata-sa-implementeze-noi-proiecte-in-moldova\/#primaryimage"},"thumbnailUrl":"https:\/\/www.btv.md\/wp-content\/uploads\/2016\/05\/2016berd-465x215.jpg","datePublished":"2016-05-12T10:18:13+00:00","author":{"@id":"https:\/\/www.btv.md\/#\/schema\/person\/8fadce81561b3ce2c34c46dadc4ccbf2"},"inLanguage":"ro-RO","potentialAction":[{"@type":"ReadAction","target":["https:\/\/www.btv.md\/ro\/berd-este-gata-sa-implementeze-noi-proiecte-in-moldova\/"]}]},{"@type":"ImageObject","inLanguage":"ro-RO","@id":"https:\/\/www.btv.md\/ro\/berd-este-gata-sa-implementeze-noi-proiecte-in-moldova\/#primaryimage","url":"https:\/\/www.btv.md\/wp-content\/uploads\/2016\/05\/2016berd-465x215.jpg","contentUrl":"https:\/\/www.btv.md\/wp-content\/uploads\/2016\/05\/2016berd-465x215.jpg","width":452,"height":302,"caption":"www.capital.ro"},{"@type":"WebSite","@id":"https:\/\/www.btv.md\/#website","url":"https:\/\/www.btv.md\/","name":"BTV","description":"\u0411\u0435\u043b\u044c\u0446\u043a\u043e\u0435 \u0442\u0435\u043b\u0435\u0432\u0438\u0434\u0435\u043d\u0438\u0435","potentialAction":[{"@type":"SearchAction","target":{"@type":"EntryPoint","urlTemplate":"https:\/\/www.btv.md\/?s={search_term_string}"},"query-input":{"@type":"PropertyValueSpecification","valueRequired":true,"valueName":"search_term_string"}}],"inLanguage":"ro-RO"},{"@type":"Person","@id":"https:\/\/www.btv.md\/#\/schema\/person\/8fadce81561b3ce2c34c46dadc4ccbf2","name":"admin"}]}},"_links":{"self":[{"href":"https:\/\/www.btv.md\/ro\/wp-json\/wp\/v2\/posts\/12462","targetHints":{"allow":["GET"]}}],"collection":[{"href":"https:\/\/www.btv.md\/ro\/wp-json\/wp\/v2\/posts"}],"about":[{"href":"https:\/\/www.btv.md\/ro\/wp-json\/wp\/v2\/types\/post"}],"author":[{"embeddable":true,"href":"https:\/\/www.btv.md\/ro\/wp-json\/wp\/v2\/users\/4"}],"replies":[{"embeddable":true,"href":"https:\/\/www.btv.md\/ro\/wp-json\/wp\/v2\/comments?post=12462"}],"version-history":[{"count":0,"href":"https:\/\/www.btv.md\/ro\/wp-json\/wp\/v2\/posts\/12462\/revisions"}],"wp:featuredmedia":[{"embeddable":true,"href":"https:\/\/www.btv.md\/ro\/wp-json\/wp\/v2\/media\/12463"}],"wp:attachment":[{"href":"https:\/\/www.btv.md\/ro\/wp-json\/wp\/v2\/media?parent=12462"}],"wp:term":[{"taxonomy":"category","embeddable":true,"href":"https:\/\/www.btv.md\/ro\/wp-json\/wp\/v2\/categories?post=12462"},{"taxonomy":"post_tag","embeddable":true,"href":"https:\/\/www.btv.md\/ro\/wp-json\/wp\/v2\/tags?post=12462"}],"curies":[{"name":"wp","href":"https:\/\/api.w.org\/{rel}","templated":true}]}}