{"id":12478,"date":"2016-05-12T14:02:10","date_gmt":"2016-05-12T11:02:10","guid":{"rendered":"http:\/\/btv.md\/?p=12478"},"modified":"2016-05-12T14:02:10","modified_gmt":"2016-05-12T11:02:10","slug":"dse-cauta-pompieri-voluntari-dupa-modelul-austriac","status":"publish","type":"post","link":"https:\/\/www.btv.md\/ro\/dse-cauta-pompieri-voluntari-dupa-modelul-austriac\/","title":{"rendered":"DSE  CAUT\u0102 POMPIERI  VOLUNTARI  DUP\u0102  MODELUL  AUSTRIAC"},"content":{"rendered":"<p><strong>Exper\u0163ii din Austria au fost curio\u015fi s\u0103 afle despre felul cum pot fi motiva\u0163ii moldovenii s\u0103 devin\u0103 voluntari \u00een localit\u0103\u0163ile de ba\u015ftin\u0103. Schimbul de opinii a avut loc \u00een cadrul unui atelier de lucru desf\u0103\u015furat ieri la Deta\u015famentul Salvare Deblocare nr.1 din mun. Chi\u015fin\u0103u \u00eentre reprezentan\u0163ii austrieci, salvatorii profesioni\u015fti din cadrul Serviciului Situa\u0163ii Excep\u0163ionale, dar \u015fi reprezentan\u0163ii autorit\u0103\u0163ilor publice locale, scrie <a href=\"http:\/\/today.md\/ro\/news\/social\/7990\/Direc%C8%9Bia-Situa%C8%9Biilor-Excep%C8%9Bionale-caut%C4%83-pompieri-voluntari-dup%C4%83-modelul-austriac.htm\" target=\"_blank\">today.md<\/a>.<\/strong><\/p>\n<p>Autorit\u0103\u0163ile din localit\u0103\u0163ile S\u0103rata Veche raionul F\u0103le\u015fti \u015fi Sipoteni, raionul C\u0103l\u0103ra\u015fi au dat asigur\u0103ri c\u0103 instituirea forma\u0163iunilor de voluntariat \u00een r\u00e2ndul tinerilor este o prioritate \u00een asigurarea securit\u0103\u0163ii cet\u0103\u0163enilor. Mai mult, pentru sus\u0163inerea ideii nobile exper\u0163ii austrieci vor veni cu dona\u0163ii pentru localit\u0103\u0163ile \u0163\u0103rii noastre, unde autorit\u0103\u0163ile vor depune eforturi pentru implementarea proiectului.<\/p>\n<p>\u00cen urma colabor\u0103rii Serviciului Protec\u0163iei Civile \u015fi Situa\u0163iilor Excep\u0163ionale cu exper\u0163ii voluntari din Austria, a fost posibil\u0103 suplinirea bazei tehnico materiale a serviciului cu 15 autospeciale de interven\u0163ie, care \u015fi-au g\u0103sit rostul \u00een subdiviziunile de salvatori \u015fi pompieri din \u0163ar\u0103. Tehnica a fost adus\u0103 \u00een mai multe tran\u015fe, iar \u00een urma conlucr\u0103rii eficiente, \u00een iunie 2016, salvatorii din Republica Moldova vor mai primi 6 autospeciale de interven\u0163ie din Austria.<\/p>\n","protected":false},"excerpt":{"rendered":"<p>Exper\u0163ii din Austria au fost curio\u015fi s\u0103 afle despre felul cum pot fi motiva\u0163ii moldovenii s\u0103 devin\u0103 voluntari \u00een localit\u0103\u0163ile de ba\u015ftin\u0103. Schimbul de opinii a avut loc \u00een cadrul unui atelier de lucru desf\u0103\u015furat ieri la Deta\u015famentul Salvare Deblocare nr.1 din mun. Chi\u015fin\u0103u \u00eentre reprezentan\u0163ii austrieci, salvatorii profesioni\u015fti din cadrul Serviciului Situa\u0163ii Excep\u0163ionale, dar [&hellip;]<\/p>\n","protected":false},"author":4,"featured_media":12479,"comment_status":"closed","ping_status":"closed","sticky":false,"template":"","format":"standard","meta":{"footnotes":""},"categories":[6349],"tags":[],"class_list":["post-12478","post","type-post","status-publish","format-standard","has-post-thumbnail","hentry","category-social"],"yoast_head":"<!-- This site is optimized with the Yoast SEO plugin v27.4 - https:\/\/yoast.com\/product\/yoast-seo-wordpress\/ -->\n<title>DSE CAUT\u0102 POMPIERI VOLUNTARI DUP\u0102 MODELUL AUSTRIAC  - BTV<\/title>\n<meta name=\"robots\" content=\"index, follow, max-snippet:-1, max-image-preview:large, max-video-preview:-1\" \/>\n<link rel=\"canonical\" href=\"https:\/\/www.btv.md\/ro\/dse-cauta-pompieri-voluntari-dupa-modelul-austriac\/\" \/>\n<meta property=\"og:locale\" content=\"ro_RO\" \/>\n<meta property=\"og:type\" content=\"article\" \/>\n<meta property=\"og:title\" content=\"DSE CAUT\u0102 POMPIERI VOLUNTARI DUP\u0102 MODELUL AUSTRIAC  - BTV\" \/>\n<meta property=\"og:description\" content=\"Exper\u0163ii din Austria au fost curio\u015fi s\u0103 afle despre felul cum pot fi motiva\u0163ii moldovenii s\u0103 devin\u0103 voluntari \u00een localit\u0103\u0163ile de ba\u015ftin\u0103. Schimbul de opinii a avut loc \u00een cadrul unui atelier de lucru desf\u0103\u015furat ieri la Deta\u015famentul Salvare Deblocare nr.1 din mun. Chi\u015fin\u0103u \u00eentre reprezentan\u0163ii austrieci, salvatorii profesioni\u015fti din cadrul Serviciului Situa\u0163ii Excep\u0163ionale, dar [&hellip;]\" \/>\n<meta property=\"og:url\" content=\"https:\/\/www.btv.md\/ro\/dse-cauta-pompieri-voluntari-dupa-modelul-austriac\/\" \/>\n<meta property=\"og:site_name\" content=\"BTV\" \/>\n<meta property=\"article:publisher\" content=\"https:\/\/www.facebook.com\/btvmoldova\/\" \/>\n<meta property=\"article:published_time\" content=\"2016-05-12T11:02:10+00:00\" \/>\n<meta property=\"og:image\" content=\"https:\/\/www.btv.md\/wp-content\/uploads\/2016\/05\/1-72-1140x759.jpg\" \/>\n\t<meta property=\"og:image:width\" content=\"1140\" \/>\n\t<meta property=\"og:image:height\" content=\"759\" \/>\n\t<meta property=\"og:image:type\" content=\"image\/jpeg\" \/>\n<meta name=\"author\" content=\"admin\" \/>\n<meta name=\"twitter:label1\" content=\"Scris de\" \/>\n\t<meta name=\"twitter:data1\" content=\"admin\" \/>\n\t<meta name=\"twitter:label2\" content=\"Timp estimat pentru citire\" \/>\n\t<meta name=\"twitter:data2\" content=\"1 minut\" \/>\n<script type=\"application\/ld+json\" class=\"yoast-schema-graph\">{\"@context\":\"https:\\\/\\\/schema.org\",\"@graph\":[{\"@type\":\"Article\",\"@id\":\"https:\\\/\\\/www.btv.md\\\/ro\\\/dse-cauta-pompieri-voluntari-dupa-modelul-austriac\\\/#article\",\"isPartOf\":{\"@id\":\"https:\\\/\\\/www.btv.md\\\/ro\\\/dse-cauta-pompieri-voluntari-dupa-modelul-austriac\\\/\"},\"author\":{\"name\":\"admin\",\"@id\":\"https:\\\/\\\/www.btv.md\\\/#\\\/schema\\\/person\\\/8fadce81561b3ce2c34c46dadc4ccbf2\"},\"headline\":\"DSE CAUT\u0102 POMPIERI VOLUNTARI DUP\u0102 MODELUL AUSTRIAC\",\"datePublished\":\"2016-05-12T11:02:10+00:00\",\"mainEntityOfPage\":{\"@id\":\"https:\\\/\\\/www.btv.md\\\/ro\\\/dse-cauta-pompieri-voluntari-dupa-modelul-austriac\\\/\"},\"wordCount\":232,\"image\":{\"@id\":\"https:\\\/\\\/www.btv.md\\\/ro\\\/dse-cauta-pompieri-voluntari-dupa-modelul-austriac\\\/#primaryimage\"},\"thumbnailUrl\":\"https:\\\/\\\/www.btv.md\\\/wp-content\\\/uploads\\\/2016\\\/05\\\/1-72-1140x759.jpg\",\"articleSection\":[\"Social\"],\"inLanguage\":\"ro-RO\"},{\"@type\":\"WebPage\",\"@id\":\"https:\\\/\\\/www.btv.md\\\/ro\\\/dse-cauta-pompieri-voluntari-dupa-modelul-austriac\\\/\",\"url\":\"https:\\\/\\\/www.btv.md\\\/ro\\\/dse-cauta-pompieri-voluntari-dupa-modelul-austriac\\\/\",\"name\":\"DSE CAUT\u0102 POMPIERI VOLUNTARI DUP\u0102 MODELUL AUSTRIAC - BTV\",\"isPartOf\":{\"@id\":\"https:\\\/\\\/www.btv.md\\\/#website\"},\"primaryImageOfPage\":{\"@id\":\"https:\\\/\\\/www.btv.md\\\/ro\\\/dse-cauta-pompieri-voluntari-dupa-modelul-austriac\\\/#primaryimage\"},\"image\":{\"@id\":\"https:\\\/\\\/www.btv.md\\\/ro\\\/dse-cauta-pompieri-voluntari-dupa-modelul-austriac\\\/#primaryimage\"},\"thumbnailUrl\":\"https:\\\/\\\/www.btv.md\\\/wp-content\\\/uploads\\\/2016\\\/05\\\/1-72-1140x759.jpg\",\"datePublished\":\"2016-05-12T11:02:10+00:00\",\"author\":{\"@id\":\"https:\\\/\\\/www.btv.md\\\/#\\\/schema\\\/person\\\/8fadce81561b3ce2c34c46dadc4ccbf2\"},\"inLanguage\":\"ro-RO\",\"potentialAction\":[{\"@type\":\"ReadAction\",\"target\":[\"https:\\\/\\\/www.btv.md\\\/ro\\\/dse-cauta-pompieri-voluntari-dupa-modelul-austriac\\\/\"]}]},{\"@type\":\"ImageObject\",\"inLanguage\":\"ro-RO\",\"@id\":\"https:\\\/\\\/www.btv.md\\\/ro\\\/dse-cauta-pompieri-voluntari-dupa-modelul-austriac\\\/#primaryimage\",\"url\":\"https:\\\/\\\/www.btv.md\\\/wp-content\\\/uploads\\\/2016\\\/05\\\/1-72-1140x759.jpg\",\"contentUrl\":\"https:\\\/\\\/www.btv.md\\\/wp-content\\\/uploads\\\/2016\\\/05\\\/1-72-1140x759.jpg\",\"width\":1140,\"height\":759,\"caption\":\"diez.md\"},{\"@type\":\"WebSite\",\"@id\":\"https:\\\/\\\/www.btv.md\\\/#website\",\"url\":\"https:\\\/\\\/www.btv.md\\\/\",\"name\":\"BTV\",\"description\":\"\u0411\u0435\u043b\u044c\u0446\u043a\u043e\u0435 \u0442\u0435\u043b\u0435\u0432\u0438\u0434\u0435\u043d\u0438\u0435\",\"potentialAction\":[{\"@type\":\"SearchAction\",\"target\":{\"@type\":\"EntryPoint\",\"urlTemplate\":\"https:\\\/\\\/www.btv.md\\\/?s={search_term_string}\"},\"query-input\":{\"@type\":\"PropertyValueSpecification\",\"valueRequired\":true,\"valueName\":\"search_term_string\"}}],\"inLanguage\":\"ro-RO\"},{\"@type\":\"Person\",\"@id\":\"https:\\\/\\\/www.btv.md\\\/#\\\/schema\\\/person\\\/8fadce81561b3ce2c34c46dadc4ccbf2\",\"name\":\"admin\"}]}<\/script>\n<!-- \/ Yoast SEO plugin. -->","yoast_head_json":{"title":"DSE CAUT\u0102 POMPIERI VOLUNTARI DUP\u0102 MODELUL AUSTRIAC  - BTV","robots":{"index":"index","follow":"follow","max-snippet":"max-snippet:-1","max-image-preview":"max-image-preview:large","max-video-preview":"max-video-preview:-1"},"canonical":"https:\/\/www.btv.md\/ro\/dse-cauta-pompieri-voluntari-dupa-modelul-austriac\/","og_locale":"ro_RO","og_type":"article","og_title":"DSE CAUT\u0102 POMPIERI VOLUNTARI DUP\u0102 MODELUL AUSTRIAC  - BTV","og_description":"Exper\u0163ii din Austria au fost curio\u015fi s\u0103 afle despre felul cum pot fi motiva\u0163ii moldovenii s\u0103 devin\u0103 voluntari \u00een localit\u0103\u0163ile de ba\u015ftin\u0103. Schimbul de opinii a avut loc \u00een cadrul unui atelier de lucru desf\u0103\u015furat ieri la Deta\u015famentul Salvare Deblocare nr.1 din mun. Chi\u015fin\u0103u \u00eentre reprezentan\u0163ii austrieci, salvatorii profesioni\u015fti din cadrul Serviciului Situa\u0163ii Excep\u0163ionale, dar [&hellip;]","og_url":"https:\/\/www.btv.md\/ro\/dse-cauta-pompieri-voluntari-dupa-modelul-austriac\/","og_site_name":"BTV","article_publisher":"https:\/\/www.facebook.com\/btvmoldova\/","article_published_time":"2016-05-12T11:02:10+00:00","og_image":[{"width":1140,"height":759,"url":"https:\/\/www.btv.md\/wp-content\/uploads\/2016\/05\/1-72-1140x759.jpg","type":"image\/jpeg"}],"author":"admin","twitter_misc":{"Scris de":"admin","Timp estimat pentru citire":"1 minut"},"schema":{"@context":"https:\/\/schema.org","@graph":[{"@type":"Article","@id":"https:\/\/www.btv.md\/ro\/dse-cauta-pompieri-voluntari-dupa-modelul-austriac\/#article","isPartOf":{"@id":"https:\/\/www.btv.md\/ro\/dse-cauta-pompieri-voluntari-dupa-modelul-austriac\/"},"author":{"name":"admin","@id":"https:\/\/www.btv.md\/#\/schema\/person\/8fadce81561b3ce2c34c46dadc4ccbf2"},"headline":"DSE CAUT\u0102 POMPIERI VOLUNTARI DUP\u0102 MODELUL AUSTRIAC","datePublished":"2016-05-12T11:02:10+00:00","mainEntityOfPage":{"@id":"https:\/\/www.btv.md\/ro\/dse-cauta-pompieri-voluntari-dupa-modelul-austriac\/"},"wordCount":232,"image":{"@id":"https:\/\/www.btv.md\/ro\/dse-cauta-pompieri-voluntari-dupa-modelul-austriac\/#primaryimage"},"thumbnailUrl":"https:\/\/www.btv.md\/wp-content\/uploads\/2016\/05\/1-72-1140x759.jpg","articleSection":["Social"],"inLanguage":"ro-RO"},{"@type":"WebPage","@id":"https:\/\/www.btv.md\/ro\/dse-cauta-pompieri-voluntari-dupa-modelul-austriac\/","url":"https:\/\/www.btv.md\/ro\/dse-cauta-pompieri-voluntari-dupa-modelul-austriac\/","name":"DSE CAUT\u0102 POMPIERI VOLUNTARI DUP\u0102 MODELUL AUSTRIAC - BTV","isPartOf":{"@id":"https:\/\/www.btv.md\/#website"},"primaryImageOfPage":{"@id":"https:\/\/www.btv.md\/ro\/dse-cauta-pompieri-voluntari-dupa-modelul-austriac\/#primaryimage"},"image":{"@id":"https:\/\/www.btv.md\/ro\/dse-cauta-pompieri-voluntari-dupa-modelul-austriac\/#primaryimage"},"thumbnailUrl":"https:\/\/www.btv.md\/wp-content\/uploads\/2016\/05\/1-72-1140x759.jpg","datePublished":"2016-05-12T11:02:10+00:00","author":{"@id":"https:\/\/www.btv.md\/#\/schema\/person\/8fadce81561b3ce2c34c46dadc4ccbf2"},"inLanguage":"ro-RO","potentialAction":[{"@type":"ReadAction","target":["https:\/\/www.btv.md\/ro\/dse-cauta-pompieri-voluntari-dupa-modelul-austriac\/"]}]},{"@type":"ImageObject","inLanguage":"ro-RO","@id":"https:\/\/www.btv.md\/ro\/dse-cauta-pompieri-voluntari-dupa-modelul-austriac\/#primaryimage","url":"https:\/\/www.btv.md\/wp-content\/uploads\/2016\/05\/1-72-1140x759.jpg","contentUrl":"https:\/\/www.btv.md\/wp-content\/uploads\/2016\/05\/1-72-1140x759.jpg","width":1140,"height":759,"caption":"diez.md"},{"@type":"WebSite","@id":"https:\/\/www.btv.md\/#website","url":"https:\/\/www.btv.md\/","name":"BTV","description":"\u0411\u0435\u043b\u044c\u0446\u043a\u043e\u0435 \u0442\u0435\u043b\u0435\u0432\u0438\u0434\u0435\u043d\u0438\u0435","potentialAction":[{"@type":"SearchAction","target":{"@type":"EntryPoint","urlTemplate":"https:\/\/www.btv.md\/?s={search_term_string}"},"query-input":{"@type":"PropertyValueSpecification","valueRequired":true,"valueName":"search_term_string"}}],"inLanguage":"ro-RO"},{"@type":"Person","@id":"https:\/\/www.btv.md\/#\/schema\/person\/8fadce81561b3ce2c34c46dadc4ccbf2","name":"admin"}]}},"_links":{"self":[{"href":"https:\/\/www.btv.md\/ro\/wp-json\/wp\/v2\/posts\/12478","targetHints":{"allow":["GET"]}}],"collection":[{"href":"https:\/\/www.btv.md\/ro\/wp-json\/wp\/v2\/posts"}],"about":[{"href":"https:\/\/www.btv.md\/ro\/wp-json\/wp\/v2\/types\/post"}],"author":[{"embeddable":true,"href":"https:\/\/www.btv.md\/ro\/wp-json\/wp\/v2\/users\/4"}],"replies":[{"embeddable":true,"href":"https:\/\/www.btv.md\/ro\/wp-json\/wp\/v2\/comments?post=12478"}],"version-history":[{"count":0,"href":"https:\/\/www.btv.md\/ro\/wp-json\/wp\/v2\/posts\/12478\/revisions"}],"wp:featuredmedia":[{"embeddable":true,"href":"https:\/\/www.btv.md\/ro\/wp-json\/wp\/v2\/media\/12479"}],"wp:attachment":[{"href":"https:\/\/www.btv.md\/ro\/wp-json\/wp\/v2\/media?parent=12478"}],"wp:term":[{"taxonomy":"category","embeddable":true,"href":"https:\/\/www.btv.md\/ro\/wp-json\/wp\/v2\/categories?post=12478"},{"taxonomy":"post_tag","embeddable":true,"href":"https:\/\/www.btv.md\/ro\/wp-json\/wp\/v2\/tags?post=12478"}],"curies":[{"name":"wp","href":"https:\/\/api.w.org\/{rel}","templated":true}]}}