{"id":12481,"date":"2016-05-12T14:41:20","date_gmt":"2016-05-12T11:41:20","guid":{"rendered":"http:\/\/btv.md\/?p=12481"},"modified":"2016-05-12T18:33:55","modified_gmt":"2016-05-12T15:33:55","slug":"un-tanar-din-ocnita-a-fost-gasit-spanzurat-intr-un-apartament-din-balti","status":"publish","type":"post","link":"https:\/\/www.btv.md\/ro\/un-tanar-din-ocnita-a-fost-gasit-spanzurat-intr-un-apartament-din-balti\/","title":{"rendered":"UN T\u00c2N\u0102R  DIN  OCNI\u021aA  A  FOST  G\u0102SIT  SP\u00c2NZURAT \u00ceNTR-UN  APARTAMENT  DIN  B\u0102L\u021aI"},"content":{"rendered":"<p><strong>Un t\u00e2n\u0103r de 19 ani din raionul Ocni\u021ba a fost g\u0103sit strangulat la balconul unui apartament din B\u0103l\u021bi. Corpul ne\u00eensufle\u021bit al acestuia a fost descoperit de c\u0103tre rude \u00een dup\u0103 amiaza zilei de 11 mai. Potrivit ofi\u021berului de Pres\u0103 al Inspectoratului de Poli\u021bie B\u0103l\u021bi, Olga Bejenaru, pe corpul b\u0103iatului nu au fost g\u0103site urme de violen\u021b\u0103.<\/strong><\/p>\n<p>\u201e<em>La 11 mai curent, \u00eentr-un apartament din regiunea Dacia din municipiul B\u0103l\u021bi a fost depistat corpul ne\u00eensufle\u021bit al unui t\u00e2n\u0103r de 19 ani. Acesta a fost g\u0103sit strangulat la balconul locuin\u021bei. Pe corpul persoanei decedate nu au fost g\u0103site semne de moarte violent\u0103.<\/em>\u201d<\/p>\n<p>B\u0103iatul este originar din satul H\u0103d\u0103r\u0103u\u021bi \u0219i este unicul copil \u00een familie. Acesta \u00ee\u0219i f\u0103cea studiile la B\u0103l\u021bi. Ultima oar\u0103, p\u0103rin\u021bii l-au v\u0103zut \u00een ziua de 9 mai. Versiunea preliminar\u0103 examinat\u0103 de poli\u021bie este suicidul. <\/p>\n<p>Poli\u021bia \u00eendeamn\u0103 oamenii s\u0103 fie aten\u021bi la amenin\u021b\u0103rile subtile sau evidente de suicid pe care le fac unele persoane \u0219i s\u0103 solicite imediat ajutor. Asemenea tragedii pot fi evitate cu ajutorul psihologului \u0219i a persoanelor apropiate.<\/p>\n<p>NATALIA  TOCARCIUC<br \/>\nCORNELIU  VIERU<br \/>\nCHIRA  BATRANAC<\/p>\n<p><iframe width=\"420\" height=\"315\" data-src=\"https:\/\/www.youtube.com\/embed\/_fSRhXJ45uo\" frameborder=\"0\" allowfullscreen src=\"data:image\/svg+xml;base64,PHN2ZyB3aWR0aD0iMSIgaGVpZ2h0PSIxIiB4bWxucz0iaHR0cDovL3d3dy53My5vcmcvMjAwMC9zdmciPjwvc3ZnPg==\" class=\"lazyload\" data-load-mode=\"1\"><\/iframe><\/p>\n","protected":false},"excerpt":{"rendered":"<p>Un t\u00e2n\u0103r de 19 ani din raionul Ocni\u021ba a fost g\u0103sit strangulat la balconul unui apartament din B\u0103l\u021bi. Corpul ne\u00eensufle\u021bit al acestuia a fost descoperit de c\u0103tre rude \u00een dup\u0103 amiaza zilei de 11 mai. Potrivit ofi\u021berului de Pres\u0103 al Inspectoratului de Poli\u021bie B\u0103l\u021bi, Olga Bejenaru, pe corpul b\u0103iatului nu au fost g\u0103site urme de [&hellip;]<\/p>\n","protected":false},"author":4,"featured_media":12482,"comment_status":"closed","ping_status":"closed","sticky":false,"template":"","format":"standard","meta":{"footnotes":""},"categories":[6353],"tags":[],"class_list":["post-12481","post","type-post","status-publish","format-standard","has-post-thumbnail","hentry","category-oras"],"yoast_head":"<!-- This site is optimized with the Yoast SEO plugin v27.4 - https:\/\/yoast.com\/product\/yoast-seo-wordpress\/ -->\n<title>UN T\u00c2N\u0102R DIN OCNI\u021aA A FOST G\u0102SIT SP\u00c2NZURAT \u00ceNTR-UN APARTAMENT DIN B\u0102L\u021aI - BTV<\/title>\n<meta name=\"robots\" content=\"index, follow, max-snippet:-1, max-image-preview:large, max-video-preview:-1\" \/>\n<link rel=\"canonical\" href=\"https:\/\/www.btv.md\/ro\/un-tanar-din-ocnita-a-fost-gasit-spanzurat-intr-un-apartament-din-balti\/\" \/>\n<meta property=\"og:locale\" content=\"ro_RO\" \/>\n<meta property=\"og:type\" content=\"article\" \/>\n<meta property=\"og:title\" content=\"UN T\u00c2N\u0102R DIN OCNI\u021aA A FOST G\u0102SIT SP\u00c2NZURAT \u00ceNTR-UN APARTAMENT DIN B\u0102L\u021aI - BTV\" \/>\n<meta property=\"og:description\" content=\"Un t\u00e2n\u0103r de 19 ani din raionul Ocni\u021ba a fost g\u0103sit strangulat la balconul unui apartament din B\u0103l\u021bi. Corpul ne\u00eensufle\u021bit al acestuia a fost descoperit de c\u0103tre rude \u00een dup\u0103 amiaza zilei de 11 mai. Potrivit ofi\u021berului de Pres\u0103 al Inspectoratului de Poli\u021bie B\u0103l\u021bi, Olga Bejenaru, pe corpul b\u0103iatului nu au fost g\u0103site urme de [&hellip;]\" \/>\n<meta property=\"og:url\" content=\"https:\/\/www.btv.md\/ro\/un-tanar-din-ocnita-a-fost-gasit-spanzurat-intr-un-apartament-din-balti\/\" \/>\n<meta property=\"og:site_name\" content=\"BTV\" \/>\n<meta property=\"article:publisher\" content=\"https:\/\/www.facebook.com\/btvmoldova\/\" \/>\n<meta property=\"article:published_time\" content=\"2016-05-12T11:41:20+00:00\" \/>\n<meta property=\"article:modified_time\" content=\"2016-05-12T15:33:55+00:00\" \/>\n<meta property=\"og:image\" content=\"https:\/\/www.btv.md\/wp-content\/uploads\/2016\/05\/politia.jpg\" \/>\n\t<meta property=\"og:image:width\" content=\"659\" \/>\n\t<meta property=\"og:image:height\" content=\"400\" \/>\n\t<meta property=\"og:image:type\" content=\"image\/jpeg\" \/>\n<meta name=\"author\" content=\"admin\" \/>\n<meta name=\"twitter:label1\" content=\"Scris de\" \/>\n\t<meta name=\"twitter:data1\" content=\"admin\" \/>\n\t<meta name=\"twitter:label2\" content=\"Timp estimat pentru citire\" \/>\n\t<meta name=\"twitter:data2\" content=\"1 minut\" \/>\n<script type=\"application\/ld+json\" class=\"yoast-schema-graph\">{\"@context\":\"https:\\\/\\\/schema.org\",\"@graph\":[{\"@type\":\"Article\",\"@id\":\"https:\\\/\\\/www.btv.md\\\/ro\\\/un-tanar-din-ocnita-a-fost-gasit-spanzurat-intr-un-apartament-din-balti\\\/#article\",\"isPartOf\":{\"@id\":\"https:\\\/\\\/www.btv.md\\\/ro\\\/un-tanar-din-ocnita-a-fost-gasit-spanzurat-intr-un-apartament-din-balti\\\/\"},\"author\":{\"name\":\"admin\",\"@id\":\"https:\\\/\\\/www.btv.md\\\/#\\\/schema\\\/person\\\/8fadce81561b3ce2c34c46dadc4ccbf2\"},\"headline\":\"UN T\u00c2N\u0102R DIN OCNI\u021aA A FOST G\u0102SIT SP\u00c2NZURAT \u00ceNTR-UN APARTAMENT DIN B\u0102L\u021aI\",\"datePublished\":\"2016-05-12T11:41:20+00:00\",\"dateModified\":\"2016-05-12T15:33:55+00:00\",\"mainEntityOfPage\":{\"@id\":\"https:\\\/\\\/www.btv.md\\\/ro\\\/un-tanar-din-ocnita-a-fost-gasit-spanzurat-intr-un-apartament-din-balti\\\/\"},\"wordCount\":229,\"image\":{\"@id\":\"https:\\\/\\\/www.btv.md\\\/ro\\\/un-tanar-din-ocnita-a-fost-gasit-spanzurat-intr-un-apartament-din-balti\\\/#primaryimage\"},\"thumbnailUrl\":\"https:\\\/\\\/www.btv.md\\\/wp-content\\\/uploads\\\/2016\\\/05\\\/politia.jpg\",\"articleSection\":[\"Ora\u0219\"],\"inLanguage\":\"ro-RO\"},{\"@type\":\"WebPage\",\"@id\":\"https:\\\/\\\/www.btv.md\\\/ro\\\/un-tanar-din-ocnita-a-fost-gasit-spanzurat-intr-un-apartament-din-balti\\\/\",\"url\":\"https:\\\/\\\/www.btv.md\\\/ro\\\/un-tanar-din-ocnita-a-fost-gasit-spanzurat-intr-un-apartament-din-balti\\\/\",\"name\":\"UN T\u00c2N\u0102R DIN OCNI\u021aA A FOST G\u0102SIT SP\u00c2NZURAT \u00ceNTR-UN APARTAMENT DIN B\u0102L\u021aI - BTV\",\"isPartOf\":{\"@id\":\"https:\\\/\\\/www.btv.md\\\/#website\"},\"primaryImageOfPage\":{\"@id\":\"https:\\\/\\\/www.btv.md\\\/ro\\\/un-tanar-din-ocnita-a-fost-gasit-spanzurat-intr-un-apartament-din-balti\\\/#primaryimage\"},\"image\":{\"@id\":\"https:\\\/\\\/www.btv.md\\\/ro\\\/un-tanar-din-ocnita-a-fost-gasit-spanzurat-intr-un-apartament-din-balti\\\/#primaryimage\"},\"thumbnailUrl\":\"https:\\\/\\\/www.btv.md\\\/wp-content\\\/uploads\\\/2016\\\/05\\\/politia.jpg\",\"datePublished\":\"2016-05-12T11:41:20+00:00\",\"dateModified\":\"2016-05-12T15:33:55+00:00\",\"author\":{\"@id\":\"https:\\\/\\\/www.btv.md\\\/#\\\/schema\\\/person\\\/8fadce81561b3ce2c34c46dadc4ccbf2\"},\"inLanguage\":\"ro-RO\",\"potentialAction\":[{\"@type\":\"ReadAction\",\"target\":[\"https:\\\/\\\/www.btv.md\\\/ro\\\/un-tanar-din-ocnita-a-fost-gasit-spanzurat-intr-un-apartament-din-balti\\\/\"]}]},{\"@type\":\"ImageObject\",\"inLanguage\":\"ro-RO\",\"@id\":\"https:\\\/\\\/www.btv.md\\\/ro\\\/un-tanar-din-ocnita-a-fost-gasit-spanzurat-intr-un-apartament-din-balti\\\/#primaryimage\",\"url\":\"https:\\\/\\\/www.btv.md\\\/wp-content\\\/uploads\\\/2016\\\/05\\\/politia.jpg\",\"contentUrl\":\"https:\\\/\\\/www.btv.md\\\/wp-content\\\/uploads\\\/2016\\\/05\\\/politia.jpg\",\"width\":659,\"height\":400,\"caption\":\"weradio.ro\"},{\"@type\":\"WebSite\",\"@id\":\"https:\\\/\\\/www.btv.md\\\/#website\",\"url\":\"https:\\\/\\\/www.btv.md\\\/\",\"name\":\"BTV\",\"description\":\"\u0411\u0435\u043b\u044c\u0446\u043a\u043e\u0435 \u0442\u0435\u043b\u0435\u0432\u0438\u0434\u0435\u043d\u0438\u0435\",\"potentialAction\":[{\"@type\":\"SearchAction\",\"target\":{\"@type\":\"EntryPoint\",\"urlTemplate\":\"https:\\\/\\\/www.btv.md\\\/?s={search_term_string}\"},\"query-input\":{\"@type\":\"PropertyValueSpecification\",\"valueRequired\":true,\"valueName\":\"search_term_string\"}}],\"inLanguage\":\"ro-RO\"},{\"@type\":\"Person\",\"@id\":\"https:\\\/\\\/www.btv.md\\\/#\\\/schema\\\/person\\\/8fadce81561b3ce2c34c46dadc4ccbf2\",\"name\":\"admin\"}]}<\/script>\n<!-- \/ Yoast SEO plugin. -->","yoast_head_json":{"title":"UN T\u00c2N\u0102R DIN OCNI\u021aA A FOST G\u0102SIT SP\u00c2NZURAT \u00ceNTR-UN APARTAMENT DIN B\u0102L\u021aI - BTV","robots":{"index":"index","follow":"follow","max-snippet":"max-snippet:-1","max-image-preview":"max-image-preview:large","max-video-preview":"max-video-preview:-1"},"canonical":"https:\/\/www.btv.md\/ro\/un-tanar-din-ocnita-a-fost-gasit-spanzurat-intr-un-apartament-din-balti\/","og_locale":"ro_RO","og_type":"article","og_title":"UN T\u00c2N\u0102R DIN OCNI\u021aA A FOST G\u0102SIT SP\u00c2NZURAT \u00ceNTR-UN APARTAMENT DIN B\u0102L\u021aI - BTV","og_description":"Un t\u00e2n\u0103r de 19 ani din raionul Ocni\u021ba a fost g\u0103sit strangulat la balconul unui apartament din B\u0103l\u021bi. Corpul ne\u00eensufle\u021bit al acestuia a fost descoperit de c\u0103tre rude \u00een dup\u0103 amiaza zilei de 11 mai. Potrivit ofi\u021berului de Pres\u0103 al Inspectoratului de Poli\u021bie B\u0103l\u021bi, Olga Bejenaru, pe corpul b\u0103iatului nu au fost g\u0103site urme de [&hellip;]","og_url":"https:\/\/www.btv.md\/ro\/un-tanar-din-ocnita-a-fost-gasit-spanzurat-intr-un-apartament-din-balti\/","og_site_name":"BTV","article_publisher":"https:\/\/www.facebook.com\/btvmoldova\/","article_published_time":"2016-05-12T11:41:20+00:00","article_modified_time":"2016-05-12T15:33:55+00:00","og_image":[{"width":659,"height":400,"url":"https:\/\/www.btv.md\/wp-content\/uploads\/2016\/05\/politia.jpg","type":"image\/jpeg"}],"author":"admin","twitter_misc":{"Scris de":"admin","Timp estimat pentru citire":"1 minut"},"schema":{"@context":"https:\/\/schema.org","@graph":[{"@type":"Article","@id":"https:\/\/www.btv.md\/ro\/un-tanar-din-ocnita-a-fost-gasit-spanzurat-intr-un-apartament-din-balti\/#article","isPartOf":{"@id":"https:\/\/www.btv.md\/ro\/un-tanar-din-ocnita-a-fost-gasit-spanzurat-intr-un-apartament-din-balti\/"},"author":{"name":"admin","@id":"https:\/\/www.btv.md\/#\/schema\/person\/8fadce81561b3ce2c34c46dadc4ccbf2"},"headline":"UN T\u00c2N\u0102R DIN OCNI\u021aA A FOST G\u0102SIT SP\u00c2NZURAT \u00ceNTR-UN APARTAMENT DIN B\u0102L\u021aI","datePublished":"2016-05-12T11:41:20+00:00","dateModified":"2016-05-12T15:33:55+00:00","mainEntityOfPage":{"@id":"https:\/\/www.btv.md\/ro\/un-tanar-din-ocnita-a-fost-gasit-spanzurat-intr-un-apartament-din-balti\/"},"wordCount":229,"image":{"@id":"https:\/\/www.btv.md\/ro\/un-tanar-din-ocnita-a-fost-gasit-spanzurat-intr-un-apartament-din-balti\/#primaryimage"},"thumbnailUrl":"https:\/\/www.btv.md\/wp-content\/uploads\/2016\/05\/politia.jpg","articleSection":["Ora\u0219"],"inLanguage":"ro-RO"},{"@type":"WebPage","@id":"https:\/\/www.btv.md\/ro\/un-tanar-din-ocnita-a-fost-gasit-spanzurat-intr-un-apartament-din-balti\/","url":"https:\/\/www.btv.md\/ro\/un-tanar-din-ocnita-a-fost-gasit-spanzurat-intr-un-apartament-din-balti\/","name":"UN T\u00c2N\u0102R DIN OCNI\u021aA A FOST G\u0102SIT SP\u00c2NZURAT \u00ceNTR-UN APARTAMENT DIN B\u0102L\u021aI - BTV","isPartOf":{"@id":"https:\/\/www.btv.md\/#website"},"primaryImageOfPage":{"@id":"https:\/\/www.btv.md\/ro\/un-tanar-din-ocnita-a-fost-gasit-spanzurat-intr-un-apartament-din-balti\/#primaryimage"},"image":{"@id":"https:\/\/www.btv.md\/ro\/un-tanar-din-ocnita-a-fost-gasit-spanzurat-intr-un-apartament-din-balti\/#primaryimage"},"thumbnailUrl":"https:\/\/www.btv.md\/wp-content\/uploads\/2016\/05\/politia.jpg","datePublished":"2016-05-12T11:41:20+00:00","dateModified":"2016-05-12T15:33:55+00:00","author":{"@id":"https:\/\/www.btv.md\/#\/schema\/person\/8fadce81561b3ce2c34c46dadc4ccbf2"},"inLanguage":"ro-RO","potentialAction":[{"@type":"ReadAction","target":["https:\/\/www.btv.md\/ro\/un-tanar-din-ocnita-a-fost-gasit-spanzurat-intr-un-apartament-din-balti\/"]}]},{"@type":"ImageObject","inLanguage":"ro-RO","@id":"https:\/\/www.btv.md\/ro\/un-tanar-din-ocnita-a-fost-gasit-spanzurat-intr-un-apartament-din-balti\/#primaryimage","url":"https:\/\/www.btv.md\/wp-content\/uploads\/2016\/05\/politia.jpg","contentUrl":"https:\/\/www.btv.md\/wp-content\/uploads\/2016\/05\/politia.jpg","width":659,"height":400,"caption":"weradio.ro"},{"@type":"WebSite","@id":"https:\/\/www.btv.md\/#website","url":"https:\/\/www.btv.md\/","name":"BTV","description":"\u0411\u0435\u043b\u044c\u0446\u043a\u043e\u0435 \u0442\u0435\u043b\u0435\u0432\u0438\u0434\u0435\u043d\u0438\u0435","potentialAction":[{"@type":"SearchAction","target":{"@type":"EntryPoint","urlTemplate":"https:\/\/www.btv.md\/?s={search_term_string}"},"query-input":{"@type":"PropertyValueSpecification","valueRequired":true,"valueName":"search_term_string"}}],"inLanguage":"ro-RO"},{"@type":"Person","@id":"https:\/\/www.btv.md\/#\/schema\/person\/8fadce81561b3ce2c34c46dadc4ccbf2","name":"admin"}]}},"_links":{"self":[{"href":"https:\/\/www.btv.md\/ro\/wp-json\/wp\/v2\/posts\/12481","targetHints":{"allow":["GET"]}}],"collection":[{"href":"https:\/\/www.btv.md\/ro\/wp-json\/wp\/v2\/posts"}],"about":[{"href":"https:\/\/www.btv.md\/ro\/wp-json\/wp\/v2\/types\/post"}],"author":[{"embeddable":true,"href":"https:\/\/www.btv.md\/ro\/wp-json\/wp\/v2\/users\/4"}],"replies":[{"embeddable":true,"href":"https:\/\/www.btv.md\/ro\/wp-json\/wp\/v2\/comments?post=12481"}],"version-history":[{"count":0,"href":"https:\/\/www.btv.md\/ro\/wp-json\/wp\/v2\/posts\/12481\/revisions"}],"wp:featuredmedia":[{"embeddable":true,"href":"https:\/\/www.btv.md\/ro\/wp-json\/wp\/v2\/media\/12482"}],"wp:attachment":[{"href":"https:\/\/www.btv.md\/ro\/wp-json\/wp\/v2\/media?parent=12481"}],"wp:term":[{"taxonomy":"category","embeddable":true,"href":"https:\/\/www.btv.md\/ro\/wp-json\/wp\/v2\/categories?post=12481"},{"taxonomy":"post_tag","embeddable":true,"href":"https:\/\/www.btv.md\/ro\/wp-json\/wp\/v2\/tags?post=12481"}],"curies":[{"name":"wp","href":"https:\/\/api.w.org\/{rel}","templated":true}]}}