{"id":12493,"date":"2016-05-12T16:07:02","date_gmt":"2016-05-12T13:07:02","guid":{"rendered":"http:\/\/btv.md\/?p=12493"},"modified":"2016-05-12T17:53:23","modified_gmt":"2016-05-12T14:53:23","slug":"gradinitele-din-balti-au-economisit-peste-un-milion-de-lei","status":"publish","type":"post","link":"https:\/\/www.btv.md\/ro\/gradinitele-din-balti-au-economisit-peste-un-milion-de-lei\/","title":{"rendered":"GR\u0102DINI\u0162ELE DIN B\u0102L\u0162I AU ECONOMISIT PESTE UN MILION DE LEI"},"content":{"rendered":"<p><strong>\u0218apte gr\u0103dini\u021be din municipiului B\u0103l\u021bi care sunt conectate la centrale termice au economisit, timp de patru ani, \u00een sezonul rece peste un milion \u0219i jumatate de lei din bugetul local. Acest lucru a fost posibil gra\u021bie unui proiect implementat, \u00eenc\u0103 din  anul 2012 de  prim\u0103ria municipiului B\u0103l\u021bi.<\/strong><\/p>\n<p>Potrivit \u0219eful adjunct al Direc\u021biei \u00cenv\u0103\u021b\u0103m\u00e2nt Tineret \u0219i Sport,  Mihail Vlasenco, p\u00e2n\u0103 \u00een anul 2012, toate institu\u021biile pre\u0219colare din municipiu au fost conectate la CET-Nord, principalul furnizor de energie termic\u0103 din ora\u0219. <\/p>\n<p>Necesitate conect\u0103rii la cetralele termice autonome a venit dup\u0103 un val de nemul\u021bumiri din partea p\u0103rin\u021bilor, care au solicitat autorit\u0103\u021bilor ca \u00een gr\u0103dini\u021bele s\u0103 fie livrat\u0103 energia termic\u0103 mai devreme. Motivul \u00eengrijor\u0103rii au fost temperaturile joase din institu\u021biile pre\u0219colare. <\/p>\n<p>Vlasenco, a precizat c\u0103 sistemului autonom de \u00eenc\u0103lzire permite economisirea energiei termice  \u0219i plus la toate, gr\u0103dini\u021bele au acces \u0219i la ap\u0103 cald\u0103.<\/p>\n<p>Gr\u0103dini\u021ba \u2116 43 din municipiul B\u0103l\u021bi, este una dintre  primele institu\u021bii de \u0219colarizare care au fost conectate la sistemul autonom de \u00eenc\u0103lzire. Datorit\u0103 acestuia \u00een decursul unui an, institu\u021bia a  economisit peste 60 de mii de lei, plus la aceasta a crescut \u0219i rata frecven\u021bei copiilor.<\/p>\n<p>\u00cen continuare Mihail Vlasenco, a precizat c\u0103 se urm\u0103re\u0219te descentralizarea tuturor institu\u021biilor pre\u0219colare din municipiul B\u0103l\u021bi. Astfel, descentralizarea celor 7 gr\u0103dini\u021be din municipiul B\u0103l\u021bi a costat bugetul local peste 16 milioane de lei.<\/p>\n<p><iframe width=\"420\" height=\"315\" data-src=\"https:\/\/www.youtube.com\/embed\/48P533qyKqo\" frameborder=\"0\" allowfullscreen src=\"data:image\/svg+xml;base64,PHN2ZyB3aWR0aD0iMSIgaGVpZ2h0PSIxIiB4bWxucz0iaHR0cDovL3d3dy53My5vcmcvMjAwMC9zdmciPjwvc3ZnPg==\" class=\"lazyload\" data-load-mode=\"1\"><\/iframe><\/p>\n","protected":false},"excerpt":{"rendered":"<p>\u0218apte gr\u0103dini\u021be din municipiului B\u0103l\u021bi care sunt conectate la centrale termice au economisit, timp de patru ani, \u00een sezonul rece peste un milion \u0219i jumatate de lei din bugetul local. Acest lucru a fost posibil gra\u021bie unui proiect implementat, \u00eenc\u0103 din anul 2012 de prim\u0103ria municipiului B\u0103l\u021bi. Potrivit \u0219eful adjunct al Direc\u021biei \u00cenv\u0103\u021b\u0103m\u00e2nt Tineret \u0219i [&hellip;]<\/p>\n","protected":false},"author":4,"featured_media":12494,"comment_status":"closed","ping_status":"closed","sticky":false,"template":"","format":"standard","meta":{"footnotes":""},"categories":[12],"tags":[],"class_list":["post-12493","post","type-post","status-publish","format-standard","has-post-thumbnail","hentry","category-balti"],"yoast_head":"<!-- This site is optimized with the Yoast SEO plugin v27.4 - https:\/\/yoast.com\/product\/yoast-seo-wordpress\/ -->\n<title>GR\u0102DINI\u0162ELE DIN B\u0102L\u0162I AU ECONOMISIT PESTE UN MILION DE LEI - BTV<\/title>\n<meta name=\"robots\" content=\"index, follow, max-snippet:-1, max-image-preview:large, max-video-preview:-1\" \/>\n<link rel=\"canonical\" href=\"https:\/\/www.btv.md\/ro\/gradinitele-din-balti-au-economisit-peste-un-milion-de-lei\/\" \/>\n<meta property=\"og:locale\" content=\"ro_RO\" \/>\n<meta property=\"og:type\" content=\"article\" \/>\n<meta property=\"og:title\" content=\"GR\u0102DINI\u0162ELE DIN B\u0102L\u0162I AU ECONOMISIT PESTE UN MILION DE LEI - BTV\" \/>\n<meta property=\"og:description\" content=\"\u0218apte gr\u0103dini\u021be din municipiului B\u0103l\u021bi care sunt conectate la centrale termice au economisit, timp de patru ani, \u00een sezonul rece peste un milion \u0219i jumatate de lei din bugetul local. Acest lucru a fost posibil gra\u021bie unui proiect implementat, \u00eenc\u0103 din anul 2012 de prim\u0103ria municipiului B\u0103l\u021bi. Potrivit \u0219eful adjunct al Direc\u021biei \u00cenv\u0103\u021b\u0103m\u00e2nt Tineret \u0219i [&hellip;]\" \/>\n<meta property=\"og:url\" content=\"https:\/\/www.btv.md\/ro\/gradinitele-din-balti-au-economisit-peste-un-milion-de-lei\/\" \/>\n<meta property=\"og:site_name\" content=\"BTV\" \/>\n<meta property=\"article:publisher\" content=\"https:\/\/www.facebook.com\/btvmoldova\/\" \/>\n<meta property=\"article:published_time\" content=\"2016-05-12T13:07:02+00:00\" \/>\n<meta property=\"article:modified_time\" content=\"2016-05-12T14:53:23+00:00\" \/>\n<meta property=\"og:image\" content=\"https:\/\/www.btv.md\/wp-content\/uploads\/2016\/05\/gradinita.png\" \/>\n\t<meta property=\"og:image:width\" content=\"1019\" \/>\n\t<meta property=\"og:image:height\" content=\"533\" \/>\n\t<meta property=\"og:image:type\" content=\"image\/png\" \/>\n<meta name=\"author\" content=\"admin\" \/>\n<meta name=\"twitter:label1\" content=\"Scris de\" \/>\n\t<meta name=\"twitter:data1\" content=\"admin\" \/>\n\t<meta name=\"twitter:label2\" content=\"Timp estimat pentru citire\" \/>\n\t<meta name=\"twitter:data2\" content=\"1 minut\" \/>\n<script type=\"application\/ld+json\" class=\"yoast-schema-graph\">{\"@context\":\"https:\\\/\\\/schema.org\",\"@graph\":[{\"@type\":\"Article\",\"@id\":\"https:\\\/\\\/www.btv.md\\\/ro\\\/gradinitele-din-balti-au-economisit-peste-un-milion-de-lei\\\/#article\",\"isPartOf\":{\"@id\":\"https:\\\/\\\/www.btv.md\\\/ro\\\/gradinitele-din-balti-au-economisit-peste-un-milion-de-lei\\\/\"},\"author\":{\"name\":\"admin\",\"@id\":\"https:\\\/\\\/www.btv.md\\\/#\\\/schema\\\/person\\\/8fadce81561b3ce2c34c46dadc4ccbf2\"},\"headline\":\"GR\u0102DINI\u0162ELE DIN B\u0102L\u0162I AU ECONOMISIT PESTE UN MILION DE LEI\",\"datePublished\":\"2016-05-12T13:07:02+00:00\",\"dateModified\":\"2016-05-12T14:53:23+00:00\",\"mainEntityOfPage\":{\"@id\":\"https:\\\/\\\/www.btv.md\\\/ro\\\/gradinitele-din-balti-au-economisit-peste-un-milion-de-lei\\\/\"},\"wordCount\":272,\"image\":{\"@id\":\"https:\\\/\\\/www.btv.md\\\/ro\\\/gradinitele-din-balti-au-economisit-peste-un-milion-de-lei\\\/#primaryimage\"},\"thumbnailUrl\":\"https:\\\/\\\/www.btv.md\\\/wp-content\\\/uploads\\\/2016\\\/05\\\/gradinita.png\",\"articleSection\":[\"\u0413\u043e\u0440\u043e\u0434\"],\"inLanguage\":\"ro-RO\"},{\"@type\":\"WebPage\",\"@id\":\"https:\\\/\\\/www.btv.md\\\/ro\\\/gradinitele-din-balti-au-economisit-peste-un-milion-de-lei\\\/\",\"url\":\"https:\\\/\\\/www.btv.md\\\/ro\\\/gradinitele-din-balti-au-economisit-peste-un-milion-de-lei\\\/\",\"name\":\"GR\u0102DINI\u0162ELE DIN B\u0102L\u0162I AU ECONOMISIT PESTE UN MILION DE LEI - BTV\",\"isPartOf\":{\"@id\":\"https:\\\/\\\/www.btv.md\\\/#website\"},\"primaryImageOfPage\":{\"@id\":\"https:\\\/\\\/www.btv.md\\\/ro\\\/gradinitele-din-balti-au-economisit-peste-un-milion-de-lei\\\/#primaryimage\"},\"image\":{\"@id\":\"https:\\\/\\\/www.btv.md\\\/ro\\\/gradinitele-din-balti-au-economisit-peste-un-milion-de-lei\\\/#primaryimage\"},\"thumbnailUrl\":\"https:\\\/\\\/www.btv.md\\\/wp-content\\\/uploads\\\/2016\\\/05\\\/gradinita.png\",\"datePublished\":\"2016-05-12T13:07:02+00:00\",\"dateModified\":\"2016-05-12T14:53:23+00:00\",\"author\":{\"@id\":\"https:\\\/\\\/www.btv.md\\\/#\\\/schema\\\/person\\\/8fadce81561b3ce2c34c46dadc4ccbf2\"},\"inLanguage\":\"ro-RO\",\"potentialAction\":[{\"@type\":\"ReadAction\",\"target\":[\"https:\\\/\\\/www.btv.md\\\/ro\\\/gradinitele-din-balti-au-economisit-peste-un-milion-de-lei\\\/\"]}]},{\"@type\":\"ImageObject\",\"inLanguage\":\"ro-RO\",\"@id\":\"https:\\\/\\\/www.btv.md\\\/ro\\\/gradinitele-din-balti-au-economisit-peste-un-milion-de-lei\\\/#primaryimage\",\"url\":\"https:\\\/\\\/www.btv.md\\\/wp-content\\\/uploads\\\/2016\\\/05\\\/gradinita.png\",\"contentUrl\":\"https:\\\/\\\/www.btv.md\\\/wp-content\\\/uploads\\\/2016\\\/05\\\/gradinita.png\",\"width\":1019,\"height\":533},{\"@type\":\"WebSite\",\"@id\":\"https:\\\/\\\/www.btv.md\\\/#website\",\"url\":\"https:\\\/\\\/www.btv.md\\\/\",\"name\":\"BTV\",\"description\":\"\u0411\u0435\u043b\u044c\u0446\u043a\u043e\u0435 \u0442\u0435\u043b\u0435\u0432\u0438\u0434\u0435\u043d\u0438\u0435\",\"potentialAction\":[{\"@type\":\"SearchAction\",\"target\":{\"@type\":\"EntryPoint\",\"urlTemplate\":\"https:\\\/\\\/www.btv.md\\\/?s={search_term_string}\"},\"query-input\":{\"@type\":\"PropertyValueSpecification\",\"valueRequired\":true,\"valueName\":\"search_term_string\"}}],\"inLanguage\":\"ro-RO\"},{\"@type\":\"Person\",\"@id\":\"https:\\\/\\\/www.btv.md\\\/#\\\/schema\\\/person\\\/8fadce81561b3ce2c34c46dadc4ccbf2\",\"name\":\"admin\"}]}<\/script>\n<!-- \/ Yoast SEO plugin. -->","yoast_head_json":{"title":"GR\u0102DINI\u0162ELE DIN B\u0102L\u0162I AU ECONOMISIT PESTE UN MILION DE LEI - BTV","robots":{"index":"index","follow":"follow","max-snippet":"max-snippet:-1","max-image-preview":"max-image-preview:large","max-video-preview":"max-video-preview:-1"},"canonical":"https:\/\/www.btv.md\/ro\/gradinitele-din-balti-au-economisit-peste-un-milion-de-lei\/","og_locale":"ro_RO","og_type":"article","og_title":"GR\u0102DINI\u0162ELE DIN B\u0102L\u0162I AU ECONOMISIT PESTE UN MILION DE LEI - BTV","og_description":"\u0218apte gr\u0103dini\u021be din municipiului B\u0103l\u021bi care sunt conectate la centrale termice au economisit, timp de patru ani, \u00een sezonul rece peste un milion \u0219i jumatate de lei din bugetul local. Acest lucru a fost posibil gra\u021bie unui proiect implementat, \u00eenc\u0103 din anul 2012 de prim\u0103ria municipiului B\u0103l\u021bi. Potrivit \u0219eful adjunct al Direc\u021biei \u00cenv\u0103\u021b\u0103m\u00e2nt Tineret \u0219i [&hellip;]","og_url":"https:\/\/www.btv.md\/ro\/gradinitele-din-balti-au-economisit-peste-un-milion-de-lei\/","og_site_name":"BTV","article_publisher":"https:\/\/www.facebook.com\/btvmoldova\/","article_published_time":"2016-05-12T13:07:02+00:00","article_modified_time":"2016-05-12T14:53:23+00:00","og_image":[{"width":1019,"height":533,"url":"https:\/\/www.btv.md\/wp-content\/uploads\/2016\/05\/gradinita.png","type":"image\/png"}],"author":"admin","twitter_misc":{"Scris de":"admin","Timp estimat pentru citire":"1 minut"},"schema":{"@context":"https:\/\/schema.org","@graph":[{"@type":"Article","@id":"https:\/\/www.btv.md\/ro\/gradinitele-din-balti-au-economisit-peste-un-milion-de-lei\/#article","isPartOf":{"@id":"https:\/\/www.btv.md\/ro\/gradinitele-din-balti-au-economisit-peste-un-milion-de-lei\/"},"author":{"name":"admin","@id":"https:\/\/www.btv.md\/#\/schema\/person\/8fadce81561b3ce2c34c46dadc4ccbf2"},"headline":"GR\u0102DINI\u0162ELE DIN B\u0102L\u0162I AU ECONOMISIT PESTE UN MILION DE LEI","datePublished":"2016-05-12T13:07:02+00:00","dateModified":"2016-05-12T14:53:23+00:00","mainEntityOfPage":{"@id":"https:\/\/www.btv.md\/ro\/gradinitele-din-balti-au-economisit-peste-un-milion-de-lei\/"},"wordCount":272,"image":{"@id":"https:\/\/www.btv.md\/ro\/gradinitele-din-balti-au-economisit-peste-un-milion-de-lei\/#primaryimage"},"thumbnailUrl":"https:\/\/www.btv.md\/wp-content\/uploads\/2016\/05\/gradinita.png","articleSection":["\u0413\u043e\u0440\u043e\u0434"],"inLanguage":"ro-RO"},{"@type":"WebPage","@id":"https:\/\/www.btv.md\/ro\/gradinitele-din-balti-au-economisit-peste-un-milion-de-lei\/","url":"https:\/\/www.btv.md\/ro\/gradinitele-din-balti-au-economisit-peste-un-milion-de-lei\/","name":"GR\u0102DINI\u0162ELE DIN B\u0102L\u0162I AU ECONOMISIT PESTE UN MILION DE LEI - BTV","isPartOf":{"@id":"https:\/\/www.btv.md\/#website"},"primaryImageOfPage":{"@id":"https:\/\/www.btv.md\/ro\/gradinitele-din-balti-au-economisit-peste-un-milion-de-lei\/#primaryimage"},"image":{"@id":"https:\/\/www.btv.md\/ro\/gradinitele-din-balti-au-economisit-peste-un-milion-de-lei\/#primaryimage"},"thumbnailUrl":"https:\/\/www.btv.md\/wp-content\/uploads\/2016\/05\/gradinita.png","datePublished":"2016-05-12T13:07:02+00:00","dateModified":"2016-05-12T14:53:23+00:00","author":{"@id":"https:\/\/www.btv.md\/#\/schema\/person\/8fadce81561b3ce2c34c46dadc4ccbf2"},"inLanguage":"ro-RO","potentialAction":[{"@type":"ReadAction","target":["https:\/\/www.btv.md\/ro\/gradinitele-din-balti-au-economisit-peste-un-milion-de-lei\/"]}]},{"@type":"ImageObject","inLanguage":"ro-RO","@id":"https:\/\/www.btv.md\/ro\/gradinitele-din-balti-au-economisit-peste-un-milion-de-lei\/#primaryimage","url":"https:\/\/www.btv.md\/wp-content\/uploads\/2016\/05\/gradinita.png","contentUrl":"https:\/\/www.btv.md\/wp-content\/uploads\/2016\/05\/gradinita.png","width":1019,"height":533},{"@type":"WebSite","@id":"https:\/\/www.btv.md\/#website","url":"https:\/\/www.btv.md\/","name":"BTV","description":"\u0411\u0435\u043b\u044c\u0446\u043a\u043e\u0435 \u0442\u0435\u043b\u0435\u0432\u0438\u0434\u0435\u043d\u0438\u0435","potentialAction":[{"@type":"SearchAction","target":{"@type":"EntryPoint","urlTemplate":"https:\/\/www.btv.md\/?s={search_term_string}"},"query-input":{"@type":"PropertyValueSpecification","valueRequired":true,"valueName":"search_term_string"}}],"inLanguage":"ro-RO"},{"@type":"Person","@id":"https:\/\/www.btv.md\/#\/schema\/person\/8fadce81561b3ce2c34c46dadc4ccbf2","name":"admin"}]}},"_links":{"self":[{"href":"https:\/\/www.btv.md\/ro\/wp-json\/wp\/v2\/posts\/12493","targetHints":{"allow":["GET"]}}],"collection":[{"href":"https:\/\/www.btv.md\/ro\/wp-json\/wp\/v2\/posts"}],"about":[{"href":"https:\/\/www.btv.md\/ro\/wp-json\/wp\/v2\/types\/post"}],"author":[{"embeddable":true,"href":"https:\/\/www.btv.md\/ro\/wp-json\/wp\/v2\/users\/4"}],"replies":[{"embeddable":true,"href":"https:\/\/www.btv.md\/ro\/wp-json\/wp\/v2\/comments?post=12493"}],"version-history":[{"count":0,"href":"https:\/\/www.btv.md\/ro\/wp-json\/wp\/v2\/posts\/12493\/revisions"}],"wp:featuredmedia":[{"embeddable":true,"href":"https:\/\/www.btv.md\/ro\/wp-json\/wp\/v2\/media\/12494"}],"wp:attachment":[{"href":"https:\/\/www.btv.md\/ro\/wp-json\/wp\/v2\/media?parent=12493"}],"wp:term":[{"taxonomy":"category","embeddable":true,"href":"https:\/\/www.btv.md\/ro\/wp-json\/wp\/v2\/categories?post=12493"},{"taxonomy":"post_tag","embeddable":true,"href":"https:\/\/www.btv.md\/ro\/wp-json\/wp\/v2\/tags?post=12493"}],"curies":[{"name":"wp","href":"https:\/\/api.w.org\/{rel}","templated":true}]}}