{"id":125027,"date":"2021-04-27T16:08:02","date_gmt":"2021-04-27T13:08:02","guid":{"rendered":"http:\/\/www.btv.md\/?p=125027"},"modified":"2021-04-27T16:08:02","modified_gmt":"2021-04-27T13:08:02","slug":"un-ofiter-de-la-anp-risca-ar-putea-fi-demis-ani-a-constatat-ca-se-afla-de-mai-multe-luni-in-incompatibilitate-de-functii","status":"publish","type":"post","link":"https:\/\/www.btv.md\/ro\/un-ofiter-de-la-anp-risca-ar-putea-fi-demis-ani-a-constatat-ca-se-afla-de-mai-multe-luni-in-incompatibilitate-de-functii\/","title":{"rendered":"Un ofi\u021ber de la ANP risc\u0103 ar putea fi demis. ANI a constatat c\u0103 se afl\u0103 de mai multe luni \u00een incompatibilitate de func\u021bii"},"content":{"rendered":"<p><strong>Un ofi\u021ber din cadrul Direc\u021biei de deten\u021bie a Administra\u021biei Na\u021bionale a Penitenciarelor risc\u0103 s\u0103 fie demis dup\u0103 ce\u00a0<\/strong><strong>Autoritatea Na\u021bional\u0103 de Integritate a constat c\u0103 se afl\u0103 \u00een incompatibilitate de func\u021bii de mai mute luni.\u00a0<span lang=\"RO\" xml:lang=\"RO\">Procedura de control a fost ini\u021biat\u0103 la sf\u00e2r\u0219itul anului 2020, \u00een baza unor sesiz\u0103ri depuse de persoane juridice, scrie <a href=\"https:\/\/tv8.md\/2021\/04\/27\/un-ofiter-de-la-anp-risca-ar-putea-fi-demis-ani-a-constatat-ca-se-afla-de-mai-multe-luni-in-incompatibilitate-de-functii\/\">tv8.md<\/a>.<\/span><\/strong><\/p>\n<p><span lang=\"RO\" xml:lang=\"RO\">Potrivit materialul probatoriu acumulat, s-a stabilit c\u0103 ofi\u021berul a fost angajat la ANP, \u00a0\u00een martie 2020, \u00een func\u021bie public\u0103 cu statut special. Din octombrie 2020 \u0219i p\u00e2n\u0103 \u00een prezent, ofi\u021berul de\u021bine \u0219i mandatul de consilier local \u00een cadrul Consiliului local\u00a0 Maximova din raionul Anenii Noi. Acesta a avut la dispozi\u021bie 30 de zile pentru a-\u0219i solu\u021biona starea de incompatibilitate, fie prin renun\u021barea la mandatul de consilier local sau la func\u021bia de\u021binut\u0103 \u00een ANP. \u00cens\u0103, contrar legisla\u021biei, ofi\u021berul a continuat s\u0103 participe la \u0219edin\u021bele Consiliului local Maximovca, fiind chiar remunerat pentru participare la una din \u0219edin\u021be. Totodat\u0103, la \u0219edin\u021ba Consiliului local, care a avut loc \u00een decembrie 2020, de\u0219i a fost prezent, acesta nu \u0219i-a depus semn\u0103tira pe lista participan\u021bilor.<\/span><\/p>\n<p><span lang=\"RO\" xml:lang=\"RO\">\u00cen baza constat\u0103rilor stabilite, inspectorul de integritate a decis c\u0103, dup\u0103 r\u0103m\u00e2nerea definitiv\u0103 a actului va sesiza conducerea Administra\u021biei Na\u021bionale a Penitenciarelor pentru a ini\u021bia procedura de demitere a acestuia. Totodat\u0103, b\u0103rbatul risc\u0103 s\u0103 nu mai de\u021bin\u0103 o func\u021bie public\u0103 sau de demnitate public\u0103 termen de 3 ani \u0219i va fi inclus \u00een Registrul Interdic\u021biilor.<\/span><\/p>\n<p>Foto: tv8.md.<\/p>\n","protected":false},"excerpt":{"rendered":"<p>Un ofi\u021ber din cadrul Direc\u021biei de deten\u021bie a Administra\u021biei Na\u021bionale a Penitenciarelor risc\u0103 s\u0103 fie demis dup\u0103 ce\u00a0Autoritatea Na\u021bional\u0103 de Integritate a constat c\u0103 se afl\u0103 \u00een incompatibilitate de func\u021bii de mai mute luni.\u00a0Procedura de control a fost ini\u021biat\u0103 la sf\u00e2r\u0219itul anului 2020, \u00een baza unor sesiz\u0103ri depuse de persoane juridice, scrie tv8.md. Potrivit materialul [&hellip;]<\/p>\n","protected":false},"author":4,"featured_media":125028,"comment_status":"closed","ping_status":"closed","sticky":false,"template":"","format":"standard","meta":{"footnotes":""},"categories":[6349],"tags":[24503],"class_list":["post-125027","post","type-post","status-publish","format-standard","has-post-thumbnail","hentry","category-social","tag-un-ofiter-de-la-anp-risca-ar-putea-fi-demis-ani-a-constatat-ca-se-afla-de-mai-multe-luni-in-incompatibilitate-de-functii"],"yoast_head":"<!-- This site is optimized with the Yoast SEO plugin v27.4 - https:\/\/yoast.com\/product\/yoast-seo-wordpress\/ -->\n<title>Un ofi\u021ber de la ANP risc\u0103 ar putea fi demis. ANI a constatat c\u0103 se afl\u0103 de mai multe luni \u00een incompatibilitate de func\u021bii - BTV<\/title>\n<meta name=\"robots\" content=\"index, follow, max-snippet:-1, max-image-preview:large, max-video-preview:-1\" \/>\n<link rel=\"canonical\" href=\"https:\/\/www.btv.md\/ro\/un-ofiter-de-la-anp-risca-ar-putea-fi-demis-ani-a-constatat-ca-se-afla-de-mai-multe-luni-in-incompatibilitate-de-functii\/\" \/>\n<meta property=\"og:locale\" content=\"ro_RO\" \/>\n<meta property=\"og:type\" content=\"article\" \/>\n<meta property=\"og:title\" content=\"Un ofi\u021ber de la ANP risc\u0103 ar putea fi demis. ANI a constatat c\u0103 se afl\u0103 de mai multe luni \u00een incompatibilitate de func\u021bii - BTV\" \/>\n<meta property=\"og:description\" content=\"Un ofi\u021ber din cadrul Direc\u021biei de deten\u021bie a Administra\u021biei Na\u021bionale a Penitenciarelor risc\u0103 s\u0103 fie demis dup\u0103 ce\u00a0Autoritatea Na\u021bional\u0103 de Integritate a constat c\u0103 se afl\u0103 \u00een incompatibilitate de func\u021bii de mai mute luni.\u00a0Procedura de control a fost ini\u021biat\u0103 la sf\u00e2r\u0219itul anului 2020, \u00een baza unor sesiz\u0103ri depuse de persoane juridice, scrie tv8.md. Potrivit materialul [&hellip;]\" \/>\n<meta property=\"og:url\" content=\"https:\/\/www.btv.md\/ro\/un-ofiter-de-la-anp-risca-ar-putea-fi-demis-ani-a-constatat-ca-se-afla-de-mai-multe-luni-in-incompatibilitate-de-functii\/\" \/>\n<meta property=\"og:site_name\" content=\"BTV\" \/>\n<meta property=\"article:publisher\" content=\"https:\/\/www.facebook.com\/btvmoldova\/\" \/>\n<meta property=\"article:published_time\" content=\"2021-04-27T13:08:02+00:00\" \/>\n<meta property=\"og:image\" content=\"https:\/\/www.btv.md\/wp-content\/uploads\/2021\/04\/penitenciar-1280x720-1.jpg\" \/>\n\t<meta property=\"og:image:width\" content=\"1280\" \/>\n\t<meta property=\"og:image:height\" content=\"720\" \/>\n\t<meta property=\"og:image:type\" content=\"image\/jpeg\" \/>\n<meta name=\"author\" content=\"admin\" \/>\n<meta name=\"twitter:label1\" content=\"Scris de\" \/>\n\t<meta name=\"twitter:data1\" content=\"admin\" \/>\n\t<meta name=\"twitter:label2\" content=\"Timp estimat pentru citire\" \/>\n\t<meta name=\"twitter:data2\" content=\"2 minute\" \/>\n<script type=\"application\/ld+json\" class=\"yoast-schema-graph\">{\"@context\":\"https:\\\/\\\/schema.org\",\"@graph\":[{\"@type\":\"Article\",\"@id\":\"https:\\\/\\\/www.btv.md\\\/ro\\\/un-ofiter-de-la-anp-risca-ar-putea-fi-demis-ani-a-constatat-ca-se-afla-de-mai-multe-luni-in-incompatibilitate-de-functii\\\/#article\",\"isPartOf\":{\"@id\":\"https:\\\/\\\/www.btv.md\\\/ro\\\/un-ofiter-de-la-anp-risca-ar-putea-fi-demis-ani-a-constatat-ca-se-afla-de-mai-multe-luni-in-incompatibilitate-de-functii\\\/\"},\"author\":{\"name\":\"admin\",\"@id\":\"https:\\\/\\\/www.btv.md\\\/#\\\/schema\\\/person\\\/8fadce81561b3ce2c34c46dadc4ccbf2\"},\"headline\":\"Un ofi\u021ber de la ANP risc\u0103 ar putea fi demis. ANI a constatat c\u0103 se afl\u0103 de mai multe luni \u00een incompatibilitate de func\u021bii\",\"datePublished\":\"2021-04-27T13:08:02+00:00\",\"mainEntityOfPage\":{\"@id\":\"https:\\\/\\\/www.btv.md\\\/ro\\\/un-ofiter-de-la-anp-risca-ar-putea-fi-demis-ani-a-constatat-ca-se-afla-de-mai-multe-luni-in-incompatibilitate-de-functii\\\/\"},\"wordCount\":293,\"image\":{\"@id\":\"https:\\\/\\\/www.btv.md\\\/ro\\\/un-ofiter-de-la-anp-risca-ar-putea-fi-demis-ani-a-constatat-ca-se-afla-de-mai-multe-luni-in-incompatibilitate-de-functii\\\/#primaryimage\"},\"thumbnailUrl\":\"https:\\\/\\\/www.btv.md\\\/wp-content\\\/uploads\\\/2021\\\/04\\\/penitenciar-1280x720-1.jpg\",\"keywords\":[\"Un ofi\u021ber de la ANP risc\u0103 ar putea fi demis. ANI a constatat c\u0103 se afl\u0103 de mai multe luni \u00een incompatibilitate de func\u021bii\"],\"articleSection\":[\"Social\"],\"inLanguage\":\"ro-RO\"},{\"@type\":\"WebPage\",\"@id\":\"https:\\\/\\\/www.btv.md\\\/ro\\\/un-ofiter-de-la-anp-risca-ar-putea-fi-demis-ani-a-constatat-ca-se-afla-de-mai-multe-luni-in-incompatibilitate-de-functii\\\/\",\"url\":\"https:\\\/\\\/www.btv.md\\\/ro\\\/un-ofiter-de-la-anp-risca-ar-putea-fi-demis-ani-a-constatat-ca-se-afla-de-mai-multe-luni-in-incompatibilitate-de-functii\\\/\",\"name\":\"Un ofi\u021ber de la ANP risc\u0103 ar putea fi demis. ANI a constatat c\u0103 se afl\u0103 de mai multe luni \u00een incompatibilitate de func\u021bii - BTV\",\"isPartOf\":{\"@id\":\"https:\\\/\\\/www.btv.md\\\/#website\"},\"primaryImageOfPage\":{\"@id\":\"https:\\\/\\\/www.btv.md\\\/ro\\\/un-ofiter-de-la-anp-risca-ar-putea-fi-demis-ani-a-constatat-ca-se-afla-de-mai-multe-luni-in-incompatibilitate-de-functii\\\/#primaryimage\"},\"image\":{\"@id\":\"https:\\\/\\\/www.btv.md\\\/ro\\\/un-ofiter-de-la-anp-risca-ar-putea-fi-demis-ani-a-constatat-ca-se-afla-de-mai-multe-luni-in-incompatibilitate-de-functii\\\/#primaryimage\"},\"thumbnailUrl\":\"https:\\\/\\\/www.btv.md\\\/wp-content\\\/uploads\\\/2021\\\/04\\\/penitenciar-1280x720-1.jpg\",\"datePublished\":\"2021-04-27T13:08:02+00:00\",\"author\":{\"@id\":\"https:\\\/\\\/www.btv.md\\\/#\\\/schema\\\/person\\\/8fadce81561b3ce2c34c46dadc4ccbf2\"},\"inLanguage\":\"ro-RO\",\"potentialAction\":[{\"@type\":\"ReadAction\",\"target\":[\"https:\\\/\\\/www.btv.md\\\/ro\\\/un-ofiter-de-la-anp-risca-ar-putea-fi-demis-ani-a-constatat-ca-se-afla-de-mai-multe-luni-in-incompatibilitate-de-functii\\\/\"]}]},{\"@type\":\"ImageObject\",\"inLanguage\":\"ro-RO\",\"@id\":\"https:\\\/\\\/www.btv.md\\\/ro\\\/un-ofiter-de-la-anp-risca-ar-putea-fi-demis-ani-a-constatat-ca-se-afla-de-mai-multe-luni-in-incompatibilitate-de-functii\\\/#primaryimage\",\"url\":\"https:\\\/\\\/www.btv.md\\\/wp-content\\\/uploads\\\/2021\\\/04\\\/penitenciar-1280x720-1.jpg\",\"contentUrl\":\"https:\\\/\\\/www.btv.md\\\/wp-content\\\/uploads\\\/2021\\\/04\\\/penitenciar-1280x720-1.jpg\",\"width\":1280,\"height\":720},{\"@type\":\"WebSite\",\"@id\":\"https:\\\/\\\/www.btv.md\\\/#website\",\"url\":\"https:\\\/\\\/www.btv.md\\\/\",\"name\":\"BTV\",\"description\":\"\u0411\u0435\u043b\u044c\u0446\u043a\u043e\u0435 \u0442\u0435\u043b\u0435\u0432\u0438\u0434\u0435\u043d\u0438\u0435\",\"potentialAction\":[{\"@type\":\"SearchAction\",\"target\":{\"@type\":\"EntryPoint\",\"urlTemplate\":\"https:\\\/\\\/www.btv.md\\\/?s={search_term_string}\"},\"query-input\":{\"@type\":\"PropertyValueSpecification\",\"valueRequired\":true,\"valueName\":\"search_term_string\"}}],\"inLanguage\":\"ro-RO\"},{\"@type\":\"Person\",\"@id\":\"https:\\\/\\\/www.btv.md\\\/#\\\/schema\\\/person\\\/8fadce81561b3ce2c34c46dadc4ccbf2\",\"name\":\"admin\"}]}<\/script>\n<!-- \/ Yoast SEO plugin. -->","yoast_head_json":{"title":"Un ofi\u021ber de la ANP risc\u0103 ar putea fi demis. ANI a constatat c\u0103 se afl\u0103 de mai multe luni \u00een incompatibilitate de func\u021bii - BTV","robots":{"index":"index","follow":"follow","max-snippet":"max-snippet:-1","max-image-preview":"max-image-preview:large","max-video-preview":"max-video-preview:-1"},"canonical":"https:\/\/www.btv.md\/ro\/un-ofiter-de-la-anp-risca-ar-putea-fi-demis-ani-a-constatat-ca-se-afla-de-mai-multe-luni-in-incompatibilitate-de-functii\/","og_locale":"ro_RO","og_type":"article","og_title":"Un ofi\u021ber de la ANP risc\u0103 ar putea fi demis. ANI a constatat c\u0103 se afl\u0103 de mai multe luni \u00een incompatibilitate de func\u021bii - BTV","og_description":"Un ofi\u021ber din cadrul Direc\u021biei de deten\u021bie a Administra\u021biei Na\u021bionale a Penitenciarelor risc\u0103 s\u0103 fie demis dup\u0103 ce\u00a0Autoritatea Na\u021bional\u0103 de Integritate a constat c\u0103 se afl\u0103 \u00een incompatibilitate de func\u021bii de mai mute luni.\u00a0Procedura de control a fost ini\u021biat\u0103 la sf\u00e2r\u0219itul anului 2020, \u00een baza unor sesiz\u0103ri depuse de persoane juridice, scrie tv8.md. Potrivit materialul [&hellip;]","og_url":"https:\/\/www.btv.md\/ro\/un-ofiter-de-la-anp-risca-ar-putea-fi-demis-ani-a-constatat-ca-se-afla-de-mai-multe-luni-in-incompatibilitate-de-functii\/","og_site_name":"BTV","article_publisher":"https:\/\/www.facebook.com\/btvmoldova\/","article_published_time":"2021-04-27T13:08:02+00:00","og_image":[{"width":1280,"height":720,"url":"https:\/\/www.btv.md\/wp-content\/uploads\/2021\/04\/penitenciar-1280x720-1.jpg","type":"image\/jpeg"}],"author":"admin","twitter_misc":{"Scris de":"admin","Timp estimat pentru citire":"2 minute"},"schema":{"@context":"https:\/\/schema.org","@graph":[{"@type":"Article","@id":"https:\/\/www.btv.md\/ro\/un-ofiter-de-la-anp-risca-ar-putea-fi-demis-ani-a-constatat-ca-se-afla-de-mai-multe-luni-in-incompatibilitate-de-functii\/#article","isPartOf":{"@id":"https:\/\/www.btv.md\/ro\/un-ofiter-de-la-anp-risca-ar-putea-fi-demis-ani-a-constatat-ca-se-afla-de-mai-multe-luni-in-incompatibilitate-de-functii\/"},"author":{"name":"admin","@id":"https:\/\/www.btv.md\/#\/schema\/person\/8fadce81561b3ce2c34c46dadc4ccbf2"},"headline":"Un ofi\u021ber de la ANP risc\u0103 ar putea fi demis. ANI a constatat c\u0103 se afl\u0103 de mai multe luni \u00een incompatibilitate de func\u021bii","datePublished":"2021-04-27T13:08:02+00:00","mainEntityOfPage":{"@id":"https:\/\/www.btv.md\/ro\/un-ofiter-de-la-anp-risca-ar-putea-fi-demis-ani-a-constatat-ca-se-afla-de-mai-multe-luni-in-incompatibilitate-de-functii\/"},"wordCount":293,"image":{"@id":"https:\/\/www.btv.md\/ro\/un-ofiter-de-la-anp-risca-ar-putea-fi-demis-ani-a-constatat-ca-se-afla-de-mai-multe-luni-in-incompatibilitate-de-functii\/#primaryimage"},"thumbnailUrl":"https:\/\/www.btv.md\/wp-content\/uploads\/2021\/04\/penitenciar-1280x720-1.jpg","keywords":["Un ofi\u021ber de la ANP risc\u0103 ar putea fi demis. ANI a constatat c\u0103 se afl\u0103 de mai multe luni \u00een incompatibilitate de func\u021bii"],"articleSection":["Social"],"inLanguage":"ro-RO"},{"@type":"WebPage","@id":"https:\/\/www.btv.md\/ro\/un-ofiter-de-la-anp-risca-ar-putea-fi-demis-ani-a-constatat-ca-se-afla-de-mai-multe-luni-in-incompatibilitate-de-functii\/","url":"https:\/\/www.btv.md\/ro\/un-ofiter-de-la-anp-risca-ar-putea-fi-demis-ani-a-constatat-ca-se-afla-de-mai-multe-luni-in-incompatibilitate-de-functii\/","name":"Un ofi\u021ber de la ANP risc\u0103 ar putea fi demis. ANI a constatat c\u0103 se afl\u0103 de mai multe luni \u00een incompatibilitate de func\u021bii - BTV","isPartOf":{"@id":"https:\/\/www.btv.md\/#website"},"primaryImageOfPage":{"@id":"https:\/\/www.btv.md\/ro\/un-ofiter-de-la-anp-risca-ar-putea-fi-demis-ani-a-constatat-ca-se-afla-de-mai-multe-luni-in-incompatibilitate-de-functii\/#primaryimage"},"image":{"@id":"https:\/\/www.btv.md\/ro\/un-ofiter-de-la-anp-risca-ar-putea-fi-demis-ani-a-constatat-ca-se-afla-de-mai-multe-luni-in-incompatibilitate-de-functii\/#primaryimage"},"thumbnailUrl":"https:\/\/www.btv.md\/wp-content\/uploads\/2021\/04\/penitenciar-1280x720-1.jpg","datePublished":"2021-04-27T13:08:02+00:00","author":{"@id":"https:\/\/www.btv.md\/#\/schema\/person\/8fadce81561b3ce2c34c46dadc4ccbf2"},"inLanguage":"ro-RO","potentialAction":[{"@type":"ReadAction","target":["https:\/\/www.btv.md\/ro\/un-ofiter-de-la-anp-risca-ar-putea-fi-demis-ani-a-constatat-ca-se-afla-de-mai-multe-luni-in-incompatibilitate-de-functii\/"]}]},{"@type":"ImageObject","inLanguage":"ro-RO","@id":"https:\/\/www.btv.md\/ro\/un-ofiter-de-la-anp-risca-ar-putea-fi-demis-ani-a-constatat-ca-se-afla-de-mai-multe-luni-in-incompatibilitate-de-functii\/#primaryimage","url":"https:\/\/www.btv.md\/wp-content\/uploads\/2021\/04\/penitenciar-1280x720-1.jpg","contentUrl":"https:\/\/www.btv.md\/wp-content\/uploads\/2021\/04\/penitenciar-1280x720-1.jpg","width":1280,"height":720},{"@type":"WebSite","@id":"https:\/\/www.btv.md\/#website","url":"https:\/\/www.btv.md\/","name":"BTV","description":"\u0411\u0435\u043b\u044c\u0446\u043a\u043e\u0435 \u0442\u0435\u043b\u0435\u0432\u0438\u0434\u0435\u043d\u0438\u0435","potentialAction":[{"@type":"SearchAction","target":{"@type":"EntryPoint","urlTemplate":"https:\/\/www.btv.md\/?s={search_term_string}"},"query-input":{"@type":"PropertyValueSpecification","valueRequired":true,"valueName":"search_term_string"}}],"inLanguage":"ro-RO"},{"@type":"Person","@id":"https:\/\/www.btv.md\/#\/schema\/person\/8fadce81561b3ce2c34c46dadc4ccbf2","name":"admin"}]}},"_links":{"self":[{"href":"https:\/\/www.btv.md\/ro\/wp-json\/wp\/v2\/posts\/125027","targetHints":{"allow":["GET"]}}],"collection":[{"href":"https:\/\/www.btv.md\/ro\/wp-json\/wp\/v2\/posts"}],"about":[{"href":"https:\/\/www.btv.md\/ro\/wp-json\/wp\/v2\/types\/post"}],"author":[{"embeddable":true,"href":"https:\/\/www.btv.md\/ro\/wp-json\/wp\/v2\/users\/4"}],"replies":[{"embeddable":true,"href":"https:\/\/www.btv.md\/ro\/wp-json\/wp\/v2\/comments?post=125027"}],"version-history":[{"count":0,"href":"https:\/\/www.btv.md\/ro\/wp-json\/wp\/v2\/posts\/125027\/revisions"}],"wp:featuredmedia":[{"embeddable":true,"href":"https:\/\/www.btv.md\/ro\/wp-json\/wp\/v2\/media\/125028"}],"wp:attachment":[{"href":"https:\/\/www.btv.md\/ro\/wp-json\/wp\/v2\/media?parent=125027"}],"wp:term":[{"taxonomy":"category","embeddable":true,"href":"https:\/\/www.btv.md\/ro\/wp-json\/wp\/v2\/categories?post=125027"},{"taxonomy":"post_tag","embeddable":true,"href":"https:\/\/www.btv.md\/ro\/wp-json\/wp\/v2\/tags?post=125027"}],"curies":[{"name":"wp","href":"https:\/\/api.w.org\/{rel}","templated":true}]}}