{"id":125031,"date":"2021-04-27T16:10:10","date_gmt":"2021-04-27T13:10:10","guid":{"rendered":"http:\/\/www.btv.md\/?p=125031"},"modified":"2021-04-27T16:10:10","modified_gmt":"2021-04-27T13:10:10","slug":"un-sofer-de-ruta-din-chisinau-risca-dosar-penal-pentru-ca-a-luat-un-permis-de-conducere-fals-din-moldova-ca-sa-l-duca-in-germania","status":"publish","type":"post","link":"https:\/\/www.btv.md\/ro\/un-sofer-de-ruta-din-chisinau-risca-dosar-penal-pentru-ca-a-luat-un-permis-de-conducere-fals-din-moldova-ca-sa-l-duca-in-germania\/","title":{"rendered":"Un \u0219ofer de rut\u0103 din Chi\u0219in\u0103u risc\u0103 dosar penal pentru c\u0103 a luat un permis de conducere fals din Moldova ca s\u0103-l duc\u0103 \u00een Germania"},"content":{"rendered":"<p class=\"preamble\"><strong>Un \u0219ofer de rut\u0103 din capital\u0103, care lucreaz\u0103 pe itinerarul Moldova-Germania, se poate alege cu dosar penal pentru c\u0103 a acceptat s\u0103 ia cu el un permis de conducere care s\u0103-l transporte peste hotare, acel permis de conducere dovedindu-se a fi fals, la frontier\u0103. Incidentul a avut loc \u00een seara de luni, 26 aprilie, transmite <a href=\"https:\/\/agora.md\/stiri\/87389\/un-sofer-de-ruta-din-chisinau-risca-dosar-penal-pentru-ca-a-luat-un-permis-de-conducere-fals-din-moldova-ca-sa-l-duca-in-germania\">agora.md<\/a>.<\/strong><\/p>\n<p>Poli\u021bi\u0219tii de Frontier\u0103 moldoveni au fost cei care au f\u0103cut cercet\u0103ri am\u0103nun\u021bite \u0219i au \u00een\u021beles c\u0103 acel permis de conducere, eliberat de autorit\u0103\u021bile rom\u00e2ne, este fals. \u0218oferul de 30 de ani a spus, \u00een replic\u0103 oamenilor legii, c\u0103 a luat documentul de la mama posesorului \u0219i urma s\u0103 \u00eel duc\u0103 \u00een Germania.<\/p>\n<p class=\"hide-article\">Permisul de conducere a fost luat \u0219i urmeaz\u0103 s\u0103 fie supus expertizei, anun\u021b\u0103 Poli\u021bia de Frontier\u0103. Pe acest caz a fost \u00eentocmit un proces verbal de audiere \u0219i constatare a infrac\u021biunii.<\/p>\n<p>Foto: agora.md.<\/p>\n","protected":false},"excerpt":{"rendered":"<p>Un \u0219ofer de rut\u0103 din capital\u0103, care lucreaz\u0103 pe itinerarul Moldova-Germania, se poate alege cu dosar penal pentru c\u0103 a acceptat s\u0103 ia cu el un permis de conducere care s\u0103-l transporte peste hotare, acel permis de conducere dovedindu-se a fi fals, la frontier\u0103. Incidentul a avut loc \u00een seara de luni, 26 aprilie, transmite [&hellip;]<\/p>\n","protected":false},"author":4,"featured_media":125032,"comment_status":"closed","ping_status":"closed","sticky":false,"template":"","format":"standard","meta":{"footnotes":""},"categories":[6349],"tags":[24504],"class_list":["post-125031","post","type-post","status-publish","format-standard","has-post-thumbnail","hentry","category-social","tag-un-sofer-de-ruta-din-chisinau-risca-dosar-penal-pentru-ca-a-luat-un-permis-de-conducere-fals-din-moldova-ca-sa-l-duca-in-germania"],"yoast_head":"<!-- This site is optimized with the Yoast SEO plugin v27.4 - https:\/\/yoast.com\/product\/yoast-seo-wordpress\/ -->\n<title>Un \u0219ofer de rut\u0103 din Chi\u0219in\u0103u risc\u0103 dosar penal pentru c\u0103 a luat un permis de conducere fals din Moldova ca s\u0103-l duc\u0103 \u00een Germania - BTV<\/title>\n<meta name=\"robots\" content=\"index, follow, max-snippet:-1, max-image-preview:large, max-video-preview:-1\" \/>\n<link rel=\"canonical\" href=\"https:\/\/www.btv.md\/ro\/un-sofer-de-ruta-din-chisinau-risca-dosar-penal-pentru-ca-a-luat-un-permis-de-conducere-fals-din-moldova-ca-sa-l-duca-in-germania\/\" \/>\n<meta property=\"og:locale\" content=\"ro_RO\" \/>\n<meta property=\"og:type\" content=\"article\" \/>\n<meta property=\"og:title\" content=\"Un \u0219ofer de rut\u0103 din Chi\u0219in\u0103u risc\u0103 dosar penal pentru c\u0103 a luat un permis de conducere fals din Moldova ca s\u0103-l duc\u0103 \u00een Germania - BTV\" \/>\n<meta property=\"og:description\" content=\"Un \u0219ofer de rut\u0103 din capital\u0103, care lucreaz\u0103 pe itinerarul Moldova-Germania, se poate alege cu dosar penal pentru c\u0103 a acceptat s\u0103 ia cu el un permis de conducere care s\u0103-l transporte peste hotare, acel permis de conducere dovedindu-se a fi fals, la frontier\u0103. Incidentul a avut loc \u00een seara de luni, 26 aprilie, transmite [&hellip;]\" \/>\n<meta property=\"og:url\" content=\"https:\/\/www.btv.md\/ro\/un-sofer-de-ruta-din-chisinau-risca-dosar-penal-pentru-ca-a-luat-un-permis-de-conducere-fals-din-moldova-ca-sa-l-duca-in-germania\/\" \/>\n<meta property=\"og:site_name\" content=\"BTV\" \/>\n<meta property=\"article:publisher\" content=\"https:\/\/www.facebook.com\/btvmoldova\/\" \/>\n<meta property=\"article:published_time\" content=\"2021-04-27T13:10:10+00:00\" \/>\n<meta property=\"og:image\" content=\"https:\/\/www.btv.md\/wp-content\/uploads\/2021\/04\/un-sofer-de-ruta-din-chisinau-risca-dosar-penal-pentru-ca-a-luat-un-permis-de-conducere-fals-din-moldova-ca-sa-l-transmit-in-germania-166909-1619527540.jpg\" \/>\n\t<meta property=\"og:image:width\" content=\"1200\" \/>\n\t<meta property=\"og:image:height\" content=\"675\" \/>\n\t<meta property=\"og:image:type\" content=\"image\/jpeg\" \/>\n<meta name=\"author\" content=\"admin\" \/>\n<meta name=\"twitter:label1\" content=\"Scris de\" \/>\n\t<meta name=\"twitter:data1\" content=\"admin\" \/>\n\t<meta name=\"twitter:label2\" content=\"Timp estimat pentru citire\" \/>\n\t<meta name=\"twitter:data2\" content=\"1 minut\" \/>\n<script type=\"application\/ld+json\" class=\"yoast-schema-graph\">{\"@context\":\"https:\\\/\\\/schema.org\",\"@graph\":[{\"@type\":\"Article\",\"@id\":\"https:\\\/\\\/www.btv.md\\\/ro\\\/un-sofer-de-ruta-din-chisinau-risca-dosar-penal-pentru-ca-a-luat-un-permis-de-conducere-fals-din-moldova-ca-sa-l-duca-in-germania\\\/#article\",\"isPartOf\":{\"@id\":\"https:\\\/\\\/www.btv.md\\\/ro\\\/un-sofer-de-ruta-din-chisinau-risca-dosar-penal-pentru-ca-a-luat-un-permis-de-conducere-fals-din-moldova-ca-sa-l-duca-in-germania\\\/\"},\"author\":{\"name\":\"admin\",\"@id\":\"https:\\\/\\\/www.btv.md\\\/#\\\/schema\\\/person\\\/8fadce81561b3ce2c34c46dadc4ccbf2\"},\"headline\":\"Un \u0219ofer de rut\u0103 din Chi\u0219in\u0103u risc\u0103 dosar penal pentru c\u0103 a luat un permis de conducere fals din Moldova ca s\u0103-l duc\u0103 \u00een Germania\",\"datePublished\":\"2021-04-27T13:10:10+00:00\",\"mainEntityOfPage\":{\"@id\":\"https:\\\/\\\/www.btv.md\\\/ro\\\/un-sofer-de-ruta-din-chisinau-risca-dosar-penal-pentru-ca-a-luat-un-permis-de-conducere-fals-din-moldova-ca-sa-l-duca-in-germania\\\/\"},\"wordCount\":181,\"image\":{\"@id\":\"https:\\\/\\\/www.btv.md\\\/ro\\\/un-sofer-de-ruta-din-chisinau-risca-dosar-penal-pentru-ca-a-luat-un-permis-de-conducere-fals-din-moldova-ca-sa-l-duca-in-germania\\\/#primaryimage\"},\"thumbnailUrl\":\"https:\\\/\\\/www.btv.md\\\/wp-content\\\/uploads\\\/2021\\\/04\\\/un-sofer-de-ruta-din-chisinau-risca-dosar-penal-pentru-ca-a-luat-un-permis-de-conducere-fals-din-moldova-ca-sa-l-transmit-in-germania-166909-1619527540.jpg\",\"keywords\":[\"Un \u0219ofer de rut\u0103 din Chi\u0219in\u0103u risc\u0103 dosar penal pentru c\u0103 a luat un permis de conducere fals din Moldova ca s\u0103-l duc\u0103 \u00een Germania\"],\"articleSection\":[\"Social\"],\"inLanguage\":\"ro-RO\"},{\"@type\":\"WebPage\",\"@id\":\"https:\\\/\\\/www.btv.md\\\/ro\\\/un-sofer-de-ruta-din-chisinau-risca-dosar-penal-pentru-ca-a-luat-un-permis-de-conducere-fals-din-moldova-ca-sa-l-duca-in-germania\\\/\",\"url\":\"https:\\\/\\\/www.btv.md\\\/ro\\\/un-sofer-de-ruta-din-chisinau-risca-dosar-penal-pentru-ca-a-luat-un-permis-de-conducere-fals-din-moldova-ca-sa-l-duca-in-germania\\\/\",\"name\":\"Un \u0219ofer de rut\u0103 din Chi\u0219in\u0103u risc\u0103 dosar penal pentru c\u0103 a luat un permis de conducere fals din Moldova ca s\u0103-l duc\u0103 \u00een Germania - BTV\",\"isPartOf\":{\"@id\":\"https:\\\/\\\/www.btv.md\\\/#website\"},\"primaryImageOfPage\":{\"@id\":\"https:\\\/\\\/www.btv.md\\\/ro\\\/un-sofer-de-ruta-din-chisinau-risca-dosar-penal-pentru-ca-a-luat-un-permis-de-conducere-fals-din-moldova-ca-sa-l-duca-in-germania\\\/#primaryimage\"},\"image\":{\"@id\":\"https:\\\/\\\/www.btv.md\\\/ro\\\/un-sofer-de-ruta-din-chisinau-risca-dosar-penal-pentru-ca-a-luat-un-permis-de-conducere-fals-din-moldova-ca-sa-l-duca-in-germania\\\/#primaryimage\"},\"thumbnailUrl\":\"https:\\\/\\\/www.btv.md\\\/wp-content\\\/uploads\\\/2021\\\/04\\\/un-sofer-de-ruta-din-chisinau-risca-dosar-penal-pentru-ca-a-luat-un-permis-de-conducere-fals-din-moldova-ca-sa-l-transmit-in-germania-166909-1619527540.jpg\",\"datePublished\":\"2021-04-27T13:10:10+00:00\",\"author\":{\"@id\":\"https:\\\/\\\/www.btv.md\\\/#\\\/schema\\\/person\\\/8fadce81561b3ce2c34c46dadc4ccbf2\"},\"inLanguage\":\"ro-RO\",\"potentialAction\":[{\"@type\":\"ReadAction\",\"target\":[\"https:\\\/\\\/www.btv.md\\\/ro\\\/un-sofer-de-ruta-din-chisinau-risca-dosar-penal-pentru-ca-a-luat-un-permis-de-conducere-fals-din-moldova-ca-sa-l-duca-in-germania\\\/\"]}]},{\"@type\":\"ImageObject\",\"inLanguage\":\"ro-RO\",\"@id\":\"https:\\\/\\\/www.btv.md\\\/ro\\\/un-sofer-de-ruta-din-chisinau-risca-dosar-penal-pentru-ca-a-luat-un-permis-de-conducere-fals-din-moldova-ca-sa-l-duca-in-germania\\\/#primaryimage\",\"url\":\"https:\\\/\\\/www.btv.md\\\/wp-content\\\/uploads\\\/2021\\\/04\\\/un-sofer-de-ruta-din-chisinau-risca-dosar-penal-pentru-ca-a-luat-un-permis-de-conducere-fals-din-moldova-ca-sa-l-transmit-in-germania-166909-1619527540.jpg\",\"contentUrl\":\"https:\\\/\\\/www.btv.md\\\/wp-content\\\/uploads\\\/2021\\\/04\\\/un-sofer-de-ruta-din-chisinau-risca-dosar-penal-pentru-ca-a-luat-un-permis-de-conducere-fals-din-moldova-ca-sa-l-transmit-in-germania-166909-1619527540.jpg\",\"width\":1200,\"height\":675},{\"@type\":\"WebSite\",\"@id\":\"https:\\\/\\\/www.btv.md\\\/#website\",\"url\":\"https:\\\/\\\/www.btv.md\\\/\",\"name\":\"BTV\",\"description\":\"\u0411\u0435\u043b\u044c\u0446\u043a\u043e\u0435 \u0442\u0435\u043b\u0435\u0432\u0438\u0434\u0435\u043d\u0438\u0435\",\"potentialAction\":[{\"@type\":\"SearchAction\",\"target\":{\"@type\":\"EntryPoint\",\"urlTemplate\":\"https:\\\/\\\/www.btv.md\\\/?s={search_term_string}\"},\"query-input\":{\"@type\":\"PropertyValueSpecification\",\"valueRequired\":true,\"valueName\":\"search_term_string\"}}],\"inLanguage\":\"ro-RO\"},{\"@type\":\"Person\",\"@id\":\"https:\\\/\\\/www.btv.md\\\/#\\\/schema\\\/person\\\/8fadce81561b3ce2c34c46dadc4ccbf2\",\"name\":\"admin\"}]}<\/script>\n<!-- \/ Yoast SEO plugin. -->","yoast_head_json":{"title":"Un \u0219ofer de rut\u0103 din Chi\u0219in\u0103u risc\u0103 dosar penal pentru c\u0103 a luat un permis de conducere fals din Moldova ca s\u0103-l duc\u0103 \u00een Germania - BTV","robots":{"index":"index","follow":"follow","max-snippet":"max-snippet:-1","max-image-preview":"max-image-preview:large","max-video-preview":"max-video-preview:-1"},"canonical":"https:\/\/www.btv.md\/ro\/un-sofer-de-ruta-din-chisinau-risca-dosar-penal-pentru-ca-a-luat-un-permis-de-conducere-fals-din-moldova-ca-sa-l-duca-in-germania\/","og_locale":"ro_RO","og_type":"article","og_title":"Un \u0219ofer de rut\u0103 din Chi\u0219in\u0103u risc\u0103 dosar penal pentru c\u0103 a luat un permis de conducere fals din Moldova ca s\u0103-l duc\u0103 \u00een Germania - BTV","og_description":"Un \u0219ofer de rut\u0103 din capital\u0103, care lucreaz\u0103 pe itinerarul Moldova-Germania, se poate alege cu dosar penal pentru c\u0103 a acceptat s\u0103 ia cu el un permis de conducere care s\u0103-l transporte peste hotare, acel permis de conducere dovedindu-se a fi fals, la frontier\u0103. Incidentul a avut loc \u00een seara de luni, 26 aprilie, transmite [&hellip;]","og_url":"https:\/\/www.btv.md\/ro\/un-sofer-de-ruta-din-chisinau-risca-dosar-penal-pentru-ca-a-luat-un-permis-de-conducere-fals-din-moldova-ca-sa-l-duca-in-germania\/","og_site_name":"BTV","article_publisher":"https:\/\/www.facebook.com\/btvmoldova\/","article_published_time":"2021-04-27T13:10:10+00:00","og_image":[{"width":1200,"height":675,"url":"https:\/\/www.btv.md\/wp-content\/uploads\/2021\/04\/un-sofer-de-ruta-din-chisinau-risca-dosar-penal-pentru-ca-a-luat-un-permis-de-conducere-fals-din-moldova-ca-sa-l-transmit-in-germania-166909-1619527540.jpg","type":"image\/jpeg"}],"author":"admin","twitter_misc":{"Scris de":"admin","Timp estimat pentru citire":"1 minut"},"schema":{"@context":"https:\/\/schema.org","@graph":[{"@type":"Article","@id":"https:\/\/www.btv.md\/ro\/un-sofer-de-ruta-din-chisinau-risca-dosar-penal-pentru-ca-a-luat-un-permis-de-conducere-fals-din-moldova-ca-sa-l-duca-in-germania\/#article","isPartOf":{"@id":"https:\/\/www.btv.md\/ro\/un-sofer-de-ruta-din-chisinau-risca-dosar-penal-pentru-ca-a-luat-un-permis-de-conducere-fals-din-moldova-ca-sa-l-duca-in-germania\/"},"author":{"name":"admin","@id":"https:\/\/www.btv.md\/#\/schema\/person\/8fadce81561b3ce2c34c46dadc4ccbf2"},"headline":"Un \u0219ofer de rut\u0103 din Chi\u0219in\u0103u risc\u0103 dosar penal pentru c\u0103 a luat un permis de conducere fals din Moldova ca s\u0103-l duc\u0103 \u00een Germania","datePublished":"2021-04-27T13:10:10+00:00","mainEntityOfPage":{"@id":"https:\/\/www.btv.md\/ro\/un-sofer-de-ruta-din-chisinau-risca-dosar-penal-pentru-ca-a-luat-un-permis-de-conducere-fals-din-moldova-ca-sa-l-duca-in-germania\/"},"wordCount":181,"image":{"@id":"https:\/\/www.btv.md\/ro\/un-sofer-de-ruta-din-chisinau-risca-dosar-penal-pentru-ca-a-luat-un-permis-de-conducere-fals-din-moldova-ca-sa-l-duca-in-germania\/#primaryimage"},"thumbnailUrl":"https:\/\/www.btv.md\/wp-content\/uploads\/2021\/04\/un-sofer-de-ruta-din-chisinau-risca-dosar-penal-pentru-ca-a-luat-un-permis-de-conducere-fals-din-moldova-ca-sa-l-transmit-in-germania-166909-1619527540.jpg","keywords":["Un \u0219ofer de rut\u0103 din Chi\u0219in\u0103u risc\u0103 dosar penal pentru c\u0103 a luat un permis de conducere fals din Moldova ca s\u0103-l duc\u0103 \u00een Germania"],"articleSection":["Social"],"inLanguage":"ro-RO"},{"@type":"WebPage","@id":"https:\/\/www.btv.md\/ro\/un-sofer-de-ruta-din-chisinau-risca-dosar-penal-pentru-ca-a-luat-un-permis-de-conducere-fals-din-moldova-ca-sa-l-duca-in-germania\/","url":"https:\/\/www.btv.md\/ro\/un-sofer-de-ruta-din-chisinau-risca-dosar-penal-pentru-ca-a-luat-un-permis-de-conducere-fals-din-moldova-ca-sa-l-duca-in-germania\/","name":"Un \u0219ofer de rut\u0103 din Chi\u0219in\u0103u risc\u0103 dosar penal pentru c\u0103 a luat un permis de conducere fals din Moldova ca s\u0103-l duc\u0103 \u00een Germania - BTV","isPartOf":{"@id":"https:\/\/www.btv.md\/#website"},"primaryImageOfPage":{"@id":"https:\/\/www.btv.md\/ro\/un-sofer-de-ruta-din-chisinau-risca-dosar-penal-pentru-ca-a-luat-un-permis-de-conducere-fals-din-moldova-ca-sa-l-duca-in-germania\/#primaryimage"},"image":{"@id":"https:\/\/www.btv.md\/ro\/un-sofer-de-ruta-din-chisinau-risca-dosar-penal-pentru-ca-a-luat-un-permis-de-conducere-fals-din-moldova-ca-sa-l-duca-in-germania\/#primaryimage"},"thumbnailUrl":"https:\/\/www.btv.md\/wp-content\/uploads\/2021\/04\/un-sofer-de-ruta-din-chisinau-risca-dosar-penal-pentru-ca-a-luat-un-permis-de-conducere-fals-din-moldova-ca-sa-l-transmit-in-germania-166909-1619527540.jpg","datePublished":"2021-04-27T13:10:10+00:00","author":{"@id":"https:\/\/www.btv.md\/#\/schema\/person\/8fadce81561b3ce2c34c46dadc4ccbf2"},"inLanguage":"ro-RO","potentialAction":[{"@type":"ReadAction","target":["https:\/\/www.btv.md\/ro\/un-sofer-de-ruta-din-chisinau-risca-dosar-penal-pentru-ca-a-luat-un-permis-de-conducere-fals-din-moldova-ca-sa-l-duca-in-germania\/"]}]},{"@type":"ImageObject","inLanguage":"ro-RO","@id":"https:\/\/www.btv.md\/ro\/un-sofer-de-ruta-din-chisinau-risca-dosar-penal-pentru-ca-a-luat-un-permis-de-conducere-fals-din-moldova-ca-sa-l-duca-in-germania\/#primaryimage","url":"https:\/\/www.btv.md\/wp-content\/uploads\/2021\/04\/un-sofer-de-ruta-din-chisinau-risca-dosar-penal-pentru-ca-a-luat-un-permis-de-conducere-fals-din-moldova-ca-sa-l-transmit-in-germania-166909-1619527540.jpg","contentUrl":"https:\/\/www.btv.md\/wp-content\/uploads\/2021\/04\/un-sofer-de-ruta-din-chisinau-risca-dosar-penal-pentru-ca-a-luat-un-permis-de-conducere-fals-din-moldova-ca-sa-l-transmit-in-germania-166909-1619527540.jpg","width":1200,"height":675},{"@type":"WebSite","@id":"https:\/\/www.btv.md\/#website","url":"https:\/\/www.btv.md\/","name":"BTV","description":"\u0411\u0435\u043b\u044c\u0446\u043a\u043e\u0435 \u0442\u0435\u043b\u0435\u0432\u0438\u0434\u0435\u043d\u0438\u0435","potentialAction":[{"@type":"SearchAction","target":{"@type":"EntryPoint","urlTemplate":"https:\/\/www.btv.md\/?s={search_term_string}"},"query-input":{"@type":"PropertyValueSpecification","valueRequired":true,"valueName":"search_term_string"}}],"inLanguage":"ro-RO"},{"@type":"Person","@id":"https:\/\/www.btv.md\/#\/schema\/person\/8fadce81561b3ce2c34c46dadc4ccbf2","name":"admin"}]}},"_links":{"self":[{"href":"https:\/\/www.btv.md\/ro\/wp-json\/wp\/v2\/posts\/125031","targetHints":{"allow":["GET"]}}],"collection":[{"href":"https:\/\/www.btv.md\/ro\/wp-json\/wp\/v2\/posts"}],"about":[{"href":"https:\/\/www.btv.md\/ro\/wp-json\/wp\/v2\/types\/post"}],"author":[{"embeddable":true,"href":"https:\/\/www.btv.md\/ro\/wp-json\/wp\/v2\/users\/4"}],"replies":[{"embeddable":true,"href":"https:\/\/www.btv.md\/ro\/wp-json\/wp\/v2\/comments?post=125031"}],"version-history":[{"count":0,"href":"https:\/\/www.btv.md\/ro\/wp-json\/wp\/v2\/posts\/125031\/revisions"}],"wp:featuredmedia":[{"embeddable":true,"href":"https:\/\/www.btv.md\/ro\/wp-json\/wp\/v2\/media\/125032"}],"wp:attachment":[{"href":"https:\/\/www.btv.md\/ro\/wp-json\/wp\/v2\/media?parent=125031"}],"wp:term":[{"taxonomy":"category","embeddable":true,"href":"https:\/\/www.btv.md\/ro\/wp-json\/wp\/v2\/categories?post=125031"},{"taxonomy":"post_tag","embeddable":true,"href":"https:\/\/www.btv.md\/ro\/wp-json\/wp\/v2\/tags?post=125031"}],"curies":[{"name":"wp","href":"https:\/\/api.w.org\/{rel}","templated":true}]}}