{"id":12512,"date":"2016-05-12T18:50:42","date_gmt":"2016-05-12T15:50:42","guid":{"rendered":"http:\/\/btv.md\/?p=12512"},"modified":"2016-05-12T18:50:42","modified_gmt":"2016-05-12T15:50:42","slug":"ziua-usilor-deschise-la-centrul-de-excelenta-din-balti","status":"publish","type":"post","link":"https:\/\/www.btv.md\/ro\/ziua-usilor-deschise-la-centrul-de-excelenta-din-balti\/","title":{"rendered":"ZIUA  U\u0218ILOR  DESCHISE  LA  CENTRUL  DE  EXCELEN\u021a\u0102  DIN  B\u0102L\u021aI"},"content":{"rendered":"<p><strong>Centrul de Excelen\u021b\u0103 \u00een Servicii \u0219i Prelucrarea Alimentelor din B\u0103l\u021bi \u0219i-a deschis u\u0219ile pentru poten\u021bialii studen\u021bi. \u00cen data de 12 mai, profesorii, \u00eempreun\u0103 cu studen\u021bii din cadrul institu\u021biei, au organizat\u0103 Ziua u\u0219ilor deschise. <\/strong><\/p>\n<p>Oaspe\u021bii gazdelor au fost elevii din mai multe gimnazii \u0219i licee din municipiu. Dup\u0103 ce au urm\u0103rit o scurt\u0103 prezentare artistic\u0103, ace\u0219tia au avut parte de un master-class.<\/p>\n<p>\u201e<em>Ne-am g\u00e2ndit s\u0103 organiz\u0103m \u0219i un master-class \u00een laboratoare, sper\u0103m, pentru viitorii studen\u021bi. Mae\u0219trii, \u00eempreun\u0103 cu elevii no\u0219trii, au ar\u0103tat master-class la diferite meserii, buc\u0103tar, cofetar, brutar, chelner. \u00cen Centrul de Excelen\u021b\u0103 \u00ee\u0219i fac studiile 530 de elevi. Num\u0103rul lor cre\u0219te \u00een fiecare an<\/em>\u201d, a precizat directorul adjunct pentru instruire \u0219i producere, Zinaida  Babaian.<\/p>\n<p>Elevii s-au ar\u0103tat \u00eenc\u00e2nta\u021bi de condi\u021bii, utilaje, dar \u0219i de bucatele preg\u0103tite.<\/p>\n<p>Studen\u021bii de aici spun c\u0103 ador\u0103 orele practice \u0219i nu regret\u0103 alegerea f\u0103cut\u0103.<\/p>\n<p>P\u00e2n\u0103 \u00een prezent, institu\u021bia a preg\u0103tit peste 20 de mii de muncitori. Durata studiilor este \u00eentre 1 \u0219i 4 ani, \u00een func\u021bie de profesia aleas\u0103.<\/p>\n<p>NATALIA  TOCARCIUC<br \/>\nCORNELIU  VIERU<br \/>\nALEXEI  KLINSKII<br \/>\n<iframe width=\"420\" height=\"315\" data-src=\"https:\/\/www.youtube.com\/embed\/j70H-bUCPFs\" frameborder=\"0\" allowfullscreen src=\"data:image\/svg+xml;base64,PHN2ZyB3aWR0aD0iMSIgaGVpZ2h0PSIxIiB4bWxucz0iaHR0cDovL3d3dy53My5vcmcvMjAwMC9zdmciPjwvc3ZnPg==\" class=\"lazyload\" data-load-mode=\"1\"><\/iframe><\/p>\n","protected":false},"excerpt":{"rendered":"<p>Centrul de Excelen\u021b\u0103 \u00een Servicii \u0219i Prelucrarea Alimentelor din B\u0103l\u021bi \u0219i-a deschis u\u0219ile pentru poten\u021bialii studen\u021bi. \u00cen data de 12 mai, profesorii, \u00eempreun\u0103 cu studen\u021bii din cadrul institu\u021biei, au organizat\u0103 Ziua u\u0219ilor deschise. Oaspe\u021bii gazdelor au fost elevii din mai multe gimnazii \u0219i licee din municipiu. Dup\u0103 ce au urm\u0103rit o scurt\u0103 prezentare artistic\u0103, ace\u0219tia [&hellip;]<\/p>\n","protected":false},"author":4,"featured_media":12513,"comment_status":"closed","ping_status":"closed","sticky":false,"template":"","format":"standard","meta":{"footnotes":""},"categories":[6353],"tags":[],"class_list":["post-12512","post","type-post","status-publish","format-standard","has-post-thumbnail","hentry","category-oras"],"yoast_head":"<!-- This site is optimized with the Yoast SEO plugin v27.4 - https:\/\/yoast.com\/product\/yoast-seo-wordpress\/ -->\n<title>ZIUA U\u0218ILOR DESCHISE LA CENTRUL DE EXCELEN\u021a\u0102 DIN B\u0102L\u021aI  - BTV<\/title>\n<meta name=\"robots\" content=\"index, follow, max-snippet:-1, max-image-preview:large, max-video-preview:-1\" \/>\n<link rel=\"canonical\" href=\"https:\/\/www.btv.md\/ro\/ziua-usilor-deschise-la-centrul-de-excelenta-din-balti\/\" \/>\n<meta property=\"og:locale\" content=\"ro_RO\" \/>\n<meta property=\"og:type\" content=\"article\" \/>\n<meta property=\"og:title\" content=\"ZIUA U\u0218ILOR DESCHISE LA CENTRUL DE EXCELEN\u021a\u0102 DIN B\u0102L\u021aI  - BTV\" \/>\n<meta property=\"og:description\" content=\"Centrul de Excelen\u021b\u0103 \u00een Servicii \u0219i Prelucrarea Alimentelor din B\u0103l\u021bi \u0219i-a deschis u\u0219ile pentru poten\u021bialii studen\u021bi. \u00cen data de 12 mai, profesorii, \u00eempreun\u0103 cu studen\u021bii din cadrul institu\u021biei, au organizat\u0103 Ziua u\u0219ilor deschise. Oaspe\u021bii gazdelor au fost elevii din mai multe gimnazii \u0219i licee din municipiu. Dup\u0103 ce au urm\u0103rit o scurt\u0103 prezentare artistic\u0103, ace\u0219tia [&hellip;]\" \/>\n<meta property=\"og:url\" content=\"https:\/\/www.btv.md\/ro\/ziua-usilor-deschise-la-centrul-de-excelenta-din-balti\/\" \/>\n<meta property=\"og:site_name\" content=\"BTV\" \/>\n<meta property=\"article:publisher\" content=\"https:\/\/www.facebook.com\/btvmoldova\/\" \/>\n<meta property=\"article:published_time\" content=\"2016-05-12T15:50:42+00:00\" \/>\n<meta property=\"og:image\" content=\"https:\/\/www.btv.md\/wp-content\/uploads\/2016\/05\/kolledj.png\" \/>\n\t<meta property=\"og:image:width\" content=\"1001\" \/>\n\t<meta property=\"og:image:height\" content=\"511\" \/>\n\t<meta property=\"og:image:type\" content=\"image\/png\" \/>\n<meta name=\"author\" content=\"admin\" \/>\n<meta name=\"twitter:label1\" content=\"Scris de\" \/>\n\t<meta name=\"twitter:data1\" content=\"admin\" \/>\n\t<meta name=\"twitter:label2\" content=\"Timp estimat pentru citire\" \/>\n\t<meta name=\"twitter:data2\" content=\"1 minut\" \/>\n<script type=\"application\/ld+json\" class=\"yoast-schema-graph\">{\"@context\":\"https:\\\/\\\/schema.org\",\"@graph\":[{\"@type\":\"Article\",\"@id\":\"https:\\\/\\\/www.btv.md\\\/ro\\\/ziua-usilor-deschise-la-centrul-de-excelenta-din-balti\\\/#article\",\"isPartOf\":{\"@id\":\"https:\\\/\\\/www.btv.md\\\/ro\\\/ziua-usilor-deschise-la-centrul-de-excelenta-din-balti\\\/\"},\"author\":{\"name\":\"admin\",\"@id\":\"https:\\\/\\\/www.btv.md\\\/#\\\/schema\\\/person\\\/8fadce81561b3ce2c34c46dadc4ccbf2\"},\"headline\":\"ZIUA U\u0218ILOR DESCHISE LA CENTRUL DE EXCELEN\u021a\u0102 DIN B\u0102L\u021aI\",\"datePublished\":\"2016-05-12T15:50:42+00:00\",\"mainEntityOfPage\":{\"@id\":\"https:\\\/\\\/www.btv.md\\\/ro\\\/ziua-usilor-deschise-la-centrul-de-excelenta-din-balti\\\/\"},\"wordCount\":210,\"image\":{\"@id\":\"https:\\\/\\\/www.btv.md\\\/ro\\\/ziua-usilor-deschise-la-centrul-de-excelenta-din-balti\\\/#primaryimage\"},\"thumbnailUrl\":\"https:\\\/\\\/www.btv.md\\\/wp-content\\\/uploads\\\/2016\\\/05\\\/kolledj.png\",\"articleSection\":[\"Ora\u0219\"],\"inLanguage\":\"ro-RO\"},{\"@type\":\"WebPage\",\"@id\":\"https:\\\/\\\/www.btv.md\\\/ro\\\/ziua-usilor-deschise-la-centrul-de-excelenta-din-balti\\\/\",\"url\":\"https:\\\/\\\/www.btv.md\\\/ro\\\/ziua-usilor-deschise-la-centrul-de-excelenta-din-balti\\\/\",\"name\":\"ZIUA U\u0218ILOR DESCHISE LA CENTRUL DE EXCELEN\u021a\u0102 DIN B\u0102L\u021aI - BTV\",\"isPartOf\":{\"@id\":\"https:\\\/\\\/www.btv.md\\\/#website\"},\"primaryImageOfPage\":{\"@id\":\"https:\\\/\\\/www.btv.md\\\/ro\\\/ziua-usilor-deschise-la-centrul-de-excelenta-din-balti\\\/#primaryimage\"},\"image\":{\"@id\":\"https:\\\/\\\/www.btv.md\\\/ro\\\/ziua-usilor-deschise-la-centrul-de-excelenta-din-balti\\\/#primaryimage\"},\"thumbnailUrl\":\"https:\\\/\\\/www.btv.md\\\/wp-content\\\/uploads\\\/2016\\\/05\\\/kolledj.png\",\"datePublished\":\"2016-05-12T15:50:42+00:00\",\"author\":{\"@id\":\"https:\\\/\\\/www.btv.md\\\/#\\\/schema\\\/person\\\/8fadce81561b3ce2c34c46dadc4ccbf2\"},\"inLanguage\":\"ro-RO\",\"potentialAction\":[{\"@type\":\"ReadAction\",\"target\":[\"https:\\\/\\\/www.btv.md\\\/ro\\\/ziua-usilor-deschise-la-centrul-de-excelenta-din-balti\\\/\"]}]},{\"@type\":\"ImageObject\",\"inLanguage\":\"ro-RO\",\"@id\":\"https:\\\/\\\/www.btv.md\\\/ro\\\/ziua-usilor-deschise-la-centrul-de-excelenta-din-balti\\\/#primaryimage\",\"url\":\"https:\\\/\\\/www.btv.md\\\/wp-content\\\/uploads\\\/2016\\\/05\\\/kolledj.png\",\"contentUrl\":\"https:\\\/\\\/www.btv.md\\\/wp-content\\\/uploads\\\/2016\\\/05\\\/kolledj.png\",\"width\":1001,\"height\":511},{\"@type\":\"WebSite\",\"@id\":\"https:\\\/\\\/www.btv.md\\\/#website\",\"url\":\"https:\\\/\\\/www.btv.md\\\/\",\"name\":\"BTV\",\"description\":\"\u0411\u0435\u043b\u044c\u0446\u043a\u043e\u0435 \u0442\u0435\u043b\u0435\u0432\u0438\u0434\u0435\u043d\u0438\u0435\",\"potentialAction\":[{\"@type\":\"SearchAction\",\"target\":{\"@type\":\"EntryPoint\",\"urlTemplate\":\"https:\\\/\\\/www.btv.md\\\/?s={search_term_string}\"},\"query-input\":{\"@type\":\"PropertyValueSpecification\",\"valueRequired\":true,\"valueName\":\"search_term_string\"}}],\"inLanguage\":\"ro-RO\"},{\"@type\":\"Person\",\"@id\":\"https:\\\/\\\/www.btv.md\\\/#\\\/schema\\\/person\\\/8fadce81561b3ce2c34c46dadc4ccbf2\",\"name\":\"admin\"}]}<\/script>\n<!-- \/ Yoast SEO plugin. -->","yoast_head_json":{"title":"ZIUA U\u0218ILOR DESCHISE LA CENTRUL DE EXCELEN\u021a\u0102 DIN B\u0102L\u021aI  - BTV","robots":{"index":"index","follow":"follow","max-snippet":"max-snippet:-1","max-image-preview":"max-image-preview:large","max-video-preview":"max-video-preview:-1"},"canonical":"https:\/\/www.btv.md\/ro\/ziua-usilor-deschise-la-centrul-de-excelenta-din-balti\/","og_locale":"ro_RO","og_type":"article","og_title":"ZIUA U\u0218ILOR DESCHISE LA CENTRUL DE EXCELEN\u021a\u0102 DIN B\u0102L\u021aI  - BTV","og_description":"Centrul de Excelen\u021b\u0103 \u00een Servicii \u0219i Prelucrarea Alimentelor din B\u0103l\u021bi \u0219i-a deschis u\u0219ile pentru poten\u021bialii studen\u021bi. \u00cen data de 12 mai, profesorii, \u00eempreun\u0103 cu studen\u021bii din cadrul institu\u021biei, au organizat\u0103 Ziua u\u0219ilor deschise. Oaspe\u021bii gazdelor au fost elevii din mai multe gimnazii \u0219i licee din municipiu. Dup\u0103 ce au urm\u0103rit o scurt\u0103 prezentare artistic\u0103, ace\u0219tia [&hellip;]","og_url":"https:\/\/www.btv.md\/ro\/ziua-usilor-deschise-la-centrul-de-excelenta-din-balti\/","og_site_name":"BTV","article_publisher":"https:\/\/www.facebook.com\/btvmoldova\/","article_published_time":"2016-05-12T15:50:42+00:00","og_image":[{"width":1001,"height":511,"url":"https:\/\/www.btv.md\/wp-content\/uploads\/2016\/05\/kolledj.png","type":"image\/png"}],"author":"admin","twitter_misc":{"Scris de":"admin","Timp estimat pentru citire":"1 minut"},"schema":{"@context":"https:\/\/schema.org","@graph":[{"@type":"Article","@id":"https:\/\/www.btv.md\/ro\/ziua-usilor-deschise-la-centrul-de-excelenta-din-balti\/#article","isPartOf":{"@id":"https:\/\/www.btv.md\/ro\/ziua-usilor-deschise-la-centrul-de-excelenta-din-balti\/"},"author":{"name":"admin","@id":"https:\/\/www.btv.md\/#\/schema\/person\/8fadce81561b3ce2c34c46dadc4ccbf2"},"headline":"ZIUA U\u0218ILOR DESCHISE LA CENTRUL DE EXCELEN\u021a\u0102 DIN B\u0102L\u021aI","datePublished":"2016-05-12T15:50:42+00:00","mainEntityOfPage":{"@id":"https:\/\/www.btv.md\/ro\/ziua-usilor-deschise-la-centrul-de-excelenta-din-balti\/"},"wordCount":210,"image":{"@id":"https:\/\/www.btv.md\/ro\/ziua-usilor-deschise-la-centrul-de-excelenta-din-balti\/#primaryimage"},"thumbnailUrl":"https:\/\/www.btv.md\/wp-content\/uploads\/2016\/05\/kolledj.png","articleSection":["Ora\u0219"],"inLanguage":"ro-RO"},{"@type":"WebPage","@id":"https:\/\/www.btv.md\/ro\/ziua-usilor-deschise-la-centrul-de-excelenta-din-balti\/","url":"https:\/\/www.btv.md\/ro\/ziua-usilor-deschise-la-centrul-de-excelenta-din-balti\/","name":"ZIUA U\u0218ILOR DESCHISE LA CENTRUL DE EXCELEN\u021a\u0102 DIN B\u0102L\u021aI - BTV","isPartOf":{"@id":"https:\/\/www.btv.md\/#website"},"primaryImageOfPage":{"@id":"https:\/\/www.btv.md\/ro\/ziua-usilor-deschise-la-centrul-de-excelenta-din-balti\/#primaryimage"},"image":{"@id":"https:\/\/www.btv.md\/ro\/ziua-usilor-deschise-la-centrul-de-excelenta-din-balti\/#primaryimage"},"thumbnailUrl":"https:\/\/www.btv.md\/wp-content\/uploads\/2016\/05\/kolledj.png","datePublished":"2016-05-12T15:50:42+00:00","author":{"@id":"https:\/\/www.btv.md\/#\/schema\/person\/8fadce81561b3ce2c34c46dadc4ccbf2"},"inLanguage":"ro-RO","potentialAction":[{"@type":"ReadAction","target":["https:\/\/www.btv.md\/ro\/ziua-usilor-deschise-la-centrul-de-excelenta-din-balti\/"]}]},{"@type":"ImageObject","inLanguage":"ro-RO","@id":"https:\/\/www.btv.md\/ro\/ziua-usilor-deschise-la-centrul-de-excelenta-din-balti\/#primaryimage","url":"https:\/\/www.btv.md\/wp-content\/uploads\/2016\/05\/kolledj.png","contentUrl":"https:\/\/www.btv.md\/wp-content\/uploads\/2016\/05\/kolledj.png","width":1001,"height":511},{"@type":"WebSite","@id":"https:\/\/www.btv.md\/#website","url":"https:\/\/www.btv.md\/","name":"BTV","description":"\u0411\u0435\u043b\u044c\u0446\u043a\u043e\u0435 \u0442\u0435\u043b\u0435\u0432\u0438\u0434\u0435\u043d\u0438\u0435","potentialAction":[{"@type":"SearchAction","target":{"@type":"EntryPoint","urlTemplate":"https:\/\/www.btv.md\/?s={search_term_string}"},"query-input":{"@type":"PropertyValueSpecification","valueRequired":true,"valueName":"search_term_string"}}],"inLanguage":"ro-RO"},{"@type":"Person","@id":"https:\/\/www.btv.md\/#\/schema\/person\/8fadce81561b3ce2c34c46dadc4ccbf2","name":"admin"}]}},"_links":{"self":[{"href":"https:\/\/www.btv.md\/ro\/wp-json\/wp\/v2\/posts\/12512","targetHints":{"allow":["GET"]}}],"collection":[{"href":"https:\/\/www.btv.md\/ro\/wp-json\/wp\/v2\/posts"}],"about":[{"href":"https:\/\/www.btv.md\/ro\/wp-json\/wp\/v2\/types\/post"}],"author":[{"embeddable":true,"href":"https:\/\/www.btv.md\/ro\/wp-json\/wp\/v2\/users\/4"}],"replies":[{"embeddable":true,"href":"https:\/\/www.btv.md\/ro\/wp-json\/wp\/v2\/comments?post=12512"}],"version-history":[{"count":0,"href":"https:\/\/www.btv.md\/ro\/wp-json\/wp\/v2\/posts\/12512\/revisions"}],"wp:featuredmedia":[{"embeddable":true,"href":"https:\/\/www.btv.md\/ro\/wp-json\/wp\/v2\/media\/12513"}],"wp:attachment":[{"href":"https:\/\/www.btv.md\/ro\/wp-json\/wp\/v2\/media?parent=12512"}],"wp:term":[{"taxonomy":"category","embeddable":true,"href":"https:\/\/www.btv.md\/ro\/wp-json\/wp\/v2\/categories?post=12512"},{"taxonomy":"post_tag","embeddable":true,"href":"https:\/\/www.btv.md\/ro\/wp-json\/wp\/v2\/tags?post=12512"}],"curies":[{"name":"wp","href":"https:\/\/api.w.org\/{rel}","templated":true}]}}