{"id":12591,"date":"2016-05-13T15:03:34","date_gmt":"2016-05-13T12:03:34","guid":{"rendered":"http:\/\/btv.md\/?p=12591"},"modified":"2016-05-13T15:03:34","modified_gmt":"2016-05-13T12:03:34","slug":"referendum-pentru-reducerea-numarului-de-deputati","status":"publish","type":"post","link":"https:\/\/www.btv.md\/ro\/referendum-pentru-reducerea-numarului-de-deputati\/","title":{"rendered":"REFERENDUM  PENTRU  REDUCEREA  NUM\u0102RULUI  DE  DEPUTA\u021aI"},"content":{"rendered":"<p><strong>Parlamentul bulgar a aprobat joi organizarea \u00een luna octombrie a unui referendum pentru reducerea la jum\u0103tate a num\u0103rului de deputa\u0163i \u015fi pentru ca ace\u015ftia s\u0103 nu mai fie ale\u015fi prin vot propor\u0163ional pe liste, ci uninominal \u00een dou\u0103 tururi, transmite AFP.<\/strong><\/p>\n<p>Ini\u0163iat\u0103 de animatorul unui program satiric televizat foarte popular, Slavi Trifonov, campania pentru convocarea referendumului a str\u00e2ns 673.481 de semn\u0103turi, mult peste pragul minim de 400.000. <\/p>\n<p>De\u015fi au criticat &#8216;populismul&#8217; celor \u015fase \u00eentreb\u0103ri formulate, deputa\u0163ii le-au avizat \u00een cele din urm\u0103. Consultarea popular\u0103 va avea loc \u00een luna octombrie, concomitent cu primul tur al alegerilor preziden\u0163iale. <\/p>\n<p>Sus\u0163in\u00e2nd introducerea votului uninominal \u00een locul celui propor\u0163ional, Slavi Trifonov a apreciat c\u0103 acesta din urm\u0103 favorizeaz\u0103 intrarea \u00een Parlament a &#8216;deputa\u0163ilor&#8217; obedien\u0163i fa\u0163\u0103 de liderii propriului lor partid. <\/p>\n<p>O alt\u0103 \u00eentrebare se va referi la reducerea num\u0103rului de parlamentari de la 240 la 120. Reducerea subven\u0163iilor guvernamentale pentru partide va fi de asemenea inclus\u0103 pe formularul referendumului. <\/p>\n<p>Aleg\u0103torii bulgari vor mai trebui s\u0103 se pronun\u0163e \u015fi asupra alegerii directe, prin vot majoritar, a \u015fefilor serviciilor regionale de poli\u0163ie, propunere ce are ca obiectiv diminuarea corup\u0163iei. Rezultatul referendumului va fi validat dac\u0103 rata particip\u0103rii la urne va fi cel pu\u0163in egal\u0103 cu cea de la ultimele alegeri legislative din anul 2014.<\/p>\n<p><a href=\"http:\/\/www.obiectiv.info\/\" target=\"_blank\">obiectiv.info<\/a><\/p>\n","protected":false},"excerpt":{"rendered":"<p>Parlamentul bulgar a aprobat joi organizarea \u00een luna octombrie a unui referendum pentru reducerea la jum\u0103tate a num\u0103rului de deputa\u0163i \u015fi pentru ca ace\u015ftia s\u0103 nu mai fie ale\u015fi prin vot propor\u0163ional pe liste, ci uninominal \u00een dou\u0103 tururi, transmite AFP. Ini\u0163iat\u0103 de animatorul unui program satiric televizat foarte popular, Slavi Trifonov, campania pentru convocarea [&hellip;]<\/p>\n","protected":false},"author":4,"featured_media":12592,"comment_status":"closed","ping_status":"closed","sticky":false,"template":"","format":"standard","meta":{"footnotes":""},"categories":[14],"tags":[],"class_list":["post-12591","post","type-post","status-publish","format-standard","has-post-thumbnail","hentry","category-externe"],"yoast_head":"<!-- This site is optimized with the Yoast SEO plugin v27.4 - https:\/\/yoast.com\/product\/yoast-seo-wordpress\/ -->\n<title>REFERENDUM PENTRU REDUCEREA NUM\u0102RULUI DE DEPUTA\u021aI - BTV<\/title>\n<meta name=\"robots\" content=\"index, follow, max-snippet:-1, max-image-preview:large, max-video-preview:-1\" \/>\n<link rel=\"canonical\" href=\"https:\/\/www.btv.md\/ro\/referendum-pentru-reducerea-numarului-de-deputati\/\" \/>\n<meta property=\"og:locale\" content=\"ro_RO\" \/>\n<meta property=\"og:type\" content=\"article\" \/>\n<meta property=\"og:title\" content=\"REFERENDUM PENTRU REDUCEREA NUM\u0102RULUI DE DEPUTA\u021aI - BTV\" \/>\n<meta property=\"og:description\" content=\"Parlamentul bulgar a aprobat joi organizarea \u00een luna octombrie a unui referendum pentru reducerea la jum\u0103tate a num\u0103rului de deputa\u0163i \u015fi pentru ca ace\u015ftia s\u0103 nu mai fie ale\u015fi prin vot propor\u0163ional pe liste, ci uninominal \u00een dou\u0103 tururi, transmite AFP. Ini\u0163iat\u0103 de animatorul unui program satiric televizat foarte popular, Slavi Trifonov, campania pentru convocarea [&hellip;]\" \/>\n<meta property=\"og:url\" content=\"https:\/\/www.btv.md\/ro\/referendum-pentru-reducerea-numarului-de-deputati\/\" \/>\n<meta property=\"og:site_name\" content=\"BTV\" \/>\n<meta property=\"article:publisher\" content=\"https:\/\/www.facebook.com\/btvmoldova\/\" \/>\n<meta property=\"article:published_time\" content=\"2016-05-13T12:03:34+00:00\" \/>\n<meta property=\"og:image\" content=\"https:\/\/www.btv.md\/wp-content\/uploads\/2016\/05\/33_big.jpg\" \/>\n\t<meta property=\"og:image:width\" content=\"500\" \/>\n\t<meta property=\"og:image:height\" content=\"375\" \/>\n\t<meta property=\"og:image:type\" content=\"image\/jpeg\" \/>\n<meta name=\"author\" content=\"admin\" \/>\n<meta name=\"twitter:label1\" content=\"Scris de\" \/>\n\t<meta name=\"twitter:data1\" content=\"admin\" \/>\n\t<meta name=\"twitter:label2\" content=\"Timp estimat pentru citire\" \/>\n\t<meta name=\"twitter:data2\" content=\"1 minut\" \/>\n<script type=\"application\/ld+json\" class=\"yoast-schema-graph\">{\"@context\":\"https:\\\/\\\/schema.org\",\"@graph\":[{\"@type\":\"Article\",\"@id\":\"https:\\\/\\\/www.btv.md\\\/ro\\\/referendum-pentru-reducerea-numarului-de-deputati\\\/#article\",\"isPartOf\":{\"@id\":\"https:\\\/\\\/www.btv.md\\\/ro\\\/referendum-pentru-reducerea-numarului-de-deputati\\\/\"},\"author\":{\"name\":\"admin\",\"@id\":\"https:\\\/\\\/www.btv.md\\\/#\\\/schema\\\/person\\\/8fadce81561b3ce2c34c46dadc4ccbf2\"},\"headline\":\"REFERENDUM PENTRU REDUCEREA NUM\u0102RULUI DE DEPUTA\u021aI\",\"datePublished\":\"2016-05-13T12:03:34+00:00\",\"mainEntityOfPage\":{\"@id\":\"https:\\\/\\\/www.btv.md\\\/ro\\\/referendum-pentru-reducerea-numarului-de-deputati\\\/\"},\"wordCount\":239,\"image\":{\"@id\":\"https:\\\/\\\/www.btv.md\\\/ro\\\/referendum-pentru-reducerea-numarului-de-deputati\\\/#primaryimage\"},\"thumbnailUrl\":\"https:\\\/\\\/www.btv.md\\\/wp-content\\\/uploads\\\/2016\\\/05\\\/33_big.jpg\",\"articleSection\":[\"\u0417\u0430\u0440\u0443\u0431\u0435\u0436\u043d\u044b\u0435\"],\"inLanguage\":\"ro-RO\"},{\"@type\":\"WebPage\",\"@id\":\"https:\\\/\\\/www.btv.md\\\/ro\\\/referendum-pentru-reducerea-numarului-de-deputati\\\/\",\"url\":\"https:\\\/\\\/www.btv.md\\\/ro\\\/referendum-pentru-reducerea-numarului-de-deputati\\\/\",\"name\":\"REFERENDUM PENTRU REDUCEREA NUM\u0102RULUI DE DEPUTA\u021aI - BTV\",\"isPartOf\":{\"@id\":\"https:\\\/\\\/www.btv.md\\\/#website\"},\"primaryImageOfPage\":{\"@id\":\"https:\\\/\\\/www.btv.md\\\/ro\\\/referendum-pentru-reducerea-numarului-de-deputati\\\/#primaryimage\"},\"image\":{\"@id\":\"https:\\\/\\\/www.btv.md\\\/ro\\\/referendum-pentru-reducerea-numarului-de-deputati\\\/#primaryimage\"},\"thumbnailUrl\":\"https:\\\/\\\/www.btv.md\\\/wp-content\\\/uploads\\\/2016\\\/05\\\/33_big.jpg\",\"datePublished\":\"2016-05-13T12:03:34+00:00\",\"author\":{\"@id\":\"https:\\\/\\\/www.btv.md\\\/#\\\/schema\\\/person\\\/8fadce81561b3ce2c34c46dadc4ccbf2\"},\"inLanguage\":\"ro-RO\",\"potentialAction\":[{\"@type\":\"ReadAction\",\"target\":[\"https:\\\/\\\/www.btv.md\\\/ro\\\/referendum-pentru-reducerea-numarului-de-deputati\\\/\"]}]},{\"@type\":\"ImageObject\",\"inLanguage\":\"ro-RO\",\"@id\":\"https:\\\/\\\/www.btv.md\\\/ro\\\/referendum-pentru-reducerea-numarului-de-deputati\\\/#primaryimage\",\"url\":\"https:\\\/\\\/www.btv.md\\\/wp-content\\\/uploads\\\/2016\\\/05\\\/33_big.jpg\",\"contentUrl\":\"https:\\\/\\\/www.btv.md\\\/wp-content\\\/uploads\\\/2016\\\/05\\\/33_big.jpg\",\"width\":500,\"height\":375,\"caption\":\"wikimapia.org\"},{\"@type\":\"WebSite\",\"@id\":\"https:\\\/\\\/www.btv.md\\\/#website\",\"url\":\"https:\\\/\\\/www.btv.md\\\/\",\"name\":\"BTV\",\"description\":\"\u0411\u0435\u043b\u044c\u0446\u043a\u043e\u0435 \u0442\u0435\u043b\u0435\u0432\u0438\u0434\u0435\u043d\u0438\u0435\",\"potentialAction\":[{\"@type\":\"SearchAction\",\"target\":{\"@type\":\"EntryPoint\",\"urlTemplate\":\"https:\\\/\\\/www.btv.md\\\/?s={search_term_string}\"},\"query-input\":{\"@type\":\"PropertyValueSpecification\",\"valueRequired\":true,\"valueName\":\"search_term_string\"}}],\"inLanguage\":\"ro-RO\"},{\"@type\":\"Person\",\"@id\":\"https:\\\/\\\/www.btv.md\\\/#\\\/schema\\\/person\\\/8fadce81561b3ce2c34c46dadc4ccbf2\",\"name\":\"admin\"}]}<\/script>\n<!-- \/ Yoast SEO plugin. -->","yoast_head_json":{"title":"REFERENDUM PENTRU REDUCEREA NUM\u0102RULUI DE DEPUTA\u021aI - BTV","robots":{"index":"index","follow":"follow","max-snippet":"max-snippet:-1","max-image-preview":"max-image-preview:large","max-video-preview":"max-video-preview:-1"},"canonical":"https:\/\/www.btv.md\/ro\/referendum-pentru-reducerea-numarului-de-deputati\/","og_locale":"ro_RO","og_type":"article","og_title":"REFERENDUM PENTRU REDUCEREA NUM\u0102RULUI DE DEPUTA\u021aI - BTV","og_description":"Parlamentul bulgar a aprobat joi organizarea \u00een luna octombrie a unui referendum pentru reducerea la jum\u0103tate a num\u0103rului de deputa\u0163i \u015fi pentru ca ace\u015ftia s\u0103 nu mai fie ale\u015fi prin vot propor\u0163ional pe liste, ci uninominal \u00een dou\u0103 tururi, transmite AFP. Ini\u0163iat\u0103 de animatorul unui program satiric televizat foarte popular, Slavi Trifonov, campania pentru convocarea [&hellip;]","og_url":"https:\/\/www.btv.md\/ro\/referendum-pentru-reducerea-numarului-de-deputati\/","og_site_name":"BTV","article_publisher":"https:\/\/www.facebook.com\/btvmoldova\/","article_published_time":"2016-05-13T12:03:34+00:00","og_image":[{"width":500,"height":375,"url":"https:\/\/www.btv.md\/wp-content\/uploads\/2016\/05\/33_big.jpg","type":"image\/jpeg"}],"author":"admin","twitter_misc":{"Scris de":"admin","Timp estimat pentru citire":"1 minut"},"schema":{"@context":"https:\/\/schema.org","@graph":[{"@type":"Article","@id":"https:\/\/www.btv.md\/ro\/referendum-pentru-reducerea-numarului-de-deputati\/#article","isPartOf":{"@id":"https:\/\/www.btv.md\/ro\/referendum-pentru-reducerea-numarului-de-deputati\/"},"author":{"name":"admin","@id":"https:\/\/www.btv.md\/#\/schema\/person\/8fadce81561b3ce2c34c46dadc4ccbf2"},"headline":"REFERENDUM PENTRU REDUCEREA NUM\u0102RULUI DE DEPUTA\u021aI","datePublished":"2016-05-13T12:03:34+00:00","mainEntityOfPage":{"@id":"https:\/\/www.btv.md\/ro\/referendum-pentru-reducerea-numarului-de-deputati\/"},"wordCount":239,"image":{"@id":"https:\/\/www.btv.md\/ro\/referendum-pentru-reducerea-numarului-de-deputati\/#primaryimage"},"thumbnailUrl":"https:\/\/www.btv.md\/wp-content\/uploads\/2016\/05\/33_big.jpg","articleSection":["\u0417\u0430\u0440\u0443\u0431\u0435\u0436\u043d\u044b\u0435"],"inLanguage":"ro-RO"},{"@type":"WebPage","@id":"https:\/\/www.btv.md\/ro\/referendum-pentru-reducerea-numarului-de-deputati\/","url":"https:\/\/www.btv.md\/ro\/referendum-pentru-reducerea-numarului-de-deputati\/","name":"REFERENDUM PENTRU REDUCEREA NUM\u0102RULUI DE DEPUTA\u021aI - BTV","isPartOf":{"@id":"https:\/\/www.btv.md\/#website"},"primaryImageOfPage":{"@id":"https:\/\/www.btv.md\/ro\/referendum-pentru-reducerea-numarului-de-deputati\/#primaryimage"},"image":{"@id":"https:\/\/www.btv.md\/ro\/referendum-pentru-reducerea-numarului-de-deputati\/#primaryimage"},"thumbnailUrl":"https:\/\/www.btv.md\/wp-content\/uploads\/2016\/05\/33_big.jpg","datePublished":"2016-05-13T12:03:34+00:00","author":{"@id":"https:\/\/www.btv.md\/#\/schema\/person\/8fadce81561b3ce2c34c46dadc4ccbf2"},"inLanguage":"ro-RO","potentialAction":[{"@type":"ReadAction","target":["https:\/\/www.btv.md\/ro\/referendum-pentru-reducerea-numarului-de-deputati\/"]}]},{"@type":"ImageObject","inLanguage":"ro-RO","@id":"https:\/\/www.btv.md\/ro\/referendum-pentru-reducerea-numarului-de-deputati\/#primaryimage","url":"https:\/\/www.btv.md\/wp-content\/uploads\/2016\/05\/33_big.jpg","contentUrl":"https:\/\/www.btv.md\/wp-content\/uploads\/2016\/05\/33_big.jpg","width":500,"height":375,"caption":"wikimapia.org"},{"@type":"WebSite","@id":"https:\/\/www.btv.md\/#website","url":"https:\/\/www.btv.md\/","name":"BTV","description":"\u0411\u0435\u043b\u044c\u0446\u043a\u043e\u0435 \u0442\u0435\u043b\u0435\u0432\u0438\u0434\u0435\u043d\u0438\u0435","potentialAction":[{"@type":"SearchAction","target":{"@type":"EntryPoint","urlTemplate":"https:\/\/www.btv.md\/?s={search_term_string}"},"query-input":{"@type":"PropertyValueSpecification","valueRequired":true,"valueName":"search_term_string"}}],"inLanguage":"ro-RO"},{"@type":"Person","@id":"https:\/\/www.btv.md\/#\/schema\/person\/8fadce81561b3ce2c34c46dadc4ccbf2","name":"admin"}]}},"_links":{"self":[{"href":"https:\/\/www.btv.md\/ro\/wp-json\/wp\/v2\/posts\/12591","targetHints":{"allow":["GET"]}}],"collection":[{"href":"https:\/\/www.btv.md\/ro\/wp-json\/wp\/v2\/posts"}],"about":[{"href":"https:\/\/www.btv.md\/ro\/wp-json\/wp\/v2\/types\/post"}],"author":[{"embeddable":true,"href":"https:\/\/www.btv.md\/ro\/wp-json\/wp\/v2\/users\/4"}],"replies":[{"embeddable":true,"href":"https:\/\/www.btv.md\/ro\/wp-json\/wp\/v2\/comments?post=12591"}],"version-history":[{"count":0,"href":"https:\/\/www.btv.md\/ro\/wp-json\/wp\/v2\/posts\/12591\/revisions"}],"wp:featuredmedia":[{"embeddable":true,"href":"https:\/\/www.btv.md\/ro\/wp-json\/wp\/v2\/media\/12592"}],"wp:attachment":[{"href":"https:\/\/www.btv.md\/ro\/wp-json\/wp\/v2\/media?parent=12591"}],"wp:term":[{"taxonomy":"category","embeddable":true,"href":"https:\/\/www.btv.md\/ro\/wp-json\/wp\/v2\/categories?post=12591"},{"taxonomy":"post_tag","embeddable":true,"href":"https:\/\/www.btv.md\/ro\/wp-json\/wp\/v2\/tags?post=12591"}],"curies":[{"name":"wp","href":"https:\/\/api.w.org\/{rel}","templated":true}]}}