{"id":12594,"date":"2016-05-13T15:07:04","date_gmt":"2016-05-13T12:07:04","guid":{"rendered":"http:\/\/btv.md\/?p=12594"},"modified":"2016-05-13T15:07:04","modified_gmt":"2016-05-13T12:07:04","slug":"italia-a-acordat-drepturi-depline-homosexualilor","status":"publish","type":"post","link":"https:\/\/www.btv.md\/ro\/italia-a-acordat-drepturi-depline-homosexualilor\/","title":{"rendered":"ITALIA  A  ACORDAT  DREPTURI  DEPLINE  HOMOSEXUALILOR"},"content":{"rendered":"<p><strong>Deputa\u021bii italieni au votat miercuri \u00een favoarea legaliz\u0103rii uniunilor \u00eentre persoanele de acela\u0219i sex, un act normativ pentru care premierul Matteo Renzi \u0219i-a angajat r\u0103spunderea \u00een fa\u021ba Parlamentului.<\/strong><\/p>\n<p>\u201e<em>Ast\u0103zi este o zi de s\u0103rb\u0103toare pentru mul\u021bi oameni (&#8230;) Scriem o alt\u0103 pagin\u0103 important\u0103 a Italiei pe care ne-o dorim<\/em>\u201d, a scris premierul Matteo Renzi pe Facebook, bucuros c\u0103 dup\u0103 ani de tentative e\u0219uate s-a adoptat legea dorit\u0103 de homosexuali, relateaz\u0103 Agerpres.<\/p>\n<p>Totu\u0219i, asocia\u021biile care-i reprezint\u0103 pe ace\u0219tia din urm\u0103 nu sunt deplin mul\u021bumite, consider\u00e2nd c\u0103 paharul este \u201epe jum\u0103tate gol\u201d.<\/p>\n<p>Premierul Renzi a sus\u021binut intens adoptarea acestei legi, risc\u00e2nd chiar s\u0103 se vad\u0103 demis dac\u0103 ea ar fi fost respins\u0103. El a fost \u00eens\u0103 nevoit s\u0103 fac\u0103 unele concesii alia\u021bilor s\u0103i de centru-dreapta \u0219i a retras din proiectul de lege posibilitatea ca un cuplu alc\u0103tuit din persoane de acela\u0219i sex s\u0103 adopte copiii naturali ai unuia dintre membrii acestui cuplu, precum \u0219i foarte simbolica obliga\u021bie de fidelitate \u00een cadrul cuplului.<\/p>\n<p>Legea confer\u0103 cuplurilor formate din persoane de acela\u0219i sex drepturi egale cu cele ale cuplurilor c\u0103s\u0103torite \u00een privin\u021ba mo\u0219tenirii, locuin\u021bei, pensiei, vizitelor medicale. Ele vor putea avea de asemenea acela\u0219i nume de familie.<\/p>\n<p>Italia r\u0103m\u0103sese ultima dintre marile \u021b\u0103ri vest-europene care nu avea o astfel de lege, sus\u021binut\u0103 de Curtea European\u0103 a Drepturilor Omului, dar dezaprobat\u0103 de Biserica Catolic\u0103.<\/p>\n<p><a href=\"http:\/\/www.digi24.ro\/\" target=\"_blank\">digi24.ro<\/a><\/p>\n","protected":false},"excerpt":{"rendered":"<p>Deputa\u021bii italieni au votat miercuri \u00een favoarea legaliz\u0103rii uniunilor \u00eentre persoanele de acela\u0219i sex, un act normativ pentru care premierul Matteo Renzi \u0219i-a angajat r\u0103spunderea \u00een fa\u021ba Parlamentului. \u201eAst\u0103zi este o zi de s\u0103rb\u0103toare pentru mul\u021bi oameni (&#8230;) Scriem o alt\u0103 pagin\u0103 important\u0103 a Italiei pe care ne-o dorim\u201d, a scris premierul Matteo Renzi pe [&hellip;]<\/p>\n","protected":false},"author":4,"featured_media":12595,"comment_status":"closed","ping_status":"closed","sticky":false,"template":"","format":"standard","meta":{"footnotes":""},"categories":[6354],"tags":[],"class_list":["post-12594","post","type-post","status-publish","format-standard","has-post-thumbnail","hentry","category-externe-ro"],"yoast_head":"<!-- This site is optimized with the Yoast SEO plugin v27.4 - https:\/\/yoast.com\/product\/yoast-seo-wordpress\/ -->\n<title>ITALIA A ACORDAT DREPTURI DEPLINE HOMOSEXUALILOR - BTV<\/title>\n<meta name=\"robots\" content=\"index, follow, max-snippet:-1, max-image-preview:large, max-video-preview:-1\" \/>\n<link rel=\"canonical\" href=\"https:\/\/www.btv.md\/ro\/italia-a-acordat-drepturi-depline-homosexualilor\/\" \/>\n<meta property=\"og:locale\" content=\"ro_RO\" \/>\n<meta property=\"og:type\" content=\"article\" \/>\n<meta property=\"og:title\" content=\"ITALIA A ACORDAT DREPTURI DEPLINE HOMOSEXUALILOR - BTV\" \/>\n<meta property=\"og:description\" content=\"Deputa\u021bii italieni au votat miercuri \u00een favoarea legaliz\u0103rii uniunilor \u00eentre persoanele de acela\u0219i sex, un act normativ pentru care premierul Matteo Renzi \u0219i-a angajat r\u0103spunderea \u00een fa\u021ba Parlamentului. \u201eAst\u0103zi este o zi de s\u0103rb\u0103toare pentru mul\u021bi oameni (&#8230;) Scriem o alt\u0103 pagin\u0103 important\u0103 a Italiei pe care ne-o dorim\u201d, a scris premierul Matteo Renzi pe [&hellip;]\" \/>\n<meta property=\"og:url\" content=\"https:\/\/www.btv.md\/ro\/italia-a-acordat-drepturi-depline-homosexualilor\/\" \/>\n<meta property=\"og:site_name\" content=\"BTV\" \/>\n<meta property=\"article:publisher\" content=\"https:\/\/www.facebook.com\/btvmoldova\/\" \/>\n<meta property=\"article:published_time\" content=\"2016-05-13T12:07:04+00:00\" \/>\n<meta property=\"og:image\" content=\"https:\/\/www.btv.md\/wp-content\/uploads\/2016\/05\/bulgaria-parada-gay.jpg\" \/>\n\t<meta property=\"og:image:width\" content=\"800\" \/>\n\t<meta property=\"og:image:height\" content=\"581\" \/>\n\t<meta property=\"og:image:type\" content=\"image\/jpeg\" \/>\n<meta name=\"author\" content=\"admin\" \/>\n<meta name=\"twitter:label1\" content=\"Scris de\" \/>\n\t<meta name=\"twitter:data1\" content=\"admin\" \/>\n\t<meta name=\"twitter:label2\" content=\"Timp estimat pentru citire\" \/>\n\t<meta name=\"twitter:data2\" content=\"1 minut\" \/>\n<script type=\"application\/ld+json\" class=\"yoast-schema-graph\">{\"@context\":\"https:\\\/\\\/schema.org\",\"@graph\":[{\"@type\":\"Article\",\"@id\":\"https:\\\/\\\/www.btv.md\\\/ro\\\/italia-a-acordat-drepturi-depline-homosexualilor\\\/#article\",\"isPartOf\":{\"@id\":\"https:\\\/\\\/www.btv.md\\\/ro\\\/italia-a-acordat-drepturi-depline-homosexualilor\\\/\"},\"author\":{\"name\":\"admin\",\"@id\":\"https:\\\/\\\/www.btv.md\\\/#\\\/schema\\\/person\\\/8fadce81561b3ce2c34c46dadc4ccbf2\"},\"headline\":\"ITALIA A ACORDAT DREPTURI DEPLINE HOMOSEXUALILOR\",\"datePublished\":\"2016-05-13T12:07:04+00:00\",\"mainEntityOfPage\":{\"@id\":\"https:\\\/\\\/www.btv.md\\\/ro\\\/italia-a-acordat-drepturi-depline-homosexualilor\\\/\"},\"wordCount\":259,\"image\":{\"@id\":\"https:\\\/\\\/www.btv.md\\\/ro\\\/italia-a-acordat-drepturi-depline-homosexualilor\\\/#primaryimage\"},\"thumbnailUrl\":\"https:\\\/\\\/www.btv.md\\\/wp-content\\\/uploads\\\/2016\\\/05\\\/bulgaria-parada-gay.jpg\",\"articleSection\":[\"Externe\"],\"inLanguage\":\"ro-RO\"},{\"@type\":\"WebPage\",\"@id\":\"https:\\\/\\\/www.btv.md\\\/ro\\\/italia-a-acordat-drepturi-depline-homosexualilor\\\/\",\"url\":\"https:\\\/\\\/www.btv.md\\\/ro\\\/italia-a-acordat-drepturi-depline-homosexualilor\\\/\",\"name\":\"ITALIA A ACORDAT DREPTURI DEPLINE HOMOSEXUALILOR - BTV\",\"isPartOf\":{\"@id\":\"https:\\\/\\\/www.btv.md\\\/#website\"},\"primaryImageOfPage\":{\"@id\":\"https:\\\/\\\/www.btv.md\\\/ro\\\/italia-a-acordat-drepturi-depline-homosexualilor\\\/#primaryimage\"},\"image\":{\"@id\":\"https:\\\/\\\/www.btv.md\\\/ro\\\/italia-a-acordat-drepturi-depline-homosexualilor\\\/#primaryimage\"},\"thumbnailUrl\":\"https:\\\/\\\/www.btv.md\\\/wp-content\\\/uploads\\\/2016\\\/05\\\/bulgaria-parada-gay.jpg\",\"datePublished\":\"2016-05-13T12:07:04+00:00\",\"author\":{\"@id\":\"https:\\\/\\\/www.btv.md\\\/#\\\/schema\\\/person\\\/8fadce81561b3ce2c34c46dadc4ccbf2\"},\"inLanguage\":\"ro-RO\",\"potentialAction\":[{\"@type\":\"ReadAction\",\"target\":[\"https:\\\/\\\/www.btv.md\\\/ro\\\/italia-a-acordat-drepturi-depline-homosexualilor\\\/\"]}]},{\"@type\":\"ImageObject\",\"inLanguage\":\"ro-RO\",\"@id\":\"https:\\\/\\\/www.btv.md\\\/ro\\\/italia-a-acordat-drepturi-depline-homosexualilor\\\/#primaryimage\",\"url\":\"https:\\\/\\\/www.btv.md\\\/wp-content\\\/uploads\\\/2016\\\/05\\\/bulgaria-parada-gay.jpg\",\"contentUrl\":\"https:\\\/\\\/www.btv.md\\\/wp-content\\\/uploads\\\/2016\\\/05\\\/bulgaria-parada-gay.jpg\",\"width\":800,\"height\":581,\"caption\":\"www.cuvantul-ortodox.ro\"},{\"@type\":\"WebSite\",\"@id\":\"https:\\\/\\\/www.btv.md\\\/#website\",\"url\":\"https:\\\/\\\/www.btv.md\\\/\",\"name\":\"BTV\",\"description\":\"\u0411\u0435\u043b\u044c\u0446\u043a\u043e\u0435 \u0442\u0435\u043b\u0435\u0432\u0438\u0434\u0435\u043d\u0438\u0435\",\"potentialAction\":[{\"@type\":\"SearchAction\",\"target\":{\"@type\":\"EntryPoint\",\"urlTemplate\":\"https:\\\/\\\/www.btv.md\\\/?s={search_term_string}\"},\"query-input\":{\"@type\":\"PropertyValueSpecification\",\"valueRequired\":true,\"valueName\":\"search_term_string\"}}],\"inLanguage\":\"ro-RO\"},{\"@type\":\"Person\",\"@id\":\"https:\\\/\\\/www.btv.md\\\/#\\\/schema\\\/person\\\/8fadce81561b3ce2c34c46dadc4ccbf2\",\"name\":\"admin\"}]}<\/script>\n<!-- \/ Yoast SEO plugin. -->","yoast_head_json":{"title":"ITALIA A ACORDAT DREPTURI DEPLINE HOMOSEXUALILOR - BTV","robots":{"index":"index","follow":"follow","max-snippet":"max-snippet:-1","max-image-preview":"max-image-preview:large","max-video-preview":"max-video-preview:-1"},"canonical":"https:\/\/www.btv.md\/ro\/italia-a-acordat-drepturi-depline-homosexualilor\/","og_locale":"ro_RO","og_type":"article","og_title":"ITALIA A ACORDAT DREPTURI DEPLINE HOMOSEXUALILOR - BTV","og_description":"Deputa\u021bii italieni au votat miercuri \u00een favoarea legaliz\u0103rii uniunilor \u00eentre persoanele de acela\u0219i sex, un act normativ pentru care premierul Matteo Renzi \u0219i-a angajat r\u0103spunderea \u00een fa\u021ba Parlamentului. \u201eAst\u0103zi este o zi de s\u0103rb\u0103toare pentru mul\u021bi oameni (&#8230;) Scriem o alt\u0103 pagin\u0103 important\u0103 a Italiei pe care ne-o dorim\u201d, a scris premierul Matteo Renzi pe [&hellip;]","og_url":"https:\/\/www.btv.md\/ro\/italia-a-acordat-drepturi-depline-homosexualilor\/","og_site_name":"BTV","article_publisher":"https:\/\/www.facebook.com\/btvmoldova\/","article_published_time":"2016-05-13T12:07:04+00:00","og_image":[{"width":800,"height":581,"url":"https:\/\/www.btv.md\/wp-content\/uploads\/2016\/05\/bulgaria-parada-gay.jpg","type":"image\/jpeg"}],"author":"admin","twitter_misc":{"Scris de":"admin","Timp estimat pentru citire":"1 minut"},"schema":{"@context":"https:\/\/schema.org","@graph":[{"@type":"Article","@id":"https:\/\/www.btv.md\/ro\/italia-a-acordat-drepturi-depline-homosexualilor\/#article","isPartOf":{"@id":"https:\/\/www.btv.md\/ro\/italia-a-acordat-drepturi-depline-homosexualilor\/"},"author":{"name":"admin","@id":"https:\/\/www.btv.md\/#\/schema\/person\/8fadce81561b3ce2c34c46dadc4ccbf2"},"headline":"ITALIA A ACORDAT DREPTURI DEPLINE HOMOSEXUALILOR","datePublished":"2016-05-13T12:07:04+00:00","mainEntityOfPage":{"@id":"https:\/\/www.btv.md\/ro\/italia-a-acordat-drepturi-depline-homosexualilor\/"},"wordCount":259,"image":{"@id":"https:\/\/www.btv.md\/ro\/italia-a-acordat-drepturi-depline-homosexualilor\/#primaryimage"},"thumbnailUrl":"https:\/\/www.btv.md\/wp-content\/uploads\/2016\/05\/bulgaria-parada-gay.jpg","articleSection":["Externe"],"inLanguage":"ro-RO"},{"@type":"WebPage","@id":"https:\/\/www.btv.md\/ro\/italia-a-acordat-drepturi-depline-homosexualilor\/","url":"https:\/\/www.btv.md\/ro\/italia-a-acordat-drepturi-depline-homosexualilor\/","name":"ITALIA A ACORDAT DREPTURI DEPLINE HOMOSEXUALILOR - BTV","isPartOf":{"@id":"https:\/\/www.btv.md\/#website"},"primaryImageOfPage":{"@id":"https:\/\/www.btv.md\/ro\/italia-a-acordat-drepturi-depline-homosexualilor\/#primaryimage"},"image":{"@id":"https:\/\/www.btv.md\/ro\/italia-a-acordat-drepturi-depline-homosexualilor\/#primaryimage"},"thumbnailUrl":"https:\/\/www.btv.md\/wp-content\/uploads\/2016\/05\/bulgaria-parada-gay.jpg","datePublished":"2016-05-13T12:07:04+00:00","author":{"@id":"https:\/\/www.btv.md\/#\/schema\/person\/8fadce81561b3ce2c34c46dadc4ccbf2"},"inLanguage":"ro-RO","potentialAction":[{"@type":"ReadAction","target":["https:\/\/www.btv.md\/ro\/italia-a-acordat-drepturi-depline-homosexualilor\/"]}]},{"@type":"ImageObject","inLanguage":"ro-RO","@id":"https:\/\/www.btv.md\/ro\/italia-a-acordat-drepturi-depline-homosexualilor\/#primaryimage","url":"https:\/\/www.btv.md\/wp-content\/uploads\/2016\/05\/bulgaria-parada-gay.jpg","contentUrl":"https:\/\/www.btv.md\/wp-content\/uploads\/2016\/05\/bulgaria-parada-gay.jpg","width":800,"height":581,"caption":"www.cuvantul-ortodox.ro"},{"@type":"WebSite","@id":"https:\/\/www.btv.md\/#website","url":"https:\/\/www.btv.md\/","name":"BTV","description":"\u0411\u0435\u043b\u044c\u0446\u043a\u043e\u0435 \u0442\u0435\u043b\u0435\u0432\u0438\u0434\u0435\u043d\u0438\u0435","potentialAction":[{"@type":"SearchAction","target":{"@type":"EntryPoint","urlTemplate":"https:\/\/www.btv.md\/?s={search_term_string}"},"query-input":{"@type":"PropertyValueSpecification","valueRequired":true,"valueName":"search_term_string"}}],"inLanguage":"ro-RO"},{"@type":"Person","@id":"https:\/\/www.btv.md\/#\/schema\/person\/8fadce81561b3ce2c34c46dadc4ccbf2","name":"admin"}]}},"_links":{"self":[{"href":"https:\/\/www.btv.md\/ro\/wp-json\/wp\/v2\/posts\/12594","targetHints":{"allow":["GET"]}}],"collection":[{"href":"https:\/\/www.btv.md\/ro\/wp-json\/wp\/v2\/posts"}],"about":[{"href":"https:\/\/www.btv.md\/ro\/wp-json\/wp\/v2\/types\/post"}],"author":[{"embeddable":true,"href":"https:\/\/www.btv.md\/ro\/wp-json\/wp\/v2\/users\/4"}],"replies":[{"embeddable":true,"href":"https:\/\/www.btv.md\/ro\/wp-json\/wp\/v2\/comments?post=12594"}],"version-history":[{"count":0,"href":"https:\/\/www.btv.md\/ro\/wp-json\/wp\/v2\/posts\/12594\/revisions"}],"wp:featuredmedia":[{"embeddable":true,"href":"https:\/\/www.btv.md\/ro\/wp-json\/wp\/v2\/media\/12595"}],"wp:attachment":[{"href":"https:\/\/www.btv.md\/ro\/wp-json\/wp\/v2\/media?parent=12594"}],"wp:term":[{"taxonomy":"category","embeddable":true,"href":"https:\/\/www.btv.md\/ro\/wp-json\/wp\/v2\/categories?post=12594"},{"taxonomy":"post_tag","embeddable":true,"href":"https:\/\/www.btv.md\/ro\/wp-json\/wp\/v2\/tags?post=12594"}],"curies":[{"name":"wp","href":"https:\/\/api.w.org\/{rel}","templated":true}]}}