{"id":12600,"date":"2016-05-13T15:12:04","date_gmt":"2016-05-13T12:12:04","guid":{"rendered":"http:\/\/btv.md\/?p=12600"},"modified":"2016-05-13T15:12:04","modified_gmt":"2016-05-13T12:12:04","slug":"femeile-ar-putea-deveni-diaconi-in-biserica-catolica","status":"publish","type":"post","link":"https:\/\/www.btv.md\/ro\/femeile-ar-putea-deveni-diaconi-in-biserica-catolica\/","title":{"rendered":"FEMEILE  AR  PUTEA  DEVENI  DIACONI  \u00ceN  BISERICA  CATOLIC\u0102"},"content":{"rendered":"<p><strong>Papa Francisc a afirmat, joi, c\u0103 va crea o comisie care s\u0103 analizeze posibilitatea ca \u0219i femeile s\u0103 poat\u0103 deveni diaconi \u00een Biserica Catolic\u0103, av\u00e2nd astfel dreptul &#8211; de\u021binut exclusiv de b\u0103rba\u021bi \u00een prezent &#8211; de a sluji la anumite evenimente, cum ar fi botezul \u0219i c\u0103s\u0103toria, anun\u021b\u0103 EFE \u0219i AFP.<\/strong><\/p>\n<p>\u00cen Biserica Catolic\u0103, diaconii pot rosti p\u0103r\u021bi din slujba religioas\u0103, oficia la botezuri, nun\u021bi \u0219i \u00eenmorm\u00e2nt\u0103ri. \u00cen schimb, numai preo\u021bii pot da \u00eemp\u0103rt\u0103\u0219ania \u0219i asculta spovedania credincio\u0219ilor.Calitatea de diacon a fost mult timp o etap\u0103 spre preo\u021bie, dar Conciliul Vatican II a restabilit diaconatul permanent, accesibil \u0219i unor b\u0103rba\u021bi c\u0103s\u0103tori\u021bi, care acoper\u0103 adesea lipsa de preo\u021bi sau \u00eei asist\u0103 c\u00e2nd sunt foarte ocupa\u021bi, precizeaz\u0103 AFP.<\/p>\n<p>Papa Francisc \u0219i-a exprimat de mai multe ori dorin\u021ba de a \u00eendrepta inegalitatea flagrant\u0103 dintre b\u0103rba\u021bi \u0219i femei \u00een cadrul Bisericii Catolice, dar p\u00e2n\u0103 \u00een prezent a luat prea pu\u021bine m\u0103suri concrete \u00een acest sens. Suveranul pontif a reafirmat recent, de altfel, c\u0103 nu se pune problema ca femeile s\u0103 devin\u0103 preo\u021bi, ar\u0103t\u00e2nd c\u0103 predecesorii s\u0103i \u0219i \u00eendeosebi Papa Ioan Paul al II-lea au analizat \u00eendelung aceast\u0103 propunere, la care au r\u0103spuns \u00een cele din urm\u0103 negativ, \u00eencheie AFP. <\/p>\n<p><a href=\"http:\/\/www.agerpres.ro\/\" target=\"_blank\">agerpres.ro<\/a><\/p>\n","protected":false},"excerpt":{"rendered":"<p>Papa Francisc a afirmat, joi, c\u0103 va crea o comisie care s\u0103 analizeze posibilitatea ca \u0219i femeile s\u0103 poat\u0103 deveni diaconi \u00een Biserica Catolic\u0103, av\u00e2nd astfel dreptul &#8211; de\u021binut exclusiv de b\u0103rba\u021bi \u00een prezent &#8211; de a sluji la anumite evenimente, cum ar fi botezul \u0219i c\u0103s\u0103toria, anun\u021b\u0103 EFE \u0219i AFP. \u00cen Biserica Catolic\u0103, diaconii [&hellip;]<\/p>\n","protected":false},"author":4,"featured_media":12601,"comment_status":"closed","ping_status":"closed","sticky":false,"template":"","format":"standard","meta":{"footnotes":""},"categories":[6354],"tags":[],"class_list":["post-12600","post","type-post","status-publish","format-standard","has-post-thumbnail","hentry","category-externe-ro"],"yoast_head":"<!-- This site is optimized with the Yoast SEO plugin v27.4 - https:\/\/yoast.com\/product\/yoast-seo-wordpress\/ -->\n<title>FEMEILE AR PUTEA DEVENI DIACONI \u00ceN BISERICA CATOLIC\u0102 - BTV<\/title>\n<meta name=\"robots\" content=\"index, follow, max-snippet:-1, max-image-preview:large, max-video-preview:-1\" \/>\n<link rel=\"canonical\" href=\"https:\/\/www.btv.md\/ro\/femeile-ar-putea-deveni-diaconi-in-biserica-catolica\/\" \/>\n<meta property=\"og:locale\" content=\"ro_RO\" \/>\n<meta property=\"og:type\" content=\"article\" \/>\n<meta property=\"og:title\" content=\"FEMEILE AR PUTEA DEVENI DIACONI \u00ceN BISERICA CATOLIC\u0102 - BTV\" \/>\n<meta property=\"og:description\" content=\"Papa Francisc a afirmat, joi, c\u0103 va crea o comisie care s\u0103 analizeze posibilitatea ca \u0219i femeile s\u0103 poat\u0103 deveni diaconi \u00een Biserica Catolic\u0103, av\u00e2nd astfel dreptul &#8211; de\u021binut exclusiv de b\u0103rba\u021bi \u00een prezent &#8211; de a sluji la anumite evenimente, cum ar fi botezul \u0219i c\u0103s\u0103toria, anun\u021b\u0103 EFE \u0219i AFP. \u00cen Biserica Catolic\u0103, diaconii [&hellip;]\" \/>\n<meta property=\"og:url\" content=\"https:\/\/www.btv.md\/ro\/femeile-ar-putea-deveni-diaconi-in-biserica-catolica\/\" \/>\n<meta property=\"og:site_name\" content=\"BTV\" \/>\n<meta property=\"article:publisher\" content=\"https:\/\/www.facebook.com\/btvmoldova\/\" \/>\n<meta property=\"article:published_time\" content=\"2016-05-13T12:12:04+00:00\" \/>\n<meta property=\"og:image\" content=\"https:\/\/www.btv.md\/wp-content\/uploads\/2016\/05\/5734c873682ccf5a77c073a9.png\" \/>\n\t<meta property=\"og:image:width\" content=\"600\" \/>\n\t<meta property=\"og:image:height\" content=\"361\" \/>\n\t<meta property=\"og:image:type\" content=\"image\/png\" \/>\n<meta name=\"author\" content=\"admin\" \/>\n<meta name=\"twitter:label1\" content=\"Scris de\" \/>\n\t<meta name=\"twitter:data1\" content=\"admin\" \/>\n\t<meta name=\"twitter:label2\" content=\"Timp estimat pentru citire\" \/>\n\t<meta name=\"twitter:data2\" content=\"1 minut\" \/>\n<script type=\"application\/ld+json\" class=\"yoast-schema-graph\">{\"@context\":\"https:\\\/\\\/schema.org\",\"@graph\":[{\"@type\":\"Article\",\"@id\":\"https:\\\/\\\/www.btv.md\\\/ro\\\/femeile-ar-putea-deveni-diaconi-in-biserica-catolica\\\/#article\",\"isPartOf\":{\"@id\":\"https:\\\/\\\/www.btv.md\\\/ro\\\/femeile-ar-putea-deveni-diaconi-in-biserica-catolica\\\/\"},\"author\":{\"name\":\"admin\",\"@id\":\"https:\\\/\\\/www.btv.md\\\/#\\\/schema\\\/person\\\/8fadce81561b3ce2c34c46dadc4ccbf2\"},\"headline\":\"FEMEILE AR PUTEA DEVENI DIACONI \u00ceN BISERICA CATOLIC\u0102\",\"datePublished\":\"2016-05-13T12:12:04+00:00\",\"mainEntityOfPage\":{\"@id\":\"https:\\\/\\\/www.btv.md\\\/ro\\\/femeile-ar-putea-deveni-diaconi-in-biserica-catolica\\\/\"},\"wordCount\":241,\"image\":{\"@id\":\"https:\\\/\\\/www.btv.md\\\/ro\\\/femeile-ar-putea-deveni-diaconi-in-biserica-catolica\\\/#primaryimage\"},\"thumbnailUrl\":\"https:\\\/\\\/www.btv.md\\\/wp-content\\\/uploads\\\/2016\\\/05\\\/5734c873682ccf5a77c073a9.png\",\"articleSection\":[\"Externe\"],\"inLanguage\":\"ro-RO\"},{\"@type\":\"WebPage\",\"@id\":\"https:\\\/\\\/www.btv.md\\\/ro\\\/femeile-ar-putea-deveni-diaconi-in-biserica-catolica\\\/\",\"url\":\"https:\\\/\\\/www.btv.md\\\/ro\\\/femeile-ar-putea-deveni-diaconi-in-biserica-catolica\\\/\",\"name\":\"FEMEILE AR PUTEA DEVENI DIACONI \u00ceN BISERICA CATOLIC\u0102 - BTV\",\"isPartOf\":{\"@id\":\"https:\\\/\\\/www.btv.md\\\/#website\"},\"primaryImageOfPage\":{\"@id\":\"https:\\\/\\\/www.btv.md\\\/ro\\\/femeile-ar-putea-deveni-diaconi-in-biserica-catolica\\\/#primaryimage\"},\"image\":{\"@id\":\"https:\\\/\\\/www.btv.md\\\/ro\\\/femeile-ar-putea-deveni-diaconi-in-biserica-catolica\\\/#primaryimage\"},\"thumbnailUrl\":\"https:\\\/\\\/www.btv.md\\\/wp-content\\\/uploads\\\/2016\\\/05\\\/5734c873682ccf5a77c073a9.png\",\"datePublished\":\"2016-05-13T12:12:04+00:00\",\"author\":{\"@id\":\"https:\\\/\\\/www.btv.md\\\/#\\\/schema\\\/person\\\/8fadce81561b3ce2c34c46dadc4ccbf2\"},\"inLanguage\":\"ro-RO\",\"potentialAction\":[{\"@type\":\"ReadAction\",\"target\":[\"https:\\\/\\\/www.btv.md\\\/ro\\\/femeile-ar-putea-deveni-diaconi-in-biserica-catolica\\\/\"]}]},{\"@type\":\"ImageObject\",\"inLanguage\":\"ro-RO\",\"@id\":\"https:\\\/\\\/www.btv.md\\\/ro\\\/femeile-ar-putea-deveni-diaconi-in-biserica-catolica\\\/#primaryimage\",\"url\":\"https:\\\/\\\/www.btv.md\\\/wp-content\\\/uploads\\\/2016\\\/05\\\/5734c873682ccf5a77c073a9.png\",\"contentUrl\":\"https:\\\/\\\/www.btv.md\\\/wp-content\\\/uploads\\\/2016\\\/05\\\/5734c873682ccf5a77c073a9.png\",\"width\":600,\"height\":361,\"caption\":\"www.digi24.ro\"},{\"@type\":\"WebSite\",\"@id\":\"https:\\\/\\\/www.btv.md\\\/#website\",\"url\":\"https:\\\/\\\/www.btv.md\\\/\",\"name\":\"BTV\",\"description\":\"\u0411\u0435\u043b\u044c\u0446\u043a\u043e\u0435 \u0442\u0435\u043b\u0435\u0432\u0438\u0434\u0435\u043d\u0438\u0435\",\"potentialAction\":[{\"@type\":\"SearchAction\",\"target\":{\"@type\":\"EntryPoint\",\"urlTemplate\":\"https:\\\/\\\/www.btv.md\\\/?s={search_term_string}\"},\"query-input\":{\"@type\":\"PropertyValueSpecification\",\"valueRequired\":true,\"valueName\":\"search_term_string\"}}],\"inLanguage\":\"ro-RO\"},{\"@type\":\"Person\",\"@id\":\"https:\\\/\\\/www.btv.md\\\/#\\\/schema\\\/person\\\/8fadce81561b3ce2c34c46dadc4ccbf2\",\"name\":\"admin\"}]}<\/script>\n<!-- \/ Yoast SEO plugin. -->","yoast_head_json":{"title":"FEMEILE AR PUTEA DEVENI DIACONI \u00ceN BISERICA CATOLIC\u0102 - BTV","robots":{"index":"index","follow":"follow","max-snippet":"max-snippet:-1","max-image-preview":"max-image-preview:large","max-video-preview":"max-video-preview:-1"},"canonical":"https:\/\/www.btv.md\/ro\/femeile-ar-putea-deveni-diaconi-in-biserica-catolica\/","og_locale":"ro_RO","og_type":"article","og_title":"FEMEILE AR PUTEA DEVENI DIACONI \u00ceN BISERICA CATOLIC\u0102 - BTV","og_description":"Papa Francisc a afirmat, joi, c\u0103 va crea o comisie care s\u0103 analizeze posibilitatea ca \u0219i femeile s\u0103 poat\u0103 deveni diaconi \u00een Biserica Catolic\u0103, av\u00e2nd astfel dreptul &#8211; de\u021binut exclusiv de b\u0103rba\u021bi \u00een prezent &#8211; de a sluji la anumite evenimente, cum ar fi botezul \u0219i c\u0103s\u0103toria, anun\u021b\u0103 EFE \u0219i AFP. \u00cen Biserica Catolic\u0103, diaconii [&hellip;]","og_url":"https:\/\/www.btv.md\/ro\/femeile-ar-putea-deveni-diaconi-in-biserica-catolica\/","og_site_name":"BTV","article_publisher":"https:\/\/www.facebook.com\/btvmoldova\/","article_published_time":"2016-05-13T12:12:04+00:00","og_image":[{"width":600,"height":361,"url":"https:\/\/www.btv.md\/wp-content\/uploads\/2016\/05\/5734c873682ccf5a77c073a9.png","type":"image\/png"}],"author":"admin","twitter_misc":{"Scris de":"admin","Timp estimat pentru citire":"1 minut"},"schema":{"@context":"https:\/\/schema.org","@graph":[{"@type":"Article","@id":"https:\/\/www.btv.md\/ro\/femeile-ar-putea-deveni-diaconi-in-biserica-catolica\/#article","isPartOf":{"@id":"https:\/\/www.btv.md\/ro\/femeile-ar-putea-deveni-diaconi-in-biserica-catolica\/"},"author":{"name":"admin","@id":"https:\/\/www.btv.md\/#\/schema\/person\/8fadce81561b3ce2c34c46dadc4ccbf2"},"headline":"FEMEILE AR PUTEA DEVENI DIACONI \u00ceN BISERICA CATOLIC\u0102","datePublished":"2016-05-13T12:12:04+00:00","mainEntityOfPage":{"@id":"https:\/\/www.btv.md\/ro\/femeile-ar-putea-deveni-diaconi-in-biserica-catolica\/"},"wordCount":241,"image":{"@id":"https:\/\/www.btv.md\/ro\/femeile-ar-putea-deveni-diaconi-in-biserica-catolica\/#primaryimage"},"thumbnailUrl":"https:\/\/www.btv.md\/wp-content\/uploads\/2016\/05\/5734c873682ccf5a77c073a9.png","articleSection":["Externe"],"inLanguage":"ro-RO"},{"@type":"WebPage","@id":"https:\/\/www.btv.md\/ro\/femeile-ar-putea-deveni-diaconi-in-biserica-catolica\/","url":"https:\/\/www.btv.md\/ro\/femeile-ar-putea-deveni-diaconi-in-biserica-catolica\/","name":"FEMEILE AR PUTEA DEVENI DIACONI \u00ceN BISERICA CATOLIC\u0102 - BTV","isPartOf":{"@id":"https:\/\/www.btv.md\/#website"},"primaryImageOfPage":{"@id":"https:\/\/www.btv.md\/ro\/femeile-ar-putea-deveni-diaconi-in-biserica-catolica\/#primaryimage"},"image":{"@id":"https:\/\/www.btv.md\/ro\/femeile-ar-putea-deveni-diaconi-in-biserica-catolica\/#primaryimage"},"thumbnailUrl":"https:\/\/www.btv.md\/wp-content\/uploads\/2016\/05\/5734c873682ccf5a77c073a9.png","datePublished":"2016-05-13T12:12:04+00:00","author":{"@id":"https:\/\/www.btv.md\/#\/schema\/person\/8fadce81561b3ce2c34c46dadc4ccbf2"},"inLanguage":"ro-RO","potentialAction":[{"@type":"ReadAction","target":["https:\/\/www.btv.md\/ro\/femeile-ar-putea-deveni-diaconi-in-biserica-catolica\/"]}]},{"@type":"ImageObject","inLanguage":"ro-RO","@id":"https:\/\/www.btv.md\/ro\/femeile-ar-putea-deveni-diaconi-in-biserica-catolica\/#primaryimage","url":"https:\/\/www.btv.md\/wp-content\/uploads\/2016\/05\/5734c873682ccf5a77c073a9.png","contentUrl":"https:\/\/www.btv.md\/wp-content\/uploads\/2016\/05\/5734c873682ccf5a77c073a9.png","width":600,"height":361,"caption":"www.digi24.ro"},{"@type":"WebSite","@id":"https:\/\/www.btv.md\/#website","url":"https:\/\/www.btv.md\/","name":"BTV","description":"\u0411\u0435\u043b\u044c\u0446\u043a\u043e\u0435 \u0442\u0435\u043b\u0435\u0432\u0438\u0434\u0435\u043d\u0438\u0435","potentialAction":[{"@type":"SearchAction","target":{"@type":"EntryPoint","urlTemplate":"https:\/\/www.btv.md\/?s={search_term_string}"},"query-input":{"@type":"PropertyValueSpecification","valueRequired":true,"valueName":"search_term_string"}}],"inLanguage":"ro-RO"},{"@type":"Person","@id":"https:\/\/www.btv.md\/#\/schema\/person\/8fadce81561b3ce2c34c46dadc4ccbf2","name":"admin"}]}},"_links":{"self":[{"href":"https:\/\/www.btv.md\/ro\/wp-json\/wp\/v2\/posts\/12600","targetHints":{"allow":["GET"]}}],"collection":[{"href":"https:\/\/www.btv.md\/ro\/wp-json\/wp\/v2\/posts"}],"about":[{"href":"https:\/\/www.btv.md\/ro\/wp-json\/wp\/v2\/types\/post"}],"author":[{"embeddable":true,"href":"https:\/\/www.btv.md\/ro\/wp-json\/wp\/v2\/users\/4"}],"replies":[{"embeddable":true,"href":"https:\/\/www.btv.md\/ro\/wp-json\/wp\/v2\/comments?post=12600"}],"version-history":[{"count":0,"href":"https:\/\/www.btv.md\/ro\/wp-json\/wp\/v2\/posts\/12600\/revisions"}],"wp:featuredmedia":[{"embeddable":true,"href":"https:\/\/www.btv.md\/ro\/wp-json\/wp\/v2\/media\/12601"}],"wp:attachment":[{"href":"https:\/\/www.btv.md\/ro\/wp-json\/wp\/v2\/media?parent=12600"}],"wp:term":[{"taxonomy":"category","embeddable":true,"href":"https:\/\/www.btv.md\/ro\/wp-json\/wp\/v2\/categories?post=12600"},{"taxonomy":"post_tag","embeddable":true,"href":"https:\/\/www.btv.md\/ro\/wp-json\/wp\/v2\/tags?post=12600"}],"curies":[{"name":"wp","href":"https:\/\/api.w.org\/{rel}","templated":true}]}}