{"id":12615,"date":"2016-05-13T15:44:44","date_gmt":"2016-05-13T12:44:44","guid":{"rendered":"http:\/\/btv.md\/?p=12615"},"modified":"2016-05-13T15:44:44","modified_gmt":"2016-05-13T12:44:44","slug":"marsul-solidaritatii-presei-la-chisinau","status":"publish","type":"post","link":"https:\/\/www.btv.md\/ro\/marsul-solidaritatii-presei-la-chisinau\/","title":{"rendered":"MAR\u0218UL  SOLIDARIT\u0102\u021aII  PRESEI, LA  CHI\u0218IN\u0102U"},"content":{"rendered":"<p><strong>Zeci de jurnali\u015fti \u015fi reprezentan\u0163i ai organiza\u0163iilor media au participat joi la Mar\u015ful Solidarit\u0103\u0163ii Presei. Ei \u015fi-au dat \u00eent\u00e2lnire la Casa Presei \u015fi s-au \u00eendreptat apoi spre Parlament, unde au cerut, \u00eentre altele, asigurarea libert\u0103\u0163ii presei, acces liber la informa\u0163ii \u015fi de-monopolizare \u00een lumea presei, noteaz\u0103 Europa Liber\u0103.md. <\/strong><\/p>\n<p>Manifestarea a avut loc \u00een cadrul Zilelor Libert\u0103\u021bii Presei, care este marcat\u0103 \u00eentre 3 \u0219i 31 mai. \u00cen program s-au aflat mai \u00eenainte pichetarea ambasadei azere \u00een semn de sprijin pentru colaboratoarea noastr\u0103 \u00eentemni\u021bat\u0103, Hadigea Ismailova, la 3 mai, \u0219i afi\u0219area unui \u201ePanou al ru\u0219inii\u201d, cu cei pe care organizatorii \u00eei consider\u0103 cei mai mari \u201einamici ai presei\u201d \u00een 2015.<\/p>\n","protected":false},"excerpt":{"rendered":"<p>Zeci de jurnali\u015fti \u015fi reprezentan\u0163i ai organiza\u0163iilor media au participat joi la Mar\u015ful Solidarit\u0103\u0163ii Presei. Ei \u015fi-au dat \u00eent\u00e2lnire la Casa Presei \u015fi s-au \u00eendreptat apoi spre Parlament, unde au cerut, \u00eentre altele, asigurarea libert\u0103\u0163ii presei, acces liber la informa\u0163ii \u015fi de-monopolizare \u00een lumea presei, noteaz\u0103 Europa Liber\u0103.md. Manifestarea a avut loc \u00een cadrul Zilelor [&hellip;]<\/p>\n","protected":false},"author":4,"featured_media":12616,"comment_status":"closed","ping_status":"closed","sticky":false,"template":"","format":"standard","meta":{"footnotes":""},"categories":[6349],"tags":[],"class_list":["post-12615","post","type-post","status-publish","format-standard","has-post-thumbnail","hentry","category-social"],"yoast_head":"<!-- This site is optimized with the Yoast SEO plugin v27.4 - https:\/\/yoast.com\/product\/yoast-seo-wordpress\/ -->\n<title>MAR\u0218UL SOLIDARIT\u0102\u021aII PRESEI, LA CHI\u0218IN\u0102U - BTV<\/title>\n<meta name=\"robots\" content=\"index, follow, max-snippet:-1, max-image-preview:large, max-video-preview:-1\" \/>\n<link rel=\"canonical\" href=\"https:\/\/www.btv.md\/ro\/marsul-solidaritatii-presei-la-chisinau\/\" \/>\n<meta property=\"og:locale\" content=\"ro_RO\" \/>\n<meta property=\"og:type\" content=\"article\" \/>\n<meta property=\"og:title\" content=\"MAR\u0218UL SOLIDARIT\u0102\u021aII PRESEI, LA CHI\u0218IN\u0102U - BTV\" \/>\n<meta property=\"og:description\" content=\"Zeci de jurnali\u015fti \u015fi reprezentan\u0163i ai organiza\u0163iilor media au participat joi la Mar\u015ful Solidarit\u0103\u0163ii Presei. Ei \u015fi-au dat \u00eent\u00e2lnire la Casa Presei \u015fi s-au \u00eendreptat apoi spre Parlament, unde au cerut, \u00eentre altele, asigurarea libert\u0103\u0163ii presei, acces liber la informa\u0163ii \u015fi de-monopolizare \u00een lumea presei, noteaz\u0103 Europa Liber\u0103.md. Manifestarea a avut loc \u00een cadrul Zilelor [&hellip;]\" \/>\n<meta property=\"og:url\" content=\"https:\/\/www.btv.md\/ro\/marsul-solidaritatii-presei-la-chisinau\/\" \/>\n<meta property=\"og:site_name\" content=\"BTV\" \/>\n<meta property=\"article:publisher\" content=\"https:\/\/www.facebook.com\/btvmoldova\/\" \/>\n<meta property=\"article:published_time\" content=\"2016-05-13T12:44:44+00:00\" \/>\n<meta property=\"og:image\" content=\"https:\/\/www.btv.md\/wp-content\/uploads\/2016\/05\/skachannye-fajly-12.jpg\" \/>\n\t<meta property=\"og:image:width\" content=\"275\" \/>\n\t<meta property=\"og:image:height\" content=\"183\" \/>\n\t<meta property=\"og:image:type\" content=\"image\/jpeg\" \/>\n<meta name=\"author\" content=\"admin\" \/>\n<meta name=\"twitter:label1\" content=\"Scris de\" \/>\n\t<meta name=\"twitter:data1\" content=\"admin\" \/>\n\t<meta name=\"twitter:label2\" content=\"Timp estimat pentru citire\" \/>\n\t<meta name=\"twitter:data2\" content=\"1 minut\" \/>\n<script type=\"application\/ld+json\" class=\"yoast-schema-graph\">{\"@context\":\"https:\\\/\\\/schema.org\",\"@graph\":[{\"@type\":\"Article\",\"@id\":\"https:\\\/\\\/www.btv.md\\\/ro\\\/marsul-solidaritatii-presei-la-chisinau\\\/#article\",\"isPartOf\":{\"@id\":\"https:\\\/\\\/www.btv.md\\\/ro\\\/marsul-solidaritatii-presei-la-chisinau\\\/\"},\"author\":{\"name\":\"admin\",\"@id\":\"https:\\\/\\\/www.btv.md\\\/#\\\/schema\\\/person\\\/8fadce81561b3ce2c34c46dadc4ccbf2\"},\"headline\":\"MAR\u0218UL SOLIDARIT\u0102\u021aII PRESEI, LA CHI\u0218IN\u0102U\",\"datePublished\":\"2016-05-13T12:44:44+00:00\",\"mainEntityOfPage\":{\"@id\":\"https:\\\/\\\/www.btv.md\\\/ro\\\/marsul-solidaritatii-presei-la-chisinau\\\/\"},\"wordCount\":126,\"image\":{\"@id\":\"https:\\\/\\\/www.btv.md\\\/ro\\\/marsul-solidaritatii-presei-la-chisinau\\\/#primaryimage\"},\"thumbnailUrl\":\"https:\\\/\\\/www.btv.md\\\/wp-content\\\/uploads\\\/2016\\\/05\\\/skachannye-fajly-12.jpg\",\"articleSection\":[\"Social\"],\"inLanguage\":\"ro-RO\"},{\"@type\":\"WebPage\",\"@id\":\"https:\\\/\\\/www.btv.md\\\/ro\\\/marsul-solidaritatii-presei-la-chisinau\\\/\",\"url\":\"https:\\\/\\\/www.btv.md\\\/ro\\\/marsul-solidaritatii-presei-la-chisinau\\\/\",\"name\":\"MAR\u0218UL SOLIDARIT\u0102\u021aII PRESEI, LA CHI\u0218IN\u0102U - BTV\",\"isPartOf\":{\"@id\":\"https:\\\/\\\/www.btv.md\\\/#website\"},\"primaryImageOfPage\":{\"@id\":\"https:\\\/\\\/www.btv.md\\\/ro\\\/marsul-solidaritatii-presei-la-chisinau\\\/#primaryimage\"},\"image\":{\"@id\":\"https:\\\/\\\/www.btv.md\\\/ro\\\/marsul-solidaritatii-presei-la-chisinau\\\/#primaryimage\"},\"thumbnailUrl\":\"https:\\\/\\\/www.btv.md\\\/wp-content\\\/uploads\\\/2016\\\/05\\\/skachannye-fajly-12.jpg\",\"datePublished\":\"2016-05-13T12:44:44+00:00\",\"author\":{\"@id\":\"https:\\\/\\\/www.btv.md\\\/#\\\/schema\\\/person\\\/8fadce81561b3ce2c34c46dadc4ccbf2\"},\"inLanguage\":\"ro-RO\",\"potentialAction\":[{\"@type\":\"ReadAction\",\"target\":[\"https:\\\/\\\/www.btv.md\\\/ro\\\/marsul-solidaritatii-presei-la-chisinau\\\/\"]}]},{\"@type\":\"ImageObject\",\"inLanguage\":\"ro-RO\",\"@id\":\"https:\\\/\\\/www.btv.md\\\/ro\\\/marsul-solidaritatii-presei-la-chisinau\\\/#primaryimage\",\"url\":\"https:\\\/\\\/www.btv.md\\\/wp-content\\\/uploads\\\/2016\\\/05\\\/skachannye-fajly-12.jpg\",\"contentUrl\":\"https:\\\/\\\/www.btv.md\\\/wp-content\\\/uploads\\\/2016\\\/05\\\/skachannye-fajly-12.jpg\",\"width\":275,\"height\":183,\"caption\":\"tribuna.md\"},{\"@type\":\"WebSite\",\"@id\":\"https:\\\/\\\/www.btv.md\\\/#website\",\"url\":\"https:\\\/\\\/www.btv.md\\\/\",\"name\":\"BTV\",\"description\":\"\u0411\u0435\u043b\u044c\u0446\u043a\u043e\u0435 \u0442\u0435\u043b\u0435\u0432\u0438\u0434\u0435\u043d\u0438\u0435\",\"potentialAction\":[{\"@type\":\"SearchAction\",\"target\":{\"@type\":\"EntryPoint\",\"urlTemplate\":\"https:\\\/\\\/www.btv.md\\\/?s={search_term_string}\"},\"query-input\":{\"@type\":\"PropertyValueSpecification\",\"valueRequired\":true,\"valueName\":\"search_term_string\"}}],\"inLanguage\":\"ro-RO\"},{\"@type\":\"Person\",\"@id\":\"https:\\\/\\\/www.btv.md\\\/#\\\/schema\\\/person\\\/8fadce81561b3ce2c34c46dadc4ccbf2\",\"name\":\"admin\"}]}<\/script>\n<!-- \/ Yoast SEO plugin. -->","yoast_head_json":{"title":"MAR\u0218UL SOLIDARIT\u0102\u021aII PRESEI, LA CHI\u0218IN\u0102U - BTV","robots":{"index":"index","follow":"follow","max-snippet":"max-snippet:-1","max-image-preview":"max-image-preview:large","max-video-preview":"max-video-preview:-1"},"canonical":"https:\/\/www.btv.md\/ro\/marsul-solidaritatii-presei-la-chisinau\/","og_locale":"ro_RO","og_type":"article","og_title":"MAR\u0218UL SOLIDARIT\u0102\u021aII PRESEI, LA CHI\u0218IN\u0102U - BTV","og_description":"Zeci de jurnali\u015fti \u015fi reprezentan\u0163i ai organiza\u0163iilor media au participat joi la Mar\u015ful Solidarit\u0103\u0163ii Presei. Ei \u015fi-au dat \u00eent\u00e2lnire la Casa Presei \u015fi s-au \u00eendreptat apoi spre Parlament, unde au cerut, \u00eentre altele, asigurarea libert\u0103\u0163ii presei, acces liber la informa\u0163ii \u015fi de-monopolizare \u00een lumea presei, noteaz\u0103 Europa Liber\u0103.md. Manifestarea a avut loc \u00een cadrul Zilelor [&hellip;]","og_url":"https:\/\/www.btv.md\/ro\/marsul-solidaritatii-presei-la-chisinau\/","og_site_name":"BTV","article_publisher":"https:\/\/www.facebook.com\/btvmoldova\/","article_published_time":"2016-05-13T12:44:44+00:00","og_image":[{"width":275,"height":183,"url":"https:\/\/www.btv.md\/wp-content\/uploads\/2016\/05\/skachannye-fajly-12.jpg","type":"image\/jpeg"}],"author":"admin","twitter_misc":{"Scris de":"admin","Timp estimat pentru citire":"1 minut"},"schema":{"@context":"https:\/\/schema.org","@graph":[{"@type":"Article","@id":"https:\/\/www.btv.md\/ro\/marsul-solidaritatii-presei-la-chisinau\/#article","isPartOf":{"@id":"https:\/\/www.btv.md\/ro\/marsul-solidaritatii-presei-la-chisinau\/"},"author":{"name":"admin","@id":"https:\/\/www.btv.md\/#\/schema\/person\/8fadce81561b3ce2c34c46dadc4ccbf2"},"headline":"MAR\u0218UL SOLIDARIT\u0102\u021aII PRESEI, LA CHI\u0218IN\u0102U","datePublished":"2016-05-13T12:44:44+00:00","mainEntityOfPage":{"@id":"https:\/\/www.btv.md\/ro\/marsul-solidaritatii-presei-la-chisinau\/"},"wordCount":126,"image":{"@id":"https:\/\/www.btv.md\/ro\/marsul-solidaritatii-presei-la-chisinau\/#primaryimage"},"thumbnailUrl":"https:\/\/www.btv.md\/wp-content\/uploads\/2016\/05\/skachannye-fajly-12.jpg","articleSection":["Social"],"inLanguage":"ro-RO"},{"@type":"WebPage","@id":"https:\/\/www.btv.md\/ro\/marsul-solidaritatii-presei-la-chisinau\/","url":"https:\/\/www.btv.md\/ro\/marsul-solidaritatii-presei-la-chisinau\/","name":"MAR\u0218UL SOLIDARIT\u0102\u021aII PRESEI, LA CHI\u0218IN\u0102U - BTV","isPartOf":{"@id":"https:\/\/www.btv.md\/#website"},"primaryImageOfPage":{"@id":"https:\/\/www.btv.md\/ro\/marsul-solidaritatii-presei-la-chisinau\/#primaryimage"},"image":{"@id":"https:\/\/www.btv.md\/ro\/marsul-solidaritatii-presei-la-chisinau\/#primaryimage"},"thumbnailUrl":"https:\/\/www.btv.md\/wp-content\/uploads\/2016\/05\/skachannye-fajly-12.jpg","datePublished":"2016-05-13T12:44:44+00:00","author":{"@id":"https:\/\/www.btv.md\/#\/schema\/person\/8fadce81561b3ce2c34c46dadc4ccbf2"},"inLanguage":"ro-RO","potentialAction":[{"@type":"ReadAction","target":["https:\/\/www.btv.md\/ro\/marsul-solidaritatii-presei-la-chisinau\/"]}]},{"@type":"ImageObject","inLanguage":"ro-RO","@id":"https:\/\/www.btv.md\/ro\/marsul-solidaritatii-presei-la-chisinau\/#primaryimage","url":"https:\/\/www.btv.md\/wp-content\/uploads\/2016\/05\/skachannye-fajly-12.jpg","contentUrl":"https:\/\/www.btv.md\/wp-content\/uploads\/2016\/05\/skachannye-fajly-12.jpg","width":275,"height":183,"caption":"tribuna.md"},{"@type":"WebSite","@id":"https:\/\/www.btv.md\/#website","url":"https:\/\/www.btv.md\/","name":"BTV","description":"\u0411\u0435\u043b\u044c\u0446\u043a\u043e\u0435 \u0442\u0435\u043b\u0435\u0432\u0438\u0434\u0435\u043d\u0438\u0435","potentialAction":[{"@type":"SearchAction","target":{"@type":"EntryPoint","urlTemplate":"https:\/\/www.btv.md\/?s={search_term_string}"},"query-input":{"@type":"PropertyValueSpecification","valueRequired":true,"valueName":"search_term_string"}}],"inLanguage":"ro-RO"},{"@type":"Person","@id":"https:\/\/www.btv.md\/#\/schema\/person\/8fadce81561b3ce2c34c46dadc4ccbf2","name":"admin"}]}},"_links":{"self":[{"href":"https:\/\/www.btv.md\/ro\/wp-json\/wp\/v2\/posts\/12615","targetHints":{"allow":["GET"]}}],"collection":[{"href":"https:\/\/www.btv.md\/ro\/wp-json\/wp\/v2\/posts"}],"about":[{"href":"https:\/\/www.btv.md\/ro\/wp-json\/wp\/v2\/types\/post"}],"author":[{"embeddable":true,"href":"https:\/\/www.btv.md\/ro\/wp-json\/wp\/v2\/users\/4"}],"replies":[{"embeddable":true,"href":"https:\/\/www.btv.md\/ro\/wp-json\/wp\/v2\/comments?post=12615"}],"version-history":[{"count":0,"href":"https:\/\/www.btv.md\/ro\/wp-json\/wp\/v2\/posts\/12615\/revisions"}],"wp:featuredmedia":[{"embeddable":true,"href":"https:\/\/www.btv.md\/ro\/wp-json\/wp\/v2\/media\/12616"}],"wp:attachment":[{"href":"https:\/\/www.btv.md\/ro\/wp-json\/wp\/v2\/media?parent=12615"}],"wp:term":[{"taxonomy":"category","embeddable":true,"href":"https:\/\/www.btv.md\/ro\/wp-json\/wp\/v2\/categories?post=12615"},{"taxonomy":"post_tag","embeddable":true,"href":"https:\/\/www.btv.md\/ro\/wp-json\/wp\/v2\/tags?post=12615"}],"curies":[{"name":"wp","href":"https:\/\/api.w.org\/{rel}","templated":true}]}}