{"id":12713,"date":"2016-05-16T12:10:13","date_gmt":"2016-05-16T09:10:13","guid":{"rendered":"http:\/\/btv.md\/?p=12713"},"modified":"2016-05-16T12:10:13","modified_gmt":"2016-05-16T09:10:13","slug":"au-intrat-in-vigoare-restrictiile-la-importul-unor-produse-din-ucraina-in-moldova","status":"publish","type":"post","link":"https:\/\/www.btv.md\/ro\/au-intrat-in-vigoare-restrictiile-la-importul-unor-produse-din-ucraina-in-moldova\/","title":{"rendered":"AU  INTRAT \u00ceN  VIGOARE  RESTRIC\u021aIILE  LA  IMPORTUL  UNOR  PRODUSE DIN UCRAINA  \u00ceN  MOLDOVA"},"content":{"rendered":"<p><strong>Hot\u0103r\u00e2rea din 6 mai a Guvernului privind introducerea m\u0103surilor comerciale de protejare a pie\u0163ei interne a Moldovei a intrat vineri, 13 mai, \u00een vigoare, dup\u0103 ce a fost publicat\u0103 \u00een Monitorul oficial, scrie <a href=\"http:\/\/www.infotag.md\/economics-ro\/223941\/\" target=\"_blank\">infotag.md<\/a>.<\/strong><\/p>\n<p>Hot\u0103r\u00e2rea a fost luat\u0103 la ini\u0163iativa Ministerului Economiei \u015fi const\u0103 \u00een \u201esuspendarea temporar\u0103 a scutirilor vamale la introducerea \u00een RM a m\u0103rfurilor produse \u00een Ucraina, \u00een limitele cotelor stabilite \u015fi aplicarea taxelor vamale la importul care dep\u0103\u015fe\u015fte aceste cote\u201d.<\/p>\n<p>Astfel, importul de lapte condensat \u015fi fri\u015fc\u0103 cu adaos de zah\u0103r a fost limitat la 1 mie tone; chefir, iaurt \u015fi sm\u00e2nt\u00e2n\u0103 \u2014 1 mie tone; unt, \u00eenghe\u0163at\u0103, ca\u015fcaval \u015fi br\u00e2nz\u0103 \u2014 750 tone. Cota pentru mezeluri, crenvur\u015fti \u015fi conserve din carne va fi de 250 tone, la ciment \u2014 500 t. Dep\u0103\u015firea acestor cote se va impozita cu 10-20%. <\/p>\n<p>Cotele nu vizeaz\u0103 importul de lapte \u00een vrac \u015fi lapte praf. <\/p>\n<p>M\u0103surile \u00een cauz\u0103 sunt \u00eentreprinse dup\u0103 adres\u0103rile repetate ale produc\u0103torilor autohtoni, care au men\u0163ionat c\u0103 dup\u0103 ce Rusia a introdus embargo la produc\u0163ia ucrainean\u0103, aceasta a fost redirec\u0163ionat\u0103 \u00een Moldova. Astfel, conform datelor Ministerului Economiei, importul de lapte cov\u0103sit, sm\u00e2nt\u00e2n\u0103, iaurt, chefir a crescut de 1,5 ori, de ca\u015fcaval \u2013 cu o treime, iar de mezeluri \u2013 de 14 ori. Totodat\u0103, acestea sunt mai ieftine dec\u00e2t cele moldovene\u015fti din cauza cheltuielilor mici de pentru resursele energetice \u015fi furaje \u00een Ucraina, ceea ce \u015ftirbe\u015fte din competitivitatea produsului autohton. <\/p>\n<p>Cotele vor fi valabile p\u00e2n\u0103 la 31 decembrie 2016. Autorit\u0103\u0163ile consider\u0103 c\u0103 sunt \u00een drept s\u0103 elimine din regimul de comer\u0163 liber, deoarece este o practic\u0103 folosit\u0103 pe larg \u00een cadrul CSI. \u00cen plus, cotele nu sunt prea mari \u015fi corespund normelor Organiza\u0163iei Mondiale a Comer\u0163ului. <\/p>\n<p>Ucraina consider\u0103 c\u0103 restric\u0163iile introduse de Moldova sunt \u00eenc\u0103lcare a regulilor OMC \u015fi inten\u0163ioneaz\u0103 s\u0103 \u00eentreprind\u0103 m\u0103suri de r\u0103spuns \u00een privin\u0163a furnizorilor moldoveni. <\/p>\n","protected":false},"excerpt":{"rendered":"<p>Hot\u0103r\u00e2rea din 6 mai a Guvernului privind introducerea m\u0103surilor comerciale de protejare a pie\u0163ei interne a Moldovei a intrat vineri, 13 mai, \u00een vigoare, dup\u0103 ce a fost publicat\u0103 \u00een Monitorul oficial, scrie infotag.md. Hot\u0103r\u00e2rea a fost luat\u0103 la ini\u0163iativa Ministerului Economiei \u015fi const\u0103 \u00een \u201esuspendarea temporar\u0103 a scutirilor vamale la introducerea \u00een RM a [&hellip;]<\/p>\n","protected":false},"author":4,"featured_media":12714,"comment_status":"closed","ping_status":"closed","sticky":false,"template":"","format":"standard","meta":{"footnotes":""},"categories":[6369],"tags":[],"class_list":["post-12713","post","type-post","status-publish","format-standard","has-post-thumbnail","hentry","category-economie-ro"],"yoast_head":"<!-- This site is optimized with the Yoast SEO plugin v27.4 - https:\/\/yoast.com\/product\/yoast-seo-wordpress\/ -->\n<title>AU INTRAT \u00ceN VIGOARE RESTRIC\u021aIILE LA IMPORTUL UNOR PRODUSE DIN UCRAINA \u00ceN MOLDOVA - BTV<\/title>\n<meta name=\"robots\" content=\"index, follow, max-snippet:-1, max-image-preview:large, max-video-preview:-1\" \/>\n<link rel=\"canonical\" href=\"https:\/\/www.btv.md\/ro\/au-intrat-in-vigoare-restrictiile-la-importul-unor-produse-din-ucraina-in-moldova\/\" \/>\n<meta property=\"og:locale\" content=\"ro_RO\" \/>\n<meta property=\"og:type\" content=\"article\" \/>\n<meta property=\"og:title\" content=\"AU INTRAT \u00ceN VIGOARE RESTRIC\u021aIILE LA IMPORTUL UNOR PRODUSE DIN UCRAINA \u00ceN MOLDOVA - BTV\" \/>\n<meta property=\"og:description\" content=\"Hot\u0103r\u00e2rea din 6 mai a Guvernului privind introducerea m\u0103surilor comerciale de protejare a pie\u0163ei interne a Moldovei a intrat vineri, 13 mai, \u00een vigoare, dup\u0103 ce a fost publicat\u0103 \u00een Monitorul oficial, scrie infotag.md. Hot\u0103r\u00e2rea a fost luat\u0103 la ini\u0163iativa Ministerului Economiei \u015fi const\u0103 \u00een \u201esuspendarea temporar\u0103 a scutirilor vamale la introducerea \u00een RM a [&hellip;]\" \/>\n<meta property=\"og:url\" content=\"https:\/\/www.btv.md\/ro\/au-intrat-in-vigoare-restrictiile-la-importul-unor-produse-din-ucraina-in-moldova\/\" \/>\n<meta property=\"og:site_name\" content=\"BTV\" \/>\n<meta property=\"article:publisher\" content=\"https:\/\/www.facebook.com\/btvmoldova\/\" \/>\n<meta property=\"article:published_time\" content=\"2016-05-16T09:10:13+00:00\" \/>\n<meta property=\"og:image\" content=\"https:\/\/www.btv.md\/wp-content\/uploads\/2016\/05\/39182_vam.bb_.jpg\" \/>\n\t<meta property=\"og:image:width\" content=\"460\" \/>\n\t<meta property=\"og:image:height\" content=\"320\" \/>\n\t<meta property=\"og:image:type\" content=\"image\/jpeg\" \/>\n<meta name=\"author\" content=\"admin\" \/>\n<meta name=\"twitter:label1\" content=\"Scris de\" \/>\n\t<meta name=\"twitter:data1\" content=\"admin\" \/>\n\t<meta name=\"twitter:label2\" content=\"Timp estimat pentru citire\" \/>\n\t<meta name=\"twitter:data2\" content=\"2 minute\" \/>\n<script type=\"application\/ld+json\" class=\"yoast-schema-graph\">{\"@context\":\"https:\\\/\\\/schema.org\",\"@graph\":[{\"@type\":\"Article\",\"@id\":\"https:\\\/\\\/www.btv.md\\\/ro\\\/au-intrat-in-vigoare-restrictiile-la-importul-unor-produse-din-ucraina-in-moldova\\\/#article\",\"isPartOf\":{\"@id\":\"https:\\\/\\\/www.btv.md\\\/ro\\\/au-intrat-in-vigoare-restrictiile-la-importul-unor-produse-din-ucraina-in-moldova\\\/\"},\"author\":{\"name\":\"admin\",\"@id\":\"https:\\\/\\\/www.btv.md\\\/#\\\/schema\\\/person\\\/8fadce81561b3ce2c34c46dadc4ccbf2\"},\"headline\":\"AU INTRAT \u00ceN VIGOARE RESTRIC\u021aIILE LA IMPORTUL UNOR PRODUSE DIN UCRAINA \u00ceN MOLDOVA\",\"datePublished\":\"2016-05-16T09:10:13+00:00\",\"mainEntityOfPage\":{\"@id\":\"https:\\\/\\\/www.btv.md\\\/ro\\\/au-intrat-in-vigoare-restrictiile-la-importul-unor-produse-din-ucraina-in-moldova\\\/\"},\"wordCount\":341,\"image\":{\"@id\":\"https:\\\/\\\/www.btv.md\\\/ro\\\/au-intrat-in-vigoare-restrictiile-la-importul-unor-produse-din-ucraina-in-moldova\\\/#primaryimage\"},\"thumbnailUrl\":\"https:\\\/\\\/www.btv.md\\\/wp-content\\\/uploads\\\/2016\\\/05\\\/39182_vam.bb_.jpg\",\"articleSection\":[\"Economie\"],\"inLanguage\":\"ro-RO\"},{\"@type\":\"WebPage\",\"@id\":\"https:\\\/\\\/www.btv.md\\\/ro\\\/au-intrat-in-vigoare-restrictiile-la-importul-unor-produse-din-ucraina-in-moldova\\\/\",\"url\":\"https:\\\/\\\/www.btv.md\\\/ro\\\/au-intrat-in-vigoare-restrictiile-la-importul-unor-produse-din-ucraina-in-moldova\\\/\",\"name\":\"AU INTRAT \u00ceN VIGOARE RESTRIC\u021aIILE LA IMPORTUL UNOR PRODUSE DIN UCRAINA \u00ceN MOLDOVA - BTV\",\"isPartOf\":{\"@id\":\"https:\\\/\\\/www.btv.md\\\/#website\"},\"primaryImageOfPage\":{\"@id\":\"https:\\\/\\\/www.btv.md\\\/ro\\\/au-intrat-in-vigoare-restrictiile-la-importul-unor-produse-din-ucraina-in-moldova\\\/#primaryimage\"},\"image\":{\"@id\":\"https:\\\/\\\/www.btv.md\\\/ro\\\/au-intrat-in-vigoare-restrictiile-la-importul-unor-produse-din-ucraina-in-moldova\\\/#primaryimage\"},\"thumbnailUrl\":\"https:\\\/\\\/www.btv.md\\\/wp-content\\\/uploads\\\/2016\\\/05\\\/39182_vam.bb_.jpg\",\"datePublished\":\"2016-05-16T09:10:13+00:00\",\"author\":{\"@id\":\"https:\\\/\\\/www.btv.md\\\/#\\\/schema\\\/person\\\/8fadce81561b3ce2c34c46dadc4ccbf2\"},\"inLanguage\":\"ro-RO\",\"potentialAction\":[{\"@type\":\"ReadAction\",\"target\":[\"https:\\\/\\\/www.btv.md\\\/ro\\\/au-intrat-in-vigoare-restrictiile-la-importul-unor-produse-din-ucraina-in-moldova\\\/\"]}]},{\"@type\":\"ImageObject\",\"inLanguage\":\"ro-RO\",\"@id\":\"https:\\\/\\\/www.btv.md\\\/ro\\\/au-intrat-in-vigoare-restrictiile-la-importul-unor-produse-din-ucraina-in-moldova\\\/#primaryimage\",\"url\":\"https:\\\/\\\/www.btv.md\\\/wp-content\\\/uploads\\\/2016\\\/05\\\/39182_vam.bb_.jpg\",\"contentUrl\":\"https:\\\/\\\/www.btv.md\\\/wp-content\\\/uploads\\\/2016\\\/05\\\/39182_vam.bb_.jpg\",\"width\":460,\"height\":320,\"caption\":\"www.infotag.md\"},{\"@type\":\"WebSite\",\"@id\":\"https:\\\/\\\/www.btv.md\\\/#website\",\"url\":\"https:\\\/\\\/www.btv.md\\\/\",\"name\":\"BTV\",\"description\":\"\u0411\u0435\u043b\u044c\u0446\u043a\u043e\u0435 \u0442\u0435\u043b\u0435\u0432\u0438\u0434\u0435\u043d\u0438\u0435\",\"potentialAction\":[{\"@type\":\"SearchAction\",\"target\":{\"@type\":\"EntryPoint\",\"urlTemplate\":\"https:\\\/\\\/www.btv.md\\\/?s={search_term_string}\"},\"query-input\":{\"@type\":\"PropertyValueSpecification\",\"valueRequired\":true,\"valueName\":\"search_term_string\"}}],\"inLanguage\":\"ro-RO\"},{\"@type\":\"Person\",\"@id\":\"https:\\\/\\\/www.btv.md\\\/#\\\/schema\\\/person\\\/8fadce81561b3ce2c34c46dadc4ccbf2\",\"name\":\"admin\"}]}<\/script>\n<!-- \/ Yoast SEO plugin. -->","yoast_head_json":{"title":"AU INTRAT \u00ceN VIGOARE RESTRIC\u021aIILE LA IMPORTUL UNOR PRODUSE DIN UCRAINA \u00ceN MOLDOVA - BTV","robots":{"index":"index","follow":"follow","max-snippet":"max-snippet:-1","max-image-preview":"max-image-preview:large","max-video-preview":"max-video-preview:-1"},"canonical":"https:\/\/www.btv.md\/ro\/au-intrat-in-vigoare-restrictiile-la-importul-unor-produse-din-ucraina-in-moldova\/","og_locale":"ro_RO","og_type":"article","og_title":"AU INTRAT \u00ceN VIGOARE RESTRIC\u021aIILE LA IMPORTUL UNOR PRODUSE DIN UCRAINA \u00ceN MOLDOVA - BTV","og_description":"Hot\u0103r\u00e2rea din 6 mai a Guvernului privind introducerea m\u0103surilor comerciale de protejare a pie\u0163ei interne a Moldovei a intrat vineri, 13 mai, \u00een vigoare, dup\u0103 ce a fost publicat\u0103 \u00een Monitorul oficial, scrie infotag.md. Hot\u0103r\u00e2rea a fost luat\u0103 la ini\u0163iativa Ministerului Economiei \u015fi const\u0103 \u00een \u201esuspendarea temporar\u0103 a scutirilor vamale la introducerea \u00een RM a [&hellip;]","og_url":"https:\/\/www.btv.md\/ro\/au-intrat-in-vigoare-restrictiile-la-importul-unor-produse-din-ucraina-in-moldova\/","og_site_name":"BTV","article_publisher":"https:\/\/www.facebook.com\/btvmoldova\/","article_published_time":"2016-05-16T09:10:13+00:00","og_image":[{"width":460,"height":320,"url":"https:\/\/www.btv.md\/wp-content\/uploads\/2016\/05\/39182_vam.bb_.jpg","type":"image\/jpeg"}],"author":"admin","twitter_misc":{"Scris de":"admin","Timp estimat pentru citire":"2 minute"},"schema":{"@context":"https:\/\/schema.org","@graph":[{"@type":"Article","@id":"https:\/\/www.btv.md\/ro\/au-intrat-in-vigoare-restrictiile-la-importul-unor-produse-din-ucraina-in-moldova\/#article","isPartOf":{"@id":"https:\/\/www.btv.md\/ro\/au-intrat-in-vigoare-restrictiile-la-importul-unor-produse-din-ucraina-in-moldova\/"},"author":{"name":"admin","@id":"https:\/\/www.btv.md\/#\/schema\/person\/8fadce81561b3ce2c34c46dadc4ccbf2"},"headline":"AU INTRAT \u00ceN VIGOARE RESTRIC\u021aIILE LA IMPORTUL UNOR PRODUSE DIN UCRAINA \u00ceN MOLDOVA","datePublished":"2016-05-16T09:10:13+00:00","mainEntityOfPage":{"@id":"https:\/\/www.btv.md\/ro\/au-intrat-in-vigoare-restrictiile-la-importul-unor-produse-din-ucraina-in-moldova\/"},"wordCount":341,"image":{"@id":"https:\/\/www.btv.md\/ro\/au-intrat-in-vigoare-restrictiile-la-importul-unor-produse-din-ucraina-in-moldova\/#primaryimage"},"thumbnailUrl":"https:\/\/www.btv.md\/wp-content\/uploads\/2016\/05\/39182_vam.bb_.jpg","articleSection":["Economie"],"inLanguage":"ro-RO"},{"@type":"WebPage","@id":"https:\/\/www.btv.md\/ro\/au-intrat-in-vigoare-restrictiile-la-importul-unor-produse-din-ucraina-in-moldova\/","url":"https:\/\/www.btv.md\/ro\/au-intrat-in-vigoare-restrictiile-la-importul-unor-produse-din-ucraina-in-moldova\/","name":"AU INTRAT \u00ceN VIGOARE RESTRIC\u021aIILE LA IMPORTUL UNOR PRODUSE DIN UCRAINA \u00ceN MOLDOVA - BTV","isPartOf":{"@id":"https:\/\/www.btv.md\/#website"},"primaryImageOfPage":{"@id":"https:\/\/www.btv.md\/ro\/au-intrat-in-vigoare-restrictiile-la-importul-unor-produse-din-ucraina-in-moldova\/#primaryimage"},"image":{"@id":"https:\/\/www.btv.md\/ro\/au-intrat-in-vigoare-restrictiile-la-importul-unor-produse-din-ucraina-in-moldova\/#primaryimage"},"thumbnailUrl":"https:\/\/www.btv.md\/wp-content\/uploads\/2016\/05\/39182_vam.bb_.jpg","datePublished":"2016-05-16T09:10:13+00:00","author":{"@id":"https:\/\/www.btv.md\/#\/schema\/person\/8fadce81561b3ce2c34c46dadc4ccbf2"},"inLanguage":"ro-RO","potentialAction":[{"@type":"ReadAction","target":["https:\/\/www.btv.md\/ro\/au-intrat-in-vigoare-restrictiile-la-importul-unor-produse-din-ucraina-in-moldova\/"]}]},{"@type":"ImageObject","inLanguage":"ro-RO","@id":"https:\/\/www.btv.md\/ro\/au-intrat-in-vigoare-restrictiile-la-importul-unor-produse-din-ucraina-in-moldova\/#primaryimage","url":"https:\/\/www.btv.md\/wp-content\/uploads\/2016\/05\/39182_vam.bb_.jpg","contentUrl":"https:\/\/www.btv.md\/wp-content\/uploads\/2016\/05\/39182_vam.bb_.jpg","width":460,"height":320,"caption":"www.infotag.md"},{"@type":"WebSite","@id":"https:\/\/www.btv.md\/#website","url":"https:\/\/www.btv.md\/","name":"BTV","description":"\u0411\u0435\u043b\u044c\u0446\u043a\u043e\u0435 \u0442\u0435\u043b\u0435\u0432\u0438\u0434\u0435\u043d\u0438\u0435","potentialAction":[{"@type":"SearchAction","target":{"@type":"EntryPoint","urlTemplate":"https:\/\/www.btv.md\/?s={search_term_string}"},"query-input":{"@type":"PropertyValueSpecification","valueRequired":true,"valueName":"search_term_string"}}],"inLanguage":"ro-RO"},{"@type":"Person","@id":"https:\/\/www.btv.md\/#\/schema\/person\/8fadce81561b3ce2c34c46dadc4ccbf2","name":"admin"}]}},"_links":{"self":[{"href":"https:\/\/www.btv.md\/ro\/wp-json\/wp\/v2\/posts\/12713","targetHints":{"allow":["GET"]}}],"collection":[{"href":"https:\/\/www.btv.md\/ro\/wp-json\/wp\/v2\/posts"}],"about":[{"href":"https:\/\/www.btv.md\/ro\/wp-json\/wp\/v2\/types\/post"}],"author":[{"embeddable":true,"href":"https:\/\/www.btv.md\/ro\/wp-json\/wp\/v2\/users\/4"}],"replies":[{"embeddable":true,"href":"https:\/\/www.btv.md\/ro\/wp-json\/wp\/v2\/comments?post=12713"}],"version-history":[{"count":0,"href":"https:\/\/www.btv.md\/ro\/wp-json\/wp\/v2\/posts\/12713\/revisions"}],"wp:featuredmedia":[{"embeddable":true,"href":"https:\/\/www.btv.md\/ro\/wp-json\/wp\/v2\/media\/12714"}],"wp:attachment":[{"href":"https:\/\/www.btv.md\/ro\/wp-json\/wp\/v2\/media?parent=12713"}],"wp:term":[{"taxonomy":"category","embeddable":true,"href":"https:\/\/www.btv.md\/ro\/wp-json\/wp\/v2\/categories?post=12713"},{"taxonomy":"post_tag","embeddable":true,"href":"https:\/\/www.btv.md\/ro\/wp-json\/wp\/v2\/tags?post=12713"}],"curies":[{"name":"wp","href":"https:\/\/api.w.org\/{rel}","templated":true}]}}