{"id":12996,"date":"2016-05-18T17:29:19","date_gmt":"2016-05-18T14:29:19","guid":{"rendered":"http:\/\/btv.md\/?p=12996"},"modified":"2016-05-18T17:29:19","modified_gmt":"2016-05-18T14:29:19","slug":"detinutii-penitenciarului-din-balti-vor-petrece-mai-mult-timp-cu-familia","status":"publish","type":"post","link":"https:\/\/www.btv.md\/ro\/detinutii-penitenciarului-din-balti-vor-petrece-mai-mult-timp-cu-familia\/","title":{"rendered":"DE\u021aINU\u021aII PENITENCIARULUI DIN B\u0102L\u021aI VOR PETRECE MAI MULT TIMP CU FAMILIA"},"content":{"rendered":"<p><strong>Premier\u0103 pentru penitenciarul num\u0103rul 11 din B\u0103l\u021bi. De\u021binu\u021bii vor putea avea \u00eentrevederi de lung\u0103 durat\u0103 cu familia. Pentru asta au fost inaugurate dou\u0103 camere speciale, dotate cu canapele \u0219i televizoare. Pe l\u00e2ng\u0103 acestea, beneficiarii vor avea la dispozi\u021bie un grup sanitar comun \u0219i o buc\u0103t\u0103rie, unde a fost instalat un frigider, un aragaz \u0219i tot mobilierul necesar. <\/strong><\/p>\n<p>De\u021binu\u021bii sunt deja \u00een a\u0219teptarea oaspe\u021bilor.<\/p>\n<p>Condamna\u021bii au dreptul la o \u00eentrevedere de scurt\u0103 durat\u0103 o dat\u0103 pe lun\u0103 \u015fi la una de lung\u0103 durat\u0103 la fiecare trimestru.<\/p>\n<p>Pentru ca de\u021binu\u021bii s\u0103 poat\u0103 avea \u00eentrevederi de lung\u0103 durat\u0103, c\u00e2\u021biva angaja\u021bi ai penitenciarului au renun\u021bat la propriile birouri, din lips\u0103 de spa\u021biu.  La r\u00e2ndul lor, de\u021binu\u021bii au participat la lucr\u0103rile de construc\u021bie \u0219i amenajare a\u0219a cum au putut. Unii dintre ei au confec\u021bionat chiar o parte din mobilierul din buc\u0103t\u0103rie.<\/p>\n<p>Potrivit Departamentului Institu\u021bii Penitenciare, astfel de camere exist\u0103 deja \u00een toate institu\u021biile de deten\u021bie din \u021bar\u0103, unde persoanele din deten\u021bie au \u00eentrevederi de lung\u0103 durat\u0103 cu persoanele apropiate. <\/p>\n<p>NATALIA  TOCARCIUC<br \/>\nPAVEL  LUCHIAN<br \/>\nIURIE  BOLD<\/p>\n<p><iframe width=\"420\" height=\"315\" data-src=\"https:\/\/www.youtube.com\/embed\/DUwrnslyYTU\" frameborder=\"0\" allowfullscreen src=\"data:image\/svg+xml;base64,PHN2ZyB3aWR0aD0iMSIgaGVpZ2h0PSIxIiB4bWxucz0iaHR0cDovL3d3dy53My5vcmcvMjAwMC9zdmciPjwvc3ZnPg==\" class=\"lazyload\" data-load-mode=\"1\"><\/iframe><\/p>\n","protected":false},"excerpt":{"rendered":"<p>Premier\u0103 pentru penitenciarul num\u0103rul 11 din B\u0103l\u021bi. De\u021binu\u021bii vor putea avea \u00eentrevederi de lung\u0103 durat\u0103 cu familia. Pentru asta au fost inaugurate dou\u0103 camere speciale, dotate cu canapele \u0219i televizoare. Pe l\u00e2ng\u0103 acestea, beneficiarii vor avea la dispozi\u021bie un grup sanitar comun \u0219i o buc\u0103t\u0103rie, unde a fost instalat un frigider, un aragaz \u0219i tot [&hellip;]<\/p>\n","protected":false},"author":4,"featured_media":12997,"comment_status":"closed","ping_status":"closed","sticky":false,"template":"","format":"standard","meta":{"footnotes":""},"categories":[6353],"tags":[],"class_list":["post-12996","post","type-post","status-publish","format-standard","has-post-thumbnail","hentry","category-oras"],"yoast_head":"<!-- This site is optimized with the Yoast SEO plugin v27.4 - https:\/\/yoast.com\/product\/yoast-seo-wordpress\/ -->\n<title>DE\u021aINU\u021aII PENITENCIARULUI DIN B\u0102L\u021aI VOR PETRECE MAI MULT TIMP CU FAMILIA - BTV<\/title>\n<meta name=\"robots\" content=\"index, follow, max-snippet:-1, max-image-preview:large, max-video-preview:-1\" \/>\n<link rel=\"canonical\" href=\"https:\/\/www.btv.md\/ro\/detinutii-penitenciarului-din-balti-vor-petrece-mai-mult-timp-cu-familia\/\" \/>\n<meta property=\"og:locale\" content=\"ro_RO\" \/>\n<meta property=\"og:type\" content=\"article\" \/>\n<meta property=\"og:title\" content=\"DE\u021aINU\u021aII PENITENCIARULUI DIN B\u0102L\u021aI VOR PETRECE MAI MULT TIMP CU FAMILIA - BTV\" \/>\n<meta property=\"og:description\" content=\"Premier\u0103 pentru penitenciarul num\u0103rul 11 din B\u0103l\u021bi. De\u021binu\u021bii vor putea avea \u00eentrevederi de lung\u0103 durat\u0103 cu familia. Pentru asta au fost inaugurate dou\u0103 camere speciale, dotate cu canapele \u0219i televizoare. Pe l\u00e2ng\u0103 acestea, beneficiarii vor avea la dispozi\u021bie un grup sanitar comun \u0219i o buc\u0103t\u0103rie, unde a fost instalat un frigider, un aragaz \u0219i tot [&hellip;]\" \/>\n<meta property=\"og:url\" content=\"https:\/\/www.btv.md\/ro\/detinutii-penitenciarului-din-balti-vor-petrece-mai-mult-timp-cu-familia\/\" \/>\n<meta property=\"og:site_name\" content=\"BTV\" \/>\n<meta property=\"article:publisher\" content=\"https:\/\/www.facebook.com\/btvmoldova\/\" \/>\n<meta property=\"article:published_time\" content=\"2016-05-18T14:29:19+00:00\" \/>\n<meta property=\"og:image\" content=\"https:\/\/www.btv.md\/wp-content\/uploads\/2016\/05\/penitenciar.png\" \/>\n\t<meta property=\"og:image:width\" content=\"1041\" \/>\n\t<meta property=\"og:image:height\" content=\"583\" \/>\n\t<meta property=\"og:image:type\" content=\"image\/png\" \/>\n<meta name=\"author\" content=\"admin\" \/>\n<meta name=\"twitter:label1\" content=\"Scris de\" \/>\n\t<meta name=\"twitter:data1\" content=\"admin\" \/>\n\t<meta name=\"twitter:label2\" content=\"Timp estimat pentru citire\" \/>\n\t<meta name=\"twitter:data2\" content=\"1 minut\" \/>\n<script type=\"application\/ld+json\" class=\"yoast-schema-graph\">{\"@context\":\"https:\\\/\\\/schema.org\",\"@graph\":[{\"@type\":\"Article\",\"@id\":\"https:\\\/\\\/www.btv.md\\\/ro\\\/detinutii-penitenciarului-din-balti-vor-petrece-mai-mult-timp-cu-familia\\\/#article\",\"isPartOf\":{\"@id\":\"https:\\\/\\\/www.btv.md\\\/ro\\\/detinutii-penitenciarului-din-balti-vor-petrece-mai-mult-timp-cu-familia\\\/\"},\"author\":{\"name\":\"admin\",\"@id\":\"https:\\\/\\\/www.btv.md\\\/#\\\/schema\\\/person\\\/8fadce81561b3ce2c34c46dadc4ccbf2\"},\"headline\":\"DE\u021aINU\u021aII PENITENCIARULUI DIN B\u0102L\u021aI VOR PETRECE MAI MULT TIMP CU FAMILIA\",\"datePublished\":\"2016-05-18T14:29:19+00:00\",\"mainEntityOfPage\":{\"@id\":\"https:\\\/\\\/www.btv.md\\\/ro\\\/detinutii-penitenciarului-din-balti-vor-petrece-mai-mult-timp-cu-familia\\\/\"},\"wordCount\":217,\"image\":{\"@id\":\"https:\\\/\\\/www.btv.md\\\/ro\\\/detinutii-penitenciarului-din-balti-vor-petrece-mai-mult-timp-cu-familia\\\/#primaryimage\"},\"thumbnailUrl\":\"https:\\\/\\\/www.btv.md\\\/wp-content\\\/uploads\\\/2016\\\/05\\\/penitenciar.png\",\"articleSection\":[\"Ora\u0219\"],\"inLanguage\":\"ro-RO\"},{\"@type\":\"WebPage\",\"@id\":\"https:\\\/\\\/www.btv.md\\\/ro\\\/detinutii-penitenciarului-din-balti-vor-petrece-mai-mult-timp-cu-familia\\\/\",\"url\":\"https:\\\/\\\/www.btv.md\\\/ro\\\/detinutii-penitenciarului-din-balti-vor-petrece-mai-mult-timp-cu-familia\\\/\",\"name\":\"DE\u021aINU\u021aII PENITENCIARULUI DIN B\u0102L\u021aI VOR PETRECE MAI MULT TIMP CU FAMILIA - BTV\",\"isPartOf\":{\"@id\":\"https:\\\/\\\/www.btv.md\\\/#website\"},\"primaryImageOfPage\":{\"@id\":\"https:\\\/\\\/www.btv.md\\\/ro\\\/detinutii-penitenciarului-din-balti-vor-petrece-mai-mult-timp-cu-familia\\\/#primaryimage\"},\"image\":{\"@id\":\"https:\\\/\\\/www.btv.md\\\/ro\\\/detinutii-penitenciarului-din-balti-vor-petrece-mai-mult-timp-cu-familia\\\/#primaryimage\"},\"thumbnailUrl\":\"https:\\\/\\\/www.btv.md\\\/wp-content\\\/uploads\\\/2016\\\/05\\\/penitenciar.png\",\"datePublished\":\"2016-05-18T14:29:19+00:00\",\"author\":{\"@id\":\"https:\\\/\\\/www.btv.md\\\/#\\\/schema\\\/person\\\/8fadce81561b3ce2c34c46dadc4ccbf2\"},\"inLanguage\":\"ro-RO\",\"potentialAction\":[{\"@type\":\"ReadAction\",\"target\":[\"https:\\\/\\\/www.btv.md\\\/ro\\\/detinutii-penitenciarului-din-balti-vor-petrece-mai-mult-timp-cu-familia\\\/\"]}]},{\"@type\":\"ImageObject\",\"inLanguage\":\"ro-RO\",\"@id\":\"https:\\\/\\\/www.btv.md\\\/ro\\\/detinutii-penitenciarului-din-balti-vor-petrece-mai-mult-timp-cu-familia\\\/#primaryimage\",\"url\":\"https:\\\/\\\/www.btv.md\\\/wp-content\\\/uploads\\\/2016\\\/05\\\/penitenciar.png\",\"contentUrl\":\"https:\\\/\\\/www.btv.md\\\/wp-content\\\/uploads\\\/2016\\\/05\\\/penitenciar.png\",\"width\":1041,\"height\":583},{\"@type\":\"WebSite\",\"@id\":\"https:\\\/\\\/www.btv.md\\\/#website\",\"url\":\"https:\\\/\\\/www.btv.md\\\/\",\"name\":\"BTV\",\"description\":\"\u0411\u0435\u043b\u044c\u0446\u043a\u043e\u0435 \u0442\u0435\u043b\u0435\u0432\u0438\u0434\u0435\u043d\u0438\u0435\",\"potentialAction\":[{\"@type\":\"SearchAction\",\"target\":{\"@type\":\"EntryPoint\",\"urlTemplate\":\"https:\\\/\\\/www.btv.md\\\/?s={search_term_string}\"},\"query-input\":{\"@type\":\"PropertyValueSpecification\",\"valueRequired\":true,\"valueName\":\"search_term_string\"}}],\"inLanguage\":\"ro-RO\"},{\"@type\":\"Person\",\"@id\":\"https:\\\/\\\/www.btv.md\\\/#\\\/schema\\\/person\\\/8fadce81561b3ce2c34c46dadc4ccbf2\",\"name\":\"admin\"}]}<\/script>\n<!-- \/ Yoast SEO plugin. -->","yoast_head_json":{"title":"DE\u021aINU\u021aII PENITENCIARULUI DIN B\u0102L\u021aI VOR PETRECE MAI MULT TIMP CU FAMILIA - BTV","robots":{"index":"index","follow":"follow","max-snippet":"max-snippet:-1","max-image-preview":"max-image-preview:large","max-video-preview":"max-video-preview:-1"},"canonical":"https:\/\/www.btv.md\/ro\/detinutii-penitenciarului-din-balti-vor-petrece-mai-mult-timp-cu-familia\/","og_locale":"ro_RO","og_type":"article","og_title":"DE\u021aINU\u021aII PENITENCIARULUI DIN B\u0102L\u021aI VOR PETRECE MAI MULT TIMP CU FAMILIA - BTV","og_description":"Premier\u0103 pentru penitenciarul num\u0103rul 11 din B\u0103l\u021bi. De\u021binu\u021bii vor putea avea \u00eentrevederi de lung\u0103 durat\u0103 cu familia. Pentru asta au fost inaugurate dou\u0103 camere speciale, dotate cu canapele \u0219i televizoare. Pe l\u00e2ng\u0103 acestea, beneficiarii vor avea la dispozi\u021bie un grup sanitar comun \u0219i o buc\u0103t\u0103rie, unde a fost instalat un frigider, un aragaz \u0219i tot [&hellip;]","og_url":"https:\/\/www.btv.md\/ro\/detinutii-penitenciarului-din-balti-vor-petrece-mai-mult-timp-cu-familia\/","og_site_name":"BTV","article_publisher":"https:\/\/www.facebook.com\/btvmoldova\/","article_published_time":"2016-05-18T14:29:19+00:00","og_image":[{"width":1041,"height":583,"url":"https:\/\/www.btv.md\/wp-content\/uploads\/2016\/05\/penitenciar.png","type":"image\/png"}],"author":"admin","twitter_misc":{"Scris de":"admin","Timp estimat pentru citire":"1 minut"},"schema":{"@context":"https:\/\/schema.org","@graph":[{"@type":"Article","@id":"https:\/\/www.btv.md\/ro\/detinutii-penitenciarului-din-balti-vor-petrece-mai-mult-timp-cu-familia\/#article","isPartOf":{"@id":"https:\/\/www.btv.md\/ro\/detinutii-penitenciarului-din-balti-vor-petrece-mai-mult-timp-cu-familia\/"},"author":{"name":"admin","@id":"https:\/\/www.btv.md\/#\/schema\/person\/8fadce81561b3ce2c34c46dadc4ccbf2"},"headline":"DE\u021aINU\u021aII PENITENCIARULUI DIN B\u0102L\u021aI VOR PETRECE MAI MULT TIMP CU FAMILIA","datePublished":"2016-05-18T14:29:19+00:00","mainEntityOfPage":{"@id":"https:\/\/www.btv.md\/ro\/detinutii-penitenciarului-din-balti-vor-petrece-mai-mult-timp-cu-familia\/"},"wordCount":217,"image":{"@id":"https:\/\/www.btv.md\/ro\/detinutii-penitenciarului-din-balti-vor-petrece-mai-mult-timp-cu-familia\/#primaryimage"},"thumbnailUrl":"https:\/\/www.btv.md\/wp-content\/uploads\/2016\/05\/penitenciar.png","articleSection":["Ora\u0219"],"inLanguage":"ro-RO"},{"@type":"WebPage","@id":"https:\/\/www.btv.md\/ro\/detinutii-penitenciarului-din-balti-vor-petrece-mai-mult-timp-cu-familia\/","url":"https:\/\/www.btv.md\/ro\/detinutii-penitenciarului-din-balti-vor-petrece-mai-mult-timp-cu-familia\/","name":"DE\u021aINU\u021aII PENITENCIARULUI DIN B\u0102L\u021aI VOR PETRECE MAI MULT TIMP CU FAMILIA - BTV","isPartOf":{"@id":"https:\/\/www.btv.md\/#website"},"primaryImageOfPage":{"@id":"https:\/\/www.btv.md\/ro\/detinutii-penitenciarului-din-balti-vor-petrece-mai-mult-timp-cu-familia\/#primaryimage"},"image":{"@id":"https:\/\/www.btv.md\/ro\/detinutii-penitenciarului-din-balti-vor-petrece-mai-mult-timp-cu-familia\/#primaryimage"},"thumbnailUrl":"https:\/\/www.btv.md\/wp-content\/uploads\/2016\/05\/penitenciar.png","datePublished":"2016-05-18T14:29:19+00:00","author":{"@id":"https:\/\/www.btv.md\/#\/schema\/person\/8fadce81561b3ce2c34c46dadc4ccbf2"},"inLanguage":"ro-RO","potentialAction":[{"@type":"ReadAction","target":["https:\/\/www.btv.md\/ro\/detinutii-penitenciarului-din-balti-vor-petrece-mai-mult-timp-cu-familia\/"]}]},{"@type":"ImageObject","inLanguage":"ro-RO","@id":"https:\/\/www.btv.md\/ro\/detinutii-penitenciarului-din-balti-vor-petrece-mai-mult-timp-cu-familia\/#primaryimage","url":"https:\/\/www.btv.md\/wp-content\/uploads\/2016\/05\/penitenciar.png","contentUrl":"https:\/\/www.btv.md\/wp-content\/uploads\/2016\/05\/penitenciar.png","width":1041,"height":583},{"@type":"WebSite","@id":"https:\/\/www.btv.md\/#website","url":"https:\/\/www.btv.md\/","name":"BTV","description":"\u0411\u0435\u043b\u044c\u0446\u043a\u043e\u0435 \u0442\u0435\u043b\u0435\u0432\u0438\u0434\u0435\u043d\u0438\u0435","potentialAction":[{"@type":"SearchAction","target":{"@type":"EntryPoint","urlTemplate":"https:\/\/www.btv.md\/?s={search_term_string}"},"query-input":{"@type":"PropertyValueSpecification","valueRequired":true,"valueName":"search_term_string"}}],"inLanguage":"ro-RO"},{"@type":"Person","@id":"https:\/\/www.btv.md\/#\/schema\/person\/8fadce81561b3ce2c34c46dadc4ccbf2","name":"admin"}]}},"_links":{"self":[{"href":"https:\/\/www.btv.md\/ro\/wp-json\/wp\/v2\/posts\/12996","targetHints":{"allow":["GET"]}}],"collection":[{"href":"https:\/\/www.btv.md\/ro\/wp-json\/wp\/v2\/posts"}],"about":[{"href":"https:\/\/www.btv.md\/ro\/wp-json\/wp\/v2\/types\/post"}],"author":[{"embeddable":true,"href":"https:\/\/www.btv.md\/ro\/wp-json\/wp\/v2\/users\/4"}],"replies":[{"embeddable":true,"href":"https:\/\/www.btv.md\/ro\/wp-json\/wp\/v2\/comments?post=12996"}],"version-history":[{"count":0,"href":"https:\/\/www.btv.md\/ro\/wp-json\/wp\/v2\/posts\/12996\/revisions"}],"wp:featuredmedia":[{"embeddable":true,"href":"https:\/\/www.btv.md\/ro\/wp-json\/wp\/v2\/media\/12997"}],"wp:attachment":[{"href":"https:\/\/www.btv.md\/ro\/wp-json\/wp\/v2\/media?parent=12996"}],"wp:term":[{"taxonomy":"category","embeddable":true,"href":"https:\/\/www.btv.md\/ro\/wp-json\/wp\/v2\/categories?post=12996"},{"taxonomy":"post_tag","embeddable":true,"href":"https:\/\/www.btv.md\/ro\/wp-json\/wp\/v2\/tags?post=12996"}],"curies":[{"name":"wp","href":"https:\/\/api.w.org\/{rel}","templated":true}]}}