{"id":13002,"date":"2016-05-18T17:43:51","date_gmt":"2016-05-18T14:43:51","guid":{"rendered":"http:\/\/btv.md\/?p=13002"},"modified":"2016-05-18T17:43:51","modified_gmt":"2016-05-18T14:43:51","slug":"tragedie-in-apropiere-de-balti-trei-morti","status":"publish","type":"post","link":"https:\/\/www.btv.md\/ro\/tragedie-in-apropiere-de-balti-trei-morti\/","title":{"rendered":"TRAGEDIE \u00ceN  APROPIERE  DE  B\u0102L\u021aI: TREI  MOR\u021aI"},"content":{"rendered":"<p><strong>Tragedie \u00een apropierea municipiului B\u0103l\u021bi, trei persoane au murit pe loc  iar alta a fost internat\u0103 \u00een spital. Totul s-a \u00eent\u00e2mplat dup\u0103 ce un automobil de marcaVolkswagen Golf s-a ciocnit frontal cu un autoturism de marca Mercedes Vito, la volanul c\u0103ruia se afla un b\u0103rbat de 36 de ani.<\/strong><\/p>\n<p>Potrivit ofi\u021berului de pres\u0103 al situa\u021biilor exep\u021bionale din municipiul B\u0103l\u021bi, Andrei Adam, toate cele trei persoane cu v\u00e2rstele de 24, 26 \u0219i 49 de ani care se aflau \u00een ma\u0219in\u0103  Volkswagen Golf, au decedat pe loc, iar  conduc\u0103torul auto din cealalt\u0103 unitate de transport s-a ales cu traumatizme. <\/p>\n<p>Medicii de la Spitalul Municipal, B\u0103l\u021bi, spun c\u0103 starea de s\u0103n\u0103tate a b\u0103rbatului implicat \u00een accident este stabil\u0103, acesta a fost internat cu fractur\u0103 la picior \u0219i locomo\u021bie cerebral\u0103. Potrivit informa\u0163iilor preliminare, vinovat de producerea accidentului se face b\u0103rbatul care a r\u0103mas \u00een via\u0163\u0103. <\/p>\n<p>Poli\u0163i\u015ftii au deschis un dosar penal \u00een acest caz.<\/p>\n<p><iframe width=\"420\" height=\"315\" data-src=\"https:\/\/www.youtube.com\/embed\/Beja3Mtl7Ac\" frameborder=\"0\" allowfullscreen src=\"data:image\/svg+xml;base64,PHN2ZyB3aWR0aD0iMSIgaGVpZ2h0PSIxIiB4bWxucz0iaHR0cDovL3d3dy53My5vcmcvMjAwMC9zdmciPjwvc3ZnPg==\" class=\"lazyload\" data-load-mode=\"1\"><\/iframe><\/p>\n","protected":false},"excerpt":{"rendered":"<p>Tragedie \u00een apropierea municipiului B\u0103l\u021bi, trei persoane au murit pe loc iar alta a fost internat\u0103 \u00een spital. Totul s-a \u00eent\u00e2mplat dup\u0103 ce un automobil de marcaVolkswagen Golf s-a ciocnit frontal cu un autoturism de marca Mercedes Vito, la volanul c\u0103ruia se afla un b\u0103rbat de 36 de ani. Potrivit ofi\u021berului de pres\u0103 al situa\u021biilor [&hellip;]<\/p>\n","protected":false},"author":4,"featured_media":13003,"comment_status":"closed","ping_status":"closed","sticky":false,"template":"","format":"standard","meta":{"footnotes":""},"categories":[6353],"tags":[],"class_list":["post-13002","post","type-post","status-publish","format-standard","has-post-thumbnail","hentry","category-oras"],"yoast_head":"<!-- This site is optimized with the Yoast SEO plugin v27.4 - https:\/\/yoast.com\/product\/yoast-seo-wordpress\/ -->\n<title>TRAGEDIE \u00ceN APROPIERE DE B\u0102L\u021aI: TREI MOR\u021aI - BTV<\/title>\n<meta name=\"robots\" content=\"index, follow, max-snippet:-1, max-image-preview:large, max-video-preview:-1\" \/>\n<link rel=\"canonical\" href=\"https:\/\/www.btv.md\/ro\/tragedie-in-apropiere-de-balti-trei-morti\/\" \/>\n<meta property=\"og:locale\" content=\"ro_RO\" \/>\n<meta property=\"og:type\" content=\"article\" \/>\n<meta property=\"og:title\" content=\"TRAGEDIE \u00ceN APROPIERE DE B\u0102L\u021aI: TREI MOR\u021aI - BTV\" \/>\n<meta property=\"og:description\" content=\"Tragedie \u00een apropierea municipiului B\u0103l\u021bi, trei persoane au murit pe loc iar alta a fost internat\u0103 \u00een spital. Totul s-a \u00eent\u00e2mplat dup\u0103 ce un automobil de marcaVolkswagen Golf s-a ciocnit frontal cu un autoturism de marca Mercedes Vito, la volanul c\u0103ruia se afla un b\u0103rbat de 36 de ani. Potrivit ofi\u021berului de pres\u0103 al situa\u021biilor [&hellip;]\" \/>\n<meta property=\"og:url\" content=\"https:\/\/www.btv.md\/ro\/tragedie-in-apropiere-de-balti-trei-morti\/\" \/>\n<meta property=\"og:site_name\" content=\"BTV\" \/>\n<meta property=\"article:publisher\" content=\"https:\/\/www.facebook.com\/btvmoldova\/\" \/>\n<meta property=\"article:published_time\" content=\"2016-05-18T14:43:51+00:00\" \/>\n<meta property=\"og:image\" content=\"https:\/\/www.btv.md\/wp-content\/uploads\/2016\/05\/b4_79749700.jpg\" \/>\n\t<meta property=\"og:image:width\" content=\"952\" \/>\n\t<meta property=\"og:image:height\" content=\"717\" \/>\n\t<meta property=\"og:image:type\" content=\"image\/jpeg\" \/>\n<meta name=\"author\" content=\"admin\" \/>\n<meta name=\"twitter:label1\" content=\"Scris de\" \/>\n\t<meta name=\"twitter:data1\" content=\"admin\" \/>\n\t<meta name=\"twitter:label2\" content=\"Timp estimat pentru citire\" \/>\n\t<meta name=\"twitter:data2\" content=\"1 minut\" \/>\n<script type=\"application\/ld+json\" class=\"yoast-schema-graph\">{\"@context\":\"https:\\\/\\\/schema.org\",\"@graph\":[{\"@type\":\"Article\",\"@id\":\"https:\\\/\\\/www.btv.md\\\/ro\\\/tragedie-in-apropiere-de-balti-trei-morti\\\/#article\",\"isPartOf\":{\"@id\":\"https:\\\/\\\/www.btv.md\\\/ro\\\/tragedie-in-apropiere-de-balti-trei-morti\\\/\"},\"author\":{\"name\":\"admin\",\"@id\":\"https:\\\/\\\/www.btv.md\\\/#\\\/schema\\\/person\\\/8fadce81561b3ce2c34c46dadc4ccbf2\"},\"headline\":\"TRAGEDIE \u00ceN APROPIERE DE B\u0102L\u021aI: TREI MOR\u021aI\",\"datePublished\":\"2016-05-18T14:43:51+00:00\",\"mainEntityOfPage\":{\"@id\":\"https:\\\/\\\/www.btv.md\\\/ro\\\/tragedie-in-apropiere-de-balti-trei-morti\\\/\"},\"wordCount\":180,\"image\":{\"@id\":\"https:\\\/\\\/www.btv.md\\\/ro\\\/tragedie-in-apropiere-de-balti-trei-morti\\\/#primaryimage\"},\"thumbnailUrl\":\"https:\\\/\\\/www.btv.md\\\/wp-content\\\/uploads\\\/2016\\\/05\\\/b4_79749700.jpg\",\"articleSection\":[\"Ora\u0219\"],\"inLanguage\":\"ro-RO\"},{\"@type\":\"WebPage\",\"@id\":\"https:\\\/\\\/www.btv.md\\\/ro\\\/tragedie-in-apropiere-de-balti-trei-morti\\\/\",\"url\":\"https:\\\/\\\/www.btv.md\\\/ro\\\/tragedie-in-apropiere-de-balti-trei-morti\\\/\",\"name\":\"TRAGEDIE \u00ceN APROPIERE DE B\u0102L\u021aI: TREI MOR\u021aI - BTV\",\"isPartOf\":{\"@id\":\"https:\\\/\\\/www.btv.md\\\/#website\"},\"primaryImageOfPage\":{\"@id\":\"https:\\\/\\\/www.btv.md\\\/ro\\\/tragedie-in-apropiere-de-balti-trei-morti\\\/#primaryimage\"},\"image\":{\"@id\":\"https:\\\/\\\/www.btv.md\\\/ro\\\/tragedie-in-apropiere-de-balti-trei-morti\\\/#primaryimage\"},\"thumbnailUrl\":\"https:\\\/\\\/www.btv.md\\\/wp-content\\\/uploads\\\/2016\\\/05\\\/b4_79749700.jpg\",\"datePublished\":\"2016-05-18T14:43:51+00:00\",\"author\":{\"@id\":\"https:\\\/\\\/www.btv.md\\\/#\\\/schema\\\/person\\\/8fadce81561b3ce2c34c46dadc4ccbf2\"},\"inLanguage\":\"ro-RO\",\"potentialAction\":[{\"@type\":\"ReadAction\",\"target\":[\"https:\\\/\\\/www.btv.md\\\/ro\\\/tragedie-in-apropiere-de-balti-trei-morti\\\/\"]}]},{\"@type\":\"ImageObject\",\"inLanguage\":\"ro-RO\",\"@id\":\"https:\\\/\\\/www.btv.md\\\/ro\\\/tragedie-in-apropiere-de-balti-trei-morti\\\/#primaryimage\",\"url\":\"https:\\\/\\\/www.btv.md\\\/wp-content\\\/uploads\\\/2016\\\/05\\\/b4_79749700.jpg\",\"contentUrl\":\"https:\\\/\\\/www.btv.md\\\/wp-content\\\/uploads\\\/2016\\\/05\\\/b4_79749700.jpg\",\"width\":952,\"height\":717},{\"@type\":\"WebSite\",\"@id\":\"https:\\\/\\\/www.btv.md\\\/#website\",\"url\":\"https:\\\/\\\/www.btv.md\\\/\",\"name\":\"BTV\",\"description\":\"\u0411\u0435\u043b\u044c\u0446\u043a\u043e\u0435 \u0442\u0435\u043b\u0435\u0432\u0438\u0434\u0435\u043d\u0438\u0435\",\"potentialAction\":[{\"@type\":\"SearchAction\",\"target\":{\"@type\":\"EntryPoint\",\"urlTemplate\":\"https:\\\/\\\/www.btv.md\\\/?s={search_term_string}\"},\"query-input\":{\"@type\":\"PropertyValueSpecification\",\"valueRequired\":true,\"valueName\":\"search_term_string\"}}],\"inLanguage\":\"ro-RO\"},{\"@type\":\"Person\",\"@id\":\"https:\\\/\\\/www.btv.md\\\/#\\\/schema\\\/person\\\/8fadce81561b3ce2c34c46dadc4ccbf2\",\"name\":\"admin\"}]}<\/script>\n<!-- \/ Yoast SEO plugin. -->","yoast_head_json":{"title":"TRAGEDIE \u00ceN APROPIERE DE B\u0102L\u021aI: TREI MOR\u021aI - BTV","robots":{"index":"index","follow":"follow","max-snippet":"max-snippet:-1","max-image-preview":"max-image-preview:large","max-video-preview":"max-video-preview:-1"},"canonical":"https:\/\/www.btv.md\/ro\/tragedie-in-apropiere-de-balti-trei-morti\/","og_locale":"ro_RO","og_type":"article","og_title":"TRAGEDIE \u00ceN APROPIERE DE B\u0102L\u021aI: TREI MOR\u021aI - BTV","og_description":"Tragedie \u00een apropierea municipiului B\u0103l\u021bi, trei persoane au murit pe loc iar alta a fost internat\u0103 \u00een spital. Totul s-a \u00eent\u00e2mplat dup\u0103 ce un automobil de marcaVolkswagen Golf s-a ciocnit frontal cu un autoturism de marca Mercedes Vito, la volanul c\u0103ruia se afla un b\u0103rbat de 36 de ani. Potrivit ofi\u021berului de pres\u0103 al situa\u021biilor [&hellip;]","og_url":"https:\/\/www.btv.md\/ro\/tragedie-in-apropiere-de-balti-trei-morti\/","og_site_name":"BTV","article_publisher":"https:\/\/www.facebook.com\/btvmoldova\/","article_published_time":"2016-05-18T14:43:51+00:00","og_image":[{"width":952,"height":717,"url":"https:\/\/www.btv.md\/wp-content\/uploads\/2016\/05\/b4_79749700.jpg","type":"image\/jpeg"}],"author":"admin","twitter_misc":{"Scris de":"admin","Timp estimat pentru citire":"1 minut"},"schema":{"@context":"https:\/\/schema.org","@graph":[{"@type":"Article","@id":"https:\/\/www.btv.md\/ro\/tragedie-in-apropiere-de-balti-trei-morti\/#article","isPartOf":{"@id":"https:\/\/www.btv.md\/ro\/tragedie-in-apropiere-de-balti-trei-morti\/"},"author":{"name":"admin","@id":"https:\/\/www.btv.md\/#\/schema\/person\/8fadce81561b3ce2c34c46dadc4ccbf2"},"headline":"TRAGEDIE \u00ceN APROPIERE DE B\u0102L\u021aI: TREI MOR\u021aI","datePublished":"2016-05-18T14:43:51+00:00","mainEntityOfPage":{"@id":"https:\/\/www.btv.md\/ro\/tragedie-in-apropiere-de-balti-trei-morti\/"},"wordCount":180,"image":{"@id":"https:\/\/www.btv.md\/ro\/tragedie-in-apropiere-de-balti-trei-morti\/#primaryimage"},"thumbnailUrl":"https:\/\/www.btv.md\/wp-content\/uploads\/2016\/05\/b4_79749700.jpg","articleSection":["Ora\u0219"],"inLanguage":"ro-RO"},{"@type":"WebPage","@id":"https:\/\/www.btv.md\/ro\/tragedie-in-apropiere-de-balti-trei-morti\/","url":"https:\/\/www.btv.md\/ro\/tragedie-in-apropiere-de-balti-trei-morti\/","name":"TRAGEDIE \u00ceN APROPIERE DE B\u0102L\u021aI: TREI MOR\u021aI - BTV","isPartOf":{"@id":"https:\/\/www.btv.md\/#website"},"primaryImageOfPage":{"@id":"https:\/\/www.btv.md\/ro\/tragedie-in-apropiere-de-balti-trei-morti\/#primaryimage"},"image":{"@id":"https:\/\/www.btv.md\/ro\/tragedie-in-apropiere-de-balti-trei-morti\/#primaryimage"},"thumbnailUrl":"https:\/\/www.btv.md\/wp-content\/uploads\/2016\/05\/b4_79749700.jpg","datePublished":"2016-05-18T14:43:51+00:00","author":{"@id":"https:\/\/www.btv.md\/#\/schema\/person\/8fadce81561b3ce2c34c46dadc4ccbf2"},"inLanguage":"ro-RO","potentialAction":[{"@type":"ReadAction","target":["https:\/\/www.btv.md\/ro\/tragedie-in-apropiere-de-balti-trei-morti\/"]}]},{"@type":"ImageObject","inLanguage":"ro-RO","@id":"https:\/\/www.btv.md\/ro\/tragedie-in-apropiere-de-balti-trei-morti\/#primaryimage","url":"https:\/\/www.btv.md\/wp-content\/uploads\/2016\/05\/b4_79749700.jpg","contentUrl":"https:\/\/www.btv.md\/wp-content\/uploads\/2016\/05\/b4_79749700.jpg","width":952,"height":717},{"@type":"WebSite","@id":"https:\/\/www.btv.md\/#website","url":"https:\/\/www.btv.md\/","name":"BTV","description":"\u0411\u0435\u043b\u044c\u0446\u043a\u043e\u0435 \u0442\u0435\u043b\u0435\u0432\u0438\u0434\u0435\u043d\u0438\u0435","potentialAction":[{"@type":"SearchAction","target":{"@type":"EntryPoint","urlTemplate":"https:\/\/www.btv.md\/?s={search_term_string}"},"query-input":{"@type":"PropertyValueSpecification","valueRequired":true,"valueName":"search_term_string"}}],"inLanguage":"ro-RO"},{"@type":"Person","@id":"https:\/\/www.btv.md\/#\/schema\/person\/8fadce81561b3ce2c34c46dadc4ccbf2","name":"admin"}]}},"_links":{"self":[{"href":"https:\/\/www.btv.md\/ro\/wp-json\/wp\/v2\/posts\/13002","targetHints":{"allow":["GET"]}}],"collection":[{"href":"https:\/\/www.btv.md\/ro\/wp-json\/wp\/v2\/posts"}],"about":[{"href":"https:\/\/www.btv.md\/ro\/wp-json\/wp\/v2\/types\/post"}],"author":[{"embeddable":true,"href":"https:\/\/www.btv.md\/ro\/wp-json\/wp\/v2\/users\/4"}],"replies":[{"embeddable":true,"href":"https:\/\/www.btv.md\/ro\/wp-json\/wp\/v2\/comments?post=13002"}],"version-history":[{"count":0,"href":"https:\/\/www.btv.md\/ro\/wp-json\/wp\/v2\/posts\/13002\/revisions"}],"wp:featuredmedia":[{"embeddable":true,"href":"https:\/\/www.btv.md\/ro\/wp-json\/wp\/v2\/media\/13003"}],"wp:attachment":[{"href":"https:\/\/www.btv.md\/ro\/wp-json\/wp\/v2\/media?parent=13002"}],"wp:term":[{"taxonomy":"category","embeddable":true,"href":"https:\/\/www.btv.md\/ro\/wp-json\/wp\/v2\/categories?post=13002"},{"taxonomy":"post_tag","embeddable":true,"href":"https:\/\/www.btv.md\/ro\/wp-json\/wp\/v2\/tags?post=13002"}],"curies":[{"name":"wp","href":"https:\/\/api.w.org\/{rel}","templated":true}]}}