{"id":13032,"date":"2016-05-19T17:10:36","date_gmt":"2016-05-19T14:10:36","guid":{"rendered":"http:\/\/btv.md\/?p=13032"},"modified":"2016-05-19T17:10:37","modified_gmt":"2016-05-19T14:10:37","slug":"in-gradinitile-si-scolile-din-balti-banii-sunt-colectati-in-continuare","status":"publish","type":"post","link":"https:\/\/www.btv.md\/ro\/in-gradinitile-si-scolile-din-balti-banii-sunt-colectati-in-continuare\/","title":{"rendered":"\u00ceN GR\u0102DINI\u021aILE \u0218I \u0218COLILE DIN B\u0102L\u021aI BANII SUNT COLECTA\u021aI \u00ceN CONTINUARE"},"content":{"rendered":"<p><strong>Colectarea banilor \u00een institu\u021biile de \u00eenv\u0103\u021b\u0103m\u00e2nt \u0219colar \u0219i pre\u0219colar din municipiul B\u0103l\u021bi continu\u0103. Informa\u021bia a fost confirmat\u0103 de viceprimarul ora\u0219ului, Leonid Babii \u00een cadrul \u0219edin\u021bei Consiliului Municipal care a avul loc joi, 19 mai.<\/strong><\/p>\n<p>Potrivit func\u021bionarului, primarul de B\u0103l\u021bi, Renato Usat\u00eei a fost sesizat de un grup de p\u0103rin\u021bi despre faptul colect\u0103rii banilor \u00een unele institu\u021bii de \u00eenv\u0103\u021b\u0103m\u00e2nt. <\/p>\n<p>Amintim, c\u0103 la \u00eenceputul lunii octombrie 2015, Renato Usat\u00eei a spus c\u0103 este con\u0219tient de situa\u021bia economic\u0103 dificil\u0103 \u00een \u0219coli, dar a sugerat p\u0103rin\u021bilor c\u0103 nu e de competen\u021ba lor s\u0103 \u00eentre\u021bin\u0103 institu\u021biile de \u00eenv\u0103\u021b\u0103m\u00e2nt.<\/p>\n<p><iframe width=\"420\" height=\"315\" data-src=\"https:\/\/www.youtube.com\/embed\/qt2C7I2KmRs\" frameborder=\"0\" allowfullscreen src=\"data:image\/svg+xml;base64,PHN2ZyB3aWR0aD0iMSIgaGVpZ2h0PSIxIiB4bWxucz0iaHR0cDovL3d3dy53My5vcmcvMjAwMC9zdmciPjwvc3ZnPg==\" class=\"lazyload\" data-load-mode=\"1\"><\/iframe><\/p>\n","protected":false},"excerpt":{"rendered":"<p>Colectarea banilor \u00een institu\u021biile de \u00eenv\u0103\u021b\u0103m\u00e2nt \u0219colar \u0219i pre\u0219colar din municipiul B\u0103l\u021bi continu\u0103. Informa\u021bia a fost confirmat\u0103 de viceprimarul ora\u0219ului, Leonid Babii \u00een cadrul \u0219edin\u021bei Consiliului Municipal care a avul loc joi, 19 mai. Potrivit func\u021bionarului, primarul de B\u0103l\u021bi, Renato Usat\u00eei a fost sesizat de un grup de p\u0103rin\u021bi despre faptul colect\u0103rii banilor \u00een unele [&hellip;]<\/p>\n","protected":false},"author":4,"featured_media":13033,"comment_status":"closed","ping_status":"closed","sticky":false,"template":"","format":"standard","meta":{"footnotes":""},"categories":[6353],"tags":[],"class_list":["post-13032","post","type-post","status-publish","format-standard","has-post-thumbnail","hentry","category-oras"],"yoast_head":"<!-- This site is optimized with the Yoast SEO plugin v27.4 - https:\/\/yoast.com\/product\/yoast-seo-wordpress\/ -->\n<title>\u00ceN GR\u0102DINI\u021aILE \u0218I \u0218COLILE DIN B\u0102L\u021aI BANII SUNT COLECTA\u021aI \u00ceN CONTINUARE - BTV<\/title>\n<meta name=\"robots\" content=\"index, follow, max-snippet:-1, max-image-preview:large, max-video-preview:-1\" \/>\n<link rel=\"canonical\" href=\"https:\/\/www.btv.md\/ro\/in-gradinitile-si-scolile-din-balti-banii-sunt-colectati-in-continuare\/\" \/>\n<meta property=\"og:locale\" content=\"ro_RO\" \/>\n<meta property=\"og:type\" content=\"article\" \/>\n<meta property=\"og:title\" content=\"\u00ceN GR\u0102DINI\u021aILE \u0218I \u0218COLILE DIN B\u0102L\u021aI BANII SUNT COLECTA\u021aI \u00ceN CONTINUARE - BTV\" \/>\n<meta property=\"og:description\" content=\"Colectarea banilor \u00een institu\u021biile de \u00eenv\u0103\u021b\u0103m\u00e2nt \u0219colar \u0219i pre\u0219colar din municipiul B\u0103l\u021bi continu\u0103. Informa\u021bia a fost confirmat\u0103 de viceprimarul ora\u0219ului, Leonid Babii \u00een cadrul \u0219edin\u021bei Consiliului Municipal care a avul loc joi, 19 mai. Potrivit func\u021bionarului, primarul de B\u0103l\u021bi, Renato Usat\u00eei a fost sesizat de un grup de p\u0103rin\u021bi despre faptul colect\u0103rii banilor \u00een unele [&hellip;]\" \/>\n<meta property=\"og:url\" content=\"https:\/\/www.btv.md\/ro\/in-gradinitile-si-scolile-din-balti-banii-sunt-colectati-in-continuare\/\" \/>\n<meta property=\"og:site_name\" content=\"BTV\" \/>\n<meta property=\"article:publisher\" content=\"https:\/\/www.facebook.com\/btvmoldova\/\" \/>\n<meta property=\"article:published_time\" content=\"2016-05-19T14:10:36+00:00\" \/>\n<meta property=\"article:modified_time\" content=\"2016-05-19T14:10:37+00:00\" \/>\n<meta property=\"og:image\" content=\"https:\/\/www.btv.md\/wp-content\/uploads\/2016\/05\/salariu-mediu8c11c.jpg\" \/>\n\t<meta property=\"og:image:width\" content=\"530\" \/>\n\t<meta property=\"og:image:height\" content=\"392\" \/>\n\t<meta property=\"og:image:type\" content=\"image\/jpeg\" \/>\n<meta name=\"author\" content=\"admin\" \/>\n<meta name=\"twitter:label1\" content=\"Scris de\" \/>\n\t<meta name=\"twitter:data1\" content=\"admin\" \/>\n\t<meta name=\"twitter:label2\" content=\"Timp estimat pentru citire\" \/>\n\t<meta name=\"twitter:data2\" content=\"1 minut\" \/>\n<script type=\"application\/ld+json\" class=\"yoast-schema-graph\">{\"@context\":\"https:\\\/\\\/schema.org\",\"@graph\":[{\"@type\":\"Article\",\"@id\":\"https:\\\/\\\/www.btv.md\\\/ro\\\/in-gradinitile-si-scolile-din-balti-banii-sunt-colectati-in-continuare\\\/#article\",\"isPartOf\":{\"@id\":\"https:\\\/\\\/www.btv.md\\\/ro\\\/in-gradinitile-si-scolile-din-balti-banii-sunt-colectati-in-continuare\\\/\"},\"author\":{\"name\":\"admin\",\"@id\":\"https:\\\/\\\/www.btv.md\\\/#\\\/schema\\\/person\\\/8fadce81561b3ce2c34c46dadc4ccbf2\"},\"headline\":\"\u00ceN GR\u0102DINI\u021aILE \u0218I \u0218COLILE DIN B\u0102L\u021aI BANII SUNT COLECTA\u021aI \u00ceN CONTINUARE\",\"datePublished\":\"2016-05-19T14:10:36+00:00\",\"dateModified\":\"2016-05-19T14:10:37+00:00\",\"mainEntityOfPage\":{\"@id\":\"https:\\\/\\\/www.btv.md\\\/ro\\\/in-gradinitile-si-scolile-din-balti-banii-sunt-colectati-in-continuare\\\/\"},\"wordCount\":136,\"image\":{\"@id\":\"https:\\\/\\\/www.btv.md\\\/ro\\\/in-gradinitile-si-scolile-din-balti-banii-sunt-colectati-in-continuare\\\/#primaryimage\"},\"thumbnailUrl\":\"https:\\\/\\\/www.btv.md\\\/wp-content\\\/uploads\\\/2016\\\/05\\\/salariu-mediu8c11c.jpg\",\"articleSection\":[\"Ora\u0219\"],\"inLanguage\":\"ro-RO\"},{\"@type\":\"WebPage\",\"@id\":\"https:\\\/\\\/www.btv.md\\\/ro\\\/in-gradinitile-si-scolile-din-balti-banii-sunt-colectati-in-continuare\\\/\",\"url\":\"https:\\\/\\\/www.btv.md\\\/ro\\\/in-gradinitile-si-scolile-din-balti-banii-sunt-colectati-in-continuare\\\/\",\"name\":\"\u00ceN GR\u0102DINI\u021aILE \u0218I \u0218COLILE DIN B\u0102L\u021aI BANII SUNT COLECTA\u021aI \u00ceN CONTINUARE - BTV\",\"isPartOf\":{\"@id\":\"https:\\\/\\\/www.btv.md\\\/#website\"},\"primaryImageOfPage\":{\"@id\":\"https:\\\/\\\/www.btv.md\\\/ro\\\/in-gradinitile-si-scolile-din-balti-banii-sunt-colectati-in-continuare\\\/#primaryimage\"},\"image\":{\"@id\":\"https:\\\/\\\/www.btv.md\\\/ro\\\/in-gradinitile-si-scolile-din-balti-banii-sunt-colectati-in-continuare\\\/#primaryimage\"},\"thumbnailUrl\":\"https:\\\/\\\/www.btv.md\\\/wp-content\\\/uploads\\\/2016\\\/05\\\/salariu-mediu8c11c.jpg\",\"datePublished\":\"2016-05-19T14:10:36+00:00\",\"dateModified\":\"2016-05-19T14:10:37+00:00\",\"author\":{\"@id\":\"https:\\\/\\\/www.btv.md\\\/#\\\/schema\\\/person\\\/8fadce81561b3ce2c34c46dadc4ccbf2\"},\"inLanguage\":\"ro-RO\",\"potentialAction\":[{\"@type\":\"ReadAction\",\"target\":[\"https:\\\/\\\/www.btv.md\\\/ro\\\/in-gradinitile-si-scolile-din-balti-banii-sunt-colectati-in-continuare\\\/\"]}]},{\"@type\":\"ImageObject\",\"inLanguage\":\"ro-RO\",\"@id\":\"https:\\\/\\\/www.btv.md\\\/ro\\\/in-gradinitile-si-scolile-din-balti-banii-sunt-colectati-in-continuare\\\/#primaryimage\",\"url\":\"https:\\\/\\\/www.btv.md\\\/wp-content\\\/uploads\\\/2016\\\/05\\\/salariu-mediu8c11c.jpg\",\"contentUrl\":\"https:\\\/\\\/www.btv.md\\\/wp-content\\\/uploads\\\/2016\\\/05\\\/salariu-mediu8c11c.jpg\",\"width\":530,\"height\":392},{\"@type\":\"WebSite\",\"@id\":\"https:\\\/\\\/www.btv.md\\\/#website\",\"url\":\"https:\\\/\\\/www.btv.md\\\/\",\"name\":\"BTV\",\"description\":\"\u0411\u0435\u043b\u044c\u0446\u043a\u043e\u0435 \u0442\u0435\u043b\u0435\u0432\u0438\u0434\u0435\u043d\u0438\u0435\",\"potentialAction\":[{\"@type\":\"SearchAction\",\"target\":{\"@type\":\"EntryPoint\",\"urlTemplate\":\"https:\\\/\\\/www.btv.md\\\/?s={search_term_string}\"},\"query-input\":{\"@type\":\"PropertyValueSpecification\",\"valueRequired\":true,\"valueName\":\"search_term_string\"}}],\"inLanguage\":\"ro-RO\"},{\"@type\":\"Person\",\"@id\":\"https:\\\/\\\/www.btv.md\\\/#\\\/schema\\\/person\\\/8fadce81561b3ce2c34c46dadc4ccbf2\",\"name\":\"admin\"}]}<\/script>\n<!-- \/ Yoast SEO plugin. -->","yoast_head_json":{"title":"\u00ceN GR\u0102DINI\u021aILE \u0218I \u0218COLILE DIN B\u0102L\u021aI BANII SUNT COLECTA\u021aI \u00ceN CONTINUARE - BTV","robots":{"index":"index","follow":"follow","max-snippet":"max-snippet:-1","max-image-preview":"max-image-preview:large","max-video-preview":"max-video-preview:-1"},"canonical":"https:\/\/www.btv.md\/ro\/in-gradinitile-si-scolile-din-balti-banii-sunt-colectati-in-continuare\/","og_locale":"ro_RO","og_type":"article","og_title":"\u00ceN GR\u0102DINI\u021aILE \u0218I \u0218COLILE DIN B\u0102L\u021aI BANII SUNT COLECTA\u021aI \u00ceN CONTINUARE - BTV","og_description":"Colectarea banilor \u00een institu\u021biile de \u00eenv\u0103\u021b\u0103m\u00e2nt \u0219colar \u0219i pre\u0219colar din municipiul B\u0103l\u021bi continu\u0103. Informa\u021bia a fost confirmat\u0103 de viceprimarul ora\u0219ului, Leonid Babii \u00een cadrul \u0219edin\u021bei Consiliului Municipal care a avul loc joi, 19 mai. Potrivit func\u021bionarului, primarul de B\u0103l\u021bi, Renato Usat\u00eei a fost sesizat de un grup de p\u0103rin\u021bi despre faptul colect\u0103rii banilor \u00een unele [&hellip;]","og_url":"https:\/\/www.btv.md\/ro\/in-gradinitile-si-scolile-din-balti-banii-sunt-colectati-in-continuare\/","og_site_name":"BTV","article_publisher":"https:\/\/www.facebook.com\/btvmoldova\/","article_published_time":"2016-05-19T14:10:36+00:00","article_modified_time":"2016-05-19T14:10:37+00:00","og_image":[{"width":530,"height":392,"url":"https:\/\/www.btv.md\/wp-content\/uploads\/2016\/05\/salariu-mediu8c11c.jpg","type":"image\/jpeg"}],"author":"admin","twitter_misc":{"Scris de":"admin","Timp estimat pentru citire":"1 minut"},"schema":{"@context":"https:\/\/schema.org","@graph":[{"@type":"Article","@id":"https:\/\/www.btv.md\/ro\/in-gradinitile-si-scolile-din-balti-banii-sunt-colectati-in-continuare\/#article","isPartOf":{"@id":"https:\/\/www.btv.md\/ro\/in-gradinitile-si-scolile-din-balti-banii-sunt-colectati-in-continuare\/"},"author":{"name":"admin","@id":"https:\/\/www.btv.md\/#\/schema\/person\/8fadce81561b3ce2c34c46dadc4ccbf2"},"headline":"\u00ceN GR\u0102DINI\u021aILE \u0218I \u0218COLILE DIN B\u0102L\u021aI BANII SUNT COLECTA\u021aI \u00ceN CONTINUARE","datePublished":"2016-05-19T14:10:36+00:00","dateModified":"2016-05-19T14:10:37+00:00","mainEntityOfPage":{"@id":"https:\/\/www.btv.md\/ro\/in-gradinitile-si-scolile-din-balti-banii-sunt-colectati-in-continuare\/"},"wordCount":136,"image":{"@id":"https:\/\/www.btv.md\/ro\/in-gradinitile-si-scolile-din-balti-banii-sunt-colectati-in-continuare\/#primaryimage"},"thumbnailUrl":"https:\/\/www.btv.md\/wp-content\/uploads\/2016\/05\/salariu-mediu8c11c.jpg","articleSection":["Ora\u0219"],"inLanguage":"ro-RO"},{"@type":"WebPage","@id":"https:\/\/www.btv.md\/ro\/in-gradinitile-si-scolile-din-balti-banii-sunt-colectati-in-continuare\/","url":"https:\/\/www.btv.md\/ro\/in-gradinitile-si-scolile-din-balti-banii-sunt-colectati-in-continuare\/","name":"\u00ceN GR\u0102DINI\u021aILE \u0218I \u0218COLILE DIN B\u0102L\u021aI BANII SUNT COLECTA\u021aI \u00ceN CONTINUARE - BTV","isPartOf":{"@id":"https:\/\/www.btv.md\/#website"},"primaryImageOfPage":{"@id":"https:\/\/www.btv.md\/ro\/in-gradinitile-si-scolile-din-balti-banii-sunt-colectati-in-continuare\/#primaryimage"},"image":{"@id":"https:\/\/www.btv.md\/ro\/in-gradinitile-si-scolile-din-balti-banii-sunt-colectati-in-continuare\/#primaryimage"},"thumbnailUrl":"https:\/\/www.btv.md\/wp-content\/uploads\/2016\/05\/salariu-mediu8c11c.jpg","datePublished":"2016-05-19T14:10:36+00:00","dateModified":"2016-05-19T14:10:37+00:00","author":{"@id":"https:\/\/www.btv.md\/#\/schema\/person\/8fadce81561b3ce2c34c46dadc4ccbf2"},"inLanguage":"ro-RO","potentialAction":[{"@type":"ReadAction","target":["https:\/\/www.btv.md\/ro\/in-gradinitile-si-scolile-din-balti-banii-sunt-colectati-in-continuare\/"]}]},{"@type":"ImageObject","inLanguage":"ro-RO","@id":"https:\/\/www.btv.md\/ro\/in-gradinitile-si-scolile-din-balti-banii-sunt-colectati-in-continuare\/#primaryimage","url":"https:\/\/www.btv.md\/wp-content\/uploads\/2016\/05\/salariu-mediu8c11c.jpg","contentUrl":"https:\/\/www.btv.md\/wp-content\/uploads\/2016\/05\/salariu-mediu8c11c.jpg","width":530,"height":392},{"@type":"WebSite","@id":"https:\/\/www.btv.md\/#website","url":"https:\/\/www.btv.md\/","name":"BTV","description":"\u0411\u0435\u043b\u044c\u0446\u043a\u043e\u0435 \u0442\u0435\u043b\u0435\u0432\u0438\u0434\u0435\u043d\u0438\u0435","potentialAction":[{"@type":"SearchAction","target":{"@type":"EntryPoint","urlTemplate":"https:\/\/www.btv.md\/?s={search_term_string}"},"query-input":{"@type":"PropertyValueSpecification","valueRequired":true,"valueName":"search_term_string"}}],"inLanguage":"ro-RO"},{"@type":"Person","@id":"https:\/\/www.btv.md\/#\/schema\/person\/8fadce81561b3ce2c34c46dadc4ccbf2","name":"admin"}]}},"_links":{"self":[{"href":"https:\/\/www.btv.md\/ro\/wp-json\/wp\/v2\/posts\/13032","targetHints":{"allow":["GET"]}}],"collection":[{"href":"https:\/\/www.btv.md\/ro\/wp-json\/wp\/v2\/posts"}],"about":[{"href":"https:\/\/www.btv.md\/ro\/wp-json\/wp\/v2\/types\/post"}],"author":[{"embeddable":true,"href":"https:\/\/www.btv.md\/ro\/wp-json\/wp\/v2\/users\/4"}],"replies":[{"embeddable":true,"href":"https:\/\/www.btv.md\/ro\/wp-json\/wp\/v2\/comments?post=13032"}],"version-history":[{"count":0,"href":"https:\/\/www.btv.md\/ro\/wp-json\/wp\/v2\/posts\/13032\/revisions"}],"wp:featuredmedia":[{"embeddable":true,"href":"https:\/\/www.btv.md\/ro\/wp-json\/wp\/v2\/media\/13033"}],"wp:attachment":[{"href":"https:\/\/www.btv.md\/ro\/wp-json\/wp\/v2\/media?parent=13032"}],"wp:term":[{"taxonomy":"category","embeddable":true,"href":"https:\/\/www.btv.md\/ro\/wp-json\/wp\/v2\/categories?post=13032"},{"taxonomy":"post_tag","embeddable":true,"href":"https:\/\/www.btv.md\/ro\/wp-json\/wp\/v2\/tags?post=13032"}],"curies":[{"name":"wp","href":"https:\/\/api.w.org\/{rel}","templated":true}]}}