{"id":13038,"date":"2016-05-19T17:51:43","date_gmt":"2016-05-19T14:51:43","guid":{"rendered":"http:\/\/btv.md\/?p=13038"},"modified":"2016-05-19T17:51:43","modified_gmt":"2016-05-19T14:51:43","slug":"muzeul-din-balti-s-a-ales-cu-exponate-noi","status":"publish","type":"post","link":"https:\/\/www.btv.md\/ro\/muzeul-din-balti-s-a-ales-cu-exponate-noi\/","title":{"rendered":"MUZEUL  DIN  B\u0102L\u021aI  S-A  ALES  CU EXPONATE  NOI"},"content":{"rendered":"<p><strong>Colec\u021bia muzeului de Istorie \u0219i Etnografie din municipiul B\u0103l\u021bi s-a \u00eembog\u0103\u021bit cu peste o sut\u0103 de timbre po\u0219tale \u0219i cu o lad\u0103 de zestre. Obiectele au fost aduse de un grup de b\u0103l\u021beni. <\/strong><\/p>\n<p>Directorul Muzeului de Istorie \u0219i Etnografie, Liudmila Dobrogean salut\u0103 astfel de ac\u021biuni. Potrivit ei, \u00een fiecare an, de ziua Interna\u021bional\u0103 a Muzeelor vin persoane care aduc lucruri speciale. Exponate care au marcat sau au r\u0103mas \u00een istorie. <\/p>\n<p>\u00cen timp ce unii b\u0103l\u021benii doneaz\u0103 exponate, al\u021bii nu cunosc c\u00e2te muzee sunt \u00een municipiul B\u0103l\u021bi.<\/p>\n<p>Municipiul B\u0103l\u021bi are un singur muzeu. Edificiul se afl\u0103 pe strada Alexandru L\u0103pu\u0219neanu nr2.<\/p>\n<p><iframe width=\"420\" height=\"315\" data-src=\"https:\/\/www.youtube.com\/embed\/Z1zsV4HKjaU\" frameborder=\"0\" allowfullscreen src=\"data:image\/svg+xml;base64,PHN2ZyB3aWR0aD0iMSIgaGVpZ2h0PSIxIiB4bWxucz0iaHR0cDovL3d3dy53My5vcmcvMjAwMC9zdmciPjwvc3ZnPg==\" class=\"lazyload\" data-load-mode=\"1\"><\/iframe><\/p>\n","protected":false},"excerpt":{"rendered":"<p>Colec\u021bia muzeului de Istorie \u0219i Etnografie din municipiul B\u0103l\u021bi s-a \u00eembog\u0103\u021bit cu peste o sut\u0103 de timbre po\u0219tale \u0219i cu o lad\u0103 de zestre. Obiectele au fost aduse de un grup de b\u0103l\u021beni. Directorul Muzeului de Istorie \u0219i Etnografie, Liudmila Dobrogean salut\u0103 astfel de ac\u021biuni. Potrivit ei, \u00een fiecare an, de ziua Interna\u021bional\u0103 a Muzeelor [&hellip;]<\/p>\n","protected":false},"author":4,"featured_media":13039,"comment_status":"closed","ping_status":"closed","sticky":false,"template":"","format":"standard","meta":{"footnotes":""},"categories":[6353],"tags":[],"class_list":["post-13038","post","type-post","status-publish","format-standard","has-post-thumbnail","hentry","category-oras"],"yoast_head":"<!-- This site is optimized with the Yoast SEO plugin v27.4 - https:\/\/yoast.com\/product\/yoast-seo-wordpress\/ -->\n<title>MUZEUL DIN B\u0102L\u021aI S-A ALES CU EXPONATE NOI  - BTV<\/title>\n<meta name=\"robots\" content=\"index, follow, max-snippet:-1, max-image-preview:large, max-video-preview:-1\" \/>\n<link rel=\"canonical\" href=\"https:\/\/www.btv.md\/ro\/muzeul-din-balti-s-a-ales-cu-exponate-noi\/\" \/>\n<meta property=\"og:locale\" content=\"ro_RO\" \/>\n<meta property=\"og:type\" content=\"article\" \/>\n<meta property=\"og:title\" content=\"MUZEUL DIN B\u0102L\u021aI S-A ALES CU EXPONATE NOI  - BTV\" \/>\n<meta property=\"og:description\" content=\"Colec\u021bia muzeului de Istorie \u0219i Etnografie din municipiul B\u0103l\u021bi s-a \u00eembog\u0103\u021bit cu peste o sut\u0103 de timbre po\u0219tale \u0219i cu o lad\u0103 de zestre. Obiectele au fost aduse de un grup de b\u0103l\u021beni. Directorul Muzeului de Istorie \u0219i Etnografie, Liudmila Dobrogean salut\u0103 astfel de ac\u021biuni. Potrivit ei, \u00een fiecare an, de ziua Interna\u021bional\u0103 a Muzeelor [&hellip;]\" \/>\n<meta property=\"og:url\" content=\"https:\/\/www.btv.md\/ro\/muzeul-din-balti-s-a-ales-cu-exponate-noi\/\" \/>\n<meta property=\"og:site_name\" content=\"BTV\" \/>\n<meta property=\"article:publisher\" content=\"https:\/\/www.facebook.com\/btvmoldova\/\" \/>\n<meta property=\"article:published_time\" content=\"2016-05-19T14:51:43+00:00\" \/>\n<meta property=\"og:image\" content=\"https:\/\/www.btv.md\/wp-content\/uploads\/2016\/05\/muzeu-exponate.png\" \/>\n\t<meta property=\"og:image:width\" content=\"1019\" \/>\n\t<meta property=\"og:image:height\" content=\"569\" \/>\n\t<meta property=\"og:image:type\" content=\"image\/png\" \/>\n<meta name=\"author\" content=\"admin\" \/>\n<meta name=\"twitter:label1\" content=\"Scris de\" \/>\n\t<meta name=\"twitter:data1\" content=\"admin\" \/>\n\t<meta name=\"twitter:label2\" content=\"Timp estimat pentru citire\" \/>\n\t<meta name=\"twitter:data2\" content=\"1 minut\" \/>\n<script type=\"application\/ld+json\" class=\"yoast-schema-graph\">{\"@context\":\"https:\\\/\\\/schema.org\",\"@graph\":[{\"@type\":\"Article\",\"@id\":\"https:\\\/\\\/www.btv.md\\\/ro\\\/muzeul-din-balti-s-a-ales-cu-exponate-noi\\\/#article\",\"isPartOf\":{\"@id\":\"https:\\\/\\\/www.btv.md\\\/ro\\\/muzeul-din-balti-s-a-ales-cu-exponate-noi\\\/\"},\"author\":{\"name\":\"admin\",\"@id\":\"https:\\\/\\\/www.btv.md\\\/#\\\/schema\\\/person\\\/8fadce81561b3ce2c34c46dadc4ccbf2\"},\"headline\":\"MUZEUL DIN B\u0102L\u021aI S-A ALES CU EXPONATE NOI\",\"datePublished\":\"2016-05-19T14:51:43+00:00\",\"mainEntityOfPage\":{\"@id\":\"https:\\\/\\\/www.btv.md\\\/ro\\\/muzeul-din-balti-s-a-ales-cu-exponate-noi\\\/\"},\"wordCount\":130,\"image\":{\"@id\":\"https:\\\/\\\/www.btv.md\\\/ro\\\/muzeul-din-balti-s-a-ales-cu-exponate-noi\\\/#primaryimage\"},\"thumbnailUrl\":\"https:\\\/\\\/www.btv.md\\\/wp-content\\\/uploads\\\/2016\\\/05\\\/muzeu-exponate.png\",\"articleSection\":[\"Ora\u0219\"],\"inLanguage\":\"ro-RO\"},{\"@type\":\"WebPage\",\"@id\":\"https:\\\/\\\/www.btv.md\\\/ro\\\/muzeul-din-balti-s-a-ales-cu-exponate-noi\\\/\",\"url\":\"https:\\\/\\\/www.btv.md\\\/ro\\\/muzeul-din-balti-s-a-ales-cu-exponate-noi\\\/\",\"name\":\"MUZEUL DIN B\u0102L\u021aI S-A ALES CU EXPONATE NOI - BTV\",\"isPartOf\":{\"@id\":\"https:\\\/\\\/www.btv.md\\\/#website\"},\"primaryImageOfPage\":{\"@id\":\"https:\\\/\\\/www.btv.md\\\/ro\\\/muzeul-din-balti-s-a-ales-cu-exponate-noi\\\/#primaryimage\"},\"image\":{\"@id\":\"https:\\\/\\\/www.btv.md\\\/ro\\\/muzeul-din-balti-s-a-ales-cu-exponate-noi\\\/#primaryimage\"},\"thumbnailUrl\":\"https:\\\/\\\/www.btv.md\\\/wp-content\\\/uploads\\\/2016\\\/05\\\/muzeu-exponate.png\",\"datePublished\":\"2016-05-19T14:51:43+00:00\",\"author\":{\"@id\":\"https:\\\/\\\/www.btv.md\\\/#\\\/schema\\\/person\\\/8fadce81561b3ce2c34c46dadc4ccbf2\"},\"inLanguage\":\"ro-RO\",\"potentialAction\":[{\"@type\":\"ReadAction\",\"target\":[\"https:\\\/\\\/www.btv.md\\\/ro\\\/muzeul-din-balti-s-a-ales-cu-exponate-noi\\\/\"]}]},{\"@type\":\"ImageObject\",\"inLanguage\":\"ro-RO\",\"@id\":\"https:\\\/\\\/www.btv.md\\\/ro\\\/muzeul-din-balti-s-a-ales-cu-exponate-noi\\\/#primaryimage\",\"url\":\"https:\\\/\\\/www.btv.md\\\/wp-content\\\/uploads\\\/2016\\\/05\\\/muzeu-exponate.png\",\"contentUrl\":\"https:\\\/\\\/www.btv.md\\\/wp-content\\\/uploads\\\/2016\\\/05\\\/muzeu-exponate.png\",\"width\":1019,\"height\":569},{\"@type\":\"WebSite\",\"@id\":\"https:\\\/\\\/www.btv.md\\\/#website\",\"url\":\"https:\\\/\\\/www.btv.md\\\/\",\"name\":\"BTV\",\"description\":\"\u0411\u0435\u043b\u044c\u0446\u043a\u043e\u0435 \u0442\u0435\u043b\u0435\u0432\u0438\u0434\u0435\u043d\u0438\u0435\",\"potentialAction\":[{\"@type\":\"SearchAction\",\"target\":{\"@type\":\"EntryPoint\",\"urlTemplate\":\"https:\\\/\\\/www.btv.md\\\/?s={search_term_string}\"},\"query-input\":{\"@type\":\"PropertyValueSpecification\",\"valueRequired\":true,\"valueName\":\"search_term_string\"}}],\"inLanguage\":\"ro-RO\"},{\"@type\":\"Person\",\"@id\":\"https:\\\/\\\/www.btv.md\\\/#\\\/schema\\\/person\\\/8fadce81561b3ce2c34c46dadc4ccbf2\",\"name\":\"admin\"}]}<\/script>\n<!-- \/ Yoast SEO plugin. -->","yoast_head_json":{"title":"MUZEUL DIN B\u0102L\u021aI S-A ALES CU EXPONATE NOI  - BTV","robots":{"index":"index","follow":"follow","max-snippet":"max-snippet:-1","max-image-preview":"max-image-preview:large","max-video-preview":"max-video-preview:-1"},"canonical":"https:\/\/www.btv.md\/ro\/muzeul-din-balti-s-a-ales-cu-exponate-noi\/","og_locale":"ro_RO","og_type":"article","og_title":"MUZEUL DIN B\u0102L\u021aI S-A ALES CU EXPONATE NOI  - BTV","og_description":"Colec\u021bia muzeului de Istorie \u0219i Etnografie din municipiul B\u0103l\u021bi s-a \u00eembog\u0103\u021bit cu peste o sut\u0103 de timbre po\u0219tale \u0219i cu o lad\u0103 de zestre. Obiectele au fost aduse de un grup de b\u0103l\u021beni. Directorul Muzeului de Istorie \u0219i Etnografie, Liudmila Dobrogean salut\u0103 astfel de ac\u021biuni. Potrivit ei, \u00een fiecare an, de ziua Interna\u021bional\u0103 a Muzeelor [&hellip;]","og_url":"https:\/\/www.btv.md\/ro\/muzeul-din-balti-s-a-ales-cu-exponate-noi\/","og_site_name":"BTV","article_publisher":"https:\/\/www.facebook.com\/btvmoldova\/","article_published_time":"2016-05-19T14:51:43+00:00","og_image":[{"width":1019,"height":569,"url":"https:\/\/www.btv.md\/wp-content\/uploads\/2016\/05\/muzeu-exponate.png","type":"image\/png"}],"author":"admin","twitter_misc":{"Scris de":"admin","Timp estimat pentru citire":"1 minut"},"schema":{"@context":"https:\/\/schema.org","@graph":[{"@type":"Article","@id":"https:\/\/www.btv.md\/ro\/muzeul-din-balti-s-a-ales-cu-exponate-noi\/#article","isPartOf":{"@id":"https:\/\/www.btv.md\/ro\/muzeul-din-balti-s-a-ales-cu-exponate-noi\/"},"author":{"name":"admin","@id":"https:\/\/www.btv.md\/#\/schema\/person\/8fadce81561b3ce2c34c46dadc4ccbf2"},"headline":"MUZEUL DIN B\u0102L\u021aI S-A ALES CU EXPONATE NOI","datePublished":"2016-05-19T14:51:43+00:00","mainEntityOfPage":{"@id":"https:\/\/www.btv.md\/ro\/muzeul-din-balti-s-a-ales-cu-exponate-noi\/"},"wordCount":130,"image":{"@id":"https:\/\/www.btv.md\/ro\/muzeul-din-balti-s-a-ales-cu-exponate-noi\/#primaryimage"},"thumbnailUrl":"https:\/\/www.btv.md\/wp-content\/uploads\/2016\/05\/muzeu-exponate.png","articleSection":["Ora\u0219"],"inLanguage":"ro-RO"},{"@type":"WebPage","@id":"https:\/\/www.btv.md\/ro\/muzeul-din-balti-s-a-ales-cu-exponate-noi\/","url":"https:\/\/www.btv.md\/ro\/muzeul-din-balti-s-a-ales-cu-exponate-noi\/","name":"MUZEUL DIN B\u0102L\u021aI S-A ALES CU EXPONATE NOI - BTV","isPartOf":{"@id":"https:\/\/www.btv.md\/#website"},"primaryImageOfPage":{"@id":"https:\/\/www.btv.md\/ro\/muzeul-din-balti-s-a-ales-cu-exponate-noi\/#primaryimage"},"image":{"@id":"https:\/\/www.btv.md\/ro\/muzeul-din-balti-s-a-ales-cu-exponate-noi\/#primaryimage"},"thumbnailUrl":"https:\/\/www.btv.md\/wp-content\/uploads\/2016\/05\/muzeu-exponate.png","datePublished":"2016-05-19T14:51:43+00:00","author":{"@id":"https:\/\/www.btv.md\/#\/schema\/person\/8fadce81561b3ce2c34c46dadc4ccbf2"},"inLanguage":"ro-RO","potentialAction":[{"@type":"ReadAction","target":["https:\/\/www.btv.md\/ro\/muzeul-din-balti-s-a-ales-cu-exponate-noi\/"]}]},{"@type":"ImageObject","inLanguage":"ro-RO","@id":"https:\/\/www.btv.md\/ro\/muzeul-din-balti-s-a-ales-cu-exponate-noi\/#primaryimage","url":"https:\/\/www.btv.md\/wp-content\/uploads\/2016\/05\/muzeu-exponate.png","contentUrl":"https:\/\/www.btv.md\/wp-content\/uploads\/2016\/05\/muzeu-exponate.png","width":1019,"height":569},{"@type":"WebSite","@id":"https:\/\/www.btv.md\/#website","url":"https:\/\/www.btv.md\/","name":"BTV","description":"\u0411\u0435\u043b\u044c\u0446\u043a\u043e\u0435 \u0442\u0435\u043b\u0435\u0432\u0438\u0434\u0435\u043d\u0438\u0435","potentialAction":[{"@type":"SearchAction","target":{"@type":"EntryPoint","urlTemplate":"https:\/\/www.btv.md\/?s={search_term_string}"},"query-input":{"@type":"PropertyValueSpecification","valueRequired":true,"valueName":"search_term_string"}}],"inLanguage":"ro-RO"},{"@type":"Person","@id":"https:\/\/www.btv.md\/#\/schema\/person\/8fadce81561b3ce2c34c46dadc4ccbf2","name":"admin"}]}},"_links":{"self":[{"href":"https:\/\/www.btv.md\/ro\/wp-json\/wp\/v2\/posts\/13038","targetHints":{"allow":["GET"]}}],"collection":[{"href":"https:\/\/www.btv.md\/ro\/wp-json\/wp\/v2\/posts"}],"about":[{"href":"https:\/\/www.btv.md\/ro\/wp-json\/wp\/v2\/types\/post"}],"author":[{"embeddable":true,"href":"https:\/\/www.btv.md\/ro\/wp-json\/wp\/v2\/users\/4"}],"replies":[{"embeddable":true,"href":"https:\/\/www.btv.md\/ro\/wp-json\/wp\/v2\/comments?post=13038"}],"version-history":[{"count":0,"href":"https:\/\/www.btv.md\/ro\/wp-json\/wp\/v2\/posts\/13038\/revisions"}],"wp:featuredmedia":[{"embeddable":true,"href":"https:\/\/www.btv.md\/ro\/wp-json\/wp\/v2\/media\/13039"}],"wp:attachment":[{"href":"https:\/\/www.btv.md\/ro\/wp-json\/wp\/v2\/media?parent=13038"}],"wp:term":[{"taxonomy":"category","embeddable":true,"href":"https:\/\/www.btv.md\/ro\/wp-json\/wp\/v2\/categories?post=13038"},{"taxonomy":"post_tag","embeddable":true,"href":"https:\/\/www.btv.md\/ro\/wp-json\/wp\/v2\/tags?post=13038"}],"curies":[{"name":"wp","href":"https:\/\/api.w.org\/{rel}","templated":true}]}}