{"id":13045,"date":"2016-05-19T18:41:23","date_gmt":"2016-05-19T15:41:23","guid":{"rendered":"http:\/\/btv.md\/?p=13045"},"modified":"2016-05-19T18:41:23","modified_gmt":"2016-05-19T15:41:23","slug":"din-cauza-imaginii-tarii-in-balti-scade-numarul-investitiilor","status":"publish","type":"post","link":"https:\/\/www.btv.md\/ro\/din-cauza-imaginii-tarii-in-balti-scade-numarul-investitiilor\/","title":{"rendered":"DIN CAUZA IMAGINII \u021a\u0102RII, \u00ceN B\u0102L\u021aI SCADE NUM\u0102RUL INVESTI\u021aIILOR"},"content":{"rendered":"<p><strong>Num\u0103rul investi\u021biilor \u00een municipiului B\u0103l\u021bi este \u00een sc\u0103dere. Cel pu\u021bin a a\u0219a arat\u0103 raportul prezentat de viceprimarul municipiului, Leonid Babii. Raport care a fost prezentat joi membrilor  Consiliului Municipal B\u0103l\u021bi. Acest \u0219i-a eprimat \u00eengrijorarea \u00een privin\u021ba mic\u0219or\u0103rii cifrei investi\u021biilor cu 22 la sut\u0103.  <\/strong><\/p>\n<p>De asemenea viceprimarul a mai ad\u0103ugat c\u0103 pentru a cre\u0219te fondul investi\u021bional \u00een municipiul B\u0103l\u021bi au fost create un \u0219ir de strategii, pentru a atrage investi\u021bii care ar contribui la dezvoltarea ora\u0219ului.<\/p>\n<p><iframe width=\"420\" height=\"315\" data-src=\"https:\/\/www.youtube.com\/embed\/itP8AlxXPqs\" frameborder=\"0\" allowfullscreen src=\"data:image\/svg+xml;base64,PHN2ZyB3aWR0aD0iMSIgaGVpZ2h0PSIxIiB4bWxucz0iaHR0cDovL3d3dy53My5vcmcvMjAwMC9zdmciPjwvc3ZnPg==\" class=\"lazyload\" data-load-mode=\"1\"><\/iframe><\/p>\n","protected":false},"excerpt":{"rendered":"<p>Num\u0103rul investi\u021biilor \u00een municipiului B\u0103l\u021bi este \u00een sc\u0103dere. Cel pu\u021bin a a\u0219a arat\u0103 raportul prezentat de viceprimarul municipiului, Leonid Babii. Raport care a fost prezentat joi membrilor Consiliului Municipal B\u0103l\u021bi. Acest \u0219i-a eprimat \u00eengrijorarea \u00een privin\u021ba mic\u0219or\u0103rii cifrei investi\u021biilor cu 22 la sut\u0103. De asemenea viceprimarul a mai ad\u0103ugat c\u0103 pentru a cre\u0219te fondul investi\u021bional [&hellip;]<\/p>\n","protected":false},"author":4,"featured_media":13046,"comment_status":"closed","ping_status":"closed","sticky":false,"template":"","format":"standard","meta":{"footnotes":""},"categories":[6353],"tags":[],"class_list":["post-13045","post","type-post","status-publish","format-standard","has-post-thumbnail","hentry","category-oras"],"yoast_head":"<!-- This site is optimized with the Yoast SEO plugin v27.4 - https:\/\/yoast.com\/product\/yoast-seo-wordpress\/ -->\n<title>DIN CAUZA IMAGINII \u021a\u0102RII, \u00ceN B\u0102L\u021aI SCADE NUM\u0102RUL INVESTI\u021aIILOR - BTV<\/title>\n<meta name=\"robots\" content=\"index, follow, max-snippet:-1, max-image-preview:large, max-video-preview:-1\" \/>\n<link rel=\"canonical\" href=\"https:\/\/www.btv.md\/ro\/din-cauza-imaginii-tarii-in-balti-scade-numarul-investitiilor\/\" \/>\n<meta property=\"og:locale\" content=\"ro_RO\" \/>\n<meta property=\"og:type\" content=\"article\" \/>\n<meta property=\"og:title\" content=\"DIN CAUZA IMAGINII \u021a\u0102RII, \u00ceN B\u0102L\u021aI SCADE NUM\u0102RUL INVESTI\u021aIILOR - BTV\" \/>\n<meta property=\"og:description\" content=\"Num\u0103rul investi\u021biilor \u00een municipiului B\u0103l\u021bi este \u00een sc\u0103dere. Cel pu\u021bin a a\u0219a arat\u0103 raportul prezentat de viceprimarul municipiului, Leonid Babii. Raport care a fost prezentat joi membrilor Consiliului Municipal B\u0103l\u021bi. Acest \u0219i-a eprimat \u00eengrijorarea \u00een privin\u021ba mic\u0219or\u0103rii cifrei investi\u021biilor cu 22 la sut\u0103. De asemenea viceprimarul a mai ad\u0103ugat c\u0103 pentru a cre\u0219te fondul investi\u021bional [&hellip;]\" \/>\n<meta property=\"og:url\" content=\"https:\/\/www.btv.md\/ro\/din-cauza-imaginii-tarii-in-balti-scade-numarul-investitiilor\/\" \/>\n<meta property=\"og:site_name\" content=\"BTV\" \/>\n<meta property=\"article:publisher\" content=\"https:\/\/www.facebook.com\/btvmoldova\/\" \/>\n<meta property=\"article:published_time\" content=\"2016-05-19T15:41:23+00:00\" \/>\n<meta property=\"og:image\" content=\"https:\/\/www.btv.md\/wp-content\/uploads\/2016\/05\/BV0E9245_B.jpg\" \/>\n\t<meta property=\"og:image:width\" content=\"2323\" \/>\n\t<meta property=\"og:image:height\" content=\"1109\" \/>\n\t<meta property=\"og:image:type\" content=\"image\/jpeg\" \/>\n<meta name=\"author\" content=\"admin\" \/>\n<meta name=\"twitter:label1\" content=\"Scris de\" \/>\n\t<meta name=\"twitter:data1\" content=\"admin\" \/>\n<script type=\"application\/ld+json\" class=\"yoast-schema-graph\">{\"@context\":\"https:\\\/\\\/schema.org\",\"@graph\":[{\"@type\":\"Article\",\"@id\":\"https:\\\/\\\/www.btv.md\\\/ro\\\/din-cauza-imaginii-tarii-in-balti-scade-numarul-investitiilor\\\/#article\",\"isPartOf\":{\"@id\":\"https:\\\/\\\/www.btv.md\\\/ro\\\/din-cauza-imaginii-tarii-in-balti-scade-numarul-investitiilor\\\/\"},\"author\":{\"name\":\"admin\",\"@id\":\"https:\\\/\\\/www.btv.md\\\/#\\\/schema\\\/person\\\/8fadce81561b3ce2c34c46dadc4ccbf2\"},\"headline\":\"DIN CAUZA IMAGINII \u021a\u0102RII, \u00ceN B\u0102L\u021aI SCADE NUM\u0102RUL INVESTI\u021aIILOR\",\"datePublished\":\"2016-05-19T15:41:23+00:00\",\"mainEntityOfPage\":{\"@id\":\"https:\\\/\\\/www.btv.md\\\/ro\\\/din-cauza-imaginii-tarii-in-balti-scade-numarul-investitiilor\\\/\"},\"wordCount\":107,\"image\":{\"@id\":\"https:\\\/\\\/www.btv.md\\\/ro\\\/din-cauza-imaginii-tarii-in-balti-scade-numarul-investitiilor\\\/#primaryimage\"},\"thumbnailUrl\":\"https:\\\/\\\/www.btv.md\\\/wp-content\\\/uploads\\\/2016\\\/05\\\/BV0E9245_B.jpg\",\"articleSection\":[\"Ora\u0219\"],\"inLanguage\":\"ro-RO\"},{\"@type\":\"WebPage\",\"@id\":\"https:\\\/\\\/www.btv.md\\\/ro\\\/din-cauza-imaginii-tarii-in-balti-scade-numarul-investitiilor\\\/\",\"url\":\"https:\\\/\\\/www.btv.md\\\/ro\\\/din-cauza-imaginii-tarii-in-balti-scade-numarul-investitiilor\\\/\",\"name\":\"DIN CAUZA IMAGINII \u021a\u0102RII, \u00ceN B\u0102L\u021aI SCADE NUM\u0102RUL INVESTI\u021aIILOR - BTV\",\"isPartOf\":{\"@id\":\"https:\\\/\\\/www.btv.md\\\/#website\"},\"primaryImageOfPage\":{\"@id\":\"https:\\\/\\\/www.btv.md\\\/ro\\\/din-cauza-imaginii-tarii-in-balti-scade-numarul-investitiilor\\\/#primaryimage\"},\"image\":{\"@id\":\"https:\\\/\\\/www.btv.md\\\/ro\\\/din-cauza-imaginii-tarii-in-balti-scade-numarul-investitiilor\\\/#primaryimage\"},\"thumbnailUrl\":\"https:\\\/\\\/www.btv.md\\\/wp-content\\\/uploads\\\/2016\\\/05\\\/BV0E9245_B.jpg\",\"datePublished\":\"2016-05-19T15:41:23+00:00\",\"author\":{\"@id\":\"https:\\\/\\\/www.btv.md\\\/#\\\/schema\\\/person\\\/8fadce81561b3ce2c34c46dadc4ccbf2\"},\"inLanguage\":\"ro-RO\",\"potentialAction\":[{\"@type\":\"ReadAction\",\"target\":[\"https:\\\/\\\/www.btv.md\\\/ro\\\/din-cauza-imaginii-tarii-in-balti-scade-numarul-investitiilor\\\/\"]}]},{\"@type\":\"ImageObject\",\"inLanguage\":\"ro-RO\",\"@id\":\"https:\\\/\\\/www.btv.md\\\/ro\\\/din-cauza-imaginii-tarii-in-balti-scade-numarul-investitiilor\\\/#primaryimage\",\"url\":\"https:\\\/\\\/www.btv.md\\\/wp-content\\\/uploads\\\/2016\\\/05\\\/BV0E9245_B.jpg\",\"contentUrl\":\"https:\\\/\\\/www.btv.md\\\/wp-content\\\/uploads\\\/2016\\\/05\\\/BV0E9245_B.jpg\",\"width\":2323,\"height\":1109},{\"@type\":\"WebSite\",\"@id\":\"https:\\\/\\\/www.btv.md\\\/#website\",\"url\":\"https:\\\/\\\/www.btv.md\\\/\",\"name\":\"BTV\",\"description\":\"\u0411\u0435\u043b\u044c\u0446\u043a\u043e\u0435 \u0442\u0435\u043b\u0435\u0432\u0438\u0434\u0435\u043d\u0438\u0435\",\"potentialAction\":[{\"@type\":\"SearchAction\",\"target\":{\"@type\":\"EntryPoint\",\"urlTemplate\":\"https:\\\/\\\/www.btv.md\\\/?s={search_term_string}\"},\"query-input\":{\"@type\":\"PropertyValueSpecification\",\"valueRequired\":true,\"valueName\":\"search_term_string\"}}],\"inLanguage\":\"ro-RO\"},{\"@type\":\"Person\",\"@id\":\"https:\\\/\\\/www.btv.md\\\/#\\\/schema\\\/person\\\/8fadce81561b3ce2c34c46dadc4ccbf2\",\"name\":\"admin\"}]}<\/script>\n<!-- \/ Yoast SEO plugin. -->","yoast_head_json":{"title":"DIN CAUZA IMAGINII \u021a\u0102RII, \u00ceN B\u0102L\u021aI SCADE NUM\u0102RUL INVESTI\u021aIILOR - BTV","robots":{"index":"index","follow":"follow","max-snippet":"max-snippet:-1","max-image-preview":"max-image-preview:large","max-video-preview":"max-video-preview:-1"},"canonical":"https:\/\/www.btv.md\/ro\/din-cauza-imaginii-tarii-in-balti-scade-numarul-investitiilor\/","og_locale":"ro_RO","og_type":"article","og_title":"DIN CAUZA IMAGINII \u021a\u0102RII, \u00ceN B\u0102L\u021aI SCADE NUM\u0102RUL INVESTI\u021aIILOR - BTV","og_description":"Num\u0103rul investi\u021biilor \u00een municipiului B\u0103l\u021bi este \u00een sc\u0103dere. Cel pu\u021bin a a\u0219a arat\u0103 raportul prezentat de viceprimarul municipiului, Leonid Babii. Raport care a fost prezentat joi membrilor Consiliului Municipal B\u0103l\u021bi. Acest \u0219i-a eprimat \u00eengrijorarea \u00een privin\u021ba mic\u0219or\u0103rii cifrei investi\u021biilor cu 22 la sut\u0103. De asemenea viceprimarul a mai ad\u0103ugat c\u0103 pentru a cre\u0219te fondul investi\u021bional [&hellip;]","og_url":"https:\/\/www.btv.md\/ro\/din-cauza-imaginii-tarii-in-balti-scade-numarul-investitiilor\/","og_site_name":"BTV","article_publisher":"https:\/\/www.facebook.com\/btvmoldova\/","article_published_time":"2016-05-19T15:41:23+00:00","og_image":[{"width":2323,"height":1109,"url":"https:\/\/www.btv.md\/wp-content\/uploads\/2016\/05\/BV0E9245_B.jpg","type":"image\/jpeg"}],"author":"admin","twitter_misc":{"Scris de":"admin"},"schema":{"@context":"https:\/\/schema.org","@graph":[{"@type":"Article","@id":"https:\/\/www.btv.md\/ro\/din-cauza-imaginii-tarii-in-balti-scade-numarul-investitiilor\/#article","isPartOf":{"@id":"https:\/\/www.btv.md\/ro\/din-cauza-imaginii-tarii-in-balti-scade-numarul-investitiilor\/"},"author":{"name":"admin","@id":"https:\/\/www.btv.md\/#\/schema\/person\/8fadce81561b3ce2c34c46dadc4ccbf2"},"headline":"DIN CAUZA IMAGINII \u021a\u0102RII, \u00ceN B\u0102L\u021aI SCADE NUM\u0102RUL INVESTI\u021aIILOR","datePublished":"2016-05-19T15:41:23+00:00","mainEntityOfPage":{"@id":"https:\/\/www.btv.md\/ro\/din-cauza-imaginii-tarii-in-balti-scade-numarul-investitiilor\/"},"wordCount":107,"image":{"@id":"https:\/\/www.btv.md\/ro\/din-cauza-imaginii-tarii-in-balti-scade-numarul-investitiilor\/#primaryimage"},"thumbnailUrl":"https:\/\/www.btv.md\/wp-content\/uploads\/2016\/05\/BV0E9245_B.jpg","articleSection":["Ora\u0219"],"inLanguage":"ro-RO"},{"@type":"WebPage","@id":"https:\/\/www.btv.md\/ro\/din-cauza-imaginii-tarii-in-balti-scade-numarul-investitiilor\/","url":"https:\/\/www.btv.md\/ro\/din-cauza-imaginii-tarii-in-balti-scade-numarul-investitiilor\/","name":"DIN CAUZA IMAGINII \u021a\u0102RII, \u00ceN B\u0102L\u021aI SCADE NUM\u0102RUL INVESTI\u021aIILOR - BTV","isPartOf":{"@id":"https:\/\/www.btv.md\/#website"},"primaryImageOfPage":{"@id":"https:\/\/www.btv.md\/ro\/din-cauza-imaginii-tarii-in-balti-scade-numarul-investitiilor\/#primaryimage"},"image":{"@id":"https:\/\/www.btv.md\/ro\/din-cauza-imaginii-tarii-in-balti-scade-numarul-investitiilor\/#primaryimage"},"thumbnailUrl":"https:\/\/www.btv.md\/wp-content\/uploads\/2016\/05\/BV0E9245_B.jpg","datePublished":"2016-05-19T15:41:23+00:00","author":{"@id":"https:\/\/www.btv.md\/#\/schema\/person\/8fadce81561b3ce2c34c46dadc4ccbf2"},"inLanguage":"ro-RO","potentialAction":[{"@type":"ReadAction","target":["https:\/\/www.btv.md\/ro\/din-cauza-imaginii-tarii-in-balti-scade-numarul-investitiilor\/"]}]},{"@type":"ImageObject","inLanguage":"ro-RO","@id":"https:\/\/www.btv.md\/ro\/din-cauza-imaginii-tarii-in-balti-scade-numarul-investitiilor\/#primaryimage","url":"https:\/\/www.btv.md\/wp-content\/uploads\/2016\/05\/BV0E9245_B.jpg","contentUrl":"https:\/\/www.btv.md\/wp-content\/uploads\/2016\/05\/BV0E9245_B.jpg","width":2323,"height":1109},{"@type":"WebSite","@id":"https:\/\/www.btv.md\/#website","url":"https:\/\/www.btv.md\/","name":"BTV","description":"\u0411\u0435\u043b\u044c\u0446\u043a\u043e\u0435 \u0442\u0435\u043b\u0435\u0432\u0438\u0434\u0435\u043d\u0438\u0435","potentialAction":[{"@type":"SearchAction","target":{"@type":"EntryPoint","urlTemplate":"https:\/\/www.btv.md\/?s={search_term_string}"},"query-input":{"@type":"PropertyValueSpecification","valueRequired":true,"valueName":"search_term_string"}}],"inLanguage":"ro-RO"},{"@type":"Person","@id":"https:\/\/www.btv.md\/#\/schema\/person\/8fadce81561b3ce2c34c46dadc4ccbf2","name":"admin"}]}},"_links":{"self":[{"href":"https:\/\/www.btv.md\/ro\/wp-json\/wp\/v2\/posts\/13045","targetHints":{"allow":["GET"]}}],"collection":[{"href":"https:\/\/www.btv.md\/ro\/wp-json\/wp\/v2\/posts"}],"about":[{"href":"https:\/\/www.btv.md\/ro\/wp-json\/wp\/v2\/types\/post"}],"author":[{"embeddable":true,"href":"https:\/\/www.btv.md\/ro\/wp-json\/wp\/v2\/users\/4"}],"replies":[{"embeddable":true,"href":"https:\/\/www.btv.md\/ro\/wp-json\/wp\/v2\/comments?post=13045"}],"version-history":[{"count":0,"href":"https:\/\/www.btv.md\/ro\/wp-json\/wp\/v2\/posts\/13045\/revisions"}],"wp:featuredmedia":[{"embeddable":true,"href":"https:\/\/www.btv.md\/ro\/wp-json\/wp\/v2\/media\/13046"}],"wp:attachment":[{"href":"https:\/\/www.btv.md\/ro\/wp-json\/wp\/v2\/media?parent=13045"}],"wp:term":[{"taxonomy":"category","embeddable":true,"href":"https:\/\/www.btv.md\/ro\/wp-json\/wp\/v2\/categories?post=13045"},{"taxonomy":"post_tag","embeddable":true,"href":"https:\/\/www.btv.md\/ro\/wp-json\/wp\/v2\/tags?post=13045"}],"curies":[{"name":"wp","href":"https:\/\/api.w.org\/{rel}","templated":true}]}}