{"id":130733,"date":"2021-06-04T15:36:27","date_gmt":"2021-06-04T12:36:27","guid":{"rendered":"http:\/\/www.btv.md\/?p=130733"},"modified":"2021-06-04T15:36:27","modified_gmt":"2021-06-04T12:36:27","slug":"baltenii-sunt-rugati-sa-raporteze-despre-maidanezii-agresivi","status":"publish","type":"post","link":"https:\/\/www.btv.md\/ro\/baltenii-sunt-rugati-sa-raporteze-despre-maidanezii-agresivi\/","title":{"rendered":"B\u0103l\u021benii sunt ruga\u021bi s\u0103 raporteze despre maidanezii agresivi"},"content":{"rendered":"<p><strong>Administra\u021bia local\u0103 \u0219i or\u0103\u0219enii sunt \u00eengrijora\u021bi de problema c\u00e2inilor f\u0103r\u0103 ad\u0103post. Unii patrupezi provoac\u0103 nepl\u0103ceri, \u00eempr\u0103\u0219tiind gunoiul \u00een c\u0103utarea hranei, al\u021bii \u00eens\u0103 sunt agresivi \u0219i pot ataca trec\u0103torii. \u00cen astfel de cazuri, oamenii sunt \u00eendemna\u021bi s\u0103 raporteze despre c\u00e2inii agresivi. Directorul azilului de c\u00e2ini din B\u0103l\u021bi, ne-a spus c\u0103 echipa responsabil\u0103 de prinderea animalelor sunt solicita\u021bi zilnic.\u00a0<\/strong><\/p>\n<p><a href=\"http:\/\/iframe%20src=https:\/\/www.facebook.com\/plugins\/video.php?height=314&amp;href=https%3A%2F%2Fwww.facebook.com%2Fbtvmoldova%2Fvideos%2F672546510255987%2F&amp;show_text=false&amp;width=560&amp;t=0%20width=560%20height=314%20style=border:none;overflow:hidden%20scrolling=no%20frameborder=0%20allowfullscreen=true%20allow=autoplay;%20clipboard-write;%20encrypted-media;%20picture-in-picture;%20web-share%20allowFullScreen=true\/iframe\"><iframe style=\"border: none; overflow: hidden;\" data-src=\"https:\/\/www.facebook.com\/plugins\/video.php?height=314&amp;href=https%3A%2F%2Fwww.facebook.com%2Fbtvmoldova%2Fvideos%2F672546510255987%2F&amp;show_text=false&amp;width=560&amp;t=0\" width=\"560\" height=\"314\" frameborder=\"0\" scrolling=\"no\" allowfullscreen=\"allowfullscreen\" src=\"data:image\/svg+xml;base64,PHN2ZyB3aWR0aD0iMSIgaGVpZ2h0PSIxIiB4bWxucz0iaHR0cDovL3d3dy53My5vcmcvMjAwMC9zdmciPjwvc3ZnPg==\" class=\"lazyload\" data-load-mode=\"1\"><\/iframe><\/a><\/p>\n<p>Potrivit lui Vitalii Savchic, nu doar animalele f\u0103r\u0103 st\u0103p\u00e2n ajung \u00een \u00a0ad\u0103post, uneori sunt c\u00e2ini domestici care hoin\u0103resc pe str\u0103zi.<\/p>\n<p>Capacitatea ad\u0103postului nu permite g\u0103zduirea tuturor animalelor f\u0103r\u0103 st\u0103p\u00e2n. Prin urmare, dac\u0103 maidanezul nu prezint\u0103 agresivitate, dup\u0103 sterilizare este eliberat. Managerul institu\u021biei sus\u021bine c\u0103 unii b\u0103l\u021beni sunt \u00eengrijora\u021bi de animalele, care se plimb\u0103 pe str\u0103zi, iar al\u021bii \u00eempiedic\u0103 angaja\u021bii s\u0103-\u0219i desf\u0103\u0219oare activitatea.<\/p>\n<p>Ghenadie \u0218mulschi, crede c\u0103 sterilizarea animalelor nu ajut\u0103 la combaterea agresivit\u0103\u021bii \u0219i a cerut identificarea unei alte solu\u021bii. De cealalt\u0103 parte, directorul ad\u0103postului a explicat c\u0103 c\u00e2inii periculo\u0219i nu se \u00eentorc \u00een strad\u0103, dar r\u0103m\u00e2n \u00een azil, unde \u00ee\u0219i pot g\u0103si noi proprietari.<\/p>\n<p>Dac\u0103 a\u021bi observat un c\u00e2ine agresiv, pute\u021bi suna la num\u0103rul de telefon 067-658-04.<\/p>\n","protected":false},"excerpt":{"rendered":"<p>Administra\u021bia local\u0103 \u0219i or\u0103\u0219enii sunt \u00eengrijora\u021bi de problema c\u00e2inilor f\u0103r\u0103 ad\u0103post. Unii patrupezi provoac\u0103 nepl\u0103ceri, \u00eempr\u0103\u0219tiind gunoiul \u00een c\u0103utarea hranei, al\u021bii \u00eens\u0103 sunt agresivi \u0219i pot ataca trec\u0103torii. \u00cen astfel de cazuri, oamenii sunt \u00eendemna\u021bi s\u0103 raporteze despre c\u00e2inii agresivi. Directorul azilului de c\u00e2ini din B\u0103l\u021bi, ne-a spus c\u0103 echipa responsabil\u0103 de prinderea animalelor sunt [&hellip;]<\/p>\n","protected":false},"author":4,"featured_media":130734,"comment_status":"closed","ping_status":"closed","sticky":false,"template":"","format":"standard","meta":{"footnotes":""},"categories":[6353],"tags":[26083],"class_list":["post-130733","post","type-post","status-publish","format-standard","has-post-thumbnail","hentry","category-oras","tag-baltenii-sunt-rugati-sa-raporteze-despre-maidanezii-agresivi"],"yoast_head":"<!-- This site is optimized with the Yoast SEO plugin v27.4 - https:\/\/yoast.com\/product\/yoast-seo-wordpress\/ -->\n<title>B\u0103l\u021benii sunt ruga\u021bi s\u0103 raporteze despre maidanezii agresivi - BTV<\/title>\n<meta name=\"robots\" content=\"index, follow, max-snippet:-1, max-image-preview:large, max-video-preview:-1\" \/>\n<link rel=\"canonical\" href=\"https:\/\/www.btv.md\/ro\/baltenii-sunt-rugati-sa-raporteze-despre-maidanezii-agresivi\/\" \/>\n<meta property=\"og:locale\" content=\"ro_RO\" \/>\n<meta property=\"og:type\" content=\"article\" \/>\n<meta property=\"og:title\" content=\"B\u0103l\u021benii sunt ruga\u021bi s\u0103 raporteze despre maidanezii agresivi - BTV\" \/>\n<meta property=\"og:description\" content=\"Administra\u021bia local\u0103 \u0219i or\u0103\u0219enii sunt \u00eengrijora\u021bi de problema c\u00e2inilor f\u0103r\u0103 ad\u0103post. Unii patrupezi provoac\u0103 nepl\u0103ceri, \u00eempr\u0103\u0219tiind gunoiul \u00een c\u0103utarea hranei, al\u021bii \u00eens\u0103 sunt agresivi \u0219i pot ataca trec\u0103torii. \u00cen astfel de cazuri, oamenii sunt \u00eendemna\u021bi s\u0103 raporteze despre c\u00e2inii agresivi. Directorul azilului de c\u00e2ini din B\u0103l\u021bi, ne-a spus c\u0103 echipa responsabil\u0103 de prinderea animalelor sunt [&hellip;]\" \/>\n<meta property=\"og:url\" content=\"https:\/\/www.btv.md\/ro\/baltenii-sunt-rugati-sa-raporteze-despre-maidanezii-agresivi\/\" \/>\n<meta property=\"og:site_name\" content=\"BTV\" \/>\n<meta property=\"article:publisher\" content=\"https:\/\/www.facebook.com\/btvmoldova\/\" \/>\n<meta property=\"article:published_time\" content=\"2021-06-04T12:36:27+00:00\" \/>\n<meta property=\"og:image\" content=\"https:\/\/www.btv.md\/wp-content\/uploads\/2021\/06\/sob2.jpg\" \/>\n\t<meta property=\"og:image:width\" content=\"1920\" \/>\n\t<meta property=\"og:image:height\" content=\"1080\" \/>\n\t<meta property=\"og:image:type\" content=\"image\/jpeg\" \/>\n<meta name=\"author\" content=\"admin\" \/>\n<meta name=\"twitter:label1\" content=\"Scris de\" \/>\n\t<meta name=\"twitter:data1\" content=\"admin\" \/>\n\t<meta name=\"twitter:label2\" content=\"Timp estimat pentru citire\" \/>\n\t<meta name=\"twitter:data2\" content=\"1 minut\" \/>\n<script type=\"application\/ld+json\" class=\"yoast-schema-graph\">{\"@context\":\"https:\\\/\\\/schema.org\",\"@graph\":[{\"@type\":\"Article\",\"@id\":\"https:\\\/\\\/www.btv.md\\\/ro\\\/baltenii-sunt-rugati-sa-raporteze-despre-maidanezii-agresivi\\\/#article\",\"isPartOf\":{\"@id\":\"https:\\\/\\\/www.btv.md\\\/ro\\\/baltenii-sunt-rugati-sa-raporteze-despre-maidanezii-agresivi\\\/\"},\"author\":{\"name\":\"admin\",\"@id\":\"https:\\\/\\\/www.btv.md\\\/#\\\/schema\\\/person\\\/8fadce81561b3ce2c34c46dadc4ccbf2\"},\"headline\":\"B\u0103l\u021benii sunt ruga\u021bi s\u0103 raporteze despre maidanezii agresivi\",\"datePublished\":\"2021-06-04T12:36:27+00:00\",\"mainEntityOfPage\":{\"@id\":\"https:\\\/\\\/www.btv.md\\\/ro\\\/baltenii-sunt-rugati-sa-raporteze-despre-maidanezii-agresivi\\\/\"},\"wordCount\":239,\"image\":{\"@id\":\"https:\\\/\\\/www.btv.md\\\/ro\\\/baltenii-sunt-rugati-sa-raporteze-despre-maidanezii-agresivi\\\/#primaryimage\"},\"thumbnailUrl\":\"https:\\\/\\\/www.btv.md\\\/wp-content\\\/uploads\\\/2021\\\/06\\\/sob2.jpg\",\"keywords\":[\"B\u0103l\u021benii sunt ruga\u021bi s\u0103 raporteze despre maidanezii agresivi\"],\"articleSection\":[\"Ora\u0219\"],\"inLanguage\":\"ro-RO\"},{\"@type\":\"WebPage\",\"@id\":\"https:\\\/\\\/www.btv.md\\\/ro\\\/baltenii-sunt-rugati-sa-raporteze-despre-maidanezii-agresivi\\\/\",\"url\":\"https:\\\/\\\/www.btv.md\\\/ro\\\/baltenii-sunt-rugati-sa-raporteze-despre-maidanezii-agresivi\\\/\",\"name\":\"B\u0103l\u021benii sunt ruga\u021bi s\u0103 raporteze despre maidanezii agresivi - BTV\",\"isPartOf\":{\"@id\":\"https:\\\/\\\/www.btv.md\\\/#website\"},\"primaryImageOfPage\":{\"@id\":\"https:\\\/\\\/www.btv.md\\\/ro\\\/baltenii-sunt-rugati-sa-raporteze-despre-maidanezii-agresivi\\\/#primaryimage\"},\"image\":{\"@id\":\"https:\\\/\\\/www.btv.md\\\/ro\\\/baltenii-sunt-rugati-sa-raporteze-despre-maidanezii-agresivi\\\/#primaryimage\"},\"thumbnailUrl\":\"https:\\\/\\\/www.btv.md\\\/wp-content\\\/uploads\\\/2021\\\/06\\\/sob2.jpg\",\"datePublished\":\"2021-06-04T12:36:27+00:00\",\"author\":{\"@id\":\"https:\\\/\\\/www.btv.md\\\/#\\\/schema\\\/person\\\/8fadce81561b3ce2c34c46dadc4ccbf2\"},\"inLanguage\":\"ro-RO\",\"potentialAction\":[{\"@type\":\"ReadAction\",\"target\":[\"https:\\\/\\\/www.btv.md\\\/ro\\\/baltenii-sunt-rugati-sa-raporteze-despre-maidanezii-agresivi\\\/\"]}]},{\"@type\":\"ImageObject\",\"inLanguage\":\"ro-RO\",\"@id\":\"https:\\\/\\\/www.btv.md\\\/ro\\\/baltenii-sunt-rugati-sa-raporteze-despre-maidanezii-agresivi\\\/#primaryimage\",\"url\":\"https:\\\/\\\/www.btv.md\\\/wp-content\\\/uploads\\\/2021\\\/06\\\/sob2.jpg\",\"contentUrl\":\"https:\\\/\\\/www.btv.md\\\/wp-content\\\/uploads\\\/2021\\\/06\\\/sob2.jpg\",\"width\":1920,\"height\":1080},{\"@type\":\"WebSite\",\"@id\":\"https:\\\/\\\/www.btv.md\\\/#website\",\"url\":\"https:\\\/\\\/www.btv.md\\\/\",\"name\":\"BTV\",\"description\":\"\u0411\u0435\u043b\u044c\u0446\u043a\u043e\u0435 \u0442\u0435\u043b\u0435\u0432\u0438\u0434\u0435\u043d\u0438\u0435\",\"potentialAction\":[{\"@type\":\"SearchAction\",\"target\":{\"@type\":\"EntryPoint\",\"urlTemplate\":\"https:\\\/\\\/www.btv.md\\\/?s={search_term_string}\"},\"query-input\":{\"@type\":\"PropertyValueSpecification\",\"valueRequired\":true,\"valueName\":\"search_term_string\"}}],\"inLanguage\":\"ro-RO\"},{\"@type\":\"Person\",\"@id\":\"https:\\\/\\\/www.btv.md\\\/#\\\/schema\\\/person\\\/8fadce81561b3ce2c34c46dadc4ccbf2\",\"name\":\"admin\"}]}<\/script>\n<!-- \/ Yoast SEO plugin. -->","yoast_head_json":{"title":"B\u0103l\u021benii sunt ruga\u021bi s\u0103 raporteze despre maidanezii agresivi - BTV","robots":{"index":"index","follow":"follow","max-snippet":"max-snippet:-1","max-image-preview":"max-image-preview:large","max-video-preview":"max-video-preview:-1"},"canonical":"https:\/\/www.btv.md\/ro\/baltenii-sunt-rugati-sa-raporteze-despre-maidanezii-agresivi\/","og_locale":"ro_RO","og_type":"article","og_title":"B\u0103l\u021benii sunt ruga\u021bi s\u0103 raporteze despre maidanezii agresivi - BTV","og_description":"Administra\u021bia local\u0103 \u0219i or\u0103\u0219enii sunt \u00eengrijora\u021bi de problema c\u00e2inilor f\u0103r\u0103 ad\u0103post. Unii patrupezi provoac\u0103 nepl\u0103ceri, \u00eempr\u0103\u0219tiind gunoiul \u00een c\u0103utarea hranei, al\u021bii \u00eens\u0103 sunt agresivi \u0219i pot ataca trec\u0103torii. \u00cen astfel de cazuri, oamenii sunt \u00eendemna\u021bi s\u0103 raporteze despre c\u00e2inii agresivi. Directorul azilului de c\u00e2ini din B\u0103l\u021bi, ne-a spus c\u0103 echipa responsabil\u0103 de prinderea animalelor sunt [&hellip;]","og_url":"https:\/\/www.btv.md\/ro\/baltenii-sunt-rugati-sa-raporteze-despre-maidanezii-agresivi\/","og_site_name":"BTV","article_publisher":"https:\/\/www.facebook.com\/btvmoldova\/","article_published_time":"2021-06-04T12:36:27+00:00","og_image":[{"width":1920,"height":1080,"url":"https:\/\/www.btv.md\/wp-content\/uploads\/2021\/06\/sob2.jpg","type":"image\/jpeg"}],"author":"admin","twitter_misc":{"Scris de":"admin","Timp estimat pentru citire":"1 minut"},"schema":{"@context":"https:\/\/schema.org","@graph":[{"@type":"Article","@id":"https:\/\/www.btv.md\/ro\/baltenii-sunt-rugati-sa-raporteze-despre-maidanezii-agresivi\/#article","isPartOf":{"@id":"https:\/\/www.btv.md\/ro\/baltenii-sunt-rugati-sa-raporteze-despre-maidanezii-agresivi\/"},"author":{"name":"admin","@id":"https:\/\/www.btv.md\/#\/schema\/person\/8fadce81561b3ce2c34c46dadc4ccbf2"},"headline":"B\u0103l\u021benii sunt ruga\u021bi s\u0103 raporteze despre maidanezii agresivi","datePublished":"2021-06-04T12:36:27+00:00","mainEntityOfPage":{"@id":"https:\/\/www.btv.md\/ro\/baltenii-sunt-rugati-sa-raporteze-despre-maidanezii-agresivi\/"},"wordCount":239,"image":{"@id":"https:\/\/www.btv.md\/ro\/baltenii-sunt-rugati-sa-raporteze-despre-maidanezii-agresivi\/#primaryimage"},"thumbnailUrl":"https:\/\/www.btv.md\/wp-content\/uploads\/2021\/06\/sob2.jpg","keywords":["B\u0103l\u021benii sunt ruga\u021bi s\u0103 raporteze despre maidanezii agresivi"],"articleSection":["Ora\u0219"],"inLanguage":"ro-RO"},{"@type":"WebPage","@id":"https:\/\/www.btv.md\/ro\/baltenii-sunt-rugati-sa-raporteze-despre-maidanezii-agresivi\/","url":"https:\/\/www.btv.md\/ro\/baltenii-sunt-rugati-sa-raporteze-despre-maidanezii-agresivi\/","name":"B\u0103l\u021benii sunt ruga\u021bi s\u0103 raporteze despre maidanezii agresivi - BTV","isPartOf":{"@id":"https:\/\/www.btv.md\/#website"},"primaryImageOfPage":{"@id":"https:\/\/www.btv.md\/ro\/baltenii-sunt-rugati-sa-raporteze-despre-maidanezii-agresivi\/#primaryimage"},"image":{"@id":"https:\/\/www.btv.md\/ro\/baltenii-sunt-rugati-sa-raporteze-despre-maidanezii-agresivi\/#primaryimage"},"thumbnailUrl":"https:\/\/www.btv.md\/wp-content\/uploads\/2021\/06\/sob2.jpg","datePublished":"2021-06-04T12:36:27+00:00","author":{"@id":"https:\/\/www.btv.md\/#\/schema\/person\/8fadce81561b3ce2c34c46dadc4ccbf2"},"inLanguage":"ro-RO","potentialAction":[{"@type":"ReadAction","target":["https:\/\/www.btv.md\/ro\/baltenii-sunt-rugati-sa-raporteze-despre-maidanezii-agresivi\/"]}]},{"@type":"ImageObject","inLanguage":"ro-RO","@id":"https:\/\/www.btv.md\/ro\/baltenii-sunt-rugati-sa-raporteze-despre-maidanezii-agresivi\/#primaryimage","url":"https:\/\/www.btv.md\/wp-content\/uploads\/2021\/06\/sob2.jpg","contentUrl":"https:\/\/www.btv.md\/wp-content\/uploads\/2021\/06\/sob2.jpg","width":1920,"height":1080},{"@type":"WebSite","@id":"https:\/\/www.btv.md\/#website","url":"https:\/\/www.btv.md\/","name":"BTV","description":"\u0411\u0435\u043b\u044c\u0446\u043a\u043e\u0435 \u0442\u0435\u043b\u0435\u0432\u0438\u0434\u0435\u043d\u0438\u0435","potentialAction":[{"@type":"SearchAction","target":{"@type":"EntryPoint","urlTemplate":"https:\/\/www.btv.md\/?s={search_term_string}"},"query-input":{"@type":"PropertyValueSpecification","valueRequired":true,"valueName":"search_term_string"}}],"inLanguage":"ro-RO"},{"@type":"Person","@id":"https:\/\/www.btv.md\/#\/schema\/person\/8fadce81561b3ce2c34c46dadc4ccbf2","name":"admin"}]}},"_links":{"self":[{"href":"https:\/\/www.btv.md\/ro\/wp-json\/wp\/v2\/posts\/130733","targetHints":{"allow":["GET"]}}],"collection":[{"href":"https:\/\/www.btv.md\/ro\/wp-json\/wp\/v2\/posts"}],"about":[{"href":"https:\/\/www.btv.md\/ro\/wp-json\/wp\/v2\/types\/post"}],"author":[{"embeddable":true,"href":"https:\/\/www.btv.md\/ro\/wp-json\/wp\/v2\/users\/4"}],"replies":[{"embeddable":true,"href":"https:\/\/www.btv.md\/ro\/wp-json\/wp\/v2\/comments?post=130733"}],"version-history":[{"count":0,"href":"https:\/\/www.btv.md\/ro\/wp-json\/wp\/v2\/posts\/130733\/revisions"}],"wp:featuredmedia":[{"embeddable":true,"href":"https:\/\/www.btv.md\/ro\/wp-json\/wp\/v2\/media\/130734"}],"wp:attachment":[{"href":"https:\/\/www.btv.md\/ro\/wp-json\/wp\/v2\/media?parent=130733"}],"wp:term":[{"taxonomy":"category","embeddable":true,"href":"https:\/\/www.btv.md\/ro\/wp-json\/wp\/v2\/categories?post=130733"},{"taxonomy":"post_tag","embeddable":true,"href":"https:\/\/www.btv.md\/ro\/wp-json\/wp\/v2\/tags?post=130733"}],"curies":[{"name":"wp","href":"https:\/\/api.w.org\/{rel}","templated":true}]}}