{"id":130737,"date":"2021-06-04T15:42:02","date_gmt":"2021-06-04T12:42:02","guid":{"rendered":"http:\/\/www.btv.md\/?p=130737"},"modified":"2021-06-04T15:42:02","modified_gmt":"2021-06-04T12:42:02","slug":"furt-de-mii-de-lei-intr-o-gradinita-din-raionul-causeni","status":"publish","type":"post","link":"https:\/\/www.btv.md\/ro\/furt-de-mii-de-lei-intr-o-gradinita-din-raionul-causeni\/","title":{"rendered":"FURT DE MII DE LEI \u00eentr-o gr\u0103dini\u021b\u0103 din raionul C\u0103u\u0219eni"},"content":{"rendered":"<p><strong>Doi b\u0103rba\u021bi de 26 \u0219i, respectiv 28 de ani, locuitori ai comunelor Bubuieci \u0219i Tru\u0219eni, au fost re\u021binu\u021bi \u0219i sunt cerceta\u021bi penal dup\u0103 ce au furat mai multe bunuri dintr-o gr\u0103dini\u021b\u0103 din satul Tocuz, raionul C\u0103u\u0219eni, transmite <a href=\"https:\/\/www.publika.md\/furt-de-mii-de-lei-intr-o-gradinita-din-raionul-causeni-cine-sunt-hotii-si-ce-risca_3103702.html\">publika.md<\/a>.\u00a0<\/strong><\/p>\n<p><a href=\"http:\/\/iframe%20width=770%20height=433%20src=https:\/\/www.publika.md\/embed\/5232976%20border=no%20%20frameBorder=0%20scrolling=no%20style=border:%200px;\/iframe\"><iframe style=\"border: 0px;\" data-src=\"https:\/\/www.publika.md\/embed\/5232976\" width=\"770\" height=\"433\" frameborder=\"0\" scrolling=\"no\" src=\"data:image\/svg+xml;base64,PHN2ZyB3aWR0aD0iMSIgaGVpZ2h0PSIxIiB4bWxucz0iaHR0cDovL3d3dy53My5vcmcvMjAwMC9zdmciPjwvc3ZnPg==\" class=\"lazyload\" data-load-mode=\"1\"><\/iframe><\/a><\/p>\n<p>Potrivit poli\u021biei, furtul a avut loc \u00een data de 2 iunie. Suspec\u021bii aveau m\u0103\u0219ti pe fa\u021b\u0103 \u0219i au intrat \u00een gr\u0103dini\u021b\u0103\u00a0prin for\u021barea geamului din termopan. Eu au sustras\u00a0bunuri \u00een valoare de circa 3.900 de lei.<\/p>\n<p>\u00cen urma investiga\u021biilor, a doua zi, b\u0103nui\u021bii au fost identifica\u021bi \u0219i \u00eenc\u0103tu\u0219a\u021bi.\u00a0De asemenea, au fost depistate \u0219i bunurile furate, 2 boxe, dou\u0103 modem-uri pentru conexiune la internet \u0219i o sta\u021bie de c\u0103lcat rufe.<\/p>\n<p>\u00cen acest caz a fost ini\u021biat\u0103 o cauz\u0103 penal\u0103. Suspec\u021bii risc\u0103 de la 5 p\u00e2n\u0103 la 7 ani de \u00eenchisoare cu, sau f\u0103r\u0103 amend\u0103 \u00een m\u0103rime de la 42 500 la 67\u00a0500 de lei.<\/p>\n<p>Foto: publika.md.<\/p>\n","protected":false},"excerpt":{"rendered":"<p>Doi b\u0103rba\u021bi de 26 \u0219i, respectiv 28 de ani, locuitori ai comunelor Bubuieci \u0219i Tru\u0219eni, au fost re\u021binu\u021bi \u0219i sunt cerceta\u021bi penal dup\u0103 ce au furat mai multe bunuri dintr-o gr\u0103dini\u021b\u0103 din satul Tocuz, raionul C\u0103u\u0219eni, transmite publika.md.\u00a0 Potrivit poli\u021biei, furtul a avut loc \u00een data de 2 iunie. Suspec\u021bii aveau m\u0103\u0219ti pe fa\u021b\u0103 \u0219i [&hellip;]<\/p>\n","protected":false},"author":4,"featured_media":130738,"comment_status":"closed","ping_status":"closed","sticky":false,"template":"","format":"standard","meta":{"footnotes":""},"categories":[6349],"tags":[26084],"class_list":["post-130737","post","type-post","status-publish","format-standard","has-post-thumbnail","hentry","category-social","tag-furt-de-mii-de-lei-intr-o-gradinita-din-raionul-causeni"],"yoast_head":"<!-- This site is optimized with the Yoast SEO plugin v27.4 - https:\/\/yoast.com\/product\/yoast-seo-wordpress\/ -->\n<title>FURT DE MII DE LEI \u00eentr-o gr\u0103dini\u021b\u0103 din raionul C\u0103u\u0219eni - BTV<\/title>\n<meta name=\"robots\" content=\"index, follow, max-snippet:-1, max-image-preview:large, max-video-preview:-1\" \/>\n<link rel=\"canonical\" href=\"https:\/\/www.btv.md\/ro\/furt-de-mii-de-lei-intr-o-gradinita-din-raionul-causeni\/\" \/>\n<meta property=\"og:locale\" content=\"ro_RO\" \/>\n<meta property=\"og:type\" content=\"article\" \/>\n<meta property=\"og:title\" content=\"FURT DE MII DE LEI \u00eentr-o gr\u0103dini\u021b\u0103 din raionul C\u0103u\u0219eni - BTV\" \/>\n<meta property=\"og:description\" content=\"Doi b\u0103rba\u021bi de 26 \u0219i, respectiv 28 de ani, locuitori ai comunelor Bubuieci \u0219i Tru\u0219eni, au fost re\u021binu\u021bi \u0219i sunt cerceta\u021bi penal dup\u0103 ce au furat mai multe bunuri dintr-o gr\u0103dini\u021b\u0103 din satul Tocuz, raionul C\u0103u\u0219eni, transmite publika.md.\u00a0 Potrivit poli\u021biei, furtul a avut loc \u00een data de 2 iunie. Suspec\u021bii aveau m\u0103\u0219ti pe fa\u021b\u0103 \u0219i [&hellip;]\" \/>\n<meta property=\"og:url\" content=\"https:\/\/www.btv.md\/ro\/furt-de-mii-de-lei-intr-o-gradinita-din-raionul-causeni\/\" \/>\n<meta property=\"og:site_name\" content=\"BTV\" \/>\n<meta property=\"article:publisher\" content=\"https:\/\/www.facebook.com\/btvmoldova\/\" \/>\n<meta property=\"article:published_time\" content=\"2021-06-04T12:42:02+00:00\" \/>\n<meta property=\"og:image\" content=\"https:\/\/www.btv.md\/wp-content\/uploads\/2021\/06\/hoti_600x450_92530200_02241400.jpg\" \/>\n\t<meta property=\"og:image:width\" content=\"720\" \/>\n\t<meta property=\"og:image:height\" content=\"405\" \/>\n\t<meta property=\"og:image:type\" content=\"image\/jpeg\" \/>\n<meta name=\"author\" content=\"admin\" \/>\n<meta name=\"twitter:label1\" content=\"Scris de\" \/>\n\t<meta name=\"twitter:data1\" content=\"admin\" \/>\n\t<meta name=\"twitter:label2\" content=\"Timp estimat pentru citire\" \/>\n\t<meta name=\"twitter:data2\" content=\"1 minut\" \/>\n<script type=\"application\/ld+json\" class=\"yoast-schema-graph\">{\"@context\":\"https:\\\/\\\/schema.org\",\"@graph\":[{\"@type\":\"Article\",\"@id\":\"https:\\\/\\\/www.btv.md\\\/ro\\\/furt-de-mii-de-lei-intr-o-gradinita-din-raionul-causeni\\\/#article\",\"isPartOf\":{\"@id\":\"https:\\\/\\\/www.btv.md\\\/ro\\\/furt-de-mii-de-lei-intr-o-gradinita-din-raionul-causeni\\\/\"},\"author\":{\"name\":\"admin\",\"@id\":\"https:\\\/\\\/www.btv.md\\\/#\\\/schema\\\/person\\\/8fadce81561b3ce2c34c46dadc4ccbf2\"},\"headline\":\"FURT DE MII DE LEI \u00eentr-o gr\u0103dini\u021b\u0103 din raionul C\u0103u\u0219eni\",\"datePublished\":\"2021-06-04T12:42:02+00:00\",\"mainEntityOfPage\":{\"@id\":\"https:\\\/\\\/www.btv.md\\\/ro\\\/furt-de-mii-de-lei-intr-o-gradinita-din-raionul-causeni\\\/\"},\"wordCount\":178,\"image\":{\"@id\":\"https:\\\/\\\/www.btv.md\\\/ro\\\/furt-de-mii-de-lei-intr-o-gradinita-din-raionul-causeni\\\/#primaryimage\"},\"thumbnailUrl\":\"https:\\\/\\\/www.btv.md\\\/wp-content\\\/uploads\\\/2021\\\/06\\\/hoti_600x450_92530200_02241400.jpg\",\"keywords\":[\"FURT DE MII DE LEI \u00eentr-o gr\u0103dini\u021b\u0103 din raionul C\u0103u\u0219eni\"],\"articleSection\":[\"Social\"],\"inLanguage\":\"ro-RO\"},{\"@type\":\"WebPage\",\"@id\":\"https:\\\/\\\/www.btv.md\\\/ro\\\/furt-de-mii-de-lei-intr-o-gradinita-din-raionul-causeni\\\/\",\"url\":\"https:\\\/\\\/www.btv.md\\\/ro\\\/furt-de-mii-de-lei-intr-o-gradinita-din-raionul-causeni\\\/\",\"name\":\"FURT DE MII DE LEI \u00eentr-o gr\u0103dini\u021b\u0103 din raionul C\u0103u\u0219eni - BTV\",\"isPartOf\":{\"@id\":\"https:\\\/\\\/www.btv.md\\\/#website\"},\"primaryImageOfPage\":{\"@id\":\"https:\\\/\\\/www.btv.md\\\/ro\\\/furt-de-mii-de-lei-intr-o-gradinita-din-raionul-causeni\\\/#primaryimage\"},\"image\":{\"@id\":\"https:\\\/\\\/www.btv.md\\\/ro\\\/furt-de-mii-de-lei-intr-o-gradinita-din-raionul-causeni\\\/#primaryimage\"},\"thumbnailUrl\":\"https:\\\/\\\/www.btv.md\\\/wp-content\\\/uploads\\\/2021\\\/06\\\/hoti_600x450_92530200_02241400.jpg\",\"datePublished\":\"2021-06-04T12:42:02+00:00\",\"author\":{\"@id\":\"https:\\\/\\\/www.btv.md\\\/#\\\/schema\\\/person\\\/8fadce81561b3ce2c34c46dadc4ccbf2\"},\"inLanguage\":\"ro-RO\",\"potentialAction\":[{\"@type\":\"ReadAction\",\"target\":[\"https:\\\/\\\/www.btv.md\\\/ro\\\/furt-de-mii-de-lei-intr-o-gradinita-din-raionul-causeni\\\/\"]}]},{\"@type\":\"ImageObject\",\"inLanguage\":\"ro-RO\",\"@id\":\"https:\\\/\\\/www.btv.md\\\/ro\\\/furt-de-mii-de-lei-intr-o-gradinita-din-raionul-causeni\\\/#primaryimage\",\"url\":\"https:\\\/\\\/www.btv.md\\\/wp-content\\\/uploads\\\/2021\\\/06\\\/hoti_600x450_92530200_02241400.jpg\",\"contentUrl\":\"https:\\\/\\\/www.btv.md\\\/wp-content\\\/uploads\\\/2021\\\/06\\\/hoti_600x450_92530200_02241400.jpg\",\"width\":720,\"height\":405},{\"@type\":\"WebSite\",\"@id\":\"https:\\\/\\\/www.btv.md\\\/#website\",\"url\":\"https:\\\/\\\/www.btv.md\\\/\",\"name\":\"BTV\",\"description\":\"\u0411\u0435\u043b\u044c\u0446\u043a\u043e\u0435 \u0442\u0435\u043b\u0435\u0432\u0438\u0434\u0435\u043d\u0438\u0435\",\"potentialAction\":[{\"@type\":\"SearchAction\",\"target\":{\"@type\":\"EntryPoint\",\"urlTemplate\":\"https:\\\/\\\/www.btv.md\\\/?s={search_term_string}\"},\"query-input\":{\"@type\":\"PropertyValueSpecification\",\"valueRequired\":true,\"valueName\":\"search_term_string\"}}],\"inLanguage\":\"ro-RO\"},{\"@type\":\"Person\",\"@id\":\"https:\\\/\\\/www.btv.md\\\/#\\\/schema\\\/person\\\/8fadce81561b3ce2c34c46dadc4ccbf2\",\"name\":\"admin\"}]}<\/script>\n<!-- \/ Yoast SEO plugin. -->","yoast_head_json":{"title":"FURT DE MII DE LEI \u00eentr-o gr\u0103dini\u021b\u0103 din raionul C\u0103u\u0219eni - BTV","robots":{"index":"index","follow":"follow","max-snippet":"max-snippet:-1","max-image-preview":"max-image-preview:large","max-video-preview":"max-video-preview:-1"},"canonical":"https:\/\/www.btv.md\/ro\/furt-de-mii-de-lei-intr-o-gradinita-din-raionul-causeni\/","og_locale":"ro_RO","og_type":"article","og_title":"FURT DE MII DE LEI \u00eentr-o gr\u0103dini\u021b\u0103 din raionul C\u0103u\u0219eni - BTV","og_description":"Doi b\u0103rba\u021bi de 26 \u0219i, respectiv 28 de ani, locuitori ai comunelor Bubuieci \u0219i Tru\u0219eni, au fost re\u021binu\u021bi \u0219i sunt cerceta\u021bi penal dup\u0103 ce au furat mai multe bunuri dintr-o gr\u0103dini\u021b\u0103 din satul Tocuz, raionul C\u0103u\u0219eni, transmite publika.md.\u00a0 Potrivit poli\u021biei, furtul a avut loc \u00een data de 2 iunie. Suspec\u021bii aveau m\u0103\u0219ti pe fa\u021b\u0103 \u0219i [&hellip;]","og_url":"https:\/\/www.btv.md\/ro\/furt-de-mii-de-lei-intr-o-gradinita-din-raionul-causeni\/","og_site_name":"BTV","article_publisher":"https:\/\/www.facebook.com\/btvmoldova\/","article_published_time":"2021-06-04T12:42:02+00:00","og_image":[{"width":720,"height":405,"url":"https:\/\/www.btv.md\/wp-content\/uploads\/2021\/06\/hoti_600x450_92530200_02241400.jpg","type":"image\/jpeg"}],"author":"admin","twitter_misc":{"Scris de":"admin","Timp estimat pentru citire":"1 minut"},"schema":{"@context":"https:\/\/schema.org","@graph":[{"@type":"Article","@id":"https:\/\/www.btv.md\/ro\/furt-de-mii-de-lei-intr-o-gradinita-din-raionul-causeni\/#article","isPartOf":{"@id":"https:\/\/www.btv.md\/ro\/furt-de-mii-de-lei-intr-o-gradinita-din-raionul-causeni\/"},"author":{"name":"admin","@id":"https:\/\/www.btv.md\/#\/schema\/person\/8fadce81561b3ce2c34c46dadc4ccbf2"},"headline":"FURT DE MII DE LEI \u00eentr-o gr\u0103dini\u021b\u0103 din raionul C\u0103u\u0219eni","datePublished":"2021-06-04T12:42:02+00:00","mainEntityOfPage":{"@id":"https:\/\/www.btv.md\/ro\/furt-de-mii-de-lei-intr-o-gradinita-din-raionul-causeni\/"},"wordCount":178,"image":{"@id":"https:\/\/www.btv.md\/ro\/furt-de-mii-de-lei-intr-o-gradinita-din-raionul-causeni\/#primaryimage"},"thumbnailUrl":"https:\/\/www.btv.md\/wp-content\/uploads\/2021\/06\/hoti_600x450_92530200_02241400.jpg","keywords":["FURT DE MII DE LEI \u00eentr-o gr\u0103dini\u021b\u0103 din raionul C\u0103u\u0219eni"],"articleSection":["Social"],"inLanguage":"ro-RO"},{"@type":"WebPage","@id":"https:\/\/www.btv.md\/ro\/furt-de-mii-de-lei-intr-o-gradinita-din-raionul-causeni\/","url":"https:\/\/www.btv.md\/ro\/furt-de-mii-de-lei-intr-o-gradinita-din-raionul-causeni\/","name":"FURT DE MII DE LEI \u00eentr-o gr\u0103dini\u021b\u0103 din raionul C\u0103u\u0219eni - BTV","isPartOf":{"@id":"https:\/\/www.btv.md\/#website"},"primaryImageOfPage":{"@id":"https:\/\/www.btv.md\/ro\/furt-de-mii-de-lei-intr-o-gradinita-din-raionul-causeni\/#primaryimage"},"image":{"@id":"https:\/\/www.btv.md\/ro\/furt-de-mii-de-lei-intr-o-gradinita-din-raionul-causeni\/#primaryimage"},"thumbnailUrl":"https:\/\/www.btv.md\/wp-content\/uploads\/2021\/06\/hoti_600x450_92530200_02241400.jpg","datePublished":"2021-06-04T12:42:02+00:00","author":{"@id":"https:\/\/www.btv.md\/#\/schema\/person\/8fadce81561b3ce2c34c46dadc4ccbf2"},"inLanguage":"ro-RO","potentialAction":[{"@type":"ReadAction","target":["https:\/\/www.btv.md\/ro\/furt-de-mii-de-lei-intr-o-gradinita-din-raionul-causeni\/"]}]},{"@type":"ImageObject","inLanguage":"ro-RO","@id":"https:\/\/www.btv.md\/ro\/furt-de-mii-de-lei-intr-o-gradinita-din-raionul-causeni\/#primaryimage","url":"https:\/\/www.btv.md\/wp-content\/uploads\/2021\/06\/hoti_600x450_92530200_02241400.jpg","contentUrl":"https:\/\/www.btv.md\/wp-content\/uploads\/2021\/06\/hoti_600x450_92530200_02241400.jpg","width":720,"height":405},{"@type":"WebSite","@id":"https:\/\/www.btv.md\/#website","url":"https:\/\/www.btv.md\/","name":"BTV","description":"\u0411\u0435\u043b\u044c\u0446\u043a\u043e\u0435 \u0442\u0435\u043b\u0435\u0432\u0438\u0434\u0435\u043d\u0438\u0435","potentialAction":[{"@type":"SearchAction","target":{"@type":"EntryPoint","urlTemplate":"https:\/\/www.btv.md\/?s={search_term_string}"},"query-input":{"@type":"PropertyValueSpecification","valueRequired":true,"valueName":"search_term_string"}}],"inLanguage":"ro-RO"},{"@type":"Person","@id":"https:\/\/www.btv.md\/#\/schema\/person\/8fadce81561b3ce2c34c46dadc4ccbf2","name":"admin"}]}},"_links":{"self":[{"href":"https:\/\/www.btv.md\/ro\/wp-json\/wp\/v2\/posts\/130737","targetHints":{"allow":["GET"]}}],"collection":[{"href":"https:\/\/www.btv.md\/ro\/wp-json\/wp\/v2\/posts"}],"about":[{"href":"https:\/\/www.btv.md\/ro\/wp-json\/wp\/v2\/types\/post"}],"author":[{"embeddable":true,"href":"https:\/\/www.btv.md\/ro\/wp-json\/wp\/v2\/users\/4"}],"replies":[{"embeddable":true,"href":"https:\/\/www.btv.md\/ro\/wp-json\/wp\/v2\/comments?post=130737"}],"version-history":[{"count":0,"href":"https:\/\/www.btv.md\/ro\/wp-json\/wp\/v2\/posts\/130737\/revisions"}],"wp:featuredmedia":[{"embeddable":true,"href":"https:\/\/www.btv.md\/ro\/wp-json\/wp\/v2\/media\/130738"}],"wp:attachment":[{"href":"https:\/\/www.btv.md\/ro\/wp-json\/wp\/v2\/media?parent=130737"}],"wp:term":[{"taxonomy":"category","embeddable":true,"href":"https:\/\/www.btv.md\/ro\/wp-json\/wp\/v2\/categories?post=130737"},{"taxonomy":"post_tag","embeddable":true,"href":"https:\/\/www.btv.md\/ro\/wp-json\/wp\/v2\/tags?post=130737"}],"curies":[{"name":"wp","href":"https:\/\/api.w.org\/{rel}","templated":true}]}}