{"id":130745,"date":"2021-06-04T15:52:33","date_gmt":"2021-06-04T12:52:33","guid":{"rendered":"http:\/\/www.btv.md\/?p=130745"},"modified":"2021-06-04T15:52:33","modified_gmt":"2021-06-04T12:52:33","slug":"ucraina-recunoaste-certificatele-de-vaccin-eliberate-de-r-moldova","status":"publish","type":"post","link":"https:\/\/www.btv.md\/ro\/ucraina-recunoaste-certificatele-de-vaccin-eliberate-de-r-moldova\/","title":{"rendered":"Ucraina recunoa\u0219te certificatele de vaccin eliberate de R. Moldova"},"content":{"rendered":"<p><strong>Autorit\u0103\u021bile ucraine\u0219ti anun\u021b\u0103 c\u0103 sunt pe ultima sut\u0103 de metri \u00een semnarea unui acord reciproc, transmite\u00a0<a href=\"https:\/\/stiri.md\/article\/social\/ucraina-recunoaste-certificatele-de-vaccin-eliberate-de-r-moldova\">\u0218tiri.md<\/a>.<\/strong><\/p>\n<p>\u201eUniunea European\u0103 a decis s\u0103 introduc\u0103 un certificat digital sau pa\u0219aport de vaccinare. Noi, la Ministerul Afacerilor Externe, ne-am unit for\u021bele cu colegii din Ministerul S\u0103n\u0103t\u0103\u021bii, Ministerul Transform\u0103rii Digitale cu Uniunea European\u0103 \u0219i vorbim deja \u00een mod substan\u021bial despre faptul c\u0103 certificatul nostru digital este complet sincronizat cu cel european\u201d, a declarat ministrul ucrainean de externe Dumitru Kuleba.<\/p>\n<p>P\u00e2n\u0103 definitivarea platformei cu privire la certificatul verde, Ucraina a ajuns la un acord cu Ungaria, Moldova, Georgia \u0219i Turcia.<\/p>\n<p>\u201eCertificatul digital va fi sincronizat cu certificatul UE \u00eencep\u00e2nd cu luna iulie. Nu vrem s\u0103 a\u0219tept\u0103m p\u00e2n\u0103 \u00een iulie, a\u0219a c\u0103 am \u00eenceput s\u0103 colabor\u0103m cu unele \u021b\u0103ri vecine la recunoa\u0219terea certificatelor \u00een format scris, certificat prezentat fizic.<\/p>\n<p>\u00cen prezent, am convenit asupra acestui lucru cu Ungaria, Moldova, Georgia \u0219i Turcia\u201d, a ad\u0103ugat oficialul ucrainean, preciz\u00e2nd c\u0103 procesul necesit\u0103 c\u00e2teva interven\u021bii birocratice.<\/p>\n<p>Amintim c\u0103 anterior, pentru a intra \u00een Ucraina, cet\u0103\u021benii moldoveni erau obliga\u021bi s\u0103 prezinte un test negativ la COVID-19 \u0219i o asigurare medical\u0103.<\/p>\n<p>Foto: \u0218tiri.md.<\/p>\n","protected":false},"excerpt":{"rendered":"<p>Autorit\u0103\u021bile ucraine\u0219ti anun\u021b\u0103 c\u0103 sunt pe ultima sut\u0103 de metri \u00een semnarea unui acord reciproc, transmite\u00a0\u0218tiri.md. \u201eUniunea European\u0103 a decis s\u0103 introduc\u0103 un certificat digital sau pa\u0219aport de vaccinare. Noi, la Ministerul Afacerilor Externe, ne-am unit for\u021bele cu colegii din Ministerul S\u0103n\u0103t\u0103\u021bii, Ministerul Transform\u0103rii Digitale cu Uniunea European\u0103 \u0219i vorbim deja \u00een mod substan\u021bial despre [&hellip;]<\/p>\n","protected":false},"author":4,"featured_media":130746,"comment_status":"closed","ping_status":"closed","sticky":false,"template":"","format":"standard","meta":{"footnotes":""},"categories":[6349],"tags":[26088],"class_list":["post-130745","post","type-post","status-publish","format-standard","has-post-thumbnail","hentry","category-social","tag-ucraina-recunoaste-certificatele-de-vaccin-eliberate-de-r-moldova"],"yoast_head":"<!-- This site is optimized with the Yoast SEO plugin v27.4 - https:\/\/yoast.com\/product\/yoast-seo-wordpress\/ -->\n<title>Ucraina recunoa\u0219te certificatele de vaccin eliberate de R. Moldova - BTV<\/title>\n<meta name=\"robots\" content=\"index, follow, max-snippet:-1, max-image-preview:large, max-video-preview:-1\" \/>\n<link rel=\"canonical\" href=\"https:\/\/www.btv.md\/ro\/ucraina-recunoaste-certificatele-de-vaccin-eliberate-de-r-moldova\/\" \/>\n<meta property=\"og:locale\" content=\"ro_RO\" \/>\n<meta property=\"og:type\" content=\"article\" \/>\n<meta property=\"og:title\" content=\"Ucraina recunoa\u0219te certificatele de vaccin eliberate de R. Moldova - BTV\" \/>\n<meta property=\"og:description\" content=\"Autorit\u0103\u021bile ucraine\u0219ti anun\u021b\u0103 c\u0103 sunt pe ultima sut\u0103 de metri \u00een semnarea unui acord reciproc, transmite\u00a0\u0218tiri.md. \u201eUniunea European\u0103 a decis s\u0103 introduc\u0103 un certificat digital sau pa\u0219aport de vaccinare. Noi, la Ministerul Afacerilor Externe, ne-am unit for\u021bele cu colegii din Ministerul S\u0103n\u0103t\u0103\u021bii, Ministerul Transform\u0103rii Digitale cu Uniunea European\u0103 \u0219i vorbim deja \u00een mod substan\u021bial despre [&hellip;]\" \/>\n<meta property=\"og:url\" content=\"https:\/\/www.btv.md\/ro\/ucraina-recunoaste-certificatele-de-vaccin-eliberate-de-r-moldova\/\" \/>\n<meta property=\"og:site_name\" content=\"BTV\" \/>\n<meta property=\"article:publisher\" content=\"https:\/\/www.facebook.com\/btvmoldova\/\" \/>\n<meta property=\"article:published_time\" content=\"2021-06-04T12:52:33+00:00\" \/>\n<meta property=\"og:image\" content=\"https:\/\/www.btv.md\/wp-content\/uploads\/2021\/06\/af89fe4e1beee88917083b091af2ef96.jpg\" \/>\n\t<meta property=\"og:image:width\" content=\"809\" \/>\n\t<meta property=\"og:image:height\" content=\"456\" \/>\n\t<meta property=\"og:image:type\" content=\"image\/jpeg\" \/>\n<meta name=\"author\" content=\"admin\" \/>\n<meta name=\"twitter:label1\" content=\"Scris de\" \/>\n\t<meta name=\"twitter:data1\" content=\"admin\" \/>\n\t<meta name=\"twitter:label2\" content=\"Timp estimat pentru citire\" \/>\n\t<meta name=\"twitter:data2\" content=\"1 minut\" \/>\n<script type=\"application\/ld+json\" class=\"yoast-schema-graph\">{\"@context\":\"https:\\\/\\\/schema.org\",\"@graph\":[{\"@type\":\"Article\",\"@id\":\"https:\\\/\\\/www.btv.md\\\/ro\\\/ucraina-recunoaste-certificatele-de-vaccin-eliberate-de-r-moldova\\\/#article\",\"isPartOf\":{\"@id\":\"https:\\\/\\\/www.btv.md\\\/ro\\\/ucraina-recunoaste-certificatele-de-vaccin-eliberate-de-r-moldova\\\/\"},\"author\":{\"name\":\"admin\",\"@id\":\"https:\\\/\\\/www.btv.md\\\/#\\\/schema\\\/person\\\/8fadce81561b3ce2c34c46dadc4ccbf2\"},\"headline\":\"Ucraina recunoa\u0219te certificatele de vaccin eliberate de R. Moldova\",\"datePublished\":\"2021-06-04T12:52:33+00:00\",\"mainEntityOfPage\":{\"@id\":\"https:\\\/\\\/www.btv.md\\\/ro\\\/ucraina-recunoaste-certificatele-de-vaccin-eliberate-de-r-moldova\\\/\"},\"wordCount\":217,\"image\":{\"@id\":\"https:\\\/\\\/www.btv.md\\\/ro\\\/ucraina-recunoaste-certificatele-de-vaccin-eliberate-de-r-moldova\\\/#primaryimage\"},\"thumbnailUrl\":\"https:\\\/\\\/www.btv.md\\\/wp-content\\\/uploads\\\/2021\\\/06\\\/af89fe4e1beee88917083b091af2ef96.jpg\",\"keywords\":[\"Ucraina recunoa\u0219te certificatele de vaccin eliberate de R. Moldova\"],\"articleSection\":[\"Social\"],\"inLanguage\":\"ro-RO\"},{\"@type\":\"WebPage\",\"@id\":\"https:\\\/\\\/www.btv.md\\\/ro\\\/ucraina-recunoaste-certificatele-de-vaccin-eliberate-de-r-moldova\\\/\",\"url\":\"https:\\\/\\\/www.btv.md\\\/ro\\\/ucraina-recunoaste-certificatele-de-vaccin-eliberate-de-r-moldova\\\/\",\"name\":\"Ucraina recunoa\u0219te certificatele de vaccin eliberate de R. Moldova - BTV\",\"isPartOf\":{\"@id\":\"https:\\\/\\\/www.btv.md\\\/#website\"},\"primaryImageOfPage\":{\"@id\":\"https:\\\/\\\/www.btv.md\\\/ro\\\/ucraina-recunoaste-certificatele-de-vaccin-eliberate-de-r-moldova\\\/#primaryimage\"},\"image\":{\"@id\":\"https:\\\/\\\/www.btv.md\\\/ro\\\/ucraina-recunoaste-certificatele-de-vaccin-eliberate-de-r-moldova\\\/#primaryimage\"},\"thumbnailUrl\":\"https:\\\/\\\/www.btv.md\\\/wp-content\\\/uploads\\\/2021\\\/06\\\/af89fe4e1beee88917083b091af2ef96.jpg\",\"datePublished\":\"2021-06-04T12:52:33+00:00\",\"author\":{\"@id\":\"https:\\\/\\\/www.btv.md\\\/#\\\/schema\\\/person\\\/8fadce81561b3ce2c34c46dadc4ccbf2\"},\"inLanguage\":\"ro-RO\",\"potentialAction\":[{\"@type\":\"ReadAction\",\"target\":[\"https:\\\/\\\/www.btv.md\\\/ro\\\/ucraina-recunoaste-certificatele-de-vaccin-eliberate-de-r-moldova\\\/\"]}]},{\"@type\":\"ImageObject\",\"inLanguage\":\"ro-RO\",\"@id\":\"https:\\\/\\\/www.btv.md\\\/ro\\\/ucraina-recunoaste-certificatele-de-vaccin-eliberate-de-r-moldova\\\/#primaryimage\",\"url\":\"https:\\\/\\\/www.btv.md\\\/wp-content\\\/uploads\\\/2021\\\/06\\\/af89fe4e1beee88917083b091af2ef96.jpg\",\"contentUrl\":\"https:\\\/\\\/www.btv.md\\\/wp-content\\\/uploads\\\/2021\\\/06\\\/af89fe4e1beee88917083b091af2ef96.jpg\",\"width\":809,\"height\":456},{\"@type\":\"WebSite\",\"@id\":\"https:\\\/\\\/www.btv.md\\\/#website\",\"url\":\"https:\\\/\\\/www.btv.md\\\/\",\"name\":\"BTV\",\"description\":\"\u0411\u0435\u043b\u044c\u0446\u043a\u043e\u0435 \u0442\u0435\u043b\u0435\u0432\u0438\u0434\u0435\u043d\u0438\u0435\",\"potentialAction\":[{\"@type\":\"SearchAction\",\"target\":{\"@type\":\"EntryPoint\",\"urlTemplate\":\"https:\\\/\\\/www.btv.md\\\/?s={search_term_string}\"},\"query-input\":{\"@type\":\"PropertyValueSpecification\",\"valueRequired\":true,\"valueName\":\"search_term_string\"}}],\"inLanguage\":\"ro-RO\"},{\"@type\":\"Person\",\"@id\":\"https:\\\/\\\/www.btv.md\\\/#\\\/schema\\\/person\\\/8fadce81561b3ce2c34c46dadc4ccbf2\",\"name\":\"admin\"}]}<\/script>\n<!-- \/ Yoast SEO plugin. -->","yoast_head_json":{"title":"Ucraina recunoa\u0219te certificatele de vaccin eliberate de R. Moldova - BTV","robots":{"index":"index","follow":"follow","max-snippet":"max-snippet:-1","max-image-preview":"max-image-preview:large","max-video-preview":"max-video-preview:-1"},"canonical":"https:\/\/www.btv.md\/ro\/ucraina-recunoaste-certificatele-de-vaccin-eliberate-de-r-moldova\/","og_locale":"ro_RO","og_type":"article","og_title":"Ucraina recunoa\u0219te certificatele de vaccin eliberate de R. Moldova - BTV","og_description":"Autorit\u0103\u021bile ucraine\u0219ti anun\u021b\u0103 c\u0103 sunt pe ultima sut\u0103 de metri \u00een semnarea unui acord reciproc, transmite\u00a0\u0218tiri.md. \u201eUniunea European\u0103 a decis s\u0103 introduc\u0103 un certificat digital sau pa\u0219aport de vaccinare. Noi, la Ministerul Afacerilor Externe, ne-am unit for\u021bele cu colegii din Ministerul S\u0103n\u0103t\u0103\u021bii, Ministerul Transform\u0103rii Digitale cu Uniunea European\u0103 \u0219i vorbim deja \u00een mod substan\u021bial despre [&hellip;]","og_url":"https:\/\/www.btv.md\/ro\/ucraina-recunoaste-certificatele-de-vaccin-eliberate-de-r-moldova\/","og_site_name":"BTV","article_publisher":"https:\/\/www.facebook.com\/btvmoldova\/","article_published_time":"2021-06-04T12:52:33+00:00","og_image":[{"width":809,"height":456,"url":"https:\/\/www.btv.md\/wp-content\/uploads\/2021\/06\/af89fe4e1beee88917083b091af2ef96.jpg","type":"image\/jpeg"}],"author":"admin","twitter_misc":{"Scris de":"admin","Timp estimat pentru citire":"1 minut"},"schema":{"@context":"https:\/\/schema.org","@graph":[{"@type":"Article","@id":"https:\/\/www.btv.md\/ro\/ucraina-recunoaste-certificatele-de-vaccin-eliberate-de-r-moldova\/#article","isPartOf":{"@id":"https:\/\/www.btv.md\/ro\/ucraina-recunoaste-certificatele-de-vaccin-eliberate-de-r-moldova\/"},"author":{"name":"admin","@id":"https:\/\/www.btv.md\/#\/schema\/person\/8fadce81561b3ce2c34c46dadc4ccbf2"},"headline":"Ucraina recunoa\u0219te certificatele de vaccin eliberate de R. Moldova","datePublished":"2021-06-04T12:52:33+00:00","mainEntityOfPage":{"@id":"https:\/\/www.btv.md\/ro\/ucraina-recunoaste-certificatele-de-vaccin-eliberate-de-r-moldova\/"},"wordCount":217,"image":{"@id":"https:\/\/www.btv.md\/ro\/ucraina-recunoaste-certificatele-de-vaccin-eliberate-de-r-moldova\/#primaryimage"},"thumbnailUrl":"https:\/\/www.btv.md\/wp-content\/uploads\/2021\/06\/af89fe4e1beee88917083b091af2ef96.jpg","keywords":["Ucraina recunoa\u0219te certificatele de vaccin eliberate de R. Moldova"],"articleSection":["Social"],"inLanguage":"ro-RO"},{"@type":"WebPage","@id":"https:\/\/www.btv.md\/ro\/ucraina-recunoaste-certificatele-de-vaccin-eliberate-de-r-moldova\/","url":"https:\/\/www.btv.md\/ro\/ucraina-recunoaste-certificatele-de-vaccin-eliberate-de-r-moldova\/","name":"Ucraina recunoa\u0219te certificatele de vaccin eliberate de R. Moldova - BTV","isPartOf":{"@id":"https:\/\/www.btv.md\/#website"},"primaryImageOfPage":{"@id":"https:\/\/www.btv.md\/ro\/ucraina-recunoaste-certificatele-de-vaccin-eliberate-de-r-moldova\/#primaryimage"},"image":{"@id":"https:\/\/www.btv.md\/ro\/ucraina-recunoaste-certificatele-de-vaccin-eliberate-de-r-moldova\/#primaryimage"},"thumbnailUrl":"https:\/\/www.btv.md\/wp-content\/uploads\/2021\/06\/af89fe4e1beee88917083b091af2ef96.jpg","datePublished":"2021-06-04T12:52:33+00:00","author":{"@id":"https:\/\/www.btv.md\/#\/schema\/person\/8fadce81561b3ce2c34c46dadc4ccbf2"},"inLanguage":"ro-RO","potentialAction":[{"@type":"ReadAction","target":["https:\/\/www.btv.md\/ro\/ucraina-recunoaste-certificatele-de-vaccin-eliberate-de-r-moldova\/"]}]},{"@type":"ImageObject","inLanguage":"ro-RO","@id":"https:\/\/www.btv.md\/ro\/ucraina-recunoaste-certificatele-de-vaccin-eliberate-de-r-moldova\/#primaryimage","url":"https:\/\/www.btv.md\/wp-content\/uploads\/2021\/06\/af89fe4e1beee88917083b091af2ef96.jpg","contentUrl":"https:\/\/www.btv.md\/wp-content\/uploads\/2021\/06\/af89fe4e1beee88917083b091af2ef96.jpg","width":809,"height":456},{"@type":"WebSite","@id":"https:\/\/www.btv.md\/#website","url":"https:\/\/www.btv.md\/","name":"BTV","description":"\u0411\u0435\u043b\u044c\u0446\u043a\u043e\u0435 \u0442\u0435\u043b\u0435\u0432\u0438\u0434\u0435\u043d\u0438\u0435","potentialAction":[{"@type":"SearchAction","target":{"@type":"EntryPoint","urlTemplate":"https:\/\/www.btv.md\/?s={search_term_string}"},"query-input":{"@type":"PropertyValueSpecification","valueRequired":true,"valueName":"search_term_string"}}],"inLanguage":"ro-RO"},{"@type":"Person","@id":"https:\/\/www.btv.md\/#\/schema\/person\/8fadce81561b3ce2c34c46dadc4ccbf2","name":"admin"}]}},"_links":{"self":[{"href":"https:\/\/www.btv.md\/ro\/wp-json\/wp\/v2\/posts\/130745","targetHints":{"allow":["GET"]}}],"collection":[{"href":"https:\/\/www.btv.md\/ro\/wp-json\/wp\/v2\/posts"}],"about":[{"href":"https:\/\/www.btv.md\/ro\/wp-json\/wp\/v2\/types\/post"}],"author":[{"embeddable":true,"href":"https:\/\/www.btv.md\/ro\/wp-json\/wp\/v2\/users\/4"}],"replies":[{"embeddable":true,"href":"https:\/\/www.btv.md\/ro\/wp-json\/wp\/v2\/comments?post=130745"}],"version-history":[{"count":0,"href":"https:\/\/www.btv.md\/ro\/wp-json\/wp\/v2\/posts\/130745\/revisions"}],"wp:featuredmedia":[{"embeddable":true,"href":"https:\/\/www.btv.md\/ro\/wp-json\/wp\/v2\/media\/130746"}],"wp:attachment":[{"href":"https:\/\/www.btv.md\/ro\/wp-json\/wp\/v2\/media?parent=130745"}],"wp:term":[{"taxonomy":"category","embeddable":true,"href":"https:\/\/www.btv.md\/ro\/wp-json\/wp\/v2\/categories?post=130745"},{"taxonomy":"post_tag","embeddable":true,"href":"https:\/\/www.btv.md\/ro\/wp-json\/wp\/v2\/tags?post=130745"}],"curies":[{"name":"wp","href":"https:\/\/api.w.org\/{rel}","templated":true}]}}