{"id":130749,"date":"2021-06-04T16:17:15","date_gmt":"2021-06-04T13:17:15","guid":{"rendered":"http:\/\/www.btv.md\/?p=130749"},"modified":"2021-06-04T16:17:15","modified_gmt":"2021-06-04T13:17:15","slug":"circa-10-mln-lei-ar-putea-fi-alocate-din-fondul-de-rezerva-pentru-finantarea-compensatiilor-in-cadrul-programului-prima-casa","status":"publish","type":"post","link":"https:\/\/www.btv.md\/ro\/circa-10-mln-lei-ar-putea-fi-alocate-din-fondul-de-rezerva-pentru-finantarea-compensatiilor-in-cadrul-programului-prima-casa\/","title":{"rendered":"Circa 10 mln. lei ar putea fi alocate din Fondul de rezerv\u0103 pentru finan\u021barea compensa\u021biilor \u00een cadrul programului \u201ePrima cas\u0103\u201d"},"content":{"rendered":"<p><strong>Pentru finan\u021barea compensa\u021biilor \u00een cadrul Programului de stat \u201ePrima cas\u0103\u201d din Fondul de rezerv\u0103 al Guvernului ar putea fi alocate 9,5 mil. lei. Proiectul hot\u0103r\u00e2rii Executivului cu privire la alocarea mijloacelor financiare a fost inclus pe agenda \u0219edin\u021bei secretarilor generali din 4 iunie curent, scrie <a href=\"https:\/\/deschide.md\/ro\/stiri\/economic\/86250\/Circa-10-mln-lei-ar-putea-fi-alocate-din-Fondul-de-rezerv%C4%83-pentru-finan%C8%9Barea-compensa%C8%9Biilor-%C3%AEn-cadrul-programului-%E2%80%9EPrima-cas%C4%83%E2%80%9D.htm\">deschide.md<\/a>.<\/strong><\/p>\n<p>Mijloacele suplimentare sunt necesare pentru asigurarea par\u021bial\u0103 a compensa\u021biilor, dat fiind faptul c\u0103 aloca\u021biile aprobate prin Legea bugetului de stat pentru anul 2021 au fost executate, iar num\u0103rul de beneficiari este \u00een cre\u0219tere. Reamintim c\u0103, pentru implementarea Programului de stat \u201ePrima cas\u0103\u201d, a fost alocat\u0103 suma de 70 mil. lei, inclusiv 50 mil. lei pentru onorarea garan\u021biilor de stat.<\/p>\n<p>Potrivit notei informative a proiectului, \u00een urma efectu\u0103rii analizei cererilor de compensare aprobate pentru finan\u021bare, doar \u00een luna iunie curent se atest\u0103 o insuficien\u021b\u0103 \u00een sum\u0103 de 4 mil. lei, ceea ce poate determina stoparea finan\u021b\u0103rii cererilor care au fost deja acceptate \u00een program, precum \u0219i crearea condi\u021biilor de neonorare de c\u0103tre beneficiari a obliga\u021biei de plat\u0103 c\u0103tre creditori \u0219i, respectiv, cre\u0219terea riscului de declarare a creditelor neperformante.<\/p>\n<p>Potrivit estim\u0103rilor, p\u00e2n\u0103 la sf\u00e2r\u0219itul anului curent de compensare \u00een cadrul programului \u201ePrima cas\u0103\u201d vor beneficia 5873 de persoane.<\/p>\n<p>Potrivit Legii bugetului de stat pentru anul 2021, fondul de rezerv\u0103 al Guvernului constituie 161,5 mil. lei, iar conform datelor disponibile, \u00een trimestrul I al anului curent din acest fond au fost utiliza\u021bi circa 63,44 mil. lei.<\/p>\n<p>Amintim, p\u00e2n\u0103 la momentul actual prin intermediul programului \u201ePrima cas\u0103\u201d au fost procurate 6068 locuin\u021be. Suma total\u0103 a creditelor acordate de c\u0103tre b\u0103nci este de 3,12 mld. lei, iar valoarea total\u0103 a garan\u021biilor active constituie 1,56 mld. lei. Suma compensa\u021biilor acordate din bugetul de stat pentru acoperirea par\u021bial\u0103 a cheltuielilor pe care le suport\u0103 beneficiarii pentru achitarea creditului ipotecar \u00een cadrul Programului de stat \u201ePrima cas\u0103\u201d constituie 52,3 mil. lei.<\/p>\n<p>Ministerul Finan\u021belor a precizat c\u0103 de compensa\u021bii din bugetul de stat beneficiaz\u0103 1058 persoane \u00een cadrul programului \u201ePrima Cas\u0103 2\u201d, 2571 \u2013 \u00een cadrul programului \u201ePrima Cas\u0103 3\u201d, 890 \u2013 \u00een cadrul programului \u201ePrima Cas\u0103 4\u201d, iar 17 \u2013 \u00een cadrul programului \u201ePrima Cas\u0103 5\u201d.<\/p>\n<p>Foto: deschide.md.<\/p>\n","protected":false},"excerpt":{"rendered":"<p>Pentru finan\u021barea compensa\u021biilor \u00een cadrul Programului de stat \u201ePrima cas\u0103\u201d din Fondul de rezerv\u0103 al Guvernului ar putea fi alocate 9,5 mil. lei. Proiectul hot\u0103r\u00e2rii Executivului cu privire la alocarea mijloacelor financiare a fost inclus pe agenda \u0219edin\u021bei secretarilor generali din 4 iunie curent, scrie deschide.md. Mijloacele suplimentare sunt necesare pentru asigurarea par\u021bial\u0103 a compensa\u021biilor, [&hellip;]<\/p>\n","protected":false},"author":4,"featured_media":130750,"comment_status":"closed","ping_status":"closed","sticky":false,"template":"","format":"standard","meta":{"footnotes":""},"categories":[6369],"tags":[26089],"class_list":["post-130749","post","type-post","status-publish","format-standard","has-post-thumbnail","hentry","category-economie-ro","tag-circa-10-mln-lei-ar-putea-fi-alocate-din-fondul-de-rezerva-pentru-finantarea-compensatiilor-in-cadrul-programului-prima-casa"],"yoast_head":"<!-- This site is optimized with the Yoast SEO plugin v27.4 - https:\/\/yoast.com\/product\/yoast-seo-wordpress\/ -->\n<title>Circa 10 mln. lei ar putea fi alocate din Fondul de rezerv\u0103 pentru finan\u021barea compensa\u021biilor \u00een cadrul programului \u201ePrima cas\u0103\u201d - BTV<\/title>\n<meta name=\"robots\" content=\"index, follow, max-snippet:-1, max-image-preview:large, max-video-preview:-1\" \/>\n<link rel=\"canonical\" href=\"https:\/\/www.btv.md\/ro\/circa-10-mln-lei-ar-putea-fi-alocate-din-fondul-de-rezerva-pentru-finantarea-compensatiilor-in-cadrul-programului-prima-casa\/\" \/>\n<meta property=\"og:locale\" content=\"ro_RO\" \/>\n<meta property=\"og:type\" content=\"article\" \/>\n<meta property=\"og:title\" content=\"Circa 10 mln. lei ar putea fi alocate din Fondul de rezerv\u0103 pentru finan\u021barea compensa\u021biilor \u00een cadrul programului \u201ePrima cas\u0103\u201d - BTV\" \/>\n<meta property=\"og:description\" content=\"Pentru finan\u021barea compensa\u021biilor \u00een cadrul Programului de stat \u201ePrima cas\u0103\u201d din Fondul de rezerv\u0103 al Guvernului ar putea fi alocate 9,5 mil. lei. Proiectul hot\u0103r\u00e2rii Executivului cu privire la alocarea mijloacelor financiare a fost inclus pe agenda \u0219edin\u021bei secretarilor generali din 4 iunie curent, scrie deschide.md. Mijloacele suplimentare sunt necesare pentru asigurarea par\u021bial\u0103 a compensa\u021biilor, [&hellip;]\" \/>\n<meta property=\"og:url\" content=\"https:\/\/www.btv.md\/ro\/circa-10-mln-lei-ar-putea-fi-alocate-din-fondul-de-rezerva-pentru-finantarea-compensatiilor-in-cadrul-programului-prima-casa\/\" \/>\n<meta property=\"og:site_name\" content=\"BTV\" \/>\n<meta property=\"article:publisher\" content=\"https:\/\/www.facebook.com\/btvmoldova\/\" \/>\n<meta property=\"article:published_time\" content=\"2021-06-04T13:17:15+00:00\" \/>\n<meta property=\"og:image\" content=\"https:\/\/www.btv.md\/wp-content\/uploads\/2021\/06\/images_cms-image-000117754.jpg\" \/>\n\t<meta property=\"og:image:width\" content=\"758\" \/>\n\t<meta property=\"og:image:height\" content=\"426\" \/>\n\t<meta property=\"og:image:type\" content=\"image\/jpeg\" \/>\n<meta name=\"author\" content=\"admin\" \/>\n<meta name=\"twitter:label1\" content=\"Scris de\" \/>\n\t<meta name=\"twitter:data1\" content=\"admin\" \/>\n\t<meta name=\"twitter:label2\" content=\"Timp estimat pentru citire\" \/>\n\t<meta name=\"twitter:data2\" content=\"2 minute\" \/>\n<script type=\"application\/ld+json\" class=\"yoast-schema-graph\">{\"@context\":\"https:\\\/\\\/schema.org\",\"@graph\":[{\"@type\":\"Article\",\"@id\":\"https:\\\/\\\/www.btv.md\\\/ro\\\/circa-10-mln-lei-ar-putea-fi-alocate-din-fondul-de-rezerva-pentru-finantarea-compensatiilor-in-cadrul-programului-prima-casa\\\/#article\",\"isPartOf\":{\"@id\":\"https:\\\/\\\/www.btv.md\\\/ro\\\/circa-10-mln-lei-ar-putea-fi-alocate-din-fondul-de-rezerva-pentru-finantarea-compensatiilor-in-cadrul-programului-prima-casa\\\/\"},\"author\":{\"name\":\"admin\",\"@id\":\"https:\\\/\\\/www.btv.md\\\/#\\\/schema\\\/person\\\/8fadce81561b3ce2c34c46dadc4ccbf2\"},\"headline\":\"Circa 10 mln. lei ar putea fi alocate din Fondul de rezerv\u0103 pentru finan\u021barea compensa\u021biilor \u00een cadrul programului \u201ePrima cas\u0103\u201d\",\"datePublished\":\"2021-06-04T13:17:15+00:00\",\"mainEntityOfPage\":{\"@id\":\"https:\\\/\\\/www.btv.md\\\/ro\\\/circa-10-mln-lei-ar-putea-fi-alocate-din-fondul-de-rezerva-pentru-finantarea-compensatiilor-in-cadrul-programului-prima-casa\\\/\"},\"wordCount\":377,\"image\":{\"@id\":\"https:\\\/\\\/www.btv.md\\\/ro\\\/circa-10-mln-lei-ar-putea-fi-alocate-din-fondul-de-rezerva-pentru-finantarea-compensatiilor-in-cadrul-programului-prima-casa\\\/#primaryimage\"},\"thumbnailUrl\":\"https:\\\/\\\/www.btv.md\\\/wp-content\\\/uploads\\\/2021\\\/06\\\/images_cms-image-000117754.jpg\",\"keywords\":[\"Circa 10 mln. lei ar putea fi alocate din Fondul de rezerv\u0103 pentru finan\u021barea compensa\u021biilor \u00een cadrul programului \u201ePrima cas\u0103\u201d\"],\"articleSection\":[\"Economie\"],\"inLanguage\":\"ro-RO\"},{\"@type\":\"WebPage\",\"@id\":\"https:\\\/\\\/www.btv.md\\\/ro\\\/circa-10-mln-lei-ar-putea-fi-alocate-din-fondul-de-rezerva-pentru-finantarea-compensatiilor-in-cadrul-programului-prima-casa\\\/\",\"url\":\"https:\\\/\\\/www.btv.md\\\/ro\\\/circa-10-mln-lei-ar-putea-fi-alocate-din-fondul-de-rezerva-pentru-finantarea-compensatiilor-in-cadrul-programului-prima-casa\\\/\",\"name\":\"Circa 10 mln. lei ar putea fi alocate din Fondul de rezerv\u0103 pentru finan\u021barea compensa\u021biilor \u00een cadrul programului \u201ePrima cas\u0103\u201d - BTV\",\"isPartOf\":{\"@id\":\"https:\\\/\\\/www.btv.md\\\/#website\"},\"primaryImageOfPage\":{\"@id\":\"https:\\\/\\\/www.btv.md\\\/ro\\\/circa-10-mln-lei-ar-putea-fi-alocate-din-fondul-de-rezerva-pentru-finantarea-compensatiilor-in-cadrul-programului-prima-casa\\\/#primaryimage\"},\"image\":{\"@id\":\"https:\\\/\\\/www.btv.md\\\/ro\\\/circa-10-mln-lei-ar-putea-fi-alocate-din-fondul-de-rezerva-pentru-finantarea-compensatiilor-in-cadrul-programului-prima-casa\\\/#primaryimage\"},\"thumbnailUrl\":\"https:\\\/\\\/www.btv.md\\\/wp-content\\\/uploads\\\/2021\\\/06\\\/images_cms-image-000117754.jpg\",\"datePublished\":\"2021-06-04T13:17:15+00:00\",\"author\":{\"@id\":\"https:\\\/\\\/www.btv.md\\\/#\\\/schema\\\/person\\\/8fadce81561b3ce2c34c46dadc4ccbf2\"},\"inLanguage\":\"ro-RO\",\"potentialAction\":[{\"@type\":\"ReadAction\",\"target\":[\"https:\\\/\\\/www.btv.md\\\/ro\\\/circa-10-mln-lei-ar-putea-fi-alocate-din-fondul-de-rezerva-pentru-finantarea-compensatiilor-in-cadrul-programului-prima-casa\\\/\"]}]},{\"@type\":\"ImageObject\",\"inLanguage\":\"ro-RO\",\"@id\":\"https:\\\/\\\/www.btv.md\\\/ro\\\/circa-10-mln-lei-ar-putea-fi-alocate-din-fondul-de-rezerva-pentru-finantarea-compensatiilor-in-cadrul-programului-prima-casa\\\/#primaryimage\",\"url\":\"https:\\\/\\\/www.btv.md\\\/wp-content\\\/uploads\\\/2021\\\/06\\\/images_cms-image-000117754.jpg\",\"contentUrl\":\"https:\\\/\\\/www.btv.md\\\/wp-content\\\/uploads\\\/2021\\\/06\\\/images_cms-image-000117754.jpg\",\"width\":758,\"height\":426},{\"@type\":\"WebSite\",\"@id\":\"https:\\\/\\\/www.btv.md\\\/#website\",\"url\":\"https:\\\/\\\/www.btv.md\\\/\",\"name\":\"BTV\",\"description\":\"\u0411\u0435\u043b\u044c\u0446\u043a\u043e\u0435 \u0442\u0435\u043b\u0435\u0432\u0438\u0434\u0435\u043d\u0438\u0435\",\"potentialAction\":[{\"@type\":\"SearchAction\",\"target\":{\"@type\":\"EntryPoint\",\"urlTemplate\":\"https:\\\/\\\/www.btv.md\\\/?s={search_term_string}\"},\"query-input\":{\"@type\":\"PropertyValueSpecification\",\"valueRequired\":true,\"valueName\":\"search_term_string\"}}],\"inLanguage\":\"ro-RO\"},{\"@type\":\"Person\",\"@id\":\"https:\\\/\\\/www.btv.md\\\/#\\\/schema\\\/person\\\/8fadce81561b3ce2c34c46dadc4ccbf2\",\"name\":\"admin\"}]}<\/script>\n<!-- \/ Yoast SEO plugin. -->","yoast_head_json":{"title":"Circa 10 mln. lei ar putea fi alocate din Fondul de rezerv\u0103 pentru finan\u021barea compensa\u021biilor \u00een cadrul programului \u201ePrima cas\u0103\u201d - BTV","robots":{"index":"index","follow":"follow","max-snippet":"max-snippet:-1","max-image-preview":"max-image-preview:large","max-video-preview":"max-video-preview:-1"},"canonical":"https:\/\/www.btv.md\/ro\/circa-10-mln-lei-ar-putea-fi-alocate-din-fondul-de-rezerva-pentru-finantarea-compensatiilor-in-cadrul-programului-prima-casa\/","og_locale":"ro_RO","og_type":"article","og_title":"Circa 10 mln. lei ar putea fi alocate din Fondul de rezerv\u0103 pentru finan\u021barea compensa\u021biilor \u00een cadrul programului \u201ePrima cas\u0103\u201d - BTV","og_description":"Pentru finan\u021barea compensa\u021biilor \u00een cadrul Programului de stat \u201ePrima cas\u0103\u201d din Fondul de rezerv\u0103 al Guvernului ar putea fi alocate 9,5 mil. lei. Proiectul hot\u0103r\u00e2rii Executivului cu privire la alocarea mijloacelor financiare a fost inclus pe agenda \u0219edin\u021bei secretarilor generali din 4 iunie curent, scrie deschide.md. Mijloacele suplimentare sunt necesare pentru asigurarea par\u021bial\u0103 a compensa\u021biilor, [&hellip;]","og_url":"https:\/\/www.btv.md\/ro\/circa-10-mln-lei-ar-putea-fi-alocate-din-fondul-de-rezerva-pentru-finantarea-compensatiilor-in-cadrul-programului-prima-casa\/","og_site_name":"BTV","article_publisher":"https:\/\/www.facebook.com\/btvmoldova\/","article_published_time":"2021-06-04T13:17:15+00:00","og_image":[{"width":758,"height":426,"url":"https:\/\/www.btv.md\/wp-content\/uploads\/2021\/06\/images_cms-image-000117754.jpg","type":"image\/jpeg"}],"author":"admin","twitter_misc":{"Scris de":"admin","Timp estimat pentru citire":"2 minute"},"schema":{"@context":"https:\/\/schema.org","@graph":[{"@type":"Article","@id":"https:\/\/www.btv.md\/ro\/circa-10-mln-lei-ar-putea-fi-alocate-din-fondul-de-rezerva-pentru-finantarea-compensatiilor-in-cadrul-programului-prima-casa\/#article","isPartOf":{"@id":"https:\/\/www.btv.md\/ro\/circa-10-mln-lei-ar-putea-fi-alocate-din-fondul-de-rezerva-pentru-finantarea-compensatiilor-in-cadrul-programului-prima-casa\/"},"author":{"name":"admin","@id":"https:\/\/www.btv.md\/#\/schema\/person\/8fadce81561b3ce2c34c46dadc4ccbf2"},"headline":"Circa 10 mln. lei ar putea fi alocate din Fondul de rezerv\u0103 pentru finan\u021barea compensa\u021biilor \u00een cadrul programului \u201ePrima cas\u0103\u201d","datePublished":"2021-06-04T13:17:15+00:00","mainEntityOfPage":{"@id":"https:\/\/www.btv.md\/ro\/circa-10-mln-lei-ar-putea-fi-alocate-din-fondul-de-rezerva-pentru-finantarea-compensatiilor-in-cadrul-programului-prima-casa\/"},"wordCount":377,"image":{"@id":"https:\/\/www.btv.md\/ro\/circa-10-mln-lei-ar-putea-fi-alocate-din-fondul-de-rezerva-pentru-finantarea-compensatiilor-in-cadrul-programului-prima-casa\/#primaryimage"},"thumbnailUrl":"https:\/\/www.btv.md\/wp-content\/uploads\/2021\/06\/images_cms-image-000117754.jpg","keywords":["Circa 10 mln. lei ar putea fi alocate din Fondul de rezerv\u0103 pentru finan\u021barea compensa\u021biilor \u00een cadrul programului \u201ePrima cas\u0103\u201d"],"articleSection":["Economie"],"inLanguage":"ro-RO"},{"@type":"WebPage","@id":"https:\/\/www.btv.md\/ro\/circa-10-mln-lei-ar-putea-fi-alocate-din-fondul-de-rezerva-pentru-finantarea-compensatiilor-in-cadrul-programului-prima-casa\/","url":"https:\/\/www.btv.md\/ro\/circa-10-mln-lei-ar-putea-fi-alocate-din-fondul-de-rezerva-pentru-finantarea-compensatiilor-in-cadrul-programului-prima-casa\/","name":"Circa 10 mln. lei ar putea fi alocate din Fondul de rezerv\u0103 pentru finan\u021barea compensa\u021biilor \u00een cadrul programului \u201ePrima cas\u0103\u201d - BTV","isPartOf":{"@id":"https:\/\/www.btv.md\/#website"},"primaryImageOfPage":{"@id":"https:\/\/www.btv.md\/ro\/circa-10-mln-lei-ar-putea-fi-alocate-din-fondul-de-rezerva-pentru-finantarea-compensatiilor-in-cadrul-programului-prima-casa\/#primaryimage"},"image":{"@id":"https:\/\/www.btv.md\/ro\/circa-10-mln-lei-ar-putea-fi-alocate-din-fondul-de-rezerva-pentru-finantarea-compensatiilor-in-cadrul-programului-prima-casa\/#primaryimage"},"thumbnailUrl":"https:\/\/www.btv.md\/wp-content\/uploads\/2021\/06\/images_cms-image-000117754.jpg","datePublished":"2021-06-04T13:17:15+00:00","author":{"@id":"https:\/\/www.btv.md\/#\/schema\/person\/8fadce81561b3ce2c34c46dadc4ccbf2"},"inLanguage":"ro-RO","potentialAction":[{"@type":"ReadAction","target":["https:\/\/www.btv.md\/ro\/circa-10-mln-lei-ar-putea-fi-alocate-din-fondul-de-rezerva-pentru-finantarea-compensatiilor-in-cadrul-programului-prima-casa\/"]}]},{"@type":"ImageObject","inLanguage":"ro-RO","@id":"https:\/\/www.btv.md\/ro\/circa-10-mln-lei-ar-putea-fi-alocate-din-fondul-de-rezerva-pentru-finantarea-compensatiilor-in-cadrul-programului-prima-casa\/#primaryimage","url":"https:\/\/www.btv.md\/wp-content\/uploads\/2021\/06\/images_cms-image-000117754.jpg","contentUrl":"https:\/\/www.btv.md\/wp-content\/uploads\/2021\/06\/images_cms-image-000117754.jpg","width":758,"height":426},{"@type":"WebSite","@id":"https:\/\/www.btv.md\/#website","url":"https:\/\/www.btv.md\/","name":"BTV","description":"\u0411\u0435\u043b\u044c\u0446\u043a\u043e\u0435 \u0442\u0435\u043b\u0435\u0432\u0438\u0434\u0435\u043d\u0438\u0435","potentialAction":[{"@type":"SearchAction","target":{"@type":"EntryPoint","urlTemplate":"https:\/\/www.btv.md\/?s={search_term_string}"},"query-input":{"@type":"PropertyValueSpecification","valueRequired":true,"valueName":"search_term_string"}}],"inLanguage":"ro-RO"},{"@type":"Person","@id":"https:\/\/www.btv.md\/#\/schema\/person\/8fadce81561b3ce2c34c46dadc4ccbf2","name":"admin"}]}},"_links":{"self":[{"href":"https:\/\/www.btv.md\/ro\/wp-json\/wp\/v2\/posts\/130749","targetHints":{"allow":["GET"]}}],"collection":[{"href":"https:\/\/www.btv.md\/ro\/wp-json\/wp\/v2\/posts"}],"about":[{"href":"https:\/\/www.btv.md\/ro\/wp-json\/wp\/v2\/types\/post"}],"author":[{"embeddable":true,"href":"https:\/\/www.btv.md\/ro\/wp-json\/wp\/v2\/users\/4"}],"replies":[{"embeddable":true,"href":"https:\/\/www.btv.md\/ro\/wp-json\/wp\/v2\/comments?post=130749"}],"version-history":[{"count":0,"href":"https:\/\/www.btv.md\/ro\/wp-json\/wp\/v2\/posts\/130749\/revisions"}],"wp:featuredmedia":[{"embeddable":true,"href":"https:\/\/www.btv.md\/ro\/wp-json\/wp\/v2\/media\/130750"}],"wp:attachment":[{"href":"https:\/\/www.btv.md\/ro\/wp-json\/wp\/v2\/media?parent=130749"}],"wp:term":[{"taxonomy":"category","embeddable":true,"href":"https:\/\/www.btv.md\/ro\/wp-json\/wp\/v2\/categories?post=130749"},{"taxonomy":"post_tag","embeddable":true,"href":"https:\/\/www.btv.md\/ro\/wp-json\/wp\/v2\/tags?post=130749"}],"curies":[{"name":"wp","href":"https:\/\/api.w.org\/{rel}","templated":true}]}}