{"id":130753,"date":"2021-06-04T16:22:35","date_gmt":"2021-06-04T13:22:35","guid":{"rendered":"http:\/\/www.btv.md\/?p=130753"},"modified":"2021-06-04T16:22:35","modified_gmt":"2021-06-04T13:22:35","slug":"a-inceput-sesiunea-de-bac-primul-examen-sustinut-de-elevii-din-liceele-cu-predare-in-alta-limba-decat-romana","status":"publish","type":"post","link":"https:\/\/www.btv.md\/ro\/a-inceput-sesiunea-de-bac-primul-examen-sustinut-de-elevii-din-liceele-cu-predare-in-alta-limba-decat-romana\/","title":{"rendered":"A \u00eenceput sesiunea de BAC. Primul examen, sus\u021binut de elevii din liceele cu predare \u00een alt\u0103 limb\u0103 dec\u00e2t rom\u00e2na"},"content":{"rendered":"<p><strong>Perioad\u0103 plin\u0103 de emo\u021bii pentru absolven\u021bii de liceu. Cei 3030 de elevi din clasele a dou\u0103sprezecea din \u00eenstitu\u021biile de \u00eenv\u0103\u021b\u0103m\u00e2nt cu predare \u00een alt\u0103 limb\u0103 dec\u00e2t cea rom\u00e2n\u0103 au sus\u021binut ast\u0103zi primul examen de bacalaureat, mai exact, proba la limba \u0219i literatura rom\u00e2n\u0103. Examenele au avut loc \u00een 58 de centre de BAC din \u021bar\u0103, scrie <a href=\"https:\/\/tv8.md\/2021\/06\/04\/a-inceput-sesiunea-de-bac-primul-examen-sustinut-de-elevii-din-liceele-cu-predare-in-alta-limba-decat-romana\/\">tv8.md<\/a>.<\/strong><\/p>\n<p>Urm\u0103torul examen de bacalaureat, la limba de instruire, urmeaz\u0103 s\u0103 se desf\u0103\u0219oare mar\u021bi, 8 iunie. La prob\u0103 sunt a\u0219tepta\u021bi 13.065 de elevi care vor sus\u021bine proba la limba \u0219i literatura rom\u00e2n\u0103 \u0219i 2899 de absolven\u021bi care vor scrie examenul la limba \u0219i literatura rus\u0103.<\/p>\n<p>\u00cen 11 iunie va avea loc examenul la limba str\u0103in\u0103.\u00a011 113 elevi vor scrie proba la limba englez\u0103, 4 821 \u2013 la limba francez\u0103, 91 \u2013 la limba german\u0103, 21 \u2013 la limba spaniol\u0103, 43 \u2013 la limba italian\u0103, iar 32 \u2013 la limba turc\u0103.<\/p>\n<p>Urm\u0103toarea prob\u0103 de BAC se vor desf\u0103\u0219ura \u00een data de 15 iunie \u2013 la matematic\u0103 pentru profilul real \u0219i la istorie pentru umani\u0219ti. \u00cen 18 iunie va avea loc examenul la disciplina la alegere, iar \u00een 22 iunie 491 de candida\u021bi vor sus\u021bine proba de examen la limba matern\u0103. \u00cen total, 16.215 candida\u021bi vor sus\u021bine examenele \u00een cele 93 de centre de bacalureat din \u021bar\u0103.<\/p>\n<p>Potrivit Ministerului Educa\u021biei, Culturii \u0219i Cercet\u0103rii, \u00een acest an,\u00a01 301 candida\u021bi la examenul na\u021bional de bacalaureat au ob\u021binut nota \u201d10\u201d (zece) din oficiu la limba str\u0103in\u0103, \u00een baza certificatelor recunoscute interna\u021bional.<\/p>\n<p>Rezultatele finale, dup\u0103 examinarea contesta\u021biilor, vor fi anun\u021bate \u00een data de 4 iulie.<\/p>\n<p>Foto: tv8.md.<\/p>\n","protected":false},"excerpt":{"rendered":"<p>Perioad\u0103 plin\u0103 de emo\u021bii pentru absolven\u021bii de liceu. Cei 3030 de elevi din clasele a dou\u0103sprezecea din \u00eenstitu\u021biile de \u00eenv\u0103\u021b\u0103m\u00e2nt cu predare \u00een alt\u0103 limb\u0103 dec\u00e2t cea rom\u00e2n\u0103 au sus\u021binut ast\u0103zi primul examen de bacalaureat, mai exact, proba la limba \u0219i literatura rom\u00e2n\u0103. Examenele au avut loc \u00een 58 de centre de BAC din \u021bar\u0103, [&hellip;]<\/p>\n","protected":false},"author":4,"featured_media":130754,"comment_status":"closed","ping_status":"closed","sticky":false,"template":"","format":"standard","meta":{"footnotes":""},"categories":[6349],"tags":[26090,26091],"class_list":["post-130753","post","type-post","status-publish","format-standard","has-post-thumbnail","hentry","category-social","tag-a-inceput-sesiunea-de-bac-primul-examen","tag-sustinut-de-elevii-din-liceele-cu-predare-in-alta-limba-decat-romana"],"yoast_head":"<!-- This site is optimized with the Yoast SEO plugin v27.4 - https:\/\/yoast.com\/product\/yoast-seo-wordpress\/ -->\n<title>A \u00eenceput sesiunea de BAC. Primul examen, sus\u021binut de elevii din liceele cu predare \u00een alt\u0103 limb\u0103 dec\u00e2t rom\u00e2na - BTV<\/title>\n<meta name=\"robots\" content=\"index, follow, max-snippet:-1, max-image-preview:large, max-video-preview:-1\" \/>\n<link rel=\"canonical\" href=\"https:\/\/www.btv.md\/ro\/a-inceput-sesiunea-de-bac-primul-examen-sustinut-de-elevii-din-liceele-cu-predare-in-alta-limba-decat-romana\/\" \/>\n<meta property=\"og:locale\" content=\"ro_RO\" \/>\n<meta property=\"og:type\" content=\"article\" \/>\n<meta property=\"og:title\" content=\"A \u00eenceput sesiunea de BAC. Primul examen, sus\u021binut de elevii din liceele cu predare \u00een alt\u0103 limb\u0103 dec\u00e2t rom\u00e2na - BTV\" \/>\n<meta property=\"og:description\" content=\"Perioad\u0103 plin\u0103 de emo\u021bii pentru absolven\u021bii de liceu. Cei 3030 de elevi din clasele a dou\u0103sprezecea din \u00eenstitu\u021biile de \u00eenv\u0103\u021b\u0103m\u00e2nt cu predare \u00een alt\u0103 limb\u0103 dec\u00e2t cea rom\u00e2n\u0103 au sus\u021binut ast\u0103zi primul examen de bacalaureat, mai exact, proba la limba \u0219i literatura rom\u00e2n\u0103. Examenele au avut loc \u00een 58 de centre de BAC din \u021bar\u0103, [&hellip;]\" \/>\n<meta property=\"og:url\" content=\"https:\/\/www.btv.md\/ro\/a-inceput-sesiunea-de-bac-primul-examen-sustinut-de-elevii-din-liceele-cu-predare-in-alta-limba-decat-romana\/\" \/>\n<meta property=\"og:site_name\" content=\"BTV\" \/>\n<meta property=\"article:publisher\" content=\"https:\/\/www.facebook.com\/btvmoldova\/\" \/>\n<meta property=\"article:published_time\" content=\"2021-06-04T13:22:35+00:00\" \/>\n<meta property=\"og:image\" content=\"https:\/\/www.btv.md\/wp-content\/uploads\/2021\/06\/bacalureat-1280x720-1.jpg\" \/>\n\t<meta property=\"og:image:width\" content=\"1280\" \/>\n\t<meta property=\"og:image:height\" content=\"720\" \/>\n\t<meta property=\"og:image:type\" content=\"image\/jpeg\" \/>\n<meta name=\"author\" content=\"admin\" \/>\n<meta name=\"twitter:label1\" content=\"Scris de\" \/>\n\t<meta name=\"twitter:data1\" content=\"admin\" \/>\n\t<meta name=\"twitter:label2\" content=\"Timp estimat pentru citire\" \/>\n\t<meta name=\"twitter:data2\" content=\"2 minute\" \/>\n<script type=\"application\/ld+json\" class=\"yoast-schema-graph\">{\"@context\":\"https:\\\/\\\/schema.org\",\"@graph\":[{\"@type\":\"Article\",\"@id\":\"https:\\\/\\\/www.btv.md\\\/ro\\\/a-inceput-sesiunea-de-bac-primul-examen-sustinut-de-elevii-din-liceele-cu-predare-in-alta-limba-decat-romana\\\/#article\",\"isPartOf\":{\"@id\":\"https:\\\/\\\/www.btv.md\\\/ro\\\/a-inceput-sesiunea-de-bac-primul-examen-sustinut-de-elevii-din-liceele-cu-predare-in-alta-limba-decat-romana\\\/\"},\"author\":{\"name\":\"admin\",\"@id\":\"https:\\\/\\\/www.btv.md\\\/#\\\/schema\\\/person\\\/8fadce81561b3ce2c34c46dadc4ccbf2\"},\"headline\":\"A \u00eenceput sesiunea de BAC. Primul examen, sus\u021binut de elevii din liceele cu predare \u00een alt\u0103 limb\u0103 dec\u00e2t rom\u00e2na\",\"datePublished\":\"2021-06-04T13:22:35+00:00\",\"mainEntityOfPage\":{\"@id\":\"https:\\\/\\\/www.btv.md\\\/ro\\\/a-inceput-sesiunea-de-bac-primul-examen-sustinut-de-elevii-din-liceele-cu-predare-in-alta-limba-decat-romana\\\/\"},\"wordCount\":289,\"image\":{\"@id\":\"https:\\\/\\\/www.btv.md\\\/ro\\\/a-inceput-sesiunea-de-bac-primul-examen-sustinut-de-elevii-din-liceele-cu-predare-in-alta-limba-decat-romana\\\/#primaryimage\"},\"thumbnailUrl\":\"https:\\\/\\\/www.btv.md\\\/wp-content\\\/uploads\\\/2021\\\/06\\\/bacalureat-1280x720-1.jpg\",\"keywords\":[\"A \u00eenceput sesiunea de BAC. Primul examen\",\"sus\u021binut de elevii din liceele cu predare \u00een alt\u0103 limb\u0103 dec\u00e2t rom\u00e2na\"],\"articleSection\":[\"Social\"],\"inLanguage\":\"ro-RO\"},{\"@type\":\"WebPage\",\"@id\":\"https:\\\/\\\/www.btv.md\\\/ro\\\/a-inceput-sesiunea-de-bac-primul-examen-sustinut-de-elevii-din-liceele-cu-predare-in-alta-limba-decat-romana\\\/\",\"url\":\"https:\\\/\\\/www.btv.md\\\/ro\\\/a-inceput-sesiunea-de-bac-primul-examen-sustinut-de-elevii-din-liceele-cu-predare-in-alta-limba-decat-romana\\\/\",\"name\":\"A \u00eenceput sesiunea de BAC. Primul examen, sus\u021binut de elevii din liceele cu predare \u00een alt\u0103 limb\u0103 dec\u00e2t rom\u00e2na - BTV\",\"isPartOf\":{\"@id\":\"https:\\\/\\\/www.btv.md\\\/#website\"},\"primaryImageOfPage\":{\"@id\":\"https:\\\/\\\/www.btv.md\\\/ro\\\/a-inceput-sesiunea-de-bac-primul-examen-sustinut-de-elevii-din-liceele-cu-predare-in-alta-limba-decat-romana\\\/#primaryimage\"},\"image\":{\"@id\":\"https:\\\/\\\/www.btv.md\\\/ro\\\/a-inceput-sesiunea-de-bac-primul-examen-sustinut-de-elevii-din-liceele-cu-predare-in-alta-limba-decat-romana\\\/#primaryimage\"},\"thumbnailUrl\":\"https:\\\/\\\/www.btv.md\\\/wp-content\\\/uploads\\\/2021\\\/06\\\/bacalureat-1280x720-1.jpg\",\"datePublished\":\"2021-06-04T13:22:35+00:00\",\"author\":{\"@id\":\"https:\\\/\\\/www.btv.md\\\/#\\\/schema\\\/person\\\/8fadce81561b3ce2c34c46dadc4ccbf2\"},\"inLanguage\":\"ro-RO\",\"potentialAction\":[{\"@type\":\"ReadAction\",\"target\":[\"https:\\\/\\\/www.btv.md\\\/ro\\\/a-inceput-sesiunea-de-bac-primul-examen-sustinut-de-elevii-din-liceele-cu-predare-in-alta-limba-decat-romana\\\/\"]}]},{\"@type\":\"ImageObject\",\"inLanguage\":\"ro-RO\",\"@id\":\"https:\\\/\\\/www.btv.md\\\/ro\\\/a-inceput-sesiunea-de-bac-primul-examen-sustinut-de-elevii-din-liceele-cu-predare-in-alta-limba-decat-romana\\\/#primaryimage\",\"url\":\"https:\\\/\\\/www.btv.md\\\/wp-content\\\/uploads\\\/2021\\\/06\\\/bacalureat-1280x720-1.jpg\",\"contentUrl\":\"https:\\\/\\\/www.btv.md\\\/wp-content\\\/uploads\\\/2021\\\/06\\\/bacalureat-1280x720-1.jpg\",\"width\":1280,\"height\":720},{\"@type\":\"WebSite\",\"@id\":\"https:\\\/\\\/www.btv.md\\\/#website\",\"url\":\"https:\\\/\\\/www.btv.md\\\/\",\"name\":\"BTV\",\"description\":\"\u0411\u0435\u043b\u044c\u0446\u043a\u043e\u0435 \u0442\u0435\u043b\u0435\u0432\u0438\u0434\u0435\u043d\u0438\u0435\",\"potentialAction\":[{\"@type\":\"SearchAction\",\"target\":{\"@type\":\"EntryPoint\",\"urlTemplate\":\"https:\\\/\\\/www.btv.md\\\/?s={search_term_string}\"},\"query-input\":{\"@type\":\"PropertyValueSpecification\",\"valueRequired\":true,\"valueName\":\"search_term_string\"}}],\"inLanguage\":\"ro-RO\"},{\"@type\":\"Person\",\"@id\":\"https:\\\/\\\/www.btv.md\\\/#\\\/schema\\\/person\\\/8fadce81561b3ce2c34c46dadc4ccbf2\",\"name\":\"admin\"}]}<\/script>\n<!-- \/ Yoast SEO plugin. -->","yoast_head_json":{"title":"A \u00eenceput sesiunea de BAC. Primul examen, sus\u021binut de elevii din liceele cu predare \u00een alt\u0103 limb\u0103 dec\u00e2t rom\u00e2na - BTV","robots":{"index":"index","follow":"follow","max-snippet":"max-snippet:-1","max-image-preview":"max-image-preview:large","max-video-preview":"max-video-preview:-1"},"canonical":"https:\/\/www.btv.md\/ro\/a-inceput-sesiunea-de-bac-primul-examen-sustinut-de-elevii-din-liceele-cu-predare-in-alta-limba-decat-romana\/","og_locale":"ro_RO","og_type":"article","og_title":"A \u00eenceput sesiunea de BAC. Primul examen, sus\u021binut de elevii din liceele cu predare \u00een alt\u0103 limb\u0103 dec\u00e2t rom\u00e2na - BTV","og_description":"Perioad\u0103 plin\u0103 de emo\u021bii pentru absolven\u021bii de liceu. Cei 3030 de elevi din clasele a dou\u0103sprezecea din \u00eenstitu\u021biile de \u00eenv\u0103\u021b\u0103m\u00e2nt cu predare \u00een alt\u0103 limb\u0103 dec\u00e2t cea rom\u00e2n\u0103 au sus\u021binut ast\u0103zi primul examen de bacalaureat, mai exact, proba la limba \u0219i literatura rom\u00e2n\u0103. Examenele au avut loc \u00een 58 de centre de BAC din \u021bar\u0103, [&hellip;]","og_url":"https:\/\/www.btv.md\/ro\/a-inceput-sesiunea-de-bac-primul-examen-sustinut-de-elevii-din-liceele-cu-predare-in-alta-limba-decat-romana\/","og_site_name":"BTV","article_publisher":"https:\/\/www.facebook.com\/btvmoldova\/","article_published_time":"2021-06-04T13:22:35+00:00","og_image":[{"width":1280,"height":720,"url":"https:\/\/www.btv.md\/wp-content\/uploads\/2021\/06\/bacalureat-1280x720-1.jpg","type":"image\/jpeg"}],"author":"admin","twitter_misc":{"Scris de":"admin","Timp estimat pentru citire":"2 minute"},"schema":{"@context":"https:\/\/schema.org","@graph":[{"@type":"Article","@id":"https:\/\/www.btv.md\/ro\/a-inceput-sesiunea-de-bac-primul-examen-sustinut-de-elevii-din-liceele-cu-predare-in-alta-limba-decat-romana\/#article","isPartOf":{"@id":"https:\/\/www.btv.md\/ro\/a-inceput-sesiunea-de-bac-primul-examen-sustinut-de-elevii-din-liceele-cu-predare-in-alta-limba-decat-romana\/"},"author":{"name":"admin","@id":"https:\/\/www.btv.md\/#\/schema\/person\/8fadce81561b3ce2c34c46dadc4ccbf2"},"headline":"A \u00eenceput sesiunea de BAC. Primul examen, sus\u021binut de elevii din liceele cu predare \u00een alt\u0103 limb\u0103 dec\u00e2t rom\u00e2na","datePublished":"2021-06-04T13:22:35+00:00","mainEntityOfPage":{"@id":"https:\/\/www.btv.md\/ro\/a-inceput-sesiunea-de-bac-primul-examen-sustinut-de-elevii-din-liceele-cu-predare-in-alta-limba-decat-romana\/"},"wordCount":289,"image":{"@id":"https:\/\/www.btv.md\/ro\/a-inceput-sesiunea-de-bac-primul-examen-sustinut-de-elevii-din-liceele-cu-predare-in-alta-limba-decat-romana\/#primaryimage"},"thumbnailUrl":"https:\/\/www.btv.md\/wp-content\/uploads\/2021\/06\/bacalureat-1280x720-1.jpg","keywords":["A \u00eenceput sesiunea de BAC. Primul examen","sus\u021binut de elevii din liceele cu predare \u00een alt\u0103 limb\u0103 dec\u00e2t rom\u00e2na"],"articleSection":["Social"],"inLanguage":"ro-RO"},{"@type":"WebPage","@id":"https:\/\/www.btv.md\/ro\/a-inceput-sesiunea-de-bac-primul-examen-sustinut-de-elevii-din-liceele-cu-predare-in-alta-limba-decat-romana\/","url":"https:\/\/www.btv.md\/ro\/a-inceput-sesiunea-de-bac-primul-examen-sustinut-de-elevii-din-liceele-cu-predare-in-alta-limba-decat-romana\/","name":"A \u00eenceput sesiunea de BAC. Primul examen, sus\u021binut de elevii din liceele cu predare \u00een alt\u0103 limb\u0103 dec\u00e2t rom\u00e2na - BTV","isPartOf":{"@id":"https:\/\/www.btv.md\/#website"},"primaryImageOfPage":{"@id":"https:\/\/www.btv.md\/ro\/a-inceput-sesiunea-de-bac-primul-examen-sustinut-de-elevii-din-liceele-cu-predare-in-alta-limba-decat-romana\/#primaryimage"},"image":{"@id":"https:\/\/www.btv.md\/ro\/a-inceput-sesiunea-de-bac-primul-examen-sustinut-de-elevii-din-liceele-cu-predare-in-alta-limba-decat-romana\/#primaryimage"},"thumbnailUrl":"https:\/\/www.btv.md\/wp-content\/uploads\/2021\/06\/bacalureat-1280x720-1.jpg","datePublished":"2021-06-04T13:22:35+00:00","author":{"@id":"https:\/\/www.btv.md\/#\/schema\/person\/8fadce81561b3ce2c34c46dadc4ccbf2"},"inLanguage":"ro-RO","potentialAction":[{"@type":"ReadAction","target":["https:\/\/www.btv.md\/ro\/a-inceput-sesiunea-de-bac-primul-examen-sustinut-de-elevii-din-liceele-cu-predare-in-alta-limba-decat-romana\/"]}]},{"@type":"ImageObject","inLanguage":"ro-RO","@id":"https:\/\/www.btv.md\/ro\/a-inceput-sesiunea-de-bac-primul-examen-sustinut-de-elevii-din-liceele-cu-predare-in-alta-limba-decat-romana\/#primaryimage","url":"https:\/\/www.btv.md\/wp-content\/uploads\/2021\/06\/bacalureat-1280x720-1.jpg","contentUrl":"https:\/\/www.btv.md\/wp-content\/uploads\/2021\/06\/bacalureat-1280x720-1.jpg","width":1280,"height":720},{"@type":"WebSite","@id":"https:\/\/www.btv.md\/#website","url":"https:\/\/www.btv.md\/","name":"BTV","description":"\u0411\u0435\u043b\u044c\u0446\u043a\u043e\u0435 \u0442\u0435\u043b\u0435\u0432\u0438\u0434\u0435\u043d\u0438\u0435","potentialAction":[{"@type":"SearchAction","target":{"@type":"EntryPoint","urlTemplate":"https:\/\/www.btv.md\/?s={search_term_string}"},"query-input":{"@type":"PropertyValueSpecification","valueRequired":true,"valueName":"search_term_string"}}],"inLanguage":"ro-RO"},{"@type":"Person","@id":"https:\/\/www.btv.md\/#\/schema\/person\/8fadce81561b3ce2c34c46dadc4ccbf2","name":"admin"}]}},"_links":{"self":[{"href":"https:\/\/www.btv.md\/ro\/wp-json\/wp\/v2\/posts\/130753","targetHints":{"allow":["GET"]}}],"collection":[{"href":"https:\/\/www.btv.md\/ro\/wp-json\/wp\/v2\/posts"}],"about":[{"href":"https:\/\/www.btv.md\/ro\/wp-json\/wp\/v2\/types\/post"}],"author":[{"embeddable":true,"href":"https:\/\/www.btv.md\/ro\/wp-json\/wp\/v2\/users\/4"}],"replies":[{"embeddable":true,"href":"https:\/\/www.btv.md\/ro\/wp-json\/wp\/v2\/comments?post=130753"}],"version-history":[{"count":0,"href":"https:\/\/www.btv.md\/ro\/wp-json\/wp\/v2\/posts\/130753\/revisions"}],"wp:featuredmedia":[{"embeddable":true,"href":"https:\/\/www.btv.md\/ro\/wp-json\/wp\/v2\/media\/130754"}],"wp:attachment":[{"href":"https:\/\/www.btv.md\/ro\/wp-json\/wp\/v2\/media?parent=130753"}],"wp:term":[{"taxonomy":"category","embeddable":true,"href":"https:\/\/www.btv.md\/ro\/wp-json\/wp\/v2\/categories?post=130753"},{"taxonomy":"post_tag","embeddable":true,"href":"https:\/\/www.btv.md\/ro\/wp-json\/wp\/v2\/tags?post=130753"}],"curies":[{"name":"wp","href":"https:\/\/api.w.org\/{rel}","templated":true}]}}